{"id":117118,"date":"2024-01-05T09:52:19","date_gmt":"2024-01-05T12:52:19","guid":{"rendered":"https:\/\/infoecos.com.ar\/?p=117118"},"modified":"2024-01-07T10:45:47","modified_gmt":"2024-01-07T13:45:47","slug":"la-desinformacion-de-un-productor-agropecuario-descalifica-al-gobierno-municipal-de-t-lauquen","status":"publish","type":"post","link":"https:\/\/infoecos.com.ar\/index.php\/la-desinformacion-de-un-productor-agropecuario-descalifica-al-gobierno-municipal-de-t-lauquen\/","title":{"rendered":"La desinformaci\u00f3n de un productor agropecuario descalifica al gobierno municipal de T.Lauquen"},"content":{"rendered":"\n<figure class=\"wp-block-image alignright size-large is-resized\"><img loading=\"lazy\" decoding=\"async\" src=\"https:\/\/infoecos.com.ar\/wp-content\/uploads\/unnamed-2-163-920x613.jpg\" alt=\"\" class=\"wp-image-56382\" width=\"415\" height=\"276\"\/><figcaption class=\"wp-element-caption\">M\u00e1quinas viales<\/figcaption><\/figure>\n\n\n\n<p>Un productor agropecuario, Francisco Santill\u00e1n, producto de la desinformaci\u00f3n con que &#8211; evidentemente &#8211; maneja su vida econ\u00f3mica, cuestiona severamente al gobierno municipal de Trenque Lauquen, por el aumento en la Tasa Vial. Ha logrado que en las redes sociales su postura haya tenido una gran repercusi\u00f3n nacional.<\/p>\n\n\n\n<p>Se\u00f1ala el se\u00f1or Santill\u00e1n que la \u00abmunicipalidad desprecia a los productores\u00bb, mencionando que el aumento es del 367%, lo que es cierto, pero sin considerar que <strong>la tasa vial est\u00e1 atada al valor del novillo desde hace muchos a\u00f1os.<\/strong><\/p>\n\n\n\n<p>El propio dirigente gremial agropecuario, Ignacio Kovarsky, se\u00f1ala en declaraciones que public\u00f3 Clar\u00edn Rural que <\/p>\n\n\n\n<p>La ordenanza que contempla la actualizaci\u00f3n de los tributos municipales indica que <strong>en concepto de mantenimiento de los caminos se abonar\u00e1 por mes y por hect\u00e1rea el equivalente en pesos a 420 gramos de novillo tipo consumo -que equivalen a 5 kilos por a\u00f1o- tomando el precio m\u00e1ximo promedio de los \u00faltimos 4 d\u00edas h\u00e1biles del mes previo al vencimiento<\/strong>, <strong>logrado en el Mercado de Liniers.<\/strong><\/p>\n\n\n\n<figure class=\"wp-block-image alignright size-full is-resized\"><img loading=\"lazy\" decoding=\"async\" src=\"https:\/\/infoecos.com.ar\/wp-content\/uploads\/2023\/10\/image-25.png\" alt=\"\" class=\"wp-image-113552\" width=\"410\" height=\"231\" srcset=\"https:\/\/infoecos.com.ar\/wp-content\/uploads\/2023\/10\/image-25.png 777w, https:\/\/infoecos.com.ar\/wp-content\/uploads\/2023\/10\/image-25-768x432.png 768w\" sizes=\"(max-width: 410px) 100vw, 410px\" \/><\/figure>\n\n\n\n<p>\u201cNo es que el Municipio la actualiz\u00f3 ahora, sino que subi\u00f3 el precio del novillo. De hecho desde el Municipio ya ven\u00edan diciendo que hab\u00eda que discutir la forma de calcular, porque el precio del novillo ven\u00eda muy atrasado respecto de los salarios y los costos de mantenimiento de caminos\u201d, dijo Kovarsky, y agreg\u00f3 que en otros partidos se utilizan otras referencias para realizar el c\u00e1lculo. En Carlos Pellegrini, por ejemplo, la tasa vial se estima teniendo en cuenta el precio del gasoil, los sueldos municipales y los repuestos de maquinaria en partes iguales.<\/p>\n\n\n\n<p>\u00abTal vez hay que debatir la forma de calcularlo, porque en el partido no solo hay ganaderos, tambi\u00e9n hay muchos tambos y gente que produce granos\u00bb, afirm\u00f3.<\/p>\n\n\n\n<p><strong>Fuentes:<\/strong><\/p>\n\n\n\n<p><strong>Clarin Rural<\/strong><\/p>\n\n\n\n<p><strong>OesteBa<\/strong><br><\/p>\n","protected":false},"excerpt":{"rendered":"<p>Se\u00f1ala que la \u00abmunicipalidad desprecia a los productores\u00bb, mencionando que el aumento es del 367%, lo que es cierto, pero sin considerar que la tasa vial est\u00e1 atada al valor del novillo desde hace muchos a\u00f1os<\/p>\n","protected":false},"author":2,"featured_media":113552,"comment_status":"closed","ping_status":"open","sticky":false,"template":"","format":"standard","meta":{"footnotes":""},"categories":[1325],"tags":[9822],"class_list":["post-117118","post","type-post","status-publish","format-standard","has-post-thumbnail","hentry","category-c1nota6","tag-por-la-tasa-vial"],"yoast_head":"<!-- This site is optimized with the Yoast SEO plugin v23.4 - https:\/\/yoast.com\/wordpress\/plugins\/seo\/ -->\n<title>La desinformaci\u00f3n de un productor agropecuario descalifica al gobierno municipal de T.Lauquen - Infoecos<\/title>\n<meta name=\"robots\" content=\"index, follow, max-snippet:-1, max-image-preview:large, max-video-preview:-1\" \/>\n<link rel=\"canonical\" href=\"https:\/\/infoecos.com.ar\/index.php\/la-desinformacion-de-un-productor-agropecuario-descalifica-al-gobierno-municipal-de-t-lauquen\/\" \/>\n<meta property=\"og:locale\" content=\"es_ES\" \/>\n<meta property=\"og:type\" content=\"article\" \/>\n<meta property=\"og:title\" content=\"La desinformaci\u00f3n de un productor agropecuario descalifica al gobierno municipal de T.Lauquen - Infoecos\" \/>\n<meta property=\"og:description\" content=\"Se\u00f1ala que la &quot;municipalidad desprecia a los productores&quot;, mencionando que el aumento es del 367%, lo que es cierto, pero sin considerar que la tasa vial est\u00e1 atada al valor del novillo desde hace muchos a\u00f1os\" \/>\n<meta property=\"og:url\" content=\"https:\/\/infoecos.com.ar\/index.php\/la-desinformacion-de-un-productor-agropecuario-descalifica-al-gobierno-municipal-de-t-lauquen\/\" \/>\n<meta property=\"og:site_name\" content=\"Infoecos\" \/>\n<meta property=\"article:publisher\" content=\"https:\/\/www.facebook.com\/profile.php?id=100063200290284\" \/>\n<meta property=\"article:published_time\" content=\"2024-01-05T12:52:19+00:00\" \/>\n<meta property=\"article:modified_time\" content=\"2024-01-07T13:45:47+00:00\" \/>\n<meta property=\"og:image\" content=\"https:\/\/infoecos.com.ar\/wp-content\/uploads\/2023\/10\/image-25.png\" \/>\n\t<meta property=\"og:image:width\" content=\"777\" \/>\n\t<meta property=\"og:image:height\" content=\"437\" \/>\n\t<meta property=\"og:image:type\" content=\"image\/png\" \/>\n<meta name=\"author\" content=\"Jorge Matheus\" \/>\n<meta name=\"twitter:card\" content=\"summary_large_image\" \/>\n<meta name=\"twitter:creator\" content=\"@infoecos\" \/>\n<meta name=\"twitter:site\" content=\"@infoecos\" \/>\n<meta name=\"twitter:label1\" content=\"Escrito por\" \/>\n\t<meta name=\"twitter:data1\" content=\"Jorge Matheus\" \/>\n\t<meta name=\"twitter:label2\" content=\"Tiempo de lectura\" \/>\n\t<meta name=\"twitter:data2\" content=\"2 minutos\" \/>\n<script type=\"application\/ld+json\" class=\"yoast-schema-graph\">{\"@context\":\"https:\/\/schema.org\",\"@graph\":[{\"@type\":\"Article\",\"@id\":\"https:\/\/infoecos.com.ar\/index.php\/la-desinformacion-de-un-productor-agropecuario-descalifica-al-gobierno-municipal-de-t-lauquen\/#article\",\"isPartOf\":{\"@id\":\"https:\/\/infoecos.com.ar\/index.php\/la-desinformacion-de-un-productor-agropecuario-descalifica-al-gobierno-municipal-de-t-lauquen\/\"},\"author\":{\"name\":\"Jorge Matheus\",\"@id\":\"https:\/\/infoecos.com.ar\/#\/schema\/person\/8f5ace5ce73b4b4aac4b7245aee6f191\"},\"headline\":\"La desinformaci\u00f3n de un productor agropecuario descalifica al gobierno municipal de T.Lauquen\",\"datePublished\":\"2024-01-05T12:52:19+00:00\",\"dateModified\":\"2024-01-07T13:45:47+00:00\",\"mainEntityOfPage\":{\"@id\":\"https:\/\/infoecos.com.ar\/index.php\/la-desinformacion-de-un-productor-agropecuario-descalifica-al-gobierno-municipal-de-t-lauquen\/\"},\"wordCount\":327,\"publisher\":{\"@id\":\"https:\/\/infoecos.com.ar\/#organization\"},\"image\":{\"@id\":\"https:\/\/infoecos.com.ar\/index.php\/la-desinformacion-de-un-productor-agropecuario-descalifica-al-gobierno-municipal-de-t-lauquen\/#primaryimage\"},\"thumbnailUrl\":\"https:\/\/infoecos.com.ar\/wp-content\/uploads\/2023\/10\/image-25.png\",\"keywords\":[\"por la tasa vial\"],\"articleSection\":[\"C1 nota 6\"],\"inLanguage\":\"es\"},{\"@type\":\"WebPage\",\"@id\":\"https:\/\/infoecos.com.ar\/index.php\/la-desinformacion-de-un-productor-agropecuario-descalifica-al-gobierno-municipal-de-t-lauquen\/\",\"url\":\"https:\/\/infoecos.com.ar\/index.php\/la-desinformacion-de-un-productor-agropecuario-descalifica-al-gobierno-municipal-de-t-lauquen\/\",\"name\":\"La desinformaci\u00f3n de un productor agropecuario descalifica al gobierno municipal de T.Lauquen - Infoecos\",\"isPartOf\":{\"@id\":\"https:\/\/infoecos.com.ar\/#website\"},\"primaryImageOfPage\":{\"@id\":\"https:\/\/infoecos.com.ar\/index.php\/la-desinformacion-de-un-productor-agropecuario-descalifica-al-gobierno-municipal-de-t-lauquen\/#primaryimage\"},\"image\":{\"@id\":\"https:\/\/infoecos.com.ar\/index.php\/la-desinformacion-de-un-productor-agropecuario-descalifica-al-gobierno-municipal-de-t-lauquen\/#primaryimage\"},\"thumbnailUrl\":\"https:\/\/infoecos.com.ar\/wp-content\/uploads\/2023\/10\/image-25.png\",\"datePublished\":\"2024-01-05T12:52:19+00:00\",\"dateModified\":\"2024-01-07T13:45:47+00:00\",\"breadcrumb\":{\"@id\":\"https:\/\/infoecos.com.ar\/index.php\/la-desinformacion-de-un-productor-agropecuario-descalifica-al-gobierno-municipal-de-t-lauquen\/#breadcrumb\"},\"inLanguage\":\"es\",\"potentialAction\":[{\"@type\":\"ReadAction\",\"target\":[\"https:\/\/infoecos.com.ar\/index.php\/la-desinformacion-de-un-productor-agropecuario-descalifica-al-gobierno-municipal-de-t-lauquen\/\"]}]},{\"@type\":\"ImageObject\",\"inLanguage\":\"es\",\"@id\":\"https:\/\/infoecos.com.ar\/index.php\/la-desinformacion-de-un-productor-agropecuario-descalifica-al-gobierno-municipal-de-t-lauquen\/#primaryimage\",\"url\":\"https:\/\/infoecos.com.ar\/wp-content\/uploads\/2023\/10\/image-25.png\",\"contentUrl\":\"https:\/\/infoecos.com.ar\/wp-content\/uploads\/2023\/10\/image-25.png\",\"width\":777,\"height\":437},{\"@type\":\"BreadcrumbList\",\"@id\":\"https:\/\/infoecos.com.ar\/index.php\/la-desinformacion-de-un-productor-agropecuario-descalifica-al-gobierno-municipal-de-t-lauquen\/#breadcrumb\",\"itemListElement\":[{\"@type\":\"ListItem\",\"position\":1,\"name\":\"Portada\",\"item\":\"https:\/\/infoecos.com.ar\/\"},{\"@type\":\"ListItem\",\"position\":2,\"name\":\"La desinformaci\u00f3n de un productor agropecuario descalifica al gobierno municipal de T.Lauquen\"}]},{\"@type\":\"WebSite\",\"@id\":\"https:\/\/infoecos.com.ar\/#website\",\"url\":\"https:\/\/infoecos.com.ar\/\",\"name\":\"Infoecos\",\"description\":\"Noticias de trenque lauquen y la zona\",\"publisher\":{\"@id\":\"https:\/\/infoecos.com.ar\/#organization\"},\"alternateName\":\"Noticias\",\"potentialAction\":[{\"@type\":\"SearchAction\",\"target\":{\"@type\":\"EntryPoint\",\"urlTemplate\":\"https:\/\/infoecos.com.ar\/?s={search_term_string}\"},\"query-input\":{\"@type\":\"PropertyValueSpecification\",\"valueRequired\":true,\"valueName\":\"search_term_string\"}}],\"inLanguage\":\"es\"},{\"@type\":\"Organization\",\"@id\":\"https:\/\/infoecos.com.ar\/#organization\",\"name\":\"Infoecos\",\"alternateName\":\"Noticias\",\"url\":\"https:\/\/infoecos.com.ar\/\",\"logo\":{\"@type\":\"ImageObject\",\"inLanguage\":\"es\",\"@id\":\"https:\/\/infoecos.com.ar\/#\/schema\/logo\/image\/\",\"url\":\"https:\/\/infoecos.com.ar\/wp-content\/uploads\/2024\/03\/cropped-logo.png\",\"contentUrl\":\"https:\/\/infoecos.com.ar\/wp-content\/uploads\/2024\/03\/cropped-logo.png\",\"width\":374,\"height\":90,\"caption\":\"Infoecos\"},\"image\":{\"@id\":\"https:\/\/infoecos.com.ar\/#\/schema\/logo\/image\/\"},\"sameAs\":[\"https:\/\/www.facebook.com\/profile.php?id=100063200290284\",\"https:\/\/x.com\/infoecos\"]},{\"@type\":\"Person\",\"@id\":\"https:\/\/infoecos.com.ar\/#\/schema\/person\/8f5ace5ce73b4b4aac4b7245aee6f191\",\"name\":\"Jorge Matheus\",\"url\":\"https:\/\/infoecos.com.ar\/index.php\/author\/jomatheus\/\"}]}<\/script>\n<!-- \/ Yoast SEO plugin. -->","yoast_head_json":{"title":"La desinformaci\u00f3n de un productor agropecuario descalifica al gobierno municipal de T.Lauquen - Infoecos","robots":{"index":"index","follow":"follow","max-snippet":"max-snippet:-1","max-image-preview":"max-image-preview:large","max-video-preview":"max-video-preview:-1"},"canonical":"https:\/\/infoecos.com.ar\/index.php\/la-desinformacion-de-un-productor-agropecuario-descalifica-al-gobierno-municipal-de-t-lauquen\/","og_locale":"es_ES","og_type":"article","og_title":"La desinformaci\u00f3n de un productor agropecuario descalifica al gobierno municipal de T.Lauquen - Infoecos","og_description":"Se\u00f1ala que la \"municipalidad desprecia a los productores\", mencionando que el aumento es del 367%, lo que es cierto, pero sin considerar que la tasa vial est\u00e1 atada al valor del novillo desde hace muchos a\u00f1os","og_url":"https:\/\/infoecos.com.ar\/index.php\/la-desinformacion-de-un-productor-agropecuario-descalifica-al-gobierno-municipal-de-t-lauquen\/","og_site_name":"Infoecos","article_publisher":"https:\/\/www.facebook.com\/profile.php?id=100063200290284","article_published_time":"2024-01-05T12:52:19+00:00","article_modified_time":"2024-01-07T13:45:47+00:00","og_image":[{"width":777,"height":437,"url":"https:\/\/infoecos.com.ar\/wp-content\/uploads\/2023\/10\/image-25.png","type":"image\/png"}],"author":"Jorge Matheus","twitter_card":"summary_large_image","twitter_creator":"@infoecos","twitter_site":"@infoecos","twitter_misc":{"Escrito por":"Jorge Matheus","Tiempo de lectura":"2 minutos"},"schema":{"@context":"https:\/\/schema.org","@graph":[{"@type":"Article","@id":"https:\/\/infoecos.com.ar\/index.php\/la-desinformacion-de-un-productor-agropecuario-descalifica-al-gobierno-municipal-de-t-lauquen\/#article","isPartOf":{"@id":"https:\/\/infoecos.com.ar\/index.php\/la-desinformacion-de-un-productor-agropecuario-descalifica-al-gobierno-municipal-de-t-lauquen\/"},"author":{"name":"Jorge Matheus","@id":"https:\/\/infoecos.com.ar\/#\/schema\/person\/8f5ace5ce73b4b4aac4b7245aee6f191"},"headline":"La desinformaci\u00f3n de un productor agropecuario descalifica al gobierno municipal de T.Lauquen","datePublished":"2024-01-05T12:52:19+00:00","dateModified":"2024-01-07T13:45:47+00:00","mainEntityOfPage":{"@id":"https:\/\/infoecos.com.ar\/index.php\/la-desinformacion-de-un-productor-agropecuario-descalifica-al-gobierno-municipal-de-t-lauquen\/"},"wordCount":327,"publisher":{"@id":"https:\/\/infoecos.com.ar\/#organization"},"image":{"@id":"https:\/\/infoecos.com.ar\/index.php\/la-desinformacion-de-un-productor-agropecuario-descalifica-al-gobierno-municipal-de-t-lauquen\/#primaryimage"},"thumbnailUrl":"https:\/\/infoecos.com.ar\/wp-content\/uploads\/2023\/10\/image-25.png","keywords":["por la tasa vial"],"articleSection":["C1 nota 6"],"inLanguage":"es"},{"@type":"WebPage","@id":"https:\/\/infoecos.com.ar\/index.php\/la-desinformacion-de-un-productor-agropecuario-descalifica-al-gobierno-municipal-de-t-lauquen\/","url":"https:\/\/infoecos.com.ar\/index.php\/la-desinformacion-de-un-productor-agropecuario-descalifica-al-gobierno-municipal-de-t-lauquen\/","name":"La desinformaci\u00f3n de un productor agropecuario descalifica al gobierno municipal de T.Lauquen - Infoecos","isPartOf":{"@id":"https:\/\/infoecos.com.ar\/#website"},"primaryImageOfPage":{"@id":"https:\/\/infoecos.com.ar\/index.php\/la-desinformacion-de-un-productor-agropecuario-descalifica-al-gobierno-municipal-de-t-lauquen\/#primaryimage"},"image":{"@id":"https:\/\/infoecos.com.ar\/index.php\/la-desinformacion-de-un-productor-agropecuario-descalifica-al-gobierno-municipal-de-t-lauquen\/#primaryimage"},"thumbnailUrl":"https:\/\/infoecos.com.ar\/wp-content\/uploads\/2023\/10\/image-25.png","datePublished":"2024-01-05T12:52:19+00:00","dateModified":"2024-01-07T13:45:47+00:00","breadcrumb":{"@id":"https:\/\/infoecos.com.ar\/index.php\/la-desinformacion-de-un-productor-agropecuario-descalifica-al-gobierno-municipal-de-t-lauquen\/#breadcrumb"},"inLanguage":"es","potentialAction":[{"@type":"ReadAction","target":["https:\/\/infoecos.com.ar\/index.php\/la-desinformacion-de-un-productor-agropecuario-descalifica-al-gobierno-municipal-de-t-lauquen\/"]}]},{"@type":"ImageObject","inLanguage":"es","@id":"https:\/\/infoecos.com.ar\/index.php\/la-desinformacion-de-un-productor-agropecuario-descalifica-al-gobierno-municipal-de-t-lauquen\/#primaryimage","url":"https:\/\/infoecos.com.ar\/wp-content\/uploads\/2023\/10\/image-25.png","contentUrl":"https:\/\/infoecos.com.ar\/wp-content\/uploads\/2023\/10\/image-25.png","width":777,"height":437},{"@type":"BreadcrumbList","@id":"https:\/\/infoecos.com.ar\/index.php\/la-desinformacion-de-un-productor-agropecuario-descalifica-al-gobierno-municipal-de-t-lauquen\/#breadcrumb","itemListElement":[{"@type":"ListItem","position":1,"name":"Portada","item":"https:\/\/infoecos.com.ar\/"},{"@type":"ListItem","position":2,"name":"La desinformaci\u00f3n de un productor agropecuario descalifica al gobierno municipal de T.Lauquen"}]},{"@type":"WebSite","@id":"https:\/\/infoecos.com.ar\/#website","url":"https:\/\/infoecos.com.ar\/","name":"Infoecos","description":"Noticias de trenque lauquen y la zona","publisher":{"@id":"https:\/\/infoecos.com.ar\/#organization"},"alternateName":"Noticias","potentialAction":[{"@type":"SearchAction","target":{"@type":"EntryPoint","urlTemplate":"https:\/\/infoecos.com.ar\/?s={search_term_string}"},"query-input":{"@type":"PropertyValueSpecification","valueRequired":true,"valueName":"search_term_string"}}],"inLanguage":"es"},{"@type":"Organization","@id":"https:\/\/infoecos.com.ar\/#organization","name":"Infoecos","alternateName":"Noticias","url":"https:\/\/infoecos.com.ar\/","logo":{"@type":"ImageObject","inLanguage":"es","@id":"https:\/\/infoecos.com.ar\/#\/schema\/logo\/image\/","url":"https:\/\/infoecos.com.ar\/wp-content\/uploads\/2024\/03\/cropped-logo.png","contentUrl":"https:\/\/infoecos.com.ar\/wp-content\/uploads\/2024\/03\/cropped-logo.png","width":374,"height":90,"caption":"Infoecos"},"image":{"@id":"https:\/\/infoecos.com.ar\/#\/schema\/logo\/image\/"},"sameAs":["https:\/\/www.facebook.com\/profile.php?id=100063200290284","https:\/\/x.com\/infoecos"]},{"@type":"Person","@id":"https:\/\/infoecos.com.ar\/#\/schema\/person\/8f5ace5ce73b4b4aac4b7245aee6f191","name":"Jorge Matheus","url":"https:\/\/infoecos.com.ar\/index.php\/author\/jomatheus\/"}]}},"featured_image_urls":{"full":["https:\/\/infoecos.com.ar\/wp-content\/uploads\/2023\/10\/image-25.png",777,437,false],"thumbnail":["https:\/\/infoecos.com.ar\/wp-content\/uploads\/2023\/10\/image-25-300x150.png",300,150,true],"medium":["https:\/\/infoecos.com.ar\/wp-content\/uploads\/2023\/10\/image-25.png",777,437,false],"medium_large":["https:\/\/infoecos.com.ar\/wp-content\/uploads\/2023\/10\/image-25-768x432.png",640,360,true],"large":["https:\/\/infoecos.com.ar\/wp-content\/uploads\/2023\/10\/image-25.png",640,360,false],"1536x1536":["https:\/\/infoecos.com.ar\/wp-content\/uploads\/2023\/10\/image-25.png",777,437,false],"2048x2048":["https:\/\/infoecos.com.ar\/wp-content\/uploads\/2023\/10\/image-25.png",777,437,false],"covernews-slider-full":["https:\/\/infoecos.com.ar\/wp-content\/uploads\/2023\/10\/image-25.png",777,437,false],"covernews-slider-center":["https:\/\/infoecos.com.ar\/wp-content\/uploads\/2023\/10\/image-25.png",777,437,false],"covernews-featured":["https:\/\/infoecos.com.ar\/wp-content\/uploads\/2023\/10\/image-25.png",777,437,false],"covernews-medium":["https:\/\/infoecos.com.ar\/wp-content\/uploads\/2023\/10\/image-25-720x380.png",540,285,true],"covernews-medium-square":["https:\/\/infoecos.com.ar\/wp-content\/uploads\/2023\/10\/image-25-675x437.png",386,250,true]},"author_info":{"info":["Jorge Matheus"]},"category_info":"<a href=\"https:\/\/infoecos.com.ar\/index.php\/category\/c1nota6\/\" rel=\"category tag\">C1 nota 6<\/a>","tag_info":"C1 nota 6","comment_count":"0","_links":{"self":[{"href":"https:\/\/infoecos.com.ar\/index.php\/wp-json\/wp\/v2\/posts\/117118"}],"collection":[{"href":"https:\/\/infoecos.com.ar\/index.php\/wp-json\/wp\/v2\/posts"}],"about":[{"href":"https:\/\/infoecos.com.ar\/index.php\/wp-json\/wp\/v2\/types\/post"}],"author":[{"embeddable":true,"href":"https:\/\/infoecos.com.ar\/index.php\/wp-json\/wp\/v2\/users\/2"}],"replies":[{"embeddable":true,"href":"https:\/\/infoecos.com.ar\/index.php\/wp-json\/wp\/v2\/comments?post=117118"}],"version-history":[{"count":2,"href":"https:\/\/infoecos.com.ar\/index.php\/wp-json\/wp\/v2\/posts\/117118\/revisions"}],"predecessor-version":[{"id":117122,"href":"https:\/\/infoecos.com.ar\/index.php\/wp-json\/wp\/v2\/posts\/117118\/revisions\/117122"}],"wp:featuredmedia":[{"embeddable":true,"href":"https:\/\/infoecos.com.ar\/index.php\/wp-json\/wp\/v2\/media\/113552"}],"wp:attachment":[{"href":"https:\/\/infoecos.com.ar\/index.php\/wp-json\/wp\/v2\/media?parent=117118"}],"wp:term":[{"taxonomy":"category","embeddable":true,"href":"https:\/\/infoecos.com.ar\/index.php\/wp-json\/wp\/v2\/categories?post=117118"},{"taxonomy":"post_tag","embeddable":true,"href":"https:\/\/infoecos.com.ar\/index.php\/wp-json\/wp\/v2\/tags?post=117118"}],"curies":[{"name":"wp","href":"https:\/\/api.w.org\/{rel}","templated":true}]}}