{"id":117136,"date":"2024-01-05T13:56:02","date_gmt":"2024-01-05T16:56:02","guid":{"rendered":"https:\/\/infoecos.com.ar\/?p=117136"},"modified":"2024-01-05T13:56:03","modified_gmt":"2024-01-05T16:56:03","slug":"reunion-alvarez-recoulat-obra-del-canal-pluvial-subterraneo-en-la-ampliacion-urbana","status":"publish","type":"post","link":"https:\/\/infoecos.com.ar\/index.php\/reunion-alvarez-recoulat-obra-del-canal-pluvial-subterraneo-en-la-ampliacion-urbana\/","title":{"rendered":"Reuni\u00f3n \u00c1lvarez-Recoulat: obra del canal pluvial subterr\u00e1neo en la Ampliaci\u00f3n Urbana"},"content":{"rendered":"\n<figure class=\"wp-block-image alignright size-full is-resized\"><img loading=\"lazy\" decoding=\"async\" src=\"https:\/\/infoecos.com.ar\/wp-content\/uploads\/2024\/01\/Recoulat-con-Nestor-Alvarez.jpg\" alt=\"\" class=\"wp-image-117137\" width=\"388\" height=\"290\" srcset=\"https:\/\/infoecos.com.ar\/wp-content\/uploads\/2024\/01\/Recoulat-con-Nestor-Alvarez.jpg 1024w, https:\/\/infoecos.com.ar\/wp-content\/uploads\/2024\/01\/Recoulat-con-Nestor-Alvarez-800x600.jpg 800w, https:\/\/infoecos.com.ar\/wp-content\/uploads\/2024\/01\/Recoulat-con-Nestor-Alvarez-768x576.jpg 768w\" sizes=\"(max-width: 388px) 100vw, 388px\" \/><\/figure>\n\n\n\n<p>El intendente Francisco Recoulat se reuni\u00f3 ayer con el actual subsecretario de Recursos H\u00eddricos de la provincia de Buenos Aires y ex subdirector del Ente Nacional de Obras H\u00eddricas y Saneamiento de la Naci\u00f3n (ENHOSA), N\u00e9stor \u00c1lvarez. <\/p>\n\n\n\n<p>En el encuentro calificado como positivo por las autoridades comunales trenquelauquenses se habl\u00f3 de la obra del canal pluvial subterr\u00e1neo en la Ampliaci\u00f3n Urbana. Se trata de un desag\u00fce que correr\u00e1 desde las calles Tala y Pastor hasta el canal en la calle Jorge A. Barracchia cruzando toda la Ampliaci\u00f3n Urbana y servir\u00e1 para aliviar especialmente la calle Macaya.<\/p>\n\n\n\n<p>El jefe comunal le plante\u00f3 a \u00c1lvarez la importancia de que la obra contin\u00fae avanzando sin interrupciones. <\/p>\n\n\n\n<p>La obra, que posibilitar\u00e1 cumplir con una ordenanza de 2014, fue licitada, adjudicada y puesta tambi\u00e9n en marcha. Cinco (5) empresas se hab\u00edan presentado al llamado a Licitaci\u00f3n P\u00fablica: L.F.R. Constructora Vial S.A. (775.278.422,92 pesos); Marle Construcciones S.A. (760.004.692,12 pesos); Luroviar S.R.L. (803.053.446 pesos); Eduardo Colombi S.A. (736.904.869,92 pesos) y Bauber S.A (791.139.620,15 pesos). <\/p>\n\n\n\n<p>Otro tema abordado por el intendente Recoulat con el funcionario bonaerense estuvo referido al Comit\u00e9 de Cuenca Regional, adem\u00e1s de los varios tr\u00e1mites que Trenque Lauquen tiene relacionados con ese organismo.<\/p>\n\n\n\n<p>El mandatario comunal estuvo acompa\u00f1ado por el diputado Provincial Valent\u00edn Miranda y el secretario de Gobierno municipal, Mart\u00edn Borraz\u00e1s.<\/p>\n","protected":false},"excerpt":{"rendered":"<p>Otro tema abordado por el intendente Recoulat con el funcionario bonaerense estuvo referido al Comit\u00e9 de Cuenca Regional<\/p>\n","protected":false},"author":2,"featured_media":117137,"comment_status":"closed","ping_status":"open","sticky":false,"template":"","format":"standard","meta":{"footnotes":""},"categories":[45],"tags":[9825],"class_list":["post-117136","post","type-post","status-publish","format-standard","has-post-thumbnail","hentry","category-c1nota2","tag-estuvieron-miranda-y-borrazas"],"yoast_head":"<!-- This site is optimized with the Yoast SEO plugin v23.4 - https:\/\/yoast.com\/wordpress\/plugins\/seo\/ -->\n<title>Reuni\u00f3n \u00c1lvarez-Recoulat: obra del canal pluvial subterr\u00e1neo en la Ampliaci\u00f3n Urbana - Infoecos<\/title>\n<meta name=\"robots\" content=\"index, follow, max-snippet:-1, max-image-preview:large, max-video-preview:-1\" \/>\n<link rel=\"canonical\" href=\"https:\/\/infoecos.com.ar\/index.php\/reunion-alvarez-recoulat-obra-del-canal-pluvial-subterraneo-en-la-ampliacion-urbana\/\" \/>\n<meta property=\"og:locale\" content=\"es_ES\" \/>\n<meta property=\"og:type\" content=\"article\" \/>\n<meta property=\"og:title\" content=\"Reuni\u00f3n \u00c1lvarez-Recoulat: obra del canal pluvial subterr\u00e1neo en la Ampliaci\u00f3n Urbana - Infoecos\" \/>\n<meta property=\"og:description\" content=\"Otro tema abordado por el intendente Recoulat con el funcionario bonaerense estuvo referido al Comit\u00e9 de Cuenca Regional\" \/>\n<meta property=\"og:url\" content=\"https:\/\/infoecos.com.ar\/index.php\/reunion-alvarez-recoulat-obra-del-canal-pluvial-subterraneo-en-la-ampliacion-urbana\/\" \/>\n<meta property=\"og:site_name\" content=\"Infoecos\" \/>\n<meta property=\"article:publisher\" content=\"https:\/\/www.facebook.com\/profile.php?id=100063200290284\" \/>\n<meta property=\"article:published_time\" content=\"2024-01-05T16:56:02+00:00\" \/>\n<meta property=\"article:modified_time\" content=\"2024-01-05T16:56:03+00:00\" \/>\n<meta property=\"og:image\" content=\"https:\/\/infoecos.com.ar\/wp-content\/uploads\/2024\/01\/Recoulat-con-Nestor-Alvarez.jpg\" \/>\n\t<meta property=\"og:image:width\" content=\"1024\" \/>\n\t<meta property=\"og:image:height\" content=\"768\" \/>\n\t<meta property=\"og:image:type\" content=\"image\/jpeg\" \/>\n<meta name=\"author\" content=\"Jorge Matheus\" \/>\n<meta name=\"twitter:card\" content=\"summary_large_image\" \/>\n<meta name=\"twitter:creator\" content=\"@infoecos\" \/>\n<meta name=\"twitter:site\" content=\"@infoecos\" \/>\n<meta name=\"twitter:label1\" content=\"Escrito por\" \/>\n\t<meta name=\"twitter:data1\" content=\"Jorge Matheus\" \/>\n\t<meta name=\"twitter:label2\" content=\"Tiempo de lectura\" \/>\n\t<meta name=\"twitter:data2\" content=\"2 minutos\" \/>\n<script type=\"application\/ld+json\" class=\"yoast-schema-graph\">{\"@context\":\"https:\/\/schema.org\",\"@graph\":[{\"@type\":\"Article\",\"@id\":\"https:\/\/infoecos.com.ar\/index.php\/reunion-alvarez-recoulat-obra-del-canal-pluvial-subterraneo-en-la-ampliacion-urbana\/#article\",\"isPartOf\":{\"@id\":\"https:\/\/infoecos.com.ar\/index.php\/reunion-alvarez-recoulat-obra-del-canal-pluvial-subterraneo-en-la-ampliacion-urbana\/\"},\"author\":{\"name\":\"Jorge Matheus\",\"@id\":\"https:\/\/infoecos.com.ar\/#\/schema\/person\/8f5ace5ce73b4b4aac4b7245aee6f191\"},\"headline\":\"Reuni\u00f3n \u00c1lvarez-Recoulat: obra del canal pluvial subterr\u00e1neo en la Ampliaci\u00f3n Urbana\",\"datePublished\":\"2024-01-05T16:56:02+00:00\",\"dateModified\":\"2024-01-05T16:56:03+00:00\",\"mainEntityOfPage\":{\"@id\":\"https:\/\/infoecos.com.ar\/index.php\/reunion-alvarez-recoulat-obra-del-canal-pluvial-subterraneo-en-la-ampliacion-urbana\/\"},\"wordCount\":251,\"publisher\":{\"@id\":\"https:\/\/infoecos.com.ar\/#organization\"},\"image\":{\"@id\":\"https:\/\/infoecos.com.ar\/index.php\/reunion-alvarez-recoulat-obra-del-canal-pluvial-subterraneo-en-la-ampliacion-urbana\/#primaryimage\"},\"thumbnailUrl\":\"https:\/\/infoecos.com.ar\/wp-content\/uploads\/2024\/01\/Recoulat-con-Nestor-Alvarez.jpg\",\"keywords\":[\"estuvieron miranda y borraz\u00e1s\"],\"articleSection\":[\"C1 N2\"],\"inLanguage\":\"es\"},{\"@type\":\"WebPage\",\"@id\":\"https:\/\/infoecos.com.ar\/index.php\/reunion-alvarez-recoulat-obra-del-canal-pluvial-subterraneo-en-la-ampliacion-urbana\/\",\"url\":\"https:\/\/infoecos.com.ar\/index.php\/reunion-alvarez-recoulat-obra-del-canal-pluvial-subterraneo-en-la-ampliacion-urbana\/\",\"name\":\"Reuni\u00f3n \u00c1lvarez-Recoulat: obra del canal pluvial subterr\u00e1neo en la Ampliaci\u00f3n Urbana - Infoecos\",\"isPartOf\":{\"@id\":\"https:\/\/infoecos.com.ar\/#website\"},\"primaryImageOfPage\":{\"@id\":\"https:\/\/infoecos.com.ar\/index.php\/reunion-alvarez-recoulat-obra-del-canal-pluvial-subterraneo-en-la-ampliacion-urbana\/#primaryimage\"},\"image\":{\"@id\":\"https:\/\/infoecos.com.ar\/index.php\/reunion-alvarez-recoulat-obra-del-canal-pluvial-subterraneo-en-la-ampliacion-urbana\/#primaryimage\"},\"thumbnailUrl\":\"https:\/\/infoecos.com.ar\/wp-content\/uploads\/2024\/01\/Recoulat-con-Nestor-Alvarez.jpg\",\"datePublished\":\"2024-01-05T16:56:02+00:00\",\"dateModified\":\"2024-01-05T16:56:03+00:00\",\"breadcrumb\":{\"@id\":\"https:\/\/infoecos.com.ar\/index.php\/reunion-alvarez-recoulat-obra-del-canal-pluvial-subterraneo-en-la-ampliacion-urbana\/#breadcrumb\"},\"inLanguage\":\"es\",\"potentialAction\":[{\"@type\":\"ReadAction\",\"target\":[\"https:\/\/infoecos.com.ar\/index.php\/reunion-alvarez-recoulat-obra-del-canal-pluvial-subterraneo-en-la-ampliacion-urbana\/\"]}]},{\"@type\":\"ImageObject\",\"inLanguage\":\"es\",\"@id\":\"https:\/\/infoecos.com.ar\/index.php\/reunion-alvarez-recoulat-obra-del-canal-pluvial-subterraneo-en-la-ampliacion-urbana\/#primaryimage\",\"url\":\"https:\/\/infoecos.com.ar\/wp-content\/uploads\/2024\/01\/Recoulat-con-Nestor-Alvarez.jpg\",\"contentUrl\":\"https:\/\/infoecos.com.ar\/wp-content\/uploads\/2024\/01\/Recoulat-con-Nestor-Alvarez.jpg\",\"width\":1024,\"height\":768},{\"@type\":\"BreadcrumbList\",\"@id\":\"https:\/\/infoecos.com.ar\/index.php\/reunion-alvarez-recoulat-obra-del-canal-pluvial-subterraneo-en-la-ampliacion-urbana\/#breadcrumb\",\"itemListElement\":[{\"@type\":\"ListItem\",\"position\":1,\"name\":\"Portada\",\"item\":\"https:\/\/infoecos.com.ar\/\"},{\"@type\":\"ListItem\",\"position\":2,\"name\":\"Reuni\u00f3n \u00c1lvarez-Recoulat: obra del canal pluvial subterr\u00e1neo en la Ampliaci\u00f3n Urbana\"}]},{\"@type\":\"WebSite\",\"@id\":\"https:\/\/infoecos.com.ar\/#website\",\"url\":\"https:\/\/infoecos.com.ar\/\",\"name\":\"Infoecos\",\"description\":\"Noticias de trenque lauquen y la zona\",\"publisher\":{\"@id\":\"https:\/\/infoecos.com.ar\/#organization\"},\"alternateName\":\"Noticias\",\"potentialAction\":[{\"@type\":\"SearchAction\",\"target\":{\"@type\":\"EntryPoint\",\"urlTemplate\":\"https:\/\/infoecos.com.ar\/?s={search_term_string}\"},\"query-input\":{\"@type\":\"PropertyValueSpecification\",\"valueRequired\":true,\"valueName\":\"search_term_string\"}}],\"inLanguage\":\"es\"},{\"@type\":\"Organization\",\"@id\":\"https:\/\/infoecos.com.ar\/#organization\",\"name\":\"Infoecos\",\"alternateName\":\"Noticias\",\"url\":\"https:\/\/infoecos.com.ar\/\",\"logo\":{\"@type\":\"ImageObject\",\"inLanguage\":\"es\",\"@id\":\"https:\/\/infoecos.com.ar\/#\/schema\/logo\/image\/\",\"url\":\"https:\/\/infoecos.com.ar\/wp-content\/uploads\/2024\/03\/cropped-logo.png\",\"contentUrl\":\"https:\/\/infoecos.com.ar\/wp-content\/uploads\/2024\/03\/cropped-logo.png\",\"width\":374,\"height\":90,\"caption\":\"Infoecos\"},\"image\":{\"@id\":\"https:\/\/infoecos.com.ar\/#\/schema\/logo\/image\/\"},\"sameAs\":[\"https:\/\/www.facebook.com\/profile.php?id=100063200290284\",\"https:\/\/x.com\/infoecos\"]},{\"@type\":\"Person\",\"@id\":\"https:\/\/infoecos.com.ar\/#\/schema\/person\/8f5ace5ce73b4b4aac4b7245aee6f191\",\"name\":\"Jorge Matheus\",\"url\":\"https:\/\/infoecos.com.ar\/index.php\/author\/jomatheus\/\"}]}<\/script>\n<!-- \/ Yoast SEO plugin. -->","yoast_head_json":{"title":"Reuni\u00f3n \u00c1lvarez-Recoulat: obra del canal pluvial subterr\u00e1neo en la Ampliaci\u00f3n Urbana - Infoecos","robots":{"index":"index","follow":"follow","max-snippet":"max-snippet:-1","max-image-preview":"max-image-preview:large","max-video-preview":"max-video-preview:-1"},"canonical":"https:\/\/infoecos.com.ar\/index.php\/reunion-alvarez-recoulat-obra-del-canal-pluvial-subterraneo-en-la-ampliacion-urbana\/","og_locale":"es_ES","og_type":"article","og_title":"Reuni\u00f3n \u00c1lvarez-Recoulat: obra del canal pluvial subterr\u00e1neo en la Ampliaci\u00f3n Urbana - Infoecos","og_description":"Otro tema abordado por el intendente Recoulat con el funcionario bonaerense estuvo referido al Comit\u00e9 de Cuenca Regional","og_url":"https:\/\/infoecos.com.ar\/index.php\/reunion-alvarez-recoulat-obra-del-canal-pluvial-subterraneo-en-la-ampliacion-urbana\/","og_site_name":"Infoecos","article_publisher":"https:\/\/www.facebook.com\/profile.php?id=100063200290284","article_published_time":"2024-01-05T16:56:02+00:00","article_modified_time":"2024-01-05T16:56:03+00:00","og_image":[{"width":1024,"height":768,"url":"https:\/\/infoecos.com.ar\/wp-content\/uploads\/2024\/01\/Recoulat-con-Nestor-Alvarez.jpg","type":"image\/jpeg"}],"author":"Jorge Matheus","twitter_card":"summary_large_image","twitter_creator":"@infoecos","twitter_site":"@infoecos","twitter_misc":{"Escrito por":"Jorge Matheus","Tiempo de lectura":"2 minutos"},"schema":{"@context":"https:\/\/schema.org","@graph":[{"@type":"Article","@id":"https:\/\/infoecos.com.ar\/index.php\/reunion-alvarez-recoulat-obra-del-canal-pluvial-subterraneo-en-la-ampliacion-urbana\/#article","isPartOf":{"@id":"https:\/\/infoecos.com.ar\/index.php\/reunion-alvarez-recoulat-obra-del-canal-pluvial-subterraneo-en-la-ampliacion-urbana\/"},"author":{"name":"Jorge Matheus","@id":"https:\/\/infoecos.com.ar\/#\/schema\/person\/8f5ace5ce73b4b4aac4b7245aee6f191"},"headline":"Reuni\u00f3n \u00c1lvarez-Recoulat: obra del canal pluvial subterr\u00e1neo en la Ampliaci\u00f3n Urbana","datePublished":"2024-01-05T16:56:02+00:00","dateModified":"2024-01-05T16:56:03+00:00","mainEntityOfPage":{"@id":"https:\/\/infoecos.com.ar\/index.php\/reunion-alvarez-recoulat-obra-del-canal-pluvial-subterraneo-en-la-ampliacion-urbana\/"},"wordCount":251,"publisher":{"@id":"https:\/\/infoecos.com.ar\/#organization"},"image":{"@id":"https:\/\/infoecos.com.ar\/index.php\/reunion-alvarez-recoulat-obra-del-canal-pluvial-subterraneo-en-la-ampliacion-urbana\/#primaryimage"},"thumbnailUrl":"https:\/\/infoecos.com.ar\/wp-content\/uploads\/2024\/01\/Recoulat-con-Nestor-Alvarez.jpg","keywords":["estuvieron miranda y borraz\u00e1s"],"articleSection":["C1 N2"],"inLanguage":"es"},{"@type":"WebPage","@id":"https:\/\/infoecos.com.ar\/index.php\/reunion-alvarez-recoulat-obra-del-canal-pluvial-subterraneo-en-la-ampliacion-urbana\/","url":"https:\/\/infoecos.com.ar\/index.php\/reunion-alvarez-recoulat-obra-del-canal-pluvial-subterraneo-en-la-ampliacion-urbana\/","name":"Reuni\u00f3n \u00c1lvarez-Recoulat: obra del canal pluvial subterr\u00e1neo en la Ampliaci\u00f3n Urbana - Infoecos","isPartOf":{"@id":"https:\/\/infoecos.com.ar\/#website"},"primaryImageOfPage":{"@id":"https:\/\/infoecos.com.ar\/index.php\/reunion-alvarez-recoulat-obra-del-canal-pluvial-subterraneo-en-la-ampliacion-urbana\/#primaryimage"},"image":{"@id":"https:\/\/infoecos.com.ar\/index.php\/reunion-alvarez-recoulat-obra-del-canal-pluvial-subterraneo-en-la-ampliacion-urbana\/#primaryimage"},"thumbnailUrl":"https:\/\/infoecos.com.ar\/wp-content\/uploads\/2024\/01\/Recoulat-con-Nestor-Alvarez.jpg","datePublished":"2024-01-05T16:56:02+00:00","dateModified":"2024-01-05T16:56:03+00:00","breadcrumb":{"@id":"https:\/\/infoecos.com.ar\/index.php\/reunion-alvarez-recoulat-obra-del-canal-pluvial-subterraneo-en-la-ampliacion-urbana\/#breadcrumb"},"inLanguage":"es","potentialAction":[{"@type":"ReadAction","target":["https:\/\/infoecos.com.ar\/index.php\/reunion-alvarez-recoulat-obra-del-canal-pluvial-subterraneo-en-la-ampliacion-urbana\/"]}]},{"@type":"ImageObject","inLanguage":"es","@id":"https:\/\/infoecos.com.ar\/index.php\/reunion-alvarez-recoulat-obra-del-canal-pluvial-subterraneo-en-la-ampliacion-urbana\/#primaryimage","url":"https:\/\/infoecos.com.ar\/wp-content\/uploads\/2024\/01\/Recoulat-con-Nestor-Alvarez.jpg","contentUrl":"https:\/\/infoecos.com.ar\/wp-content\/uploads\/2024\/01\/Recoulat-con-Nestor-Alvarez.jpg","width":1024,"height":768},{"@type":"BreadcrumbList","@id":"https:\/\/infoecos.com.ar\/index.php\/reunion-alvarez-recoulat-obra-del-canal-pluvial-subterraneo-en-la-ampliacion-urbana\/#breadcrumb","itemListElement":[{"@type":"ListItem","position":1,"name":"Portada","item":"https:\/\/infoecos.com.ar\/"},{"@type":"ListItem","position":2,"name":"Reuni\u00f3n \u00c1lvarez-Recoulat: obra del canal pluvial subterr\u00e1neo en la Ampliaci\u00f3n Urbana"}]},{"@type":"WebSite","@id":"https:\/\/infoecos.com.ar\/#website","url":"https:\/\/infoecos.com.ar\/","name":"Infoecos","description":"Noticias de trenque lauquen y la zona","publisher":{"@id":"https:\/\/infoecos.com.ar\/#organization"},"alternateName":"Noticias","potentialAction":[{"@type":"SearchAction","target":{"@type":"EntryPoint","urlTemplate":"https:\/\/infoecos.com.ar\/?s={search_term_string}"},"query-input":{"@type":"PropertyValueSpecification","valueRequired":true,"valueName":"search_term_string"}}],"inLanguage":"es"},{"@type":"Organization","@id":"https:\/\/infoecos.com.ar\/#organization","name":"Infoecos","alternateName":"Noticias","url":"https:\/\/infoecos.com.ar\/","logo":{"@type":"ImageObject","inLanguage":"es","@id":"https:\/\/infoecos.com.ar\/#\/schema\/logo\/image\/","url":"https:\/\/infoecos.com.ar\/wp-content\/uploads\/2024\/03\/cropped-logo.png","contentUrl":"https:\/\/infoecos.com.ar\/wp-content\/uploads\/2024\/03\/cropped-logo.png","width":374,"height":90,"caption":"Infoecos"},"image":{"@id":"https:\/\/infoecos.com.ar\/#\/schema\/logo\/image\/"},"sameAs":["https:\/\/www.facebook.com\/profile.php?id=100063200290284","https:\/\/x.com\/infoecos"]},{"@type":"Person","@id":"https:\/\/infoecos.com.ar\/#\/schema\/person\/8f5ace5ce73b4b4aac4b7245aee6f191","name":"Jorge Matheus","url":"https:\/\/infoecos.com.ar\/index.php\/author\/jomatheus\/"}]}},"featured_image_urls":{"full":["https:\/\/infoecos.com.ar\/wp-content\/uploads\/2024\/01\/Recoulat-con-Nestor-Alvarez.jpg",1024,768,false],"thumbnail":["https:\/\/infoecos.com.ar\/wp-content\/uploads\/2024\/01\/Recoulat-con-Nestor-Alvarez-300x150.jpg",300,150,true],"medium":["https:\/\/infoecos.com.ar\/wp-content\/uploads\/2024\/01\/Recoulat-con-Nestor-Alvarez-800x600.jpg",800,600,true],"medium_large":["https:\/\/infoecos.com.ar\/wp-content\/uploads\/2024\/01\/Recoulat-con-Nestor-Alvarez-768x576.jpg",640,480,true],"large":["https:\/\/infoecos.com.ar\/wp-content\/uploads\/2024\/01\/Recoulat-con-Nestor-Alvarez.jpg",640,480,false],"1536x1536":["https:\/\/infoecos.com.ar\/wp-content\/uploads\/2024\/01\/Recoulat-con-Nestor-Alvarez.jpg",1024,768,false],"2048x2048":["https:\/\/infoecos.com.ar\/wp-content\/uploads\/2024\/01\/Recoulat-con-Nestor-Alvarez.jpg",1024,768,false],"covernews-slider-full":["https:\/\/infoecos.com.ar\/wp-content\/uploads\/2024\/01\/Recoulat-con-Nestor-Alvarez.jpg",953,715,false],"covernews-slider-center":["https:\/\/infoecos.com.ar\/wp-content\/uploads\/2024\/01\/Recoulat-con-Nestor-Alvarez-936x768.jpg",609,500,true],"covernews-featured":["https:\/\/infoecos.com.ar\/wp-content\/uploads\/2024\/01\/Recoulat-con-Nestor-Alvarez.jpg",1024,768,false],"covernews-medium":["https:\/\/infoecos.com.ar\/wp-content\/uploads\/2024\/01\/Recoulat-con-Nestor-Alvarez-720x380.jpg",540,285,true],"covernews-medium-square":["https:\/\/infoecos.com.ar\/wp-content\/uploads\/2024\/01\/Recoulat-con-Nestor-Alvarez-675x450.jpg",375,250,true]},"author_info":{"info":["Jorge Matheus"]},"category_info":"<a href=\"https:\/\/infoecos.com.ar\/index.php\/category\/c1nota2\/\" rel=\"category tag\">C1 N2<\/a>","tag_info":"C1 N2","comment_count":"0","_links":{"self":[{"href":"https:\/\/infoecos.com.ar\/index.php\/wp-json\/wp\/v2\/posts\/117136"}],"collection":[{"href":"https:\/\/infoecos.com.ar\/index.php\/wp-json\/wp\/v2\/posts"}],"about":[{"href":"https:\/\/infoecos.com.ar\/index.php\/wp-json\/wp\/v2\/types\/post"}],"author":[{"embeddable":true,"href":"https:\/\/infoecos.com.ar\/index.php\/wp-json\/wp\/v2\/users\/2"}],"replies":[{"embeddable":true,"href":"https:\/\/infoecos.com.ar\/index.php\/wp-json\/wp\/v2\/comments?post=117136"}],"version-history":[{"count":1,"href":"https:\/\/infoecos.com.ar\/index.php\/wp-json\/wp\/v2\/posts\/117136\/revisions"}],"predecessor-version":[{"id":117138,"href":"https:\/\/infoecos.com.ar\/index.php\/wp-json\/wp\/v2\/posts\/117136\/revisions\/117138"}],"wp:featuredmedia":[{"embeddable":true,"href":"https:\/\/infoecos.com.ar\/index.php\/wp-json\/wp\/v2\/media\/117137"}],"wp:attachment":[{"href":"https:\/\/infoecos.com.ar\/index.php\/wp-json\/wp\/v2\/media?parent=117136"}],"wp:term":[{"taxonomy":"category","embeddable":true,"href":"https:\/\/infoecos.com.ar\/index.php\/wp-json\/wp\/v2\/categories?post=117136"},{"taxonomy":"post_tag","embeddable":true,"href":"https:\/\/infoecos.com.ar\/index.php\/wp-json\/wp\/v2\/tags?post=117136"}],"curies":[{"name":"wp","href":"https:\/\/api.w.org\/{rel}","templated":true}]}}