{"id":117146,"date":"2024-01-06T10:29:41","date_gmt":"2024-01-06T13:29:41","guid":{"rendered":"https:\/\/infoecos.com.ar\/?p=117146"},"modified":"2024-01-06T10:29:42","modified_gmt":"2024-01-06T13:29:42","slug":"se-correra-hoy-la-tradicional-maraton-de-reyes-organizada-por-barrio-alegre","status":"publish","type":"post","link":"https:\/\/infoecos.com.ar\/index.php\/se-correra-hoy-la-tradicional-maraton-de-reyes-organizada-por-barrio-alegre\/","title":{"rendered":"Se correr\u00e1 hoy la tradicional Marat\u00f3n de Reyes, organizada por Barrio Alegre"},"content":{"rendered":"\n<figure class=\"wp-block-image alignright size-large is-resized\"><img loading=\"lazy\" decoding=\"async\" src=\"https:\/\/infoecos.com.ar\/wp-content\/uploads\/49897543_1957411674562097_535581850580549632_n-1000x600-920x552.jpg\" alt=\"\" class=\"wp-image-52933\" width=\"388\" height=\"233\"\/><figcaption class=\"wp-element-caption\">Trenque Lauquen &#8211; Marat\u00f3n de Reyes<\/figcaption><\/figure>\n\n\n\n<p><span style=\"font-size: revert; color: initial;\">Se correr\u00e1 hoy la edici\u00f3n 58\u00b0 del Marat\u00f3n de Reyes \u201cCamilo Martino\u201d. El recorrido de la prueba mayor es de 7.500 metros.En la primera prueba correr\u00e1n mujeres todas y varones de 50 a\u00f1os en adelante. <\/span>   <p>Las competencias m\u00e1s convocantes comenzar\u00e1n a las 22.30 horas y la central se disputar\u00e1 desde las 23.30 horas. <\/p> <\/p>\n","protected":false},"excerpt":{"rendered":"<p>Las competencias m\u00e1s convocantes comenzar\u00e1n a las 22.30 horas y la central se disputar\u00e1 desde las 23.30 horas<\/p>\n","protected":false},"author":2,"featured_media":45003,"comment_status":"closed","ping_status":"open","sticky":false,"template":"","format":"standard","meta":{"footnotes":""},"categories":[1613],"tags":[9826],"class_list":["post-117146","post","type-post","status-publish","format-standard","has-post-thumbnail","hentry","category-noticia-secundaria","tag-58-edicion"],"yoast_head":"<!-- This site is optimized with the Yoast SEO plugin v23.4 - https:\/\/yoast.com\/wordpress\/plugins\/seo\/ -->\n<title>Se correr\u00e1 hoy la tradicional Marat\u00f3n de Reyes, organizada por Barrio Alegre - Infoecos<\/title>\n<meta name=\"robots\" content=\"index, follow, max-snippet:-1, max-image-preview:large, max-video-preview:-1\" \/>\n<link rel=\"canonical\" href=\"https:\/\/infoecos.com.ar\/index.php\/se-correra-hoy-la-tradicional-maraton-de-reyes-organizada-por-barrio-alegre\/\" \/>\n<meta property=\"og:locale\" content=\"es_ES\" \/>\n<meta property=\"og:type\" content=\"article\" \/>\n<meta property=\"og:title\" content=\"Se correr\u00e1 hoy la tradicional Marat\u00f3n de Reyes, organizada por Barrio Alegre - Infoecos\" \/>\n<meta property=\"og:description\" content=\"Las competencias m\u00e1s convocantes comenzar\u00e1n a las 22.30 horas y la central se disputar\u00e1 desde las 23.30 horas\" \/>\n<meta property=\"og:url\" content=\"https:\/\/infoecos.com.ar\/index.php\/se-correra-hoy-la-tradicional-maraton-de-reyes-organizada-por-barrio-alegre\/\" \/>\n<meta property=\"og:site_name\" content=\"Infoecos\" \/>\n<meta property=\"article:publisher\" content=\"https:\/\/www.facebook.com\/profile.php?id=100063200290284\" \/>\n<meta property=\"article:published_time\" content=\"2024-01-06T13:29:41+00:00\" \/>\n<meta property=\"article:modified_time\" content=\"2024-01-06T13:29:42+00:00\" \/>\n<meta property=\"og:image\" content=\"https:\/\/infoecos.com.ar\/wp-content\/uploads\/slide.jpg\" \/>\n\t<meta property=\"og:image:width\" content=\"500\" \/>\n\t<meta property=\"og:image:height\" content=\"400\" \/>\n\t<meta property=\"og:image:type\" content=\"image\/jpeg\" \/>\n<meta name=\"author\" content=\"Jorge Matheus\" \/>\n<meta name=\"twitter:card\" content=\"summary_large_image\" \/>\n<meta name=\"twitter:creator\" content=\"@infoecos\" \/>\n<meta name=\"twitter:site\" content=\"@infoecos\" \/>\n<meta name=\"twitter:label1\" content=\"Escrito por\" \/>\n\t<meta name=\"twitter:data1\" content=\"Jorge Matheus\" \/>\n\t<meta name=\"twitter:label2\" content=\"Tiempo de lectura\" \/>\n\t<meta name=\"twitter:data2\" content=\"1 minuto\" \/>\n<script type=\"application\/ld+json\" class=\"yoast-schema-graph\">{\"@context\":\"https:\/\/schema.org\",\"@graph\":[{\"@type\":\"Article\",\"@id\":\"https:\/\/infoecos.com.ar\/index.php\/se-correra-hoy-la-tradicional-maraton-de-reyes-organizada-por-barrio-alegre\/#article\",\"isPartOf\":{\"@id\":\"https:\/\/infoecos.com.ar\/index.php\/se-correra-hoy-la-tradicional-maraton-de-reyes-organizada-por-barrio-alegre\/\"},\"author\":{\"name\":\"Jorge Matheus\",\"@id\":\"https:\/\/infoecos.com.ar\/#\/schema\/person\/8f5ace5ce73b4b4aac4b7245aee6f191\"},\"headline\":\"Se correr\u00e1 hoy la tradicional Marat\u00f3n de Reyes, organizada por Barrio Alegre\",\"datePublished\":\"2024-01-06T13:29:41+00:00\",\"dateModified\":\"2024-01-06T13:29:42+00:00\",\"mainEntityOfPage\":{\"@id\":\"https:\/\/infoecos.com.ar\/index.php\/se-correra-hoy-la-tradicional-maraton-de-reyes-organizada-por-barrio-alegre\/\"},\"wordCount\":75,\"publisher\":{\"@id\":\"https:\/\/infoecos.com.ar\/#organization\"},\"image\":{\"@id\":\"https:\/\/infoecos.com.ar\/index.php\/se-correra-hoy-la-tradicional-maraton-de-reyes-organizada-por-barrio-alegre\/#primaryimage\"},\"thumbnailUrl\":\"\",\"keywords\":[\"58\u00b0 edici\u00f3n\"],\"articleSection\":[\"Noticia Secundaria\"],\"inLanguage\":\"es\"},{\"@type\":\"WebPage\",\"@id\":\"https:\/\/infoecos.com.ar\/index.php\/se-correra-hoy-la-tradicional-maraton-de-reyes-organizada-por-barrio-alegre\/\",\"url\":\"https:\/\/infoecos.com.ar\/index.php\/se-correra-hoy-la-tradicional-maraton-de-reyes-organizada-por-barrio-alegre\/\",\"name\":\"Se correr\u00e1 hoy la tradicional Marat\u00f3n de Reyes, organizada por Barrio Alegre - Infoecos\",\"isPartOf\":{\"@id\":\"https:\/\/infoecos.com.ar\/#website\"},\"primaryImageOfPage\":{\"@id\":\"https:\/\/infoecos.com.ar\/index.php\/se-correra-hoy-la-tradicional-maraton-de-reyes-organizada-por-barrio-alegre\/#primaryimage\"},\"image\":{\"@id\":\"https:\/\/infoecos.com.ar\/index.php\/se-correra-hoy-la-tradicional-maraton-de-reyes-organizada-por-barrio-alegre\/#primaryimage\"},\"thumbnailUrl\":\"\",\"datePublished\":\"2024-01-06T13:29:41+00:00\",\"dateModified\":\"2024-01-06T13:29:42+00:00\",\"breadcrumb\":{\"@id\":\"https:\/\/infoecos.com.ar\/index.php\/se-correra-hoy-la-tradicional-maraton-de-reyes-organizada-por-barrio-alegre\/#breadcrumb\"},\"inLanguage\":\"es\",\"potentialAction\":[{\"@type\":\"ReadAction\",\"target\":[\"https:\/\/infoecos.com.ar\/index.php\/se-correra-hoy-la-tradicional-maraton-de-reyes-organizada-por-barrio-alegre\/\"]}]},{\"@type\":\"ImageObject\",\"inLanguage\":\"es\",\"@id\":\"https:\/\/infoecos.com.ar\/index.php\/se-correra-hoy-la-tradicional-maraton-de-reyes-organizada-por-barrio-alegre\/#primaryimage\",\"url\":\"\",\"contentUrl\":\"\"},{\"@type\":\"BreadcrumbList\",\"@id\":\"https:\/\/infoecos.com.ar\/index.php\/se-correra-hoy-la-tradicional-maraton-de-reyes-organizada-por-barrio-alegre\/#breadcrumb\",\"itemListElement\":[{\"@type\":\"ListItem\",\"position\":1,\"name\":\"Portada\",\"item\":\"https:\/\/infoecos.com.ar\/\"},{\"@type\":\"ListItem\",\"position\":2,\"name\":\"Se correr\u00e1 hoy la tradicional Marat\u00f3n de Reyes, organizada por Barrio Alegre\"}]},{\"@type\":\"WebSite\",\"@id\":\"https:\/\/infoecos.com.ar\/#website\",\"url\":\"https:\/\/infoecos.com.ar\/\",\"name\":\"Infoecos\",\"description\":\"Noticias de trenque lauquen y la zona\",\"publisher\":{\"@id\":\"https:\/\/infoecos.com.ar\/#organization\"},\"alternateName\":\"Noticias\",\"potentialAction\":[{\"@type\":\"SearchAction\",\"target\":{\"@type\":\"EntryPoint\",\"urlTemplate\":\"https:\/\/infoecos.com.ar\/?s={search_term_string}\"},\"query-input\":{\"@type\":\"PropertyValueSpecification\",\"valueRequired\":true,\"valueName\":\"search_term_string\"}}],\"inLanguage\":\"es\"},{\"@type\":\"Organization\",\"@id\":\"https:\/\/infoecos.com.ar\/#organization\",\"name\":\"Infoecos\",\"alternateName\":\"Noticias\",\"url\":\"https:\/\/infoecos.com.ar\/\",\"logo\":{\"@type\":\"ImageObject\",\"inLanguage\":\"es\",\"@id\":\"https:\/\/infoecos.com.ar\/#\/schema\/logo\/image\/\",\"url\":\"https:\/\/infoecos.com.ar\/wp-content\/uploads\/2024\/03\/cropped-logo.png\",\"contentUrl\":\"https:\/\/infoecos.com.ar\/wp-content\/uploads\/2024\/03\/cropped-logo.png\",\"width\":374,\"height\":90,\"caption\":\"Infoecos\"},\"image\":{\"@id\":\"https:\/\/infoecos.com.ar\/#\/schema\/logo\/image\/\"},\"sameAs\":[\"https:\/\/www.facebook.com\/profile.php?id=100063200290284\",\"https:\/\/x.com\/infoecos\"]},{\"@type\":\"Person\",\"@id\":\"https:\/\/infoecos.com.ar\/#\/schema\/person\/8f5ace5ce73b4b4aac4b7245aee6f191\",\"name\":\"Jorge Matheus\",\"url\":\"https:\/\/infoecos.com.ar\/index.php\/author\/jomatheus\/\"}]}<\/script>\n<!-- \/ Yoast SEO plugin. -->","yoast_head_json":{"title":"Se correr\u00e1 hoy la tradicional Marat\u00f3n de Reyes, organizada por Barrio Alegre - Infoecos","robots":{"index":"index","follow":"follow","max-snippet":"max-snippet:-1","max-image-preview":"max-image-preview:large","max-video-preview":"max-video-preview:-1"},"canonical":"https:\/\/infoecos.com.ar\/index.php\/se-correra-hoy-la-tradicional-maraton-de-reyes-organizada-por-barrio-alegre\/","og_locale":"es_ES","og_type":"article","og_title":"Se correr\u00e1 hoy la tradicional Marat\u00f3n de Reyes, organizada por Barrio Alegre - Infoecos","og_description":"Las competencias m\u00e1s convocantes comenzar\u00e1n a las 22.30 horas y la central se disputar\u00e1 desde las 23.30 horas","og_url":"https:\/\/infoecos.com.ar\/index.php\/se-correra-hoy-la-tradicional-maraton-de-reyes-organizada-por-barrio-alegre\/","og_site_name":"Infoecos","article_publisher":"https:\/\/www.facebook.com\/profile.php?id=100063200290284","article_published_time":"2024-01-06T13:29:41+00:00","article_modified_time":"2024-01-06T13:29:42+00:00","og_image":[{"width":500,"height":400,"url":"https:\/\/infoecos.com.ar\/wp-content\/uploads\/slide.jpg","type":"image\/jpeg"}],"author":"Jorge Matheus","twitter_card":"summary_large_image","twitter_creator":"@infoecos","twitter_site":"@infoecos","twitter_misc":{"Escrito por":"Jorge Matheus","Tiempo de lectura":"1 minuto"},"schema":{"@context":"https:\/\/schema.org","@graph":[{"@type":"Article","@id":"https:\/\/infoecos.com.ar\/index.php\/se-correra-hoy-la-tradicional-maraton-de-reyes-organizada-por-barrio-alegre\/#article","isPartOf":{"@id":"https:\/\/infoecos.com.ar\/index.php\/se-correra-hoy-la-tradicional-maraton-de-reyes-organizada-por-barrio-alegre\/"},"author":{"name":"Jorge Matheus","@id":"https:\/\/infoecos.com.ar\/#\/schema\/person\/8f5ace5ce73b4b4aac4b7245aee6f191"},"headline":"Se correr\u00e1 hoy la tradicional Marat\u00f3n de Reyes, organizada por Barrio Alegre","datePublished":"2024-01-06T13:29:41+00:00","dateModified":"2024-01-06T13:29:42+00:00","mainEntityOfPage":{"@id":"https:\/\/infoecos.com.ar\/index.php\/se-correra-hoy-la-tradicional-maraton-de-reyes-organizada-por-barrio-alegre\/"},"wordCount":75,"publisher":{"@id":"https:\/\/infoecos.com.ar\/#organization"},"image":{"@id":"https:\/\/infoecos.com.ar\/index.php\/se-correra-hoy-la-tradicional-maraton-de-reyes-organizada-por-barrio-alegre\/#primaryimage"},"thumbnailUrl":"","keywords":["58\u00b0 edici\u00f3n"],"articleSection":["Noticia Secundaria"],"inLanguage":"es"},{"@type":"WebPage","@id":"https:\/\/infoecos.com.ar\/index.php\/se-correra-hoy-la-tradicional-maraton-de-reyes-organizada-por-barrio-alegre\/","url":"https:\/\/infoecos.com.ar\/index.php\/se-correra-hoy-la-tradicional-maraton-de-reyes-organizada-por-barrio-alegre\/","name":"Se correr\u00e1 hoy la tradicional Marat\u00f3n de Reyes, organizada por Barrio Alegre - Infoecos","isPartOf":{"@id":"https:\/\/infoecos.com.ar\/#website"},"primaryImageOfPage":{"@id":"https:\/\/infoecos.com.ar\/index.php\/se-correra-hoy-la-tradicional-maraton-de-reyes-organizada-por-barrio-alegre\/#primaryimage"},"image":{"@id":"https:\/\/infoecos.com.ar\/index.php\/se-correra-hoy-la-tradicional-maraton-de-reyes-organizada-por-barrio-alegre\/#primaryimage"},"thumbnailUrl":"","datePublished":"2024-01-06T13:29:41+00:00","dateModified":"2024-01-06T13:29:42+00:00","breadcrumb":{"@id":"https:\/\/infoecos.com.ar\/index.php\/se-correra-hoy-la-tradicional-maraton-de-reyes-organizada-por-barrio-alegre\/#breadcrumb"},"inLanguage":"es","potentialAction":[{"@type":"ReadAction","target":["https:\/\/infoecos.com.ar\/index.php\/se-correra-hoy-la-tradicional-maraton-de-reyes-organizada-por-barrio-alegre\/"]}]},{"@type":"ImageObject","inLanguage":"es","@id":"https:\/\/infoecos.com.ar\/index.php\/se-correra-hoy-la-tradicional-maraton-de-reyes-organizada-por-barrio-alegre\/#primaryimage","url":"","contentUrl":""},{"@type":"BreadcrumbList","@id":"https:\/\/infoecos.com.ar\/index.php\/se-correra-hoy-la-tradicional-maraton-de-reyes-organizada-por-barrio-alegre\/#breadcrumb","itemListElement":[{"@type":"ListItem","position":1,"name":"Portada","item":"https:\/\/infoecos.com.ar\/"},{"@type":"ListItem","position":2,"name":"Se correr\u00e1 hoy la tradicional Marat\u00f3n de Reyes, organizada por Barrio Alegre"}]},{"@type":"WebSite","@id":"https:\/\/infoecos.com.ar\/#website","url":"https:\/\/infoecos.com.ar\/","name":"Infoecos","description":"Noticias de trenque lauquen y la zona","publisher":{"@id":"https:\/\/infoecos.com.ar\/#organization"},"alternateName":"Noticias","potentialAction":[{"@type":"SearchAction","target":{"@type":"EntryPoint","urlTemplate":"https:\/\/infoecos.com.ar\/?s={search_term_string}"},"query-input":{"@type":"PropertyValueSpecification","valueRequired":true,"valueName":"search_term_string"}}],"inLanguage":"es"},{"@type":"Organization","@id":"https:\/\/infoecos.com.ar\/#organization","name":"Infoecos","alternateName":"Noticias","url":"https:\/\/infoecos.com.ar\/","logo":{"@type":"ImageObject","inLanguage":"es","@id":"https:\/\/infoecos.com.ar\/#\/schema\/logo\/image\/","url":"https:\/\/infoecos.com.ar\/wp-content\/uploads\/2024\/03\/cropped-logo.png","contentUrl":"https:\/\/infoecos.com.ar\/wp-content\/uploads\/2024\/03\/cropped-logo.png","width":374,"height":90,"caption":"Infoecos"},"image":{"@id":"https:\/\/infoecos.com.ar\/#\/schema\/logo\/image\/"},"sameAs":["https:\/\/www.facebook.com\/profile.php?id=100063200290284","https:\/\/x.com\/infoecos"]},{"@type":"Person","@id":"https:\/\/infoecos.com.ar\/#\/schema\/person\/8f5ace5ce73b4b4aac4b7245aee6f191","name":"Jorge Matheus","url":"https:\/\/infoecos.com.ar\/index.php\/author\/jomatheus\/"}]}},"featured_image_urls":{"full":"","thumbnail":"","medium":"","medium_large":"","large":"","1536x1536":"","2048x2048":"","covernews-slider-full":"","covernews-slider-center":"","covernews-featured":"","covernews-medium":"","covernews-medium-square":""},"author_info":{"info":["Jorge Matheus"]},"category_info":"<a href=\"https:\/\/infoecos.com.ar\/index.php\/category\/noticia-secundaria\/\" rel=\"category tag\">Noticia Secundaria<\/a>","tag_info":"Noticia Secundaria","comment_count":"0","_links":{"self":[{"href":"https:\/\/infoecos.com.ar\/index.php\/wp-json\/wp\/v2\/posts\/117146"}],"collection":[{"href":"https:\/\/infoecos.com.ar\/index.php\/wp-json\/wp\/v2\/posts"}],"about":[{"href":"https:\/\/infoecos.com.ar\/index.php\/wp-json\/wp\/v2\/types\/post"}],"author":[{"embeddable":true,"href":"https:\/\/infoecos.com.ar\/index.php\/wp-json\/wp\/v2\/users\/2"}],"replies":[{"embeddable":true,"href":"https:\/\/infoecos.com.ar\/index.php\/wp-json\/wp\/v2\/comments?post=117146"}],"version-history":[{"count":1,"href":"https:\/\/infoecos.com.ar\/index.php\/wp-json\/wp\/v2\/posts\/117146\/revisions"}],"predecessor-version":[{"id":117147,"href":"https:\/\/infoecos.com.ar\/index.php\/wp-json\/wp\/v2\/posts\/117146\/revisions\/117147"}],"wp:featuredmedia":[{"embeddable":true,"href":"https:\/\/infoecos.com.ar\/index.php\/wp-json\/"}],"wp:attachment":[{"href":"https:\/\/infoecos.com.ar\/index.php\/wp-json\/wp\/v2\/media?parent=117146"}],"wp:term":[{"taxonomy":"category","embeddable":true,"href":"https:\/\/infoecos.com.ar\/index.php\/wp-json\/wp\/v2\/categories?post=117146"},{"taxonomy":"post_tag","embeddable":true,"href":"https:\/\/infoecos.com.ar\/index.php\/wp-json\/wp\/v2\/tags?post=117146"}],"curies":[{"name":"wp","href":"https:\/\/api.w.org\/{rel}","templated":true}]}}