{"id":117148,"date":"2024-01-06T10:35:57","date_gmt":"2024-01-06T13:35:57","guid":{"rendered":"https:\/\/infoecos.com.ar\/?p=117148"},"modified":"2024-01-06T23:00:05","modified_gmt":"2024-01-07T02:00:05","slug":"se-espera-para-hoy-una-temperatura-maxima-de-28-en-monte-hermoso-y-sauce-grande","status":"publish","type":"post","link":"https:\/\/infoecos.com.ar\/index.php\/se-espera-para-hoy-una-temperatura-maxima-de-28-en-monte-hermoso-y-sauce-grande\/","title":{"rendered":"Se espera para hoy una temperatura m\u00e1xima de 28\u00b0 en Monte Hermoso y Sauce Grande"},"content":{"rendered":"\n<figure class=\"wp-block-image aligncenter size-full is-resized\"><img loading=\"lazy\" decoding=\"async\" src=\"https:\/\/infoecos.com.ar\/wp-content\/uploads\/2024\/01\/image-28.png\" alt=\"\" class=\"wp-image-117149\" width=\"423\" height=\"212\" srcset=\"https:\/\/infoecos.com.ar\/wp-content\/uploads\/2024\/01\/image-28.png 750w, https:\/\/infoecos.com.ar\/wp-content\/uploads\/2024\/01\/image-28-300x150.png 300w\" sizes=\"(max-width: 423px) 100vw, 423px\" \/><\/figure>\n\n\n\n<p><strong>El clima para el fin de semana en Monte Hermoso (noticiasmontehermoso.com.ar)<\/strong><\/p>\n\n\n\n<h4 class=\"wp-block-heading\">S\u00e1bado 6<\/h4>\n\n\n\n<p>Persistencia de alta nubosidad, luego despejando, con vientos girando al suroeste y este, m\u00e1s calmos a la noche.<\/p>\n\n\n\n<p>Temperatura m\u00e1xima esperada 28 grados, m\u00ednima de 18 a la medianoche.<\/p>\n\n\n\n<h4 class=\"wp-block-heading\">Domingo 7<\/h4>\n\n\n\n<p>Despejado a la ma\u00f1ana, con aumento de nubosidad y probable inestabilidad hacia la tarde. Vientos de leves a medios, con per\u00edodos de m\u00e1s intensos, girando de norte a oeste, sudoeste y norte a la noche.<\/p>\n\n\n\n<p>Templado a c\u00e1lido, m\u00e1xima de 29 grados, m\u00ednima de 19 al final de la jornada.<\/p>\n\n\n\n<p>Para el&nbsp;<strong>lunes 8<\/strong>&nbsp;anuncian soleados, con temperatura no m\u00e1s all\u00e1 de 26 grados y 16 a medianoche. Vientos de regular intensidad rotando al sur al mediod\u00eda, calmando hacia la noche.<\/p>\n","protected":false},"excerpt":{"rendered":"<p>Para el domingo: despejado a la ma\u00f1ana, con aumento de nubosidad y probable inestabilidad hacia la tarde<\/p>\n","protected":false},"author":2,"featured_media":117149,"comment_status":"closed","ping_status":"open","sticky":false,"template":"","format":"standard","meta":{"footnotes":""},"categories":[1613],"tags":[455],"class_list":["post-117148","post","type-post","status-publish","format-standard","has-post-thumbnail","hentry","category-noticia-secundaria","tag-turismo"],"yoast_head":"<!-- This site is optimized with the Yoast SEO plugin v23.4 - https:\/\/yoast.com\/wordpress\/plugins\/seo\/ -->\n<title>Se espera para hoy una temperatura m\u00e1xima de 28\u00b0 en Monte Hermoso y Sauce Grande - Infoecos<\/title>\n<meta name=\"robots\" content=\"index, follow, max-snippet:-1, max-image-preview:large, max-video-preview:-1\" \/>\n<link rel=\"canonical\" href=\"https:\/\/infoecos.com.ar\/index.php\/se-espera-para-hoy-una-temperatura-maxima-de-28-en-monte-hermoso-y-sauce-grande\/\" \/>\n<meta property=\"og:locale\" content=\"es_ES\" \/>\n<meta property=\"og:type\" content=\"article\" \/>\n<meta property=\"og:title\" content=\"Se espera para hoy una temperatura m\u00e1xima de 28\u00b0 en Monte Hermoso y Sauce Grande - Infoecos\" \/>\n<meta property=\"og:description\" content=\"Para el domingo: despejado a la ma\u00f1ana, con aumento de nubosidad y probable inestabilidad hacia la tarde\" \/>\n<meta property=\"og:url\" content=\"https:\/\/infoecos.com.ar\/index.php\/se-espera-para-hoy-una-temperatura-maxima-de-28-en-monte-hermoso-y-sauce-grande\/\" \/>\n<meta property=\"og:site_name\" content=\"Infoecos\" \/>\n<meta property=\"article:publisher\" content=\"https:\/\/www.facebook.com\/profile.php?id=100063200290284\" \/>\n<meta property=\"article:published_time\" content=\"2024-01-06T13:35:57+00:00\" \/>\n<meta property=\"article:modified_time\" content=\"2024-01-07T02:00:05+00:00\" \/>\n<meta property=\"og:image\" content=\"https:\/\/infoecos.com.ar\/wp-content\/uploads\/2024\/01\/image-28.png\" \/>\n\t<meta property=\"og:image:width\" content=\"750\" \/>\n\t<meta property=\"og:image:height\" content=\"375\" \/>\n\t<meta property=\"og:image:type\" content=\"image\/png\" \/>\n<meta name=\"author\" content=\"Jorge Matheus\" \/>\n<meta name=\"twitter:card\" content=\"summary_large_image\" \/>\n<meta name=\"twitter:creator\" content=\"@infoecos\" \/>\n<meta name=\"twitter:site\" content=\"@infoecos\" \/>\n<meta name=\"twitter:label1\" content=\"Escrito por\" \/>\n\t<meta name=\"twitter:data1\" content=\"Jorge Matheus\" \/>\n\t<meta name=\"twitter:label2\" content=\"Tiempo de lectura\" \/>\n\t<meta name=\"twitter:data2\" content=\"1 minuto\" \/>\n<script type=\"application\/ld+json\" class=\"yoast-schema-graph\">{\"@context\":\"https:\/\/schema.org\",\"@graph\":[{\"@type\":\"Article\",\"@id\":\"https:\/\/infoecos.com.ar\/index.php\/se-espera-para-hoy-una-temperatura-maxima-de-28-en-monte-hermoso-y-sauce-grande\/#article\",\"isPartOf\":{\"@id\":\"https:\/\/infoecos.com.ar\/index.php\/se-espera-para-hoy-una-temperatura-maxima-de-28-en-monte-hermoso-y-sauce-grande\/\"},\"author\":{\"name\":\"Jorge Matheus\",\"@id\":\"https:\/\/infoecos.com.ar\/#\/schema\/person\/8f5ace5ce73b4b4aac4b7245aee6f191\"},\"headline\":\"Se espera para hoy una temperatura m\u00e1xima de 28\u00b0 en Monte Hermoso y Sauce Grande\",\"datePublished\":\"2024-01-06T13:35:57+00:00\",\"dateModified\":\"2024-01-07T02:00:05+00:00\",\"mainEntityOfPage\":{\"@id\":\"https:\/\/infoecos.com.ar\/index.php\/se-espera-para-hoy-una-temperatura-maxima-de-28-en-monte-hermoso-y-sauce-grande\/\"},\"wordCount\":147,\"publisher\":{\"@id\":\"https:\/\/infoecos.com.ar\/#organization\"},\"image\":{\"@id\":\"https:\/\/infoecos.com.ar\/index.php\/se-espera-para-hoy-una-temperatura-maxima-de-28-en-monte-hermoso-y-sauce-grande\/#primaryimage\"},\"thumbnailUrl\":\"https:\/\/infoecos.com.ar\/wp-content\/uploads\/2024\/01\/image-28.png\",\"keywords\":[\"TURISMO\"],\"articleSection\":[\"Noticia Secundaria\"],\"inLanguage\":\"es\"},{\"@type\":\"WebPage\",\"@id\":\"https:\/\/infoecos.com.ar\/index.php\/se-espera-para-hoy-una-temperatura-maxima-de-28-en-monte-hermoso-y-sauce-grande\/\",\"url\":\"https:\/\/infoecos.com.ar\/index.php\/se-espera-para-hoy-una-temperatura-maxima-de-28-en-monte-hermoso-y-sauce-grande\/\",\"name\":\"Se espera para hoy una temperatura m\u00e1xima de 28\u00b0 en Monte Hermoso y Sauce Grande - Infoecos\",\"isPartOf\":{\"@id\":\"https:\/\/infoecos.com.ar\/#website\"},\"primaryImageOfPage\":{\"@id\":\"https:\/\/infoecos.com.ar\/index.php\/se-espera-para-hoy-una-temperatura-maxima-de-28-en-monte-hermoso-y-sauce-grande\/#primaryimage\"},\"image\":{\"@id\":\"https:\/\/infoecos.com.ar\/index.php\/se-espera-para-hoy-una-temperatura-maxima-de-28-en-monte-hermoso-y-sauce-grande\/#primaryimage\"},\"thumbnailUrl\":\"https:\/\/infoecos.com.ar\/wp-content\/uploads\/2024\/01\/image-28.png\",\"datePublished\":\"2024-01-06T13:35:57+00:00\",\"dateModified\":\"2024-01-07T02:00:05+00:00\",\"breadcrumb\":{\"@id\":\"https:\/\/infoecos.com.ar\/index.php\/se-espera-para-hoy-una-temperatura-maxima-de-28-en-monte-hermoso-y-sauce-grande\/#breadcrumb\"},\"inLanguage\":\"es\",\"potentialAction\":[{\"@type\":\"ReadAction\",\"target\":[\"https:\/\/infoecos.com.ar\/index.php\/se-espera-para-hoy-una-temperatura-maxima-de-28-en-monte-hermoso-y-sauce-grande\/\"]}]},{\"@type\":\"ImageObject\",\"inLanguage\":\"es\",\"@id\":\"https:\/\/infoecos.com.ar\/index.php\/se-espera-para-hoy-una-temperatura-maxima-de-28-en-monte-hermoso-y-sauce-grande\/#primaryimage\",\"url\":\"https:\/\/infoecos.com.ar\/wp-content\/uploads\/2024\/01\/image-28.png\",\"contentUrl\":\"https:\/\/infoecos.com.ar\/wp-content\/uploads\/2024\/01\/image-28.png\",\"width\":750,\"height\":375},{\"@type\":\"BreadcrumbList\",\"@id\":\"https:\/\/infoecos.com.ar\/index.php\/se-espera-para-hoy-una-temperatura-maxima-de-28-en-monte-hermoso-y-sauce-grande\/#breadcrumb\",\"itemListElement\":[{\"@type\":\"ListItem\",\"position\":1,\"name\":\"Portada\",\"item\":\"https:\/\/infoecos.com.ar\/\"},{\"@type\":\"ListItem\",\"position\":2,\"name\":\"Se espera para hoy una temperatura m\u00e1xima de 28\u00b0 en Monte Hermoso y Sauce Grande\"}]},{\"@type\":\"WebSite\",\"@id\":\"https:\/\/infoecos.com.ar\/#website\",\"url\":\"https:\/\/infoecos.com.ar\/\",\"name\":\"Infoecos\",\"description\":\"Noticias de trenque lauquen y la zona\",\"publisher\":{\"@id\":\"https:\/\/infoecos.com.ar\/#organization\"},\"alternateName\":\"Noticias\",\"potentialAction\":[{\"@type\":\"SearchAction\",\"target\":{\"@type\":\"EntryPoint\",\"urlTemplate\":\"https:\/\/infoecos.com.ar\/?s={search_term_string}\"},\"query-input\":{\"@type\":\"PropertyValueSpecification\",\"valueRequired\":true,\"valueName\":\"search_term_string\"}}],\"inLanguage\":\"es\"},{\"@type\":\"Organization\",\"@id\":\"https:\/\/infoecos.com.ar\/#organization\",\"name\":\"Infoecos\",\"alternateName\":\"Noticias\",\"url\":\"https:\/\/infoecos.com.ar\/\",\"logo\":{\"@type\":\"ImageObject\",\"inLanguage\":\"es\",\"@id\":\"https:\/\/infoecos.com.ar\/#\/schema\/logo\/image\/\",\"url\":\"https:\/\/infoecos.com.ar\/wp-content\/uploads\/2024\/03\/cropped-logo.png\",\"contentUrl\":\"https:\/\/infoecos.com.ar\/wp-content\/uploads\/2024\/03\/cropped-logo.png\",\"width\":374,\"height\":90,\"caption\":\"Infoecos\"},\"image\":{\"@id\":\"https:\/\/infoecos.com.ar\/#\/schema\/logo\/image\/\"},\"sameAs\":[\"https:\/\/www.facebook.com\/profile.php?id=100063200290284\",\"https:\/\/x.com\/infoecos\"]},{\"@type\":\"Person\",\"@id\":\"https:\/\/infoecos.com.ar\/#\/schema\/person\/8f5ace5ce73b4b4aac4b7245aee6f191\",\"name\":\"Jorge Matheus\",\"url\":\"https:\/\/infoecos.com.ar\/index.php\/author\/jomatheus\/\"}]}<\/script>\n<!-- \/ Yoast SEO plugin. -->","yoast_head_json":{"title":"Se espera para hoy una temperatura m\u00e1xima de 28\u00b0 en Monte Hermoso y Sauce Grande - Infoecos","robots":{"index":"index","follow":"follow","max-snippet":"max-snippet:-1","max-image-preview":"max-image-preview:large","max-video-preview":"max-video-preview:-1"},"canonical":"https:\/\/infoecos.com.ar\/index.php\/se-espera-para-hoy-una-temperatura-maxima-de-28-en-monte-hermoso-y-sauce-grande\/","og_locale":"es_ES","og_type":"article","og_title":"Se espera para hoy una temperatura m\u00e1xima de 28\u00b0 en Monte Hermoso y Sauce Grande - Infoecos","og_description":"Para el domingo: despejado a la ma\u00f1ana, con aumento de nubosidad y probable inestabilidad hacia la tarde","og_url":"https:\/\/infoecos.com.ar\/index.php\/se-espera-para-hoy-una-temperatura-maxima-de-28-en-monte-hermoso-y-sauce-grande\/","og_site_name":"Infoecos","article_publisher":"https:\/\/www.facebook.com\/profile.php?id=100063200290284","article_published_time":"2024-01-06T13:35:57+00:00","article_modified_time":"2024-01-07T02:00:05+00:00","og_image":[{"width":750,"height":375,"url":"https:\/\/infoecos.com.ar\/wp-content\/uploads\/2024\/01\/image-28.png","type":"image\/png"}],"author":"Jorge Matheus","twitter_card":"summary_large_image","twitter_creator":"@infoecos","twitter_site":"@infoecos","twitter_misc":{"Escrito por":"Jorge Matheus","Tiempo de lectura":"1 minuto"},"schema":{"@context":"https:\/\/schema.org","@graph":[{"@type":"Article","@id":"https:\/\/infoecos.com.ar\/index.php\/se-espera-para-hoy-una-temperatura-maxima-de-28-en-monte-hermoso-y-sauce-grande\/#article","isPartOf":{"@id":"https:\/\/infoecos.com.ar\/index.php\/se-espera-para-hoy-una-temperatura-maxima-de-28-en-monte-hermoso-y-sauce-grande\/"},"author":{"name":"Jorge Matheus","@id":"https:\/\/infoecos.com.ar\/#\/schema\/person\/8f5ace5ce73b4b4aac4b7245aee6f191"},"headline":"Se espera para hoy una temperatura m\u00e1xima de 28\u00b0 en Monte Hermoso y Sauce Grande","datePublished":"2024-01-06T13:35:57+00:00","dateModified":"2024-01-07T02:00:05+00:00","mainEntityOfPage":{"@id":"https:\/\/infoecos.com.ar\/index.php\/se-espera-para-hoy-una-temperatura-maxima-de-28-en-monte-hermoso-y-sauce-grande\/"},"wordCount":147,"publisher":{"@id":"https:\/\/infoecos.com.ar\/#organization"},"image":{"@id":"https:\/\/infoecos.com.ar\/index.php\/se-espera-para-hoy-una-temperatura-maxima-de-28-en-monte-hermoso-y-sauce-grande\/#primaryimage"},"thumbnailUrl":"https:\/\/infoecos.com.ar\/wp-content\/uploads\/2024\/01\/image-28.png","keywords":["TURISMO"],"articleSection":["Noticia Secundaria"],"inLanguage":"es"},{"@type":"WebPage","@id":"https:\/\/infoecos.com.ar\/index.php\/se-espera-para-hoy-una-temperatura-maxima-de-28-en-monte-hermoso-y-sauce-grande\/","url":"https:\/\/infoecos.com.ar\/index.php\/se-espera-para-hoy-una-temperatura-maxima-de-28-en-monte-hermoso-y-sauce-grande\/","name":"Se espera para hoy una temperatura m\u00e1xima de 28\u00b0 en Monte Hermoso y Sauce Grande - Infoecos","isPartOf":{"@id":"https:\/\/infoecos.com.ar\/#website"},"primaryImageOfPage":{"@id":"https:\/\/infoecos.com.ar\/index.php\/se-espera-para-hoy-una-temperatura-maxima-de-28-en-monte-hermoso-y-sauce-grande\/#primaryimage"},"image":{"@id":"https:\/\/infoecos.com.ar\/index.php\/se-espera-para-hoy-una-temperatura-maxima-de-28-en-monte-hermoso-y-sauce-grande\/#primaryimage"},"thumbnailUrl":"https:\/\/infoecos.com.ar\/wp-content\/uploads\/2024\/01\/image-28.png","datePublished":"2024-01-06T13:35:57+00:00","dateModified":"2024-01-07T02:00:05+00:00","breadcrumb":{"@id":"https:\/\/infoecos.com.ar\/index.php\/se-espera-para-hoy-una-temperatura-maxima-de-28-en-monte-hermoso-y-sauce-grande\/#breadcrumb"},"inLanguage":"es","potentialAction":[{"@type":"ReadAction","target":["https:\/\/infoecos.com.ar\/index.php\/se-espera-para-hoy-una-temperatura-maxima-de-28-en-monte-hermoso-y-sauce-grande\/"]}]},{"@type":"ImageObject","inLanguage":"es","@id":"https:\/\/infoecos.com.ar\/index.php\/se-espera-para-hoy-una-temperatura-maxima-de-28-en-monte-hermoso-y-sauce-grande\/#primaryimage","url":"https:\/\/infoecos.com.ar\/wp-content\/uploads\/2024\/01\/image-28.png","contentUrl":"https:\/\/infoecos.com.ar\/wp-content\/uploads\/2024\/01\/image-28.png","width":750,"height":375},{"@type":"BreadcrumbList","@id":"https:\/\/infoecos.com.ar\/index.php\/se-espera-para-hoy-una-temperatura-maxima-de-28-en-monte-hermoso-y-sauce-grande\/#breadcrumb","itemListElement":[{"@type":"ListItem","position":1,"name":"Portada","item":"https:\/\/infoecos.com.ar\/"},{"@type":"ListItem","position":2,"name":"Se espera para hoy una temperatura m\u00e1xima de 28\u00b0 en Monte Hermoso y Sauce Grande"}]},{"@type":"WebSite","@id":"https:\/\/infoecos.com.ar\/#website","url":"https:\/\/infoecos.com.ar\/","name":"Infoecos","description":"Noticias de trenque lauquen y la zona","publisher":{"@id":"https:\/\/infoecos.com.ar\/#organization"},"alternateName":"Noticias","potentialAction":[{"@type":"SearchAction","target":{"@type":"EntryPoint","urlTemplate":"https:\/\/infoecos.com.ar\/?s={search_term_string}"},"query-input":{"@type":"PropertyValueSpecification","valueRequired":true,"valueName":"search_term_string"}}],"inLanguage":"es"},{"@type":"Organization","@id":"https:\/\/infoecos.com.ar\/#organization","name":"Infoecos","alternateName":"Noticias","url":"https:\/\/infoecos.com.ar\/","logo":{"@type":"ImageObject","inLanguage":"es","@id":"https:\/\/infoecos.com.ar\/#\/schema\/logo\/image\/","url":"https:\/\/infoecos.com.ar\/wp-content\/uploads\/2024\/03\/cropped-logo.png","contentUrl":"https:\/\/infoecos.com.ar\/wp-content\/uploads\/2024\/03\/cropped-logo.png","width":374,"height":90,"caption":"Infoecos"},"image":{"@id":"https:\/\/infoecos.com.ar\/#\/schema\/logo\/image\/"},"sameAs":["https:\/\/www.facebook.com\/profile.php?id=100063200290284","https:\/\/x.com\/infoecos"]},{"@type":"Person","@id":"https:\/\/infoecos.com.ar\/#\/schema\/person\/8f5ace5ce73b4b4aac4b7245aee6f191","name":"Jorge Matheus","url":"https:\/\/infoecos.com.ar\/index.php\/author\/jomatheus\/"}]}},"featured_image_urls":{"full":["https:\/\/infoecos.com.ar\/wp-content\/uploads\/2024\/01\/image-28.png",750,375,false],"thumbnail":["https:\/\/infoecos.com.ar\/wp-content\/uploads\/2024\/01\/image-28-300x150.png",300,150,true],"medium":["https:\/\/infoecos.com.ar\/wp-content\/uploads\/2024\/01\/image-28.png",750,375,false],"medium_large":["https:\/\/infoecos.com.ar\/wp-content\/uploads\/2024\/01\/image-28.png",640,320,false],"large":["https:\/\/infoecos.com.ar\/wp-content\/uploads\/2024\/01\/image-28.png",640,320,false],"1536x1536":["https:\/\/infoecos.com.ar\/wp-content\/uploads\/2024\/01\/image-28.png",750,375,false],"2048x2048":["https:\/\/infoecos.com.ar\/wp-content\/uploads\/2024\/01\/image-28.png",750,375,false],"covernews-slider-full":["https:\/\/infoecos.com.ar\/wp-content\/uploads\/2024\/01\/image-28.png",750,375,false],"covernews-slider-center":["https:\/\/infoecos.com.ar\/wp-content\/uploads\/2024\/01\/image-28.png",750,375,false],"covernews-featured":["https:\/\/infoecos.com.ar\/wp-content\/uploads\/2024\/01\/image-28.png",750,375,false],"covernews-medium":["https:\/\/infoecos.com.ar\/wp-content\/uploads\/2024\/01\/image-28-720x375.png",540,281,true],"covernews-medium-square":["https:\/\/infoecos.com.ar\/wp-content\/uploads\/2024\/01\/image-28-675x375.png",400,222,true]},"author_info":{"info":["Jorge Matheus"]},"category_info":"<a href=\"https:\/\/infoecos.com.ar\/index.php\/category\/noticia-secundaria\/\" rel=\"category tag\">Noticia Secundaria<\/a>","tag_info":"Noticia Secundaria","comment_count":"0","_links":{"self":[{"href":"https:\/\/infoecos.com.ar\/index.php\/wp-json\/wp\/v2\/posts\/117148"}],"collection":[{"href":"https:\/\/infoecos.com.ar\/index.php\/wp-json\/wp\/v2\/posts"}],"about":[{"href":"https:\/\/infoecos.com.ar\/index.php\/wp-json\/wp\/v2\/types\/post"}],"author":[{"embeddable":true,"href":"https:\/\/infoecos.com.ar\/index.php\/wp-json\/wp\/v2\/users\/2"}],"replies":[{"embeddable":true,"href":"https:\/\/infoecos.com.ar\/index.php\/wp-json\/wp\/v2\/comments?post=117148"}],"version-history":[{"count":2,"href":"https:\/\/infoecos.com.ar\/index.php\/wp-json\/wp\/v2\/posts\/117148\/revisions"}],"predecessor-version":[{"id":117163,"href":"https:\/\/infoecos.com.ar\/index.php\/wp-json\/wp\/v2\/posts\/117148\/revisions\/117163"}],"wp:featuredmedia":[{"embeddable":true,"href":"https:\/\/infoecos.com.ar\/index.php\/wp-json\/wp\/v2\/media\/117149"}],"wp:attachment":[{"href":"https:\/\/infoecos.com.ar\/index.php\/wp-json\/wp\/v2\/media?parent=117148"}],"wp:term":[{"taxonomy":"category","embeddable":true,"href":"https:\/\/infoecos.com.ar\/index.php\/wp-json\/wp\/v2\/categories?post=117148"},{"taxonomy":"post_tag","embeddable":true,"href":"https:\/\/infoecos.com.ar\/index.php\/wp-json\/wp\/v2\/tags?post=117148"}],"curies":[{"name":"wp","href":"https:\/\/api.w.org\/{rel}","templated":true}]}}