{"id":117191,"date":"2024-01-07T18:31:26","date_gmt":"2024-01-07T21:31:26","guid":{"rendered":"https:\/\/infoecos.com.ar\/?p=117191"},"modified":"2024-01-08T16:21:03","modified_gmt":"2024-01-08T19:21:03","slug":"se-suspendio-la-primer-noche-de-musica-en-la-estacion","status":"publish","type":"post","link":"https:\/\/infoecos.com.ar\/index.php\/se-suspendio-la-primer-noche-de-musica-en-la-estacion\/","title":{"rendered":"Se suspendi\u00f3 la primer noche de M\u00fasica en la Estaci\u00f3n"},"content":{"rendered":"\n<figure class=\"wp-block-image alignright size-full is-resized\"><img loading=\"lazy\" decoding=\"async\" src=\"https:\/\/infoecos.com.ar\/wp-content\/uploads\/2024\/01\/image-41.png\" alt=\"\" class=\"wp-image-117192\" width=\"391\" height=\"293\"\/><\/figure>\n\n\n\n<p>Debido a las condiciones clim\u00e1ticas y por razones de seguridad se suspende el comienzo de M\u00fasica en la Estaci\u00f3n 2024, cuya primera noche estaba prevista para este domingo, a partir de las 21, en el Play\u00f3n del ferrocarril<\/p>\n\n\n\n<p><p>Estaba programado que pasaran por el escenario Bruno Sosa, Marichi Garc\u00eda y su banda, Elvio Acu\u00f1a, Santiago Reynoso, y la agrupaci\u00f3n Abriendo Fronteras.<\/p>   <\/p>\n","protected":false},"excerpt":{"rendered":"<p>Estaba programado que pasaran por el escenario Bruno Sosa, Marichi Garc\u00eda y su banda, Elvio Acu\u00f1a, Santiago Reynoso, y la agrupaci\u00f3n Abriendo Fronteras<\/p>\n","protected":false},"author":2,"featured_media":117192,"comment_status":"closed","ping_status":"open","sticky":false,"template":"","format":"standard","meta":{"footnotes":""},"categories":[50],"tags":[9830],"class_list":["post-117191","post","type-post","status-publish","format-standard","has-post-thumbnail","hentry","category-c1nota4","tag-por-las-condiciones-climaticas"],"yoast_head":"<!-- This site is optimized with the Yoast SEO plugin v23.4 - https:\/\/yoast.com\/wordpress\/plugins\/seo\/ -->\n<title>Se suspendi\u00f3 la primer noche de M\u00fasica en la Estaci\u00f3n - Infoecos<\/title>\n<meta name=\"robots\" content=\"index, follow, max-snippet:-1, max-image-preview:large, max-video-preview:-1\" \/>\n<link rel=\"canonical\" href=\"https:\/\/infoecos.com.ar\/index.php\/se-suspendio-la-primer-noche-de-musica-en-la-estacion\/\" \/>\n<meta property=\"og:locale\" content=\"es_ES\" \/>\n<meta property=\"og:type\" content=\"article\" \/>\n<meta property=\"og:title\" content=\"Se suspendi\u00f3 la primer noche de M\u00fasica en la Estaci\u00f3n - Infoecos\" \/>\n<meta property=\"og:description\" content=\"Estaba programado que pasaran por el escenario Bruno Sosa, Marichi Garc\u00eda y su banda, Elvio Acu\u00f1a, Santiago Reynoso, y la agrupaci\u00f3n Abriendo Fronteras\" \/>\n<meta property=\"og:url\" content=\"https:\/\/infoecos.com.ar\/index.php\/se-suspendio-la-primer-noche-de-musica-en-la-estacion\/\" \/>\n<meta property=\"og:site_name\" content=\"Infoecos\" \/>\n<meta property=\"article:publisher\" content=\"https:\/\/www.facebook.com\/profile.php?id=100063200290284\" \/>\n<meta property=\"article:published_time\" content=\"2024-01-07T21:31:26+00:00\" \/>\n<meta property=\"article:modified_time\" content=\"2024-01-08T19:21:03+00:00\" \/>\n<meta property=\"og:image\" content=\"https:\/\/infoecos.com.ar\/wp-content\/uploads\/2024\/01\/image-41.png\" \/>\n\t<meta property=\"og:image:width\" content=\"640\" \/>\n\t<meta property=\"og:image:height\" content=\"480\" \/>\n\t<meta property=\"og:image:type\" content=\"image\/png\" \/>\n<meta name=\"author\" content=\"Jorge Matheus\" \/>\n<meta name=\"twitter:card\" content=\"summary_large_image\" \/>\n<meta name=\"twitter:creator\" content=\"@infoecos\" \/>\n<meta name=\"twitter:site\" content=\"@infoecos\" \/>\n<meta name=\"twitter:label1\" content=\"Escrito por\" \/>\n\t<meta name=\"twitter:data1\" content=\"Jorge Matheus\" \/>\n\t<meta name=\"twitter:label2\" content=\"Tiempo de lectura\" \/>\n\t<meta name=\"twitter:data2\" content=\"1 minuto\" \/>\n<script type=\"application\/ld+json\" class=\"yoast-schema-graph\">{\"@context\":\"https:\/\/schema.org\",\"@graph\":[{\"@type\":\"Article\",\"@id\":\"https:\/\/infoecos.com.ar\/index.php\/se-suspendio-la-primer-noche-de-musica-en-la-estacion\/#article\",\"isPartOf\":{\"@id\":\"https:\/\/infoecos.com.ar\/index.php\/se-suspendio-la-primer-noche-de-musica-en-la-estacion\/\"},\"author\":{\"name\":\"Jorge Matheus\",\"@id\":\"https:\/\/infoecos.com.ar\/#\/schema\/person\/8f5ace5ce73b4b4aac4b7245aee6f191\"},\"headline\":\"Se suspendi\u00f3 la primer noche de M\u00fasica en la Estaci\u00f3n\",\"datePublished\":\"2024-01-07T21:31:26+00:00\",\"dateModified\":\"2024-01-08T19:21:03+00:00\",\"mainEntityOfPage\":{\"@id\":\"https:\/\/infoecos.com.ar\/index.php\/se-suspendio-la-primer-noche-de-musica-en-la-estacion\/\"},\"wordCount\":78,\"publisher\":{\"@id\":\"https:\/\/infoecos.com.ar\/#organization\"},\"image\":{\"@id\":\"https:\/\/infoecos.com.ar\/index.php\/se-suspendio-la-primer-noche-de-musica-en-la-estacion\/#primaryimage\"},\"thumbnailUrl\":\"https:\/\/infoecos.com.ar\/wp-content\/uploads\/2024\/01\/image-41.png\",\"keywords\":[\"por las condiciones clim\u00e1ticas\"],\"articleSection\":[\"C1 N4\"],\"inLanguage\":\"es\"},{\"@type\":\"WebPage\",\"@id\":\"https:\/\/infoecos.com.ar\/index.php\/se-suspendio-la-primer-noche-de-musica-en-la-estacion\/\",\"url\":\"https:\/\/infoecos.com.ar\/index.php\/se-suspendio-la-primer-noche-de-musica-en-la-estacion\/\",\"name\":\"Se suspendi\u00f3 la primer noche de M\u00fasica en la Estaci\u00f3n - Infoecos\",\"isPartOf\":{\"@id\":\"https:\/\/infoecos.com.ar\/#website\"},\"primaryImageOfPage\":{\"@id\":\"https:\/\/infoecos.com.ar\/index.php\/se-suspendio-la-primer-noche-de-musica-en-la-estacion\/#primaryimage\"},\"image\":{\"@id\":\"https:\/\/infoecos.com.ar\/index.php\/se-suspendio-la-primer-noche-de-musica-en-la-estacion\/#primaryimage\"},\"thumbnailUrl\":\"https:\/\/infoecos.com.ar\/wp-content\/uploads\/2024\/01\/image-41.png\",\"datePublished\":\"2024-01-07T21:31:26+00:00\",\"dateModified\":\"2024-01-08T19:21:03+00:00\",\"breadcrumb\":{\"@id\":\"https:\/\/infoecos.com.ar\/index.php\/se-suspendio-la-primer-noche-de-musica-en-la-estacion\/#breadcrumb\"},\"inLanguage\":\"es\",\"potentialAction\":[{\"@type\":\"ReadAction\",\"target\":[\"https:\/\/infoecos.com.ar\/index.php\/se-suspendio-la-primer-noche-de-musica-en-la-estacion\/\"]}]},{\"@type\":\"ImageObject\",\"inLanguage\":\"es\",\"@id\":\"https:\/\/infoecos.com.ar\/index.php\/se-suspendio-la-primer-noche-de-musica-en-la-estacion\/#primaryimage\",\"url\":\"https:\/\/infoecos.com.ar\/wp-content\/uploads\/2024\/01\/image-41.png\",\"contentUrl\":\"https:\/\/infoecos.com.ar\/wp-content\/uploads\/2024\/01\/image-41.png\",\"width\":640,\"height\":480},{\"@type\":\"BreadcrumbList\",\"@id\":\"https:\/\/infoecos.com.ar\/index.php\/se-suspendio-la-primer-noche-de-musica-en-la-estacion\/#breadcrumb\",\"itemListElement\":[{\"@type\":\"ListItem\",\"position\":1,\"name\":\"Portada\",\"item\":\"https:\/\/infoecos.com.ar\/\"},{\"@type\":\"ListItem\",\"position\":2,\"name\":\"Se suspendi\u00f3 la primer noche de M\u00fasica en la Estaci\u00f3n\"}]},{\"@type\":\"WebSite\",\"@id\":\"https:\/\/infoecos.com.ar\/#website\",\"url\":\"https:\/\/infoecos.com.ar\/\",\"name\":\"Infoecos\",\"description\":\"Noticias de trenque lauquen y la zona\",\"publisher\":{\"@id\":\"https:\/\/infoecos.com.ar\/#organization\"},\"alternateName\":\"Noticias\",\"potentialAction\":[{\"@type\":\"SearchAction\",\"target\":{\"@type\":\"EntryPoint\",\"urlTemplate\":\"https:\/\/infoecos.com.ar\/?s={search_term_string}\"},\"query-input\":{\"@type\":\"PropertyValueSpecification\",\"valueRequired\":true,\"valueName\":\"search_term_string\"}}],\"inLanguage\":\"es\"},{\"@type\":\"Organization\",\"@id\":\"https:\/\/infoecos.com.ar\/#organization\",\"name\":\"Infoecos\",\"alternateName\":\"Noticias\",\"url\":\"https:\/\/infoecos.com.ar\/\",\"logo\":{\"@type\":\"ImageObject\",\"inLanguage\":\"es\",\"@id\":\"https:\/\/infoecos.com.ar\/#\/schema\/logo\/image\/\",\"url\":\"https:\/\/infoecos.com.ar\/wp-content\/uploads\/2024\/03\/cropped-logo.png\",\"contentUrl\":\"https:\/\/infoecos.com.ar\/wp-content\/uploads\/2024\/03\/cropped-logo.png\",\"width\":374,\"height\":90,\"caption\":\"Infoecos\"},\"image\":{\"@id\":\"https:\/\/infoecos.com.ar\/#\/schema\/logo\/image\/\"},\"sameAs\":[\"https:\/\/www.facebook.com\/profile.php?id=100063200290284\",\"https:\/\/x.com\/infoecos\"]},{\"@type\":\"Person\",\"@id\":\"https:\/\/infoecos.com.ar\/#\/schema\/person\/8f5ace5ce73b4b4aac4b7245aee6f191\",\"name\":\"Jorge Matheus\",\"url\":\"https:\/\/infoecos.com.ar\/index.php\/author\/jomatheus\/\"}]}<\/script>\n<!-- \/ Yoast SEO plugin. -->","yoast_head_json":{"title":"Se suspendi\u00f3 la primer noche de M\u00fasica en la Estaci\u00f3n - Infoecos","robots":{"index":"index","follow":"follow","max-snippet":"max-snippet:-1","max-image-preview":"max-image-preview:large","max-video-preview":"max-video-preview:-1"},"canonical":"https:\/\/infoecos.com.ar\/index.php\/se-suspendio-la-primer-noche-de-musica-en-la-estacion\/","og_locale":"es_ES","og_type":"article","og_title":"Se suspendi\u00f3 la primer noche de M\u00fasica en la Estaci\u00f3n - Infoecos","og_description":"Estaba programado que pasaran por el escenario Bruno Sosa, Marichi Garc\u00eda y su banda, Elvio Acu\u00f1a, Santiago Reynoso, y la agrupaci\u00f3n Abriendo Fronteras","og_url":"https:\/\/infoecos.com.ar\/index.php\/se-suspendio-la-primer-noche-de-musica-en-la-estacion\/","og_site_name":"Infoecos","article_publisher":"https:\/\/www.facebook.com\/profile.php?id=100063200290284","article_published_time":"2024-01-07T21:31:26+00:00","article_modified_time":"2024-01-08T19:21:03+00:00","og_image":[{"width":640,"height":480,"url":"https:\/\/infoecos.com.ar\/wp-content\/uploads\/2024\/01\/image-41.png","type":"image\/png"}],"author":"Jorge Matheus","twitter_card":"summary_large_image","twitter_creator":"@infoecos","twitter_site":"@infoecos","twitter_misc":{"Escrito por":"Jorge Matheus","Tiempo de lectura":"1 minuto"},"schema":{"@context":"https:\/\/schema.org","@graph":[{"@type":"Article","@id":"https:\/\/infoecos.com.ar\/index.php\/se-suspendio-la-primer-noche-de-musica-en-la-estacion\/#article","isPartOf":{"@id":"https:\/\/infoecos.com.ar\/index.php\/se-suspendio-la-primer-noche-de-musica-en-la-estacion\/"},"author":{"name":"Jorge Matheus","@id":"https:\/\/infoecos.com.ar\/#\/schema\/person\/8f5ace5ce73b4b4aac4b7245aee6f191"},"headline":"Se suspendi\u00f3 la primer noche de M\u00fasica en la Estaci\u00f3n","datePublished":"2024-01-07T21:31:26+00:00","dateModified":"2024-01-08T19:21:03+00:00","mainEntityOfPage":{"@id":"https:\/\/infoecos.com.ar\/index.php\/se-suspendio-la-primer-noche-de-musica-en-la-estacion\/"},"wordCount":78,"publisher":{"@id":"https:\/\/infoecos.com.ar\/#organization"},"image":{"@id":"https:\/\/infoecos.com.ar\/index.php\/se-suspendio-la-primer-noche-de-musica-en-la-estacion\/#primaryimage"},"thumbnailUrl":"https:\/\/infoecos.com.ar\/wp-content\/uploads\/2024\/01\/image-41.png","keywords":["por las condiciones clim\u00e1ticas"],"articleSection":["C1 N4"],"inLanguage":"es"},{"@type":"WebPage","@id":"https:\/\/infoecos.com.ar\/index.php\/se-suspendio-la-primer-noche-de-musica-en-la-estacion\/","url":"https:\/\/infoecos.com.ar\/index.php\/se-suspendio-la-primer-noche-de-musica-en-la-estacion\/","name":"Se suspendi\u00f3 la primer noche de M\u00fasica en la Estaci\u00f3n - Infoecos","isPartOf":{"@id":"https:\/\/infoecos.com.ar\/#website"},"primaryImageOfPage":{"@id":"https:\/\/infoecos.com.ar\/index.php\/se-suspendio-la-primer-noche-de-musica-en-la-estacion\/#primaryimage"},"image":{"@id":"https:\/\/infoecos.com.ar\/index.php\/se-suspendio-la-primer-noche-de-musica-en-la-estacion\/#primaryimage"},"thumbnailUrl":"https:\/\/infoecos.com.ar\/wp-content\/uploads\/2024\/01\/image-41.png","datePublished":"2024-01-07T21:31:26+00:00","dateModified":"2024-01-08T19:21:03+00:00","breadcrumb":{"@id":"https:\/\/infoecos.com.ar\/index.php\/se-suspendio-la-primer-noche-de-musica-en-la-estacion\/#breadcrumb"},"inLanguage":"es","potentialAction":[{"@type":"ReadAction","target":["https:\/\/infoecos.com.ar\/index.php\/se-suspendio-la-primer-noche-de-musica-en-la-estacion\/"]}]},{"@type":"ImageObject","inLanguage":"es","@id":"https:\/\/infoecos.com.ar\/index.php\/se-suspendio-la-primer-noche-de-musica-en-la-estacion\/#primaryimage","url":"https:\/\/infoecos.com.ar\/wp-content\/uploads\/2024\/01\/image-41.png","contentUrl":"https:\/\/infoecos.com.ar\/wp-content\/uploads\/2024\/01\/image-41.png","width":640,"height":480},{"@type":"BreadcrumbList","@id":"https:\/\/infoecos.com.ar\/index.php\/se-suspendio-la-primer-noche-de-musica-en-la-estacion\/#breadcrumb","itemListElement":[{"@type":"ListItem","position":1,"name":"Portada","item":"https:\/\/infoecos.com.ar\/"},{"@type":"ListItem","position":2,"name":"Se suspendi\u00f3 la primer noche de M\u00fasica en la Estaci\u00f3n"}]},{"@type":"WebSite","@id":"https:\/\/infoecos.com.ar\/#website","url":"https:\/\/infoecos.com.ar\/","name":"Infoecos","description":"Noticias de trenque lauquen y la zona","publisher":{"@id":"https:\/\/infoecos.com.ar\/#organization"},"alternateName":"Noticias","potentialAction":[{"@type":"SearchAction","target":{"@type":"EntryPoint","urlTemplate":"https:\/\/infoecos.com.ar\/?s={search_term_string}"},"query-input":{"@type":"PropertyValueSpecification","valueRequired":true,"valueName":"search_term_string"}}],"inLanguage":"es"},{"@type":"Organization","@id":"https:\/\/infoecos.com.ar\/#organization","name":"Infoecos","alternateName":"Noticias","url":"https:\/\/infoecos.com.ar\/","logo":{"@type":"ImageObject","inLanguage":"es","@id":"https:\/\/infoecos.com.ar\/#\/schema\/logo\/image\/","url":"https:\/\/infoecos.com.ar\/wp-content\/uploads\/2024\/03\/cropped-logo.png","contentUrl":"https:\/\/infoecos.com.ar\/wp-content\/uploads\/2024\/03\/cropped-logo.png","width":374,"height":90,"caption":"Infoecos"},"image":{"@id":"https:\/\/infoecos.com.ar\/#\/schema\/logo\/image\/"},"sameAs":["https:\/\/www.facebook.com\/profile.php?id=100063200290284","https:\/\/x.com\/infoecos"]},{"@type":"Person","@id":"https:\/\/infoecos.com.ar\/#\/schema\/person\/8f5ace5ce73b4b4aac4b7245aee6f191","name":"Jorge Matheus","url":"https:\/\/infoecos.com.ar\/index.php\/author\/jomatheus\/"}]}},"featured_image_urls":{"full":["https:\/\/infoecos.com.ar\/wp-content\/uploads\/2024\/01\/image-41.png",640,480,false],"thumbnail":["https:\/\/infoecos.com.ar\/wp-content\/uploads\/2024\/01\/image-41-300x150.png",300,150,true],"medium":["https:\/\/infoecos.com.ar\/wp-content\/uploads\/2024\/01\/image-41.png",640,480,false],"medium_large":["https:\/\/infoecos.com.ar\/wp-content\/uploads\/2024\/01\/image-41.png",640,480,false],"large":["https:\/\/infoecos.com.ar\/wp-content\/uploads\/2024\/01\/image-41.png",640,480,false],"1536x1536":["https:\/\/infoecos.com.ar\/wp-content\/uploads\/2024\/01\/image-41.png",640,480,false],"2048x2048":["https:\/\/infoecos.com.ar\/wp-content\/uploads\/2024\/01\/image-41.png",640,480,false],"covernews-slider-full":["https:\/\/infoecos.com.ar\/wp-content\/uploads\/2024\/01\/image-41.png",640,480,false],"covernews-slider-center":["https:\/\/infoecos.com.ar\/wp-content\/uploads\/2024\/01\/image-41.png",640,480,false],"covernews-featured":["https:\/\/infoecos.com.ar\/wp-content\/uploads\/2024\/01\/image-41.png",640,480,false],"covernews-medium":["https:\/\/infoecos.com.ar\/wp-content\/uploads\/2024\/01\/image-41-640x380.png",540,321,true],"covernews-medium-square":["https:\/\/infoecos.com.ar\/wp-content\/uploads\/2024\/01\/image-41-640x450.png",356,250,true]},"author_info":{"info":["Jorge Matheus"]},"category_info":"<a href=\"https:\/\/infoecos.com.ar\/index.php\/category\/c1nota4\/\" rel=\"category tag\">C1 N4<\/a>","tag_info":"C1 N4","comment_count":"0","_links":{"self":[{"href":"https:\/\/infoecos.com.ar\/index.php\/wp-json\/wp\/v2\/posts\/117191"}],"collection":[{"href":"https:\/\/infoecos.com.ar\/index.php\/wp-json\/wp\/v2\/posts"}],"about":[{"href":"https:\/\/infoecos.com.ar\/index.php\/wp-json\/wp\/v2\/types\/post"}],"author":[{"embeddable":true,"href":"https:\/\/infoecos.com.ar\/index.php\/wp-json\/wp\/v2\/users\/2"}],"replies":[{"embeddable":true,"href":"https:\/\/infoecos.com.ar\/index.php\/wp-json\/wp\/v2\/comments?post=117191"}],"version-history":[{"count":1,"href":"https:\/\/infoecos.com.ar\/index.php\/wp-json\/wp\/v2\/posts\/117191\/revisions"}],"predecessor-version":[{"id":117193,"href":"https:\/\/infoecos.com.ar\/index.php\/wp-json\/wp\/v2\/posts\/117191\/revisions\/117193"}],"wp:featuredmedia":[{"embeddable":true,"href":"https:\/\/infoecos.com.ar\/index.php\/wp-json\/wp\/v2\/media\/117192"}],"wp:attachment":[{"href":"https:\/\/infoecos.com.ar\/index.php\/wp-json\/wp\/v2\/media?parent=117191"}],"wp:term":[{"taxonomy":"category","embeddable":true,"href":"https:\/\/infoecos.com.ar\/index.php\/wp-json\/wp\/v2\/categories?post=117191"},{"taxonomy":"post_tag","embeddable":true,"href":"https:\/\/infoecos.com.ar\/index.php\/wp-json\/wp\/v2\/tags?post=117191"}],"curies":[{"name":"wp","href":"https:\/\/api.w.org\/{rel}","templated":true}]}}