{"id":117222,"date":"2024-01-08T10:59:10","date_gmt":"2024-01-08T13:59:10","guid":{"rendered":"https:\/\/infoecos.com.ar\/?p=117222"},"modified":"2024-01-08T10:59:11","modified_gmt":"2024-01-08T13:59:11","slug":"se-produjo-la-voladura-del-techo-de-una-vivienda-en-el-barrio-villa-azul","status":"publish","type":"post","link":"https:\/\/infoecos.com.ar\/index.php\/se-produjo-la-voladura-del-techo-de-una-vivienda-en-el-barrio-villa-azul\/","title":{"rendered":"Se produjo la voladura del techo de una vivienda en el barrio Villa Azul"},"content":{"rendered":"\n<figure class=\"wp-block-image alignright size-full is-resized\"><img loading=\"lazy\" decoding=\"async\" src=\"https:\/\/infoecos.com.ar\/wp-content\/uploads\/2024\/01\/caruhe2.jpg\" alt=\"\" class=\"wp-image-117203\" width=\"331\" height=\"413\" srcset=\"https:\/\/infoecos.com.ar\/wp-content\/uploads\/2024\/01\/caruhe2.jpg 1080w, https:\/\/infoecos.com.ar\/wp-content\/uploads\/2024\/01\/caruhe2-640x800.jpg 640w, https:\/\/infoecos.com.ar\/wp-content\/uploads\/2024\/01\/caruhe2-768x960.jpg 768w, https:\/\/infoecos.com.ar\/wp-content\/uploads\/2024\/01\/caruhe2-1024x1280.jpg 1024w\" sizes=\"(max-width: 331px) 100vw, 331px\" \/><\/figure>\n\n\n\n<p>Inconvenientes en la ciudad de Carhu\u00e9, cabecera del distrito, por los efectos del viento.<\/p>\n\n\n\n<p>Las lluvias solo alcanzaron los 8 mil\u00edmetros. <\/p>\n\n\n\n<p>Los fuertes vientos provocaron la ca\u00edda de algunos arboles a\u00f1osos y la voladura del techo de una vivenda en el barrio Villa Azul.<\/p>\n\n\n\n<p>Adem\u00e1s se inform\u00f3 de hubo algunos postes de elecricidad, cables y ramas ca\u00eddas en varios sectores de esa ciudad.<\/p>\n\n\n\n<p>Desde el municipio de Adolfo Alsina indicaron que ante situaciones de riesgo se debe Llamar al n\u00famero 103.<\/p>\n\n\n\n<p><strong>Cables ca\u00eddos<\/strong><br><strong>\u00c1rboles o ramas ca\u00eddas<\/strong><br><strong>Sucesos riesgosos para la vida<\/strong><\/p>\n\n\n\n<p>\u00a0<\/p>\n","protected":false},"excerpt":{"rendered":"<p>Hubo algunos postes de elecricidad, cables y ramas ca\u00eddas en varios sectores de esa ciudad<\/p>\n","protected":false},"author":2,"featured_media":117202,"comment_status":"closed","ping_status":"open","sticky":false,"template":"","format":"standard","meta":{"footnotes":""},"categories":[1613],"tags":[9834],"class_list":["post-117222","post","type-post","status-publish","format-standard","has-post-thumbnail","hentry","category-noticia-secundaria","tag-problemas-por-el-clima"],"yoast_head":"<!-- This site is optimized with the Yoast SEO plugin v23.4 - https:\/\/yoast.com\/wordpress\/plugins\/seo\/ -->\n<title>Se produjo la voladura del techo de una vivienda en el barrio Villa Azul - Infoecos<\/title>\n<meta name=\"robots\" content=\"index, follow, max-snippet:-1, max-image-preview:large, max-video-preview:-1\" \/>\n<link rel=\"canonical\" href=\"https:\/\/infoecos.com.ar\/index.php\/se-produjo-la-voladura-del-techo-de-una-vivienda-en-el-barrio-villa-azul\/\" \/>\n<meta property=\"og:locale\" content=\"es_ES\" \/>\n<meta property=\"og:type\" content=\"article\" \/>\n<meta property=\"og:title\" content=\"Se produjo la voladura del techo de una vivienda en el barrio Villa Azul - Infoecos\" \/>\n<meta property=\"og:description\" content=\"Hubo algunos postes de elecricidad, cables y ramas ca\u00eddas en varios sectores de esa ciudad\" \/>\n<meta property=\"og:url\" content=\"https:\/\/infoecos.com.ar\/index.php\/se-produjo-la-voladura-del-techo-de-una-vivienda-en-el-barrio-villa-azul\/\" \/>\n<meta property=\"og:site_name\" content=\"Infoecos\" \/>\n<meta property=\"article:publisher\" content=\"https:\/\/www.facebook.com\/profile.php?id=100063200290284\" \/>\n<meta property=\"article:published_time\" content=\"2024-01-08T13:59:10+00:00\" \/>\n<meta property=\"article:modified_time\" content=\"2024-01-08T13:59:11+00:00\" \/>\n<meta property=\"og:image\" content=\"https:\/\/infoecos.com.ar\/wp-content\/uploads\/2024\/01\/caruhe1.jpg\" \/>\n\t<meta property=\"og:image:width\" content=\"1200\" \/>\n\t<meta property=\"og:image:height\" content=\"1600\" \/>\n\t<meta property=\"og:image:type\" content=\"image\/jpeg\" \/>\n<meta name=\"author\" content=\"Jorge Matheus\" \/>\n<meta name=\"twitter:card\" content=\"summary_large_image\" \/>\n<meta name=\"twitter:creator\" content=\"@infoecos\" \/>\n<meta name=\"twitter:site\" content=\"@infoecos\" \/>\n<meta name=\"twitter:label1\" content=\"Escrito por\" \/>\n\t<meta name=\"twitter:data1\" content=\"Jorge Matheus\" \/>\n\t<meta name=\"twitter:label2\" content=\"Tiempo de lectura\" \/>\n\t<meta name=\"twitter:data2\" content=\"1 minuto\" \/>\n<script type=\"application\/ld+json\" class=\"yoast-schema-graph\">{\"@context\":\"https:\/\/schema.org\",\"@graph\":[{\"@type\":\"Article\",\"@id\":\"https:\/\/infoecos.com.ar\/index.php\/se-produjo-la-voladura-del-techo-de-una-vivienda-en-el-barrio-villa-azul\/#article\",\"isPartOf\":{\"@id\":\"https:\/\/infoecos.com.ar\/index.php\/se-produjo-la-voladura-del-techo-de-una-vivienda-en-el-barrio-villa-azul\/\"},\"author\":{\"name\":\"Jorge Matheus\",\"@id\":\"https:\/\/infoecos.com.ar\/#\/schema\/person\/8f5ace5ce73b4b4aac4b7245aee6f191\"},\"headline\":\"Se produjo la voladura del techo de una vivienda en el barrio Villa Azul\",\"datePublished\":\"2024-01-08T13:59:10+00:00\",\"dateModified\":\"2024-01-08T13:59:11+00:00\",\"mainEntityOfPage\":{\"@id\":\"https:\/\/infoecos.com.ar\/index.php\/se-produjo-la-voladura-del-techo-de-una-vivienda-en-el-barrio-villa-azul\/\"},\"wordCount\":112,\"publisher\":{\"@id\":\"https:\/\/infoecos.com.ar\/#organization\"},\"image\":{\"@id\":\"https:\/\/infoecos.com.ar\/index.php\/se-produjo-la-voladura-del-techo-de-una-vivienda-en-el-barrio-villa-azul\/#primaryimage\"},\"thumbnailUrl\":\"https:\/\/infoecos.com.ar\/wp-content\/uploads\/2024\/01\/caruhe1.jpg\",\"keywords\":[\"PROBLEMAS POR EL CLIMA\"],\"articleSection\":[\"Noticia Secundaria\"],\"inLanguage\":\"es\"},{\"@type\":\"WebPage\",\"@id\":\"https:\/\/infoecos.com.ar\/index.php\/se-produjo-la-voladura-del-techo-de-una-vivienda-en-el-barrio-villa-azul\/\",\"url\":\"https:\/\/infoecos.com.ar\/index.php\/se-produjo-la-voladura-del-techo-de-una-vivienda-en-el-barrio-villa-azul\/\",\"name\":\"Se produjo la voladura del techo de una vivienda en el barrio Villa Azul - Infoecos\",\"isPartOf\":{\"@id\":\"https:\/\/infoecos.com.ar\/#website\"},\"primaryImageOfPage\":{\"@id\":\"https:\/\/infoecos.com.ar\/index.php\/se-produjo-la-voladura-del-techo-de-una-vivienda-en-el-barrio-villa-azul\/#primaryimage\"},\"image\":{\"@id\":\"https:\/\/infoecos.com.ar\/index.php\/se-produjo-la-voladura-del-techo-de-una-vivienda-en-el-barrio-villa-azul\/#primaryimage\"},\"thumbnailUrl\":\"https:\/\/infoecos.com.ar\/wp-content\/uploads\/2024\/01\/caruhe1.jpg\",\"datePublished\":\"2024-01-08T13:59:10+00:00\",\"dateModified\":\"2024-01-08T13:59:11+00:00\",\"breadcrumb\":{\"@id\":\"https:\/\/infoecos.com.ar\/index.php\/se-produjo-la-voladura-del-techo-de-una-vivienda-en-el-barrio-villa-azul\/#breadcrumb\"},\"inLanguage\":\"es\",\"potentialAction\":[{\"@type\":\"ReadAction\",\"target\":[\"https:\/\/infoecos.com.ar\/index.php\/se-produjo-la-voladura-del-techo-de-una-vivienda-en-el-barrio-villa-azul\/\"]}]},{\"@type\":\"ImageObject\",\"inLanguage\":\"es\",\"@id\":\"https:\/\/infoecos.com.ar\/index.php\/se-produjo-la-voladura-del-techo-de-una-vivienda-en-el-barrio-villa-azul\/#primaryimage\",\"url\":\"https:\/\/infoecos.com.ar\/wp-content\/uploads\/2024\/01\/caruhe1.jpg\",\"contentUrl\":\"https:\/\/infoecos.com.ar\/wp-content\/uploads\/2024\/01\/caruhe1.jpg\",\"width\":1200,\"height\":1600},{\"@type\":\"BreadcrumbList\",\"@id\":\"https:\/\/infoecos.com.ar\/index.php\/se-produjo-la-voladura-del-techo-de-una-vivienda-en-el-barrio-villa-azul\/#breadcrumb\",\"itemListElement\":[{\"@type\":\"ListItem\",\"position\":1,\"name\":\"Portada\",\"item\":\"https:\/\/infoecos.com.ar\/\"},{\"@type\":\"ListItem\",\"position\":2,\"name\":\"Se produjo la voladura del techo de una vivienda en el barrio Villa Azul\"}]},{\"@type\":\"WebSite\",\"@id\":\"https:\/\/infoecos.com.ar\/#website\",\"url\":\"https:\/\/infoecos.com.ar\/\",\"name\":\"Infoecos\",\"description\":\"Noticias de trenque lauquen y la zona\",\"publisher\":{\"@id\":\"https:\/\/infoecos.com.ar\/#organization\"},\"alternateName\":\"Noticias\",\"potentialAction\":[{\"@type\":\"SearchAction\",\"target\":{\"@type\":\"EntryPoint\",\"urlTemplate\":\"https:\/\/infoecos.com.ar\/?s={search_term_string}\"},\"query-input\":{\"@type\":\"PropertyValueSpecification\",\"valueRequired\":true,\"valueName\":\"search_term_string\"}}],\"inLanguage\":\"es\"},{\"@type\":\"Organization\",\"@id\":\"https:\/\/infoecos.com.ar\/#organization\",\"name\":\"Infoecos\",\"alternateName\":\"Noticias\",\"url\":\"https:\/\/infoecos.com.ar\/\",\"logo\":{\"@type\":\"ImageObject\",\"inLanguage\":\"es\",\"@id\":\"https:\/\/infoecos.com.ar\/#\/schema\/logo\/image\/\",\"url\":\"https:\/\/infoecos.com.ar\/wp-content\/uploads\/2024\/03\/cropped-logo.png\",\"contentUrl\":\"https:\/\/infoecos.com.ar\/wp-content\/uploads\/2024\/03\/cropped-logo.png\",\"width\":374,\"height\":90,\"caption\":\"Infoecos\"},\"image\":{\"@id\":\"https:\/\/infoecos.com.ar\/#\/schema\/logo\/image\/\"},\"sameAs\":[\"https:\/\/www.facebook.com\/profile.php?id=100063200290284\",\"https:\/\/x.com\/infoecos\"]},{\"@type\":\"Person\",\"@id\":\"https:\/\/infoecos.com.ar\/#\/schema\/person\/8f5ace5ce73b4b4aac4b7245aee6f191\",\"name\":\"Jorge Matheus\",\"url\":\"https:\/\/infoecos.com.ar\/index.php\/author\/jomatheus\/\"}]}<\/script>\n<!-- \/ Yoast SEO plugin. -->","yoast_head_json":{"title":"Se produjo la voladura del techo de una vivienda en el barrio Villa Azul - Infoecos","robots":{"index":"index","follow":"follow","max-snippet":"max-snippet:-1","max-image-preview":"max-image-preview:large","max-video-preview":"max-video-preview:-1"},"canonical":"https:\/\/infoecos.com.ar\/index.php\/se-produjo-la-voladura-del-techo-de-una-vivienda-en-el-barrio-villa-azul\/","og_locale":"es_ES","og_type":"article","og_title":"Se produjo la voladura del techo de una vivienda en el barrio Villa Azul - Infoecos","og_description":"Hubo algunos postes de elecricidad, cables y ramas ca\u00eddas en varios sectores de esa ciudad","og_url":"https:\/\/infoecos.com.ar\/index.php\/se-produjo-la-voladura-del-techo-de-una-vivienda-en-el-barrio-villa-azul\/","og_site_name":"Infoecos","article_publisher":"https:\/\/www.facebook.com\/profile.php?id=100063200290284","article_published_time":"2024-01-08T13:59:10+00:00","article_modified_time":"2024-01-08T13:59:11+00:00","og_image":[{"width":1200,"height":1600,"url":"https:\/\/infoecos.com.ar\/wp-content\/uploads\/2024\/01\/caruhe1.jpg","type":"image\/jpeg"}],"author":"Jorge Matheus","twitter_card":"summary_large_image","twitter_creator":"@infoecos","twitter_site":"@infoecos","twitter_misc":{"Escrito por":"Jorge Matheus","Tiempo de lectura":"1 minuto"},"schema":{"@context":"https:\/\/schema.org","@graph":[{"@type":"Article","@id":"https:\/\/infoecos.com.ar\/index.php\/se-produjo-la-voladura-del-techo-de-una-vivienda-en-el-barrio-villa-azul\/#article","isPartOf":{"@id":"https:\/\/infoecos.com.ar\/index.php\/se-produjo-la-voladura-del-techo-de-una-vivienda-en-el-barrio-villa-azul\/"},"author":{"name":"Jorge Matheus","@id":"https:\/\/infoecos.com.ar\/#\/schema\/person\/8f5ace5ce73b4b4aac4b7245aee6f191"},"headline":"Se produjo la voladura del techo de una vivienda en el barrio Villa Azul","datePublished":"2024-01-08T13:59:10+00:00","dateModified":"2024-01-08T13:59:11+00:00","mainEntityOfPage":{"@id":"https:\/\/infoecos.com.ar\/index.php\/se-produjo-la-voladura-del-techo-de-una-vivienda-en-el-barrio-villa-azul\/"},"wordCount":112,"publisher":{"@id":"https:\/\/infoecos.com.ar\/#organization"},"image":{"@id":"https:\/\/infoecos.com.ar\/index.php\/se-produjo-la-voladura-del-techo-de-una-vivienda-en-el-barrio-villa-azul\/#primaryimage"},"thumbnailUrl":"https:\/\/infoecos.com.ar\/wp-content\/uploads\/2024\/01\/caruhe1.jpg","keywords":["PROBLEMAS POR EL CLIMA"],"articleSection":["Noticia Secundaria"],"inLanguage":"es"},{"@type":"WebPage","@id":"https:\/\/infoecos.com.ar\/index.php\/se-produjo-la-voladura-del-techo-de-una-vivienda-en-el-barrio-villa-azul\/","url":"https:\/\/infoecos.com.ar\/index.php\/se-produjo-la-voladura-del-techo-de-una-vivienda-en-el-barrio-villa-azul\/","name":"Se produjo la voladura del techo de una vivienda en el barrio Villa Azul - Infoecos","isPartOf":{"@id":"https:\/\/infoecos.com.ar\/#website"},"primaryImageOfPage":{"@id":"https:\/\/infoecos.com.ar\/index.php\/se-produjo-la-voladura-del-techo-de-una-vivienda-en-el-barrio-villa-azul\/#primaryimage"},"image":{"@id":"https:\/\/infoecos.com.ar\/index.php\/se-produjo-la-voladura-del-techo-de-una-vivienda-en-el-barrio-villa-azul\/#primaryimage"},"thumbnailUrl":"https:\/\/infoecos.com.ar\/wp-content\/uploads\/2024\/01\/caruhe1.jpg","datePublished":"2024-01-08T13:59:10+00:00","dateModified":"2024-01-08T13:59:11+00:00","breadcrumb":{"@id":"https:\/\/infoecos.com.ar\/index.php\/se-produjo-la-voladura-del-techo-de-una-vivienda-en-el-barrio-villa-azul\/#breadcrumb"},"inLanguage":"es","potentialAction":[{"@type":"ReadAction","target":["https:\/\/infoecos.com.ar\/index.php\/se-produjo-la-voladura-del-techo-de-una-vivienda-en-el-barrio-villa-azul\/"]}]},{"@type":"ImageObject","inLanguage":"es","@id":"https:\/\/infoecos.com.ar\/index.php\/se-produjo-la-voladura-del-techo-de-una-vivienda-en-el-barrio-villa-azul\/#primaryimage","url":"https:\/\/infoecos.com.ar\/wp-content\/uploads\/2024\/01\/caruhe1.jpg","contentUrl":"https:\/\/infoecos.com.ar\/wp-content\/uploads\/2024\/01\/caruhe1.jpg","width":1200,"height":1600},{"@type":"BreadcrumbList","@id":"https:\/\/infoecos.com.ar\/index.php\/se-produjo-la-voladura-del-techo-de-una-vivienda-en-el-barrio-villa-azul\/#breadcrumb","itemListElement":[{"@type":"ListItem","position":1,"name":"Portada","item":"https:\/\/infoecos.com.ar\/"},{"@type":"ListItem","position":2,"name":"Se produjo la voladura del techo de una vivienda en el barrio Villa Azul"}]},{"@type":"WebSite","@id":"https:\/\/infoecos.com.ar\/#website","url":"https:\/\/infoecos.com.ar\/","name":"Infoecos","description":"Noticias de trenque lauquen y la zona","publisher":{"@id":"https:\/\/infoecos.com.ar\/#organization"},"alternateName":"Noticias","potentialAction":[{"@type":"SearchAction","target":{"@type":"EntryPoint","urlTemplate":"https:\/\/infoecos.com.ar\/?s={search_term_string}"},"query-input":{"@type":"PropertyValueSpecification","valueRequired":true,"valueName":"search_term_string"}}],"inLanguage":"es"},{"@type":"Organization","@id":"https:\/\/infoecos.com.ar\/#organization","name":"Infoecos","alternateName":"Noticias","url":"https:\/\/infoecos.com.ar\/","logo":{"@type":"ImageObject","inLanguage":"es","@id":"https:\/\/infoecos.com.ar\/#\/schema\/logo\/image\/","url":"https:\/\/infoecos.com.ar\/wp-content\/uploads\/2024\/03\/cropped-logo.png","contentUrl":"https:\/\/infoecos.com.ar\/wp-content\/uploads\/2024\/03\/cropped-logo.png","width":374,"height":90,"caption":"Infoecos"},"image":{"@id":"https:\/\/infoecos.com.ar\/#\/schema\/logo\/image\/"},"sameAs":["https:\/\/www.facebook.com\/profile.php?id=100063200290284","https:\/\/x.com\/infoecos"]},{"@type":"Person","@id":"https:\/\/infoecos.com.ar\/#\/schema\/person\/8f5ace5ce73b4b4aac4b7245aee6f191","name":"Jorge Matheus","url":"https:\/\/infoecos.com.ar\/index.php\/author\/jomatheus\/"}]}},"featured_image_urls":{"full":["https:\/\/infoecos.com.ar\/wp-content\/uploads\/2024\/01\/caruhe1.jpg",1200,1600,false],"thumbnail":["https:\/\/infoecos.com.ar\/wp-content\/uploads\/2024\/01\/caruhe1-300x150.jpg",300,150,true],"medium":["https:\/\/infoecos.com.ar\/wp-content\/uploads\/2024\/01\/caruhe1-600x800.jpg",600,800,true],"medium_large":["https:\/\/infoecos.com.ar\/wp-content\/uploads\/2024\/01\/caruhe1-768x1024.jpg",640,853,true],"large":["https:\/\/infoecos.com.ar\/wp-content\/uploads\/2024\/01\/caruhe1.jpg",640,853,false],"1536x1536":["https:\/\/infoecos.com.ar\/wp-content\/uploads\/2024\/01\/caruhe1-1152x1536.jpg",1152,1536,true],"2048x2048":["https:\/\/infoecos.com.ar\/wp-content\/uploads\/2024\/01\/caruhe1.jpg",1200,1600,false],"covernews-slider-full":["https:\/\/infoecos.com.ar\/wp-content\/uploads\/2024\/01\/caruhe1-1200x1020.jpg",841,715,true],"covernews-slider-center":["https:\/\/infoecos.com.ar\/wp-content\/uploads\/2024\/01\/caruhe1-936x897.jpg",522,500,true],"covernews-featured":["https:\/\/infoecos.com.ar\/wp-content\/uploads\/2024\/01\/caruhe1-1024x1365.jpg",1024,1365,true],"covernews-medium":["https:\/\/infoecos.com.ar\/wp-content\/uploads\/2024\/01\/caruhe1-720x380.jpg",540,285,true],"covernews-medium-square":["https:\/\/infoecos.com.ar\/wp-content\/uploads\/2024\/01\/caruhe1-675x450.jpg",375,250,true]},"author_info":{"info":["Jorge Matheus"]},"category_info":"<a href=\"https:\/\/infoecos.com.ar\/index.php\/category\/noticia-secundaria\/\" rel=\"category tag\">Noticia Secundaria<\/a>","tag_info":"Noticia Secundaria","comment_count":"0","_links":{"self":[{"href":"https:\/\/infoecos.com.ar\/index.php\/wp-json\/wp\/v2\/posts\/117222"}],"collection":[{"href":"https:\/\/infoecos.com.ar\/index.php\/wp-json\/wp\/v2\/posts"}],"about":[{"href":"https:\/\/infoecos.com.ar\/index.php\/wp-json\/wp\/v2\/types\/post"}],"author":[{"embeddable":true,"href":"https:\/\/infoecos.com.ar\/index.php\/wp-json\/wp\/v2\/users\/2"}],"replies":[{"embeddable":true,"href":"https:\/\/infoecos.com.ar\/index.php\/wp-json\/wp\/v2\/comments?post=117222"}],"version-history":[{"count":1,"href":"https:\/\/infoecos.com.ar\/index.php\/wp-json\/wp\/v2\/posts\/117222\/revisions"}],"predecessor-version":[{"id":117223,"href":"https:\/\/infoecos.com.ar\/index.php\/wp-json\/wp\/v2\/posts\/117222\/revisions\/117223"}],"wp:featuredmedia":[{"embeddable":true,"href":"https:\/\/infoecos.com.ar\/index.php\/wp-json\/wp\/v2\/media\/117202"}],"wp:attachment":[{"href":"https:\/\/infoecos.com.ar\/index.php\/wp-json\/wp\/v2\/media?parent=117222"}],"wp:term":[{"taxonomy":"category","embeddable":true,"href":"https:\/\/infoecos.com.ar\/index.php\/wp-json\/wp\/v2\/categories?post=117222"},{"taxonomy":"post_tag","embeddable":true,"href":"https:\/\/infoecos.com.ar\/index.php\/wp-json\/wp\/v2\/tags?post=117222"}],"curies":[{"name":"wp","href":"https:\/\/api.w.org\/{rel}","templated":true}]}}