{"id":117224,"date":"2024-01-08T12:00:35","date_gmt":"2024-01-08T15:00:35","guid":{"rendered":"https:\/\/infoecos.com.ar\/?p=117224"},"modified":"2024-01-08T12:01:37","modified_gmt":"2024-01-08T15:01:37","slug":"comienzan-a-discutirse-manana-los-aumentos-salariales-de-los-empleados-estatales","status":"publish","type":"post","link":"https:\/\/infoecos.com.ar\/index.php\/comienzan-a-discutirse-manana-los-aumentos-salariales-de-los-empleados-estatales\/","title":{"rendered":"Comienzan a discutirse aumentos salariales de los empleados estatales"},"content":{"rendered":"\n<figure class=\"wp-block-image alignright size-full is-resized\"><img loading=\"lazy\" decoding=\"async\" src=\"https:\/\/infoecos.com.ar\/wp-content\/uploads\/2020\/09\/casagobietrnobsa.jpg\" alt=\"\" class=\"wp-image-68637\" width=\"345\" height=\"230\" srcset=\"https:\/\/infoecos.com.ar\/wp-content\/uploads\/2020\/09\/casagobietrnobsa.jpg 760w, https:\/\/infoecos.com.ar\/wp-content\/uploads\/2020\/09\/casagobietrnobsa-460x306.jpg 460w, https:\/\/infoecos.com.ar\/wp-content\/uploads\/2020\/09\/casagobietrnobsa-675x450.jpg 675w\" sizes=\"(max-width: 345px) 100vw, 345px\" \/><\/figure>\n\n\n\n<p>El gobierno de la provincia de Buenos Aires convoc\u00f3 a los gremios para comenzar a discutir los aumentos salariales del 2024.<\/p>\n\n\n\n<p>Ma\u00f1ana, a las 8, habr\u00e1 reuni\u00f3n con el <strong>Frente de Unidad Docente Bonaerense (FUDB)<\/strong>. A las 15 horas, con los trabajadores estatales comprendidos por la Ley 10.430.<\/p>\n\n\n\n<p>La delegaci\u00f3n provincial de Uni\u00f3n del Personal Civil de la Naci\u00f3n (UPCN), la Asociaci\u00f3n de Trabajadores del Estado (ATE) y la Asociaci\u00f3n Judicial Bonaerense (AJB) pidieron con car\u00e1cter urgente darle continuidad a la discusi\u00f3n.<\/p>\n","protected":false},"excerpt":{"rendered":"<p>La delegaci\u00f3n provincial de Uni\u00f3n del Personal Civil de la Naci\u00f3n (UPCN), la Asociaci\u00f3n de Trabajadores del Estado (ATE) y la Asociaci\u00f3n Judicial Bonaerense (AJB) pidieron con car\u00e1cter urgente darle continuidad a la discusi\u00f3n<\/p>\n","protected":false},"author":2,"featured_media":68637,"comment_status":"closed","ping_status":"open","sticky":false,"template":"","format":"standard","meta":{"footnotes":""},"categories":[1613],"tags":[9835],"class_list":["post-117224","post","type-post","status-publish","format-standard","has-post-thumbnail","hentry","category-noticia-secundaria","tag-la-feb-y-estatales-ley-10430"],"yoast_head":"<!-- This site is optimized with the Yoast SEO plugin v23.4 - https:\/\/yoast.com\/wordpress\/plugins\/seo\/ -->\n<title>Comienzan a discutirse aumentos salariales de los empleados estatales - Infoecos<\/title>\n<meta name=\"robots\" content=\"index, follow, max-snippet:-1, max-image-preview:large, max-video-preview:-1\" \/>\n<link rel=\"canonical\" href=\"https:\/\/infoecos.com.ar\/index.php\/comienzan-a-discutirse-manana-los-aumentos-salariales-de-los-empleados-estatales\/\" \/>\n<meta property=\"og:locale\" content=\"es_ES\" \/>\n<meta property=\"og:type\" content=\"article\" \/>\n<meta property=\"og:title\" content=\"Comienzan a discutirse aumentos salariales de los empleados estatales - Infoecos\" \/>\n<meta property=\"og:description\" content=\"La delegaci\u00f3n provincial de Uni\u00f3n del Personal Civil de la Naci\u00f3n (UPCN), la Asociaci\u00f3n de Trabajadores del Estado (ATE) y la Asociaci\u00f3n Judicial Bonaerense (AJB) pidieron con car\u00e1cter urgente darle continuidad a la discusi\u00f3n\" \/>\n<meta property=\"og:url\" content=\"https:\/\/infoecos.com.ar\/index.php\/comienzan-a-discutirse-manana-los-aumentos-salariales-de-los-empleados-estatales\/\" \/>\n<meta property=\"og:site_name\" content=\"Infoecos\" \/>\n<meta property=\"article:publisher\" content=\"https:\/\/www.facebook.com\/profile.php?id=100063200290284\" \/>\n<meta property=\"article:published_time\" content=\"2024-01-08T15:00:35+00:00\" \/>\n<meta property=\"article:modified_time\" content=\"2024-01-08T15:01:37+00:00\" \/>\n<meta property=\"og:image\" content=\"https:\/\/infoecos.com.ar\/wp-content\/uploads\/2020\/09\/casagobietrnobsa.jpg\" \/>\n\t<meta property=\"og:image:width\" content=\"760\" \/>\n\t<meta property=\"og:image:height\" content=\"506\" \/>\n\t<meta property=\"og:image:type\" content=\"image\/jpeg\" \/>\n<meta name=\"author\" content=\"Jorge Matheus\" \/>\n<meta name=\"twitter:card\" content=\"summary_large_image\" \/>\n<meta name=\"twitter:creator\" content=\"@infoecos\" \/>\n<meta name=\"twitter:site\" content=\"@infoecos\" \/>\n<meta name=\"twitter:label1\" content=\"Escrito por\" \/>\n\t<meta name=\"twitter:data1\" content=\"Jorge Matheus\" \/>\n\t<meta name=\"twitter:label2\" content=\"Tiempo de lectura\" \/>\n\t<meta name=\"twitter:data2\" content=\"1 minuto\" \/>\n<script type=\"application\/ld+json\" class=\"yoast-schema-graph\">{\"@context\":\"https:\/\/schema.org\",\"@graph\":[{\"@type\":\"Article\",\"@id\":\"https:\/\/infoecos.com.ar\/index.php\/comienzan-a-discutirse-manana-los-aumentos-salariales-de-los-empleados-estatales\/#article\",\"isPartOf\":{\"@id\":\"https:\/\/infoecos.com.ar\/index.php\/comienzan-a-discutirse-manana-los-aumentos-salariales-de-los-empleados-estatales\/\"},\"author\":{\"name\":\"Jorge Matheus\",\"@id\":\"https:\/\/infoecos.com.ar\/#\/schema\/person\/8f5ace5ce73b4b4aac4b7245aee6f191\"},\"headline\":\"Comienzan a discutirse aumentos salariales de los empleados estatales\",\"datePublished\":\"2024-01-08T15:00:35+00:00\",\"dateModified\":\"2024-01-08T15:01:37+00:00\",\"mainEntityOfPage\":{\"@id\":\"https:\/\/infoecos.com.ar\/index.php\/comienzan-a-discutirse-manana-los-aumentos-salariales-de-los-empleados-estatales\/\"},\"wordCount\":96,\"publisher\":{\"@id\":\"https:\/\/infoecos.com.ar\/#organization\"},\"image\":{\"@id\":\"https:\/\/infoecos.com.ar\/index.php\/comienzan-a-discutirse-manana-los-aumentos-salariales-de-los-empleados-estatales\/#primaryimage\"},\"thumbnailUrl\":\"https:\/\/infoecos.com.ar\/wp-content\/uploads\/2020\/09\/casagobietrnobsa.jpg\",\"keywords\":[\"LA FEB Y ESTATALES LEY 10430\"],\"articleSection\":[\"Noticia Secundaria\"],\"inLanguage\":\"es\"},{\"@type\":\"WebPage\",\"@id\":\"https:\/\/infoecos.com.ar\/index.php\/comienzan-a-discutirse-manana-los-aumentos-salariales-de-los-empleados-estatales\/\",\"url\":\"https:\/\/infoecos.com.ar\/index.php\/comienzan-a-discutirse-manana-los-aumentos-salariales-de-los-empleados-estatales\/\",\"name\":\"Comienzan a discutirse aumentos salariales de los empleados estatales - Infoecos\",\"isPartOf\":{\"@id\":\"https:\/\/infoecos.com.ar\/#website\"},\"primaryImageOfPage\":{\"@id\":\"https:\/\/infoecos.com.ar\/index.php\/comienzan-a-discutirse-manana-los-aumentos-salariales-de-los-empleados-estatales\/#primaryimage\"},\"image\":{\"@id\":\"https:\/\/infoecos.com.ar\/index.php\/comienzan-a-discutirse-manana-los-aumentos-salariales-de-los-empleados-estatales\/#primaryimage\"},\"thumbnailUrl\":\"https:\/\/infoecos.com.ar\/wp-content\/uploads\/2020\/09\/casagobietrnobsa.jpg\",\"datePublished\":\"2024-01-08T15:00:35+00:00\",\"dateModified\":\"2024-01-08T15:01:37+00:00\",\"breadcrumb\":{\"@id\":\"https:\/\/infoecos.com.ar\/index.php\/comienzan-a-discutirse-manana-los-aumentos-salariales-de-los-empleados-estatales\/#breadcrumb\"},\"inLanguage\":\"es\",\"potentialAction\":[{\"@type\":\"ReadAction\",\"target\":[\"https:\/\/infoecos.com.ar\/index.php\/comienzan-a-discutirse-manana-los-aumentos-salariales-de-los-empleados-estatales\/\"]}]},{\"@type\":\"ImageObject\",\"inLanguage\":\"es\",\"@id\":\"https:\/\/infoecos.com.ar\/index.php\/comienzan-a-discutirse-manana-los-aumentos-salariales-de-los-empleados-estatales\/#primaryimage\",\"url\":\"https:\/\/infoecos.com.ar\/wp-content\/uploads\/2020\/09\/casagobietrnobsa.jpg\",\"contentUrl\":\"https:\/\/infoecos.com.ar\/wp-content\/uploads\/2020\/09\/casagobietrnobsa.jpg\",\"width\":760,\"height\":506},{\"@type\":\"BreadcrumbList\",\"@id\":\"https:\/\/infoecos.com.ar\/index.php\/comienzan-a-discutirse-manana-los-aumentos-salariales-de-los-empleados-estatales\/#breadcrumb\",\"itemListElement\":[{\"@type\":\"ListItem\",\"position\":1,\"name\":\"Portada\",\"item\":\"https:\/\/infoecos.com.ar\/\"},{\"@type\":\"ListItem\",\"position\":2,\"name\":\"Comienzan a discutirse aumentos salariales de los empleados estatales\"}]},{\"@type\":\"WebSite\",\"@id\":\"https:\/\/infoecos.com.ar\/#website\",\"url\":\"https:\/\/infoecos.com.ar\/\",\"name\":\"Infoecos\",\"description\":\"Noticias de trenque lauquen y la zona\",\"publisher\":{\"@id\":\"https:\/\/infoecos.com.ar\/#organization\"},\"alternateName\":\"Noticias\",\"potentialAction\":[{\"@type\":\"SearchAction\",\"target\":{\"@type\":\"EntryPoint\",\"urlTemplate\":\"https:\/\/infoecos.com.ar\/?s={search_term_string}\"},\"query-input\":{\"@type\":\"PropertyValueSpecification\",\"valueRequired\":true,\"valueName\":\"search_term_string\"}}],\"inLanguage\":\"es\"},{\"@type\":\"Organization\",\"@id\":\"https:\/\/infoecos.com.ar\/#organization\",\"name\":\"Infoecos\",\"alternateName\":\"Noticias\",\"url\":\"https:\/\/infoecos.com.ar\/\",\"logo\":{\"@type\":\"ImageObject\",\"inLanguage\":\"es\",\"@id\":\"https:\/\/infoecos.com.ar\/#\/schema\/logo\/image\/\",\"url\":\"https:\/\/infoecos.com.ar\/wp-content\/uploads\/2024\/03\/cropped-logo.png\",\"contentUrl\":\"https:\/\/infoecos.com.ar\/wp-content\/uploads\/2024\/03\/cropped-logo.png\",\"width\":374,\"height\":90,\"caption\":\"Infoecos\"},\"image\":{\"@id\":\"https:\/\/infoecos.com.ar\/#\/schema\/logo\/image\/\"},\"sameAs\":[\"https:\/\/www.facebook.com\/profile.php?id=100063200290284\",\"https:\/\/x.com\/infoecos\"]},{\"@type\":\"Person\",\"@id\":\"https:\/\/infoecos.com.ar\/#\/schema\/person\/8f5ace5ce73b4b4aac4b7245aee6f191\",\"name\":\"Jorge Matheus\",\"url\":\"https:\/\/infoecos.com.ar\/index.php\/author\/jomatheus\/\"}]}<\/script>\n<!-- \/ Yoast SEO plugin. -->","yoast_head_json":{"title":"Comienzan a discutirse aumentos salariales de los empleados estatales - Infoecos","robots":{"index":"index","follow":"follow","max-snippet":"max-snippet:-1","max-image-preview":"max-image-preview:large","max-video-preview":"max-video-preview:-1"},"canonical":"https:\/\/infoecos.com.ar\/index.php\/comienzan-a-discutirse-manana-los-aumentos-salariales-de-los-empleados-estatales\/","og_locale":"es_ES","og_type":"article","og_title":"Comienzan a discutirse aumentos salariales de los empleados estatales - Infoecos","og_description":"La delegaci\u00f3n provincial de Uni\u00f3n del Personal Civil de la Naci\u00f3n (UPCN), la Asociaci\u00f3n de Trabajadores del Estado (ATE) y la Asociaci\u00f3n Judicial Bonaerense (AJB) pidieron con car\u00e1cter urgente darle continuidad a la discusi\u00f3n","og_url":"https:\/\/infoecos.com.ar\/index.php\/comienzan-a-discutirse-manana-los-aumentos-salariales-de-los-empleados-estatales\/","og_site_name":"Infoecos","article_publisher":"https:\/\/www.facebook.com\/profile.php?id=100063200290284","article_published_time":"2024-01-08T15:00:35+00:00","article_modified_time":"2024-01-08T15:01:37+00:00","og_image":[{"width":760,"height":506,"url":"https:\/\/infoecos.com.ar\/wp-content\/uploads\/2020\/09\/casagobietrnobsa.jpg","type":"image\/jpeg"}],"author":"Jorge Matheus","twitter_card":"summary_large_image","twitter_creator":"@infoecos","twitter_site":"@infoecos","twitter_misc":{"Escrito por":"Jorge Matheus","Tiempo de lectura":"1 minuto"},"schema":{"@context":"https:\/\/schema.org","@graph":[{"@type":"Article","@id":"https:\/\/infoecos.com.ar\/index.php\/comienzan-a-discutirse-manana-los-aumentos-salariales-de-los-empleados-estatales\/#article","isPartOf":{"@id":"https:\/\/infoecos.com.ar\/index.php\/comienzan-a-discutirse-manana-los-aumentos-salariales-de-los-empleados-estatales\/"},"author":{"name":"Jorge Matheus","@id":"https:\/\/infoecos.com.ar\/#\/schema\/person\/8f5ace5ce73b4b4aac4b7245aee6f191"},"headline":"Comienzan a discutirse aumentos salariales de los empleados estatales","datePublished":"2024-01-08T15:00:35+00:00","dateModified":"2024-01-08T15:01:37+00:00","mainEntityOfPage":{"@id":"https:\/\/infoecos.com.ar\/index.php\/comienzan-a-discutirse-manana-los-aumentos-salariales-de-los-empleados-estatales\/"},"wordCount":96,"publisher":{"@id":"https:\/\/infoecos.com.ar\/#organization"},"image":{"@id":"https:\/\/infoecos.com.ar\/index.php\/comienzan-a-discutirse-manana-los-aumentos-salariales-de-los-empleados-estatales\/#primaryimage"},"thumbnailUrl":"https:\/\/infoecos.com.ar\/wp-content\/uploads\/2020\/09\/casagobietrnobsa.jpg","keywords":["LA FEB Y ESTATALES LEY 10430"],"articleSection":["Noticia Secundaria"],"inLanguage":"es"},{"@type":"WebPage","@id":"https:\/\/infoecos.com.ar\/index.php\/comienzan-a-discutirse-manana-los-aumentos-salariales-de-los-empleados-estatales\/","url":"https:\/\/infoecos.com.ar\/index.php\/comienzan-a-discutirse-manana-los-aumentos-salariales-de-los-empleados-estatales\/","name":"Comienzan a discutirse aumentos salariales de los empleados estatales - Infoecos","isPartOf":{"@id":"https:\/\/infoecos.com.ar\/#website"},"primaryImageOfPage":{"@id":"https:\/\/infoecos.com.ar\/index.php\/comienzan-a-discutirse-manana-los-aumentos-salariales-de-los-empleados-estatales\/#primaryimage"},"image":{"@id":"https:\/\/infoecos.com.ar\/index.php\/comienzan-a-discutirse-manana-los-aumentos-salariales-de-los-empleados-estatales\/#primaryimage"},"thumbnailUrl":"https:\/\/infoecos.com.ar\/wp-content\/uploads\/2020\/09\/casagobietrnobsa.jpg","datePublished":"2024-01-08T15:00:35+00:00","dateModified":"2024-01-08T15:01:37+00:00","breadcrumb":{"@id":"https:\/\/infoecos.com.ar\/index.php\/comienzan-a-discutirse-manana-los-aumentos-salariales-de-los-empleados-estatales\/#breadcrumb"},"inLanguage":"es","potentialAction":[{"@type":"ReadAction","target":["https:\/\/infoecos.com.ar\/index.php\/comienzan-a-discutirse-manana-los-aumentos-salariales-de-los-empleados-estatales\/"]}]},{"@type":"ImageObject","inLanguage":"es","@id":"https:\/\/infoecos.com.ar\/index.php\/comienzan-a-discutirse-manana-los-aumentos-salariales-de-los-empleados-estatales\/#primaryimage","url":"https:\/\/infoecos.com.ar\/wp-content\/uploads\/2020\/09\/casagobietrnobsa.jpg","contentUrl":"https:\/\/infoecos.com.ar\/wp-content\/uploads\/2020\/09\/casagobietrnobsa.jpg","width":760,"height":506},{"@type":"BreadcrumbList","@id":"https:\/\/infoecos.com.ar\/index.php\/comienzan-a-discutirse-manana-los-aumentos-salariales-de-los-empleados-estatales\/#breadcrumb","itemListElement":[{"@type":"ListItem","position":1,"name":"Portada","item":"https:\/\/infoecos.com.ar\/"},{"@type":"ListItem","position":2,"name":"Comienzan a discutirse aumentos salariales de los empleados estatales"}]},{"@type":"WebSite","@id":"https:\/\/infoecos.com.ar\/#website","url":"https:\/\/infoecos.com.ar\/","name":"Infoecos","description":"Noticias de trenque lauquen y la zona","publisher":{"@id":"https:\/\/infoecos.com.ar\/#organization"},"alternateName":"Noticias","potentialAction":[{"@type":"SearchAction","target":{"@type":"EntryPoint","urlTemplate":"https:\/\/infoecos.com.ar\/?s={search_term_string}"},"query-input":{"@type":"PropertyValueSpecification","valueRequired":true,"valueName":"search_term_string"}}],"inLanguage":"es"},{"@type":"Organization","@id":"https:\/\/infoecos.com.ar\/#organization","name":"Infoecos","alternateName":"Noticias","url":"https:\/\/infoecos.com.ar\/","logo":{"@type":"ImageObject","inLanguage":"es","@id":"https:\/\/infoecos.com.ar\/#\/schema\/logo\/image\/","url":"https:\/\/infoecos.com.ar\/wp-content\/uploads\/2024\/03\/cropped-logo.png","contentUrl":"https:\/\/infoecos.com.ar\/wp-content\/uploads\/2024\/03\/cropped-logo.png","width":374,"height":90,"caption":"Infoecos"},"image":{"@id":"https:\/\/infoecos.com.ar\/#\/schema\/logo\/image\/"},"sameAs":["https:\/\/www.facebook.com\/profile.php?id=100063200290284","https:\/\/x.com\/infoecos"]},{"@type":"Person","@id":"https:\/\/infoecos.com.ar\/#\/schema\/person\/8f5ace5ce73b4b4aac4b7245aee6f191","name":"Jorge Matheus","url":"https:\/\/infoecos.com.ar\/index.php\/author\/jomatheus\/"}]}},"featured_image_urls":{"full":["https:\/\/infoecos.com.ar\/wp-content\/uploads\/2020\/09\/casagobietrnobsa.jpg",760,506,false],"thumbnail":["https:\/\/infoecos.com.ar\/wp-content\/uploads\/2020\/09\/casagobietrnobsa-150x150.jpg",150,150,true],"medium":["https:\/\/infoecos.com.ar\/wp-content\/uploads\/2020\/09\/casagobietrnobsa-460x306.jpg",460,306,true],"medium_large":["https:\/\/infoecos.com.ar\/wp-content\/uploads\/2020\/09\/casagobietrnobsa.jpg",640,426,false],"large":["https:\/\/infoecos.com.ar\/wp-content\/uploads\/2020\/09\/casagobietrnobsa.jpg",640,426,false],"1536x1536":["https:\/\/infoecos.com.ar\/wp-content\/uploads\/2020\/09\/casagobietrnobsa.jpg",760,506,false],"2048x2048":["https:\/\/infoecos.com.ar\/wp-content\/uploads\/2020\/09\/casagobietrnobsa.jpg",760,506,false],"covernews-slider-full":["https:\/\/infoecos.com.ar\/wp-content\/uploads\/2020\/09\/casagobietrnobsa.jpg",760,506,false],"covernews-slider-center":["https:\/\/infoecos.com.ar\/wp-content\/uploads\/2020\/09\/casagobietrnobsa.jpg",751,500,false],"covernews-featured":["https:\/\/infoecos.com.ar\/wp-content\/uploads\/2020\/09\/casagobietrnobsa.jpg",760,506,false],"covernews-medium":["https:\/\/infoecos.com.ar\/wp-content\/uploads\/2020\/09\/casagobietrnobsa-720x380.jpg",540,285,true],"covernews-medium-square":["https:\/\/infoecos.com.ar\/wp-content\/uploads\/2020\/09\/casagobietrnobsa-675x450.jpg",375,250,true]},"author_info":{"info":["Jorge Matheus"]},"category_info":"<a href=\"https:\/\/infoecos.com.ar\/index.php\/category\/noticia-secundaria\/\" rel=\"category tag\">Noticia Secundaria<\/a>","tag_info":"Noticia Secundaria","comment_count":"0","_links":{"self":[{"href":"https:\/\/infoecos.com.ar\/index.php\/wp-json\/wp\/v2\/posts\/117224"}],"collection":[{"href":"https:\/\/infoecos.com.ar\/index.php\/wp-json\/wp\/v2\/posts"}],"about":[{"href":"https:\/\/infoecos.com.ar\/index.php\/wp-json\/wp\/v2\/types\/post"}],"author":[{"embeddable":true,"href":"https:\/\/infoecos.com.ar\/index.php\/wp-json\/wp\/v2\/users\/2"}],"replies":[{"embeddable":true,"href":"https:\/\/infoecos.com.ar\/index.php\/wp-json\/wp\/v2\/comments?post=117224"}],"version-history":[{"count":2,"href":"https:\/\/infoecos.com.ar\/index.php\/wp-json\/wp\/v2\/posts\/117224\/revisions"}],"predecessor-version":[{"id":117226,"href":"https:\/\/infoecos.com.ar\/index.php\/wp-json\/wp\/v2\/posts\/117224\/revisions\/117226"}],"wp:featuredmedia":[{"embeddable":true,"href":"https:\/\/infoecos.com.ar\/index.php\/wp-json\/wp\/v2\/media\/68637"}],"wp:attachment":[{"href":"https:\/\/infoecos.com.ar\/index.php\/wp-json\/wp\/v2\/media?parent=117224"}],"wp:term":[{"taxonomy":"category","embeddable":true,"href":"https:\/\/infoecos.com.ar\/index.php\/wp-json\/wp\/v2\/categories?post=117224"},{"taxonomy":"post_tag","embeddable":true,"href":"https:\/\/infoecos.com.ar\/index.php\/wp-json\/wp\/v2\/tags?post=117224"}],"curies":[{"name":"wp","href":"https:\/\/api.w.org\/{rel}","templated":true}]}}