{"id":117229,"date":"2024-01-08T16:07:04","date_gmt":"2024-01-08T19:07:04","guid":{"rendered":"https:\/\/infoecos.com.ar\/?p=117229"},"modified":"2024-01-10T03:07:09","modified_gmt":"2024-01-10T06:07:09","slug":"secuestran-dos-motos-sin-documentacion-sin-casco-y-chapa-un-resultado-de-alcoholemia-positivo","status":"publish","type":"post","link":"https:\/\/infoecos.com.ar\/index.php\/secuestran-dos-motos-sin-documentacion-sin-casco-y-chapa-un-resultado-de-alcoholemia-positivo\/","title":{"rendered":"Secuestran dos motos: sin documentaci\u00f3n, sin casco y chapa, un resultado de alcoholemia positivo"},"content":{"rendered":"\n<p>Personal policial de la Comisar\u00eda 1ra procedi\u00f3 a realizar infracci\u00f3n y posterior secuestro de dos motocicletas, una marca Yamaha, dominio 885IWF, color azul; y una marca Honda, dominio A140YLM, color negro. Ambos conductores, circulaban sin documentaci\u00f3n reglamentaria; casco y chapa patente, y di\u00f3 resultado positivo uno de ellos al test de alcoholemia.<\/p>\n\n\n\n<figure class=\"wp-block-image aligncenter size-full is-resized\"><img loading=\"lazy\" decoding=\"async\" src=\"https:\/\/infoecos.com.ar\/wp-content\/uploads\/2024\/01\/image-47.png\" alt=\"\" class=\"wp-image-117230\" width=\"247\" height=\"439\" srcset=\"https:\/\/infoecos.com.ar\/wp-content\/uploads\/2024\/01\/image-47.png 720w, https:\/\/infoecos.com.ar\/wp-content\/uploads\/2024\/01\/image-47-450x800.png 450w\" sizes=\"(max-width: 247px) 100vw, 247px\" \/><\/figure>\n\n\n\n<p>La tarea de las fuerzas de seguridad cont\u00f3 con el aporte de la Direcci\u00f3n de Tr\u00e1nsito Municipal.<\/p>\n\n\n\n<figure class=\"wp-block-image aligncenter size-full is-resized\"><img loading=\"lazy\" decoding=\"async\" src=\"https:\/\/infoecos.com.ar\/wp-content\/uploads\/2024\/01\/image-48.png\" alt=\"\" class=\"wp-image-117231\" width=\"252\" height=\"336\" srcset=\"https:\/\/infoecos.com.ar\/wp-content\/uploads\/2024\/01\/image-48.png 864w, https:\/\/infoecos.com.ar\/wp-content\/uploads\/2024\/01\/image-48-600x800.png 600w, https:\/\/infoecos.com.ar\/wp-content\/uploads\/2024\/01\/image-48-768x1024.png 768w\" sizes=\"(max-width: 252px) 100vw, 252px\" \/><\/figure>\n\n\n\n<p>Tom\u00f3 intervenci\u00f3n en las actuaciones labradas el Juzgado de Faltas Municipal de Trenque Lauquen, por Infringir la Ley Nacional de Transito 24.449.<\/p>\n","protected":false},"excerpt":{"rendered":"<p>La tarea de las fuerzas de seguridad cont\u00f3 con el aporte de la Direcci\u00f3n de Tr\u00e1nsito Municipal<\/p>\n","protected":false},"author":2,"featured_media":117231,"comment_status":"closed","ping_status":"open","sticky":false,"template":"","format":"standard","meta":{"footnotes":""},"categories":[1323],"tags":[9030],"class_list":["post-117229","post","type-post","status-publish","format-standard","has-post-thumbnail","hentry","category-c2nota5","tag-policial-trenque-lauquen-2"],"yoast_head":"<!-- This site is optimized with the Yoast SEO plugin v23.4 - https:\/\/yoast.com\/wordpress\/plugins\/seo\/ -->\n<title>Secuestran dos motos: sin documentaci\u00f3n, sin casco y chapa, un resultado de alcoholemia positivo - Infoecos<\/title>\n<meta name=\"robots\" content=\"index, follow, max-snippet:-1, max-image-preview:large, max-video-preview:-1\" \/>\n<link rel=\"canonical\" href=\"https:\/\/infoecos.com.ar\/index.php\/secuestran-dos-motos-sin-documentacion-sin-casco-y-chapa-un-resultado-de-alcoholemia-positivo\/\" \/>\n<meta property=\"og:locale\" content=\"es_ES\" \/>\n<meta property=\"og:type\" content=\"article\" \/>\n<meta property=\"og:title\" content=\"Secuestran dos motos: sin documentaci\u00f3n, sin casco y chapa, un resultado de alcoholemia positivo - Infoecos\" \/>\n<meta property=\"og:description\" content=\"La tarea de las fuerzas de seguridad cont\u00f3 con el aporte de la Direcci\u00f3n de Tr\u00e1nsito Municipal\" \/>\n<meta property=\"og:url\" content=\"https:\/\/infoecos.com.ar\/index.php\/secuestran-dos-motos-sin-documentacion-sin-casco-y-chapa-un-resultado-de-alcoholemia-positivo\/\" \/>\n<meta property=\"og:site_name\" content=\"Infoecos\" \/>\n<meta property=\"article:publisher\" content=\"https:\/\/www.facebook.com\/profile.php?id=100063200290284\" \/>\n<meta property=\"article:published_time\" content=\"2024-01-08T19:07:04+00:00\" \/>\n<meta property=\"article:modified_time\" content=\"2024-01-10T06:07:09+00:00\" \/>\n<meta property=\"og:image\" content=\"https:\/\/infoecos.com.ar\/wp-content\/uploads\/2024\/01\/image-48.png\" \/>\n\t<meta property=\"og:image:width\" content=\"864\" \/>\n\t<meta property=\"og:image:height\" content=\"1152\" \/>\n\t<meta property=\"og:image:type\" content=\"image\/png\" \/>\n<meta name=\"author\" content=\"Jorge Matheus\" \/>\n<meta name=\"twitter:card\" content=\"summary_large_image\" \/>\n<meta name=\"twitter:creator\" content=\"@infoecos\" \/>\n<meta name=\"twitter:site\" content=\"@infoecos\" \/>\n<meta name=\"twitter:label1\" content=\"Escrito por\" \/>\n\t<meta name=\"twitter:data1\" content=\"Jorge Matheus\" \/>\n\t<meta name=\"twitter:label2\" content=\"Tiempo de lectura\" \/>\n\t<meta name=\"twitter:data2\" content=\"1 minuto\" \/>\n<script type=\"application\/ld+json\" class=\"yoast-schema-graph\">{\"@context\":\"https:\/\/schema.org\",\"@graph\":[{\"@type\":\"Article\",\"@id\":\"https:\/\/infoecos.com.ar\/index.php\/secuestran-dos-motos-sin-documentacion-sin-casco-y-chapa-un-resultado-de-alcoholemia-positivo\/#article\",\"isPartOf\":{\"@id\":\"https:\/\/infoecos.com.ar\/index.php\/secuestran-dos-motos-sin-documentacion-sin-casco-y-chapa-un-resultado-de-alcoholemia-positivo\/\"},\"author\":{\"name\":\"Jorge Matheus\",\"@id\":\"https:\/\/infoecos.com.ar\/#\/schema\/person\/8f5ace5ce73b4b4aac4b7245aee6f191\"},\"headline\":\"Secuestran dos motos: sin documentaci\u00f3n, sin casco y chapa, un resultado de alcoholemia positivo\",\"datePublished\":\"2024-01-08T19:07:04+00:00\",\"dateModified\":\"2024-01-10T06:07:09+00:00\",\"mainEntityOfPage\":{\"@id\":\"https:\/\/infoecos.com.ar\/index.php\/secuestran-dos-motos-sin-documentacion-sin-casco-y-chapa-un-resultado-de-alcoholemia-positivo\/\"},\"wordCount\":112,\"publisher\":{\"@id\":\"https:\/\/infoecos.com.ar\/#organization\"},\"image\":{\"@id\":\"https:\/\/infoecos.com.ar\/index.php\/secuestran-dos-motos-sin-documentacion-sin-casco-y-chapa-un-resultado-de-alcoholemia-positivo\/#primaryimage\"},\"thumbnailUrl\":\"https:\/\/infoecos.com.ar\/wp-content\/uploads\/2024\/01\/image-48.png\",\"keywords\":[\"POLICIAL TRENQUE LAUQUEN\"],\"articleSection\":[\"C2 N5\"],\"inLanguage\":\"es\"},{\"@type\":\"WebPage\",\"@id\":\"https:\/\/infoecos.com.ar\/index.php\/secuestran-dos-motos-sin-documentacion-sin-casco-y-chapa-un-resultado-de-alcoholemia-positivo\/\",\"url\":\"https:\/\/infoecos.com.ar\/index.php\/secuestran-dos-motos-sin-documentacion-sin-casco-y-chapa-un-resultado-de-alcoholemia-positivo\/\",\"name\":\"Secuestran dos motos: sin documentaci\u00f3n, sin casco y chapa, un resultado de alcoholemia positivo - Infoecos\",\"isPartOf\":{\"@id\":\"https:\/\/infoecos.com.ar\/#website\"},\"primaryImageOfPage\":{\"@id\":\"https:\/\/infoecos.com.ar\/index.php\/secuestran-dos-motos-sin-documentacion-sin-casco-y-chapa-un-resultado-de-alcoholemia-positivo\/#primaryimage\"},\"image\":{\"@id\":\"https:\/\/infoecos.com.ar\/index.php\/secuestran-dos-motos-sin-documentacion-sin-casco-y-chapa-un-resultado-de-alcoholemia-positivo\/#primaryimage\"},\"thumbnailUrl\":\"https:\/\/infoecos.com.ar\/wp-content\/uploads\/2024\/01\/image-48.png\",\"datePublished\":\"2024-01-08T19:07:04+00:00\",\"dateModified\":\"2024-01-10T06:07:09+00:00\",\"breadcrumb\":{\"@id\":\"https:\/\/infoecos.com.ar\/index.php\/secuestran-dos-motos-sin-documentacion-sin-casco-y-chapa-un-resultado-de-alcoholemia-positivo\/#breadcrumb\"},\"inLanguage\":\"es\",\"potentialAction\":[{\"@type\":\"ReadAction\",\"target\":[\"https:\/\/infoecos.com.ar\/index.php\/secuestran-dos-motos-sin-documentacion-sin-casco-y-chapa-un-resultado-de-alcoholemia-positivo\/\"]}]},{\"@type\":\"ImageObject\",\"inLanguage\":\"es\",\"@id\":\"https:\/\/infoecos.com.ar\/index.php\/secuestran-dos-motos-sin-documentacion-sin-casco-y-chapa-un-resultado-de-alcoholemia-positivo\/#primaryimage\",\"url\":\"https:\/\/infoecos.com.ar\/wp-content\/uploads\/2024\/01\/image-48.png\",\"contentUrl\":\"https:\/\/infoecos.com.ar\/wp-content\/uploads\/2024\/01\/image-48.png\",\"width\":864,\"height\":1152},{\"@type\":\"BreadcrumbList\",\"@id\":\"https:\/\/infoecos.com.ar\/index.php\/secuestran-dos-motos-sin-documentacion-sin-casco-y-chapa-un-resultado-de-alcoholemia-positivo\/#breadcrumb\",\"itemListElement\":[{\"@type\":\"ListItem\",\"position\":1,\"name\":\"Portada\",\"item\":\"https:\/\/infoecos.com.ar\/\"},{\"@type\":\"ListItem\",\"position\":2,\"name\":\"Secuestran dos motos: sin documentaci\u00f3n, sin casco y chapa, un resultado de alcoholemia positivo\"}]},{\"@type\":\"WebSite\",\"@id\":\"https:\/\/infoecos.com.ar\/#website\",\"url\":\"https:\/\/infoecos.com.ar\/\",\"name\":\"Infoecos\",\"description\":\"Noticias de trenque lauquen y la zona\",\"publisher\":{\"@id\":\"https:\/\/infoecos.com.ar\/#organization\"},\"alternateName\":\"Noticias\",\"potentialAction\":[{\"@type\":\"SearchAction\",\"target\":{\"@type\":\"EntryPoint\",\"urlTemplate\":\"https:\/\/infoecos.com.ar\/?s={search_term_string}\"},\"query-input\":{\"@type\":\"PropertyValueSpecification\",\"valueRequired\":true,\"valueName\":\"search_term_string\"}}],\"inLanguage\":\"es\"},{\"@type\":\"Organization\",\"@id\":\"https:\/\/infoecos.com.ar\/#organization\",\"name\":\"Infoecos\",\"alternateName\":\"Noticias\",\"url\":\"https:\/\/infoecos.com.ar\/\",\"logo\":{\"@type\":\"ImageObject\",\"inLanguage\":\"es\",\"@id\":\"https:\/\/infoecos.com.ar\/#\/schema\/logo\/image\/\",\"url\":\"https:\/\/infoecos.com.ar\/wp-content\/uploads\/2024\/03\/cropped-logo.png\",\"contentUrl\":\"https:\/\/infoecos.com.ar\/wp-content\/uploads\/2024\/03\/cropped-logo.png\",\"width\":374,\"height\":90,\"caption\":\"Infoecos\"},\"image\":{\"@id\":\"https:\/\/infoecos.com.ar\/#\/schema\/logo\/image\/\"},\"sameAs\":[\"https:\/\/www.facebook.com\/profile.php?id=100063200290284\",\"https:\/\/x.com\/infoecos\"]},{\"@type\":\"Person\",\"@id\":\"https:\/\/infoecos.com.ar\/#\/schema\/person\/8f5ace5ce73b4b4aac4b7245aee6f191\",\"name\":\"Jorge Matheus\",\"url\":\"https:\/\/infoecos.com.ar\/index.php\/author\/jomatheus\/\"}]}<\/script>\n<!-- \/ Yoast SEO plugin. -->","yoast_head_json":{"title":"Secuestran dos motos: sin documentaci\u00f3n, sin casco y chapa, un resultado de alcoholemia positivo - Infoecos","robots":{"index":"index","follow":"follow","max-snippet":"max-snippet:-1","max-image-preview":"max-image-preview:large","max-video-preview":"max-video-preview:-1"},"canonical":"https:\/\/infoecos.com.ar\/index.php\/secuestran-dos-motos-sin-documentacion-sin-casco-y-chapa-un-resultado-de-alcoholemia-positivo\/","og_locale":"es_ES","og_type":"article","og_title":"Secuestran dos motos: sin documentaci\u00f3n, sin casco y chapa, un resultado de alcoholemia positivo - Infoecos","og_description":"La tarea de las fuerzas de seguridad cont\u00f3 con el aporte de la Direcci\u00f3n de Tr\u00e1nsito Municipal","og_url":"https:\/\/infoecos.com.ar\/index.php\/secuestran-dos-motos-sin-documentacion-sin-casco-y-chapa-un-resultado-de-alcoholemia-positivo\/","og_site_name":"Infoecos","article_publisher":"https:\/\/www.facebook.com\/profile.php?id=100063200290284","article_published_time":"2024-01-08T19:07:04+00:00","article_modified_time":"2024-01-10T06:07:09+00:00","og_image":[{"width":864,"height":1152,"url":"https:\/\/infoecos.com.ar\/wp-content\/uploads\/2024\/01\/image-48.png","type":"image\/png"}],"author":"Jorge Matheus","twitter_card":"summary_large_image","twitter_creator":"@infoecos","twitter_site":"@infoecos","twitter_misc":{"Escrito por":"Jorge Matheus","Tiempo de lectura":"1 minuto"},"schema":{"@context":"https:\/\/schema.org","@graph":[{"@type":"Article","@id":"https:\/\/infoecos.com.ar\/index.php\/secuestran-dos-motos-sin-documentacion-sin-casco-y-chapa-un-resultado-de-alcoholemia-positivo\/#article","isPartOf":{"@id":"https:\/\/infoecos.com.ar\/index.php\/secuestran-dos-motos-sin-documentacion-sin-casco-y-chapa-un-resultado-de-alcoholemia-positivo\/"},"author":{"name":"Jorge Matheus","@id":"https:\/\/infoecos.com.ar\/#\/schema\/person\/8f5ace5ce73b4b4aac4b7245aee6f191"},"headline":"Secuestran dos motos: sin documentaci\u00f3n, sin casco y chapa, un resultado de alcoholemia positivo","datePublished":"2024-01-08T19:07:04+00:00","dateModified":"2024-01-10T06:07:09+00:00","mainEntityOfPage":{"@id":"https:\/\/infoecos.com.ar\/index.php\/secuestran-dos-motos-sin-documentacion-sin-casco-y-chapa-un-resultado-de-alcoholemia-positivo\/"},"wordCount":112,"publisher":{"@id":"https:\/\/infoecos.com.ar\/#organization"},"image":{"@id":"https:\/\/infoecos.com.ar\/index.php\/secuestran-dos-motos-sin-documentacion-sin-casco-y-chapa-un-resultado-de-alcoholemia-positivo\/#primaryimage"},"thumbnailUrl":"https:\/\/infoecos.com.ar\/wp-content\/uploads\/2024\/01\/image-48.png","keywords":["POLICIAL TRENQUE LAUQUEN"],"articleSection":["C2 N5"],"inLanguage":"es"},{"@type":"WebPage","@id":"https:\/\/infoecos.com.ar\/index.php\/secuestran-dos-motos-sin-documentacion-sin-casco-y-chapa-un-resultado-de-alcoholemia-positivo\/","url":"https:\/\/infoecos.com.ar\/index.php\/secuestran-dos-motos-sin-documentacion-sin-casco-y-chapa-un-resultado-de-alcoholemia-positivo\/","name":"Secuestran dos motos: sin documentaci\u00f3n, sin casco y chapa, un resultado de alcoholemia positivo - Infoecos","isPartOf":{"@id":"https:\/\/infoecos.com.ar\/#website"},"primaryImageOfPage":{"@id":"https:\/\/infoecos.com.ar\/index.php\/secuestran-dos-motos-sin-documentacion-sin-casco-y-chapa-un-resultado-de-alcoholemia-positivo\/#primaryimage"},"image":{"@id":"https:\/\/infoecos.com.ar\/index.php\/secuestran-dos-motos-sin-documentacion-sin-casco-y-chapa-un-resultado-de-alcoholemia-positivo\/#primaryimage"},"thumbnailUrl":"https:\/\/infoecos.com.ar\/wp-content\/uploads\/2024\/01\/image-48.png","datePublished":"2024-01-08T19:07:04+00:00","dateModified":"2024-01-10T06:07:09+00:00","breadcrumb":{"@id":"https:\/\/infoecos.com.ar\/index.php\/secuestran-dos-motos-sin-documentacion-sin-casco-y-chapa-un-resultado-de-alcoholemia-positivo\/#breadcrumb"},"inLanguage":"es","potentialAction":[{"@type":"ReadAction","target":["https:\/\/infoecos.com.ar\/index.php\/secuestran-dos-motos-sin-documentacion-sin-casco-y-chapa-un-resultado-de-alcoholemia-positivo\/"]}]},{"@type":"ImageObject","inLanguage":"es","@id":"https:\/\/infoecos.com.ar\/index.php\/secuestran-dos-motos-sin-documentacion-sin-casco-y-chapa-un-resultado-de-alcoholemia-positivo\/#primaryimage","url":"https:\/\/infoecos.com.ar\/wp-content\/uploads\/2024\/01\/image-48.png","contentUrl":"https:\/\/infoecos.com.ar\/wp-content\/uploads\/2024\/01\/image-48.png","width":864,"height":1152},{"@type":"BreadcrumbList","@id":"https:\/\/infoecos.com.ar\/index.php\/secuestran-dos-motos-sin-documentacion-sin-casco-y-chapa-un-resultado-de-alcoholemia-positivo\/#breadcrumb","itemListElement":[{"@type":"ListItem","position":1,"name":"Portada","item":"https:\/\/infoecos.com.ar\/"},{"@type":"ListItem","position":2,"name":"Secuestran dos motos: sin documentaci\u00f3n, sin casco y chapa, un resultado de alcoholemia positivo"}]},{"@type":"WebSite","@id":"https:\/\/infoecos.com.ar\/#website","url":"https:\/\/infoecos.com.ar\/","name":"Infoecos","description":"Noticias de trenque lauquen y la zona","publisher":{"@id":"https:\/\/infoecos.com.ar\/#organization"},"alternateName":"Noticias","potentialAction":[{"@type":"SearchAction","target":{"@type":"EntryPoint","urlTemplate":"https:\/\/infoecos.com.ar\/?s={search_term_string}"},"query-input":{"@type":"PropertyValueSpecification","valueRequired":true,"valueName":"search_term_string"}}],"inLanguage":"es"},{"@type":"Organization","@id":"https:\/\/infoecos.com.ar\/#organization","name":"Infoecos","alternateName":"Noticias","url":"https:\/\/infoecos.com.ar\/","logo":{"@type":"ImageObject","inLanguage":"es","@id":"https:\/\/infoecos.com.ar\/#\/schema\/logo\/image\/","url":"https:\/\/infoecos.com.ar\/wp-content\/uploads\/2024\/03\/cropped-logo.png","contentUrl":"https:\/\/infoecos.com.ar\/wp-content\/uploads\/2024\/03\/cropped-logo.png","width":374,"height":90,"caption":"Infoecos"},"image":{"@id":"https:\/\/infoecos.com.ar\/#\/schema\/logo\/image\/"},"sameAs":["https:\/\/www.facebook.com\/profile.php?id=100063200290284","https:\/\/x.com\/infoecos"]},{"@type":"Person","@id":"https:\/\/infoecos.com.ar\/#\/schema\/person\/8f5ace5ce73b4b4aac4b7245aee6f191","name":"Jorge Matheus","url":"https:\/\/infoecos.com.ar\/index.php\/author\/jomatheus\/"}]}},"featured_image_urls":{"full":["https:\/\/infoecos.com.ar\/wp-content\/uploads\/2024\/01\/image-48.png",864,1152,false],"thumbnail":["https:\/\/infoecos.com.ar\/wp-content\/uploads\/2024\/01\/image-48-300x150.png",300,150,true],"medium":["https:\/\/infoecos.com.ar\/wp-content\/uploads\/2024\/01\/image-48-600x800.png",600,800,true],"medium_large":["https:\/\/infoecos.com.ar\/wp-content\/uploads\/2024\/01\/image-48-768x1024.png",640,853,true],"large":["https:\/\/infoecos.com.ar\/wp-content\/uploads\/2024\/01\/image-48.png",640,853,false],"1536x1536":["https:\/\/infoecos.com.ar\/wp-content\/uploads\/2024\/01\/image-48.png",864,1152,false],"2048x2048":["https:\/\/infoecos.com.ar\/wp-content\/uploads\/2024\/01\/image-48.png",864,1152,false],"covernews-slider-full":["https:\/\/infoecos.com.ar\/wp-content\/uploads\/2024\/01\/image-48-864x1020.png",606,715,true],"covernews-slider-center":["https:\/\/infoecos.com.ar\/wp-content\/uploads\/2024\/01\/image-48-864x897.png",482,500,true],"covernews-featured":["https:\/\/infoecos.com.ar\/wp-content\/uploads\/2024\/01\/image-48.png",864,1152,false],"covernews-medium":["https:\/\/infoecos.com.ar\/wp-content\/uploads\/2024\/01\/image-48-720x380.png",540,285,true],"covernews-medium-square":["https:\/\/infoecos.com.ar\/wp-content\/uploads\/2024\/01\/image-48-675x450.png",375,250,true]},"author_info":{"info":["Jorge Matheus"]},"category_info":"<a href=\"https:\/\/infoecos.com.ar\/index.php\/category\/c2nota5\/\" rel=\"category tag\">C2 N5<\/a>","tag_info":"C2 N5","comment_count":"0","_links":{"self":[{"href":"https:\/\/infoecos.com.ar\/index.php\/wp-json\/wp\/v2\/posts\/117229"}],"collection":[{"href":"https:\/\/infoecos.com.ar\/index.php\/wp-json\/wp\/v2\/posts"}],"about":[{"href":"https:\/\/infoecos.com.ar\/index.php\/wp-json\/wp\/v2\/types\/post"}],"author":[{"embeddable":true,"href":"https:\/\/infoecos.com.ar\/index.php\/wp-json\/wp\/v2\/users\/2"}],"replies":[{"embeddable":true,"href":"https:\/\/infoecos.com.ar\/index.php\/wp-json\/wp\/v2\/comments?post=117229"}],"version-history":[{"count":1,"href":"https:\/\/infoecos.com.ar\/index.php\/wp-json\/wp\/v2\/posts\/117229\/revisions"}],"predecessor-version":[{"id":117232,"href":"https:\/\/infoecos.com.ar\/index.php\/wp-json\/wp\/v2\/posts\/117229\/revisions\/117232"}],"wp:featuredmedia":[{"embeddable":true,"href":"https:\/\/infoecos.com.ar\/index.php\/wp-json\/wp\/v2\/media\/117231"}],"wp:attachment":[{"href":"https:\/\/infoecos.com.ar\/index.php\/wp-json\/wp\/v2\/media?parent=117229"}],"wp:term":[{"taxonomy":"category","embeddable":true,"href":"https:\/\/infoecos.com.ar\/index.php\/wp-json\/wp\/v2\/categories?post=117229"},{"taxonomy":"post_tag","embeddable":true,"href":"https:\/\/infoecos.com.ar\/index.php\/wp-json\/wp\/v2\/tags?post=117229"}],"curies":[{"name":"wp","href":"https:\/\/api.w.org\/{rel}","templated":true}]}}