{"id":117233,"date":"2024-01-08T16:17:56","date_gmt":"2024-01-08T19:17:56","guid":{"rendered":"https:\/\/infoecos.com.ar\/?p=117233"},"modified":"2024-01-10T03:02:36","modified_gmt":"2024-01-10T06:02:36","slug":"secuestro-de-un-automovil-y-dos-detenidos-por-ebriedad-que-provocaban-disturbios","status":"publish","type":"post","link":"https:\/\/infoecos.com.ar\/index.php\/secuestro-de-un-automovil-y-dos-detenidos-por-ebriedad-que-provocaban-disturbios\/","title":{"rendered":"Secuestro de un autom\u00f3vil y dos detenidos por ebriedad que provocaban disturbios"},"content":{"rendered":"\n<figure class=\"wp-block-image alignright size-full is-resized\"><img loading=\"lazy\" decoding=\"async\" src=\"https:\/\/infoecos.com.ar\/wp-content\/uploads\/2021\/09\/comisaria1.jpg\" alt=\"\" class=\"wp-image-86316\" width=\"304\" height=\"227\" srcset=\"https:\/\/infoecos.com.ar\/wp-content\/uploads\/2021\/09\/comisaria1.jpg 828w, https:\/\/infoecos.com.ar\/wp-content\/uploads\/2021\/09\/comisaria1-460x345.jpg 460w, https:\/\/infoecos.com.ar\/wp-content\/uploads\/2021\/09\/comisaria1-768x576.jpg 768w\" sizes=\"(max-width: 304px) 100vw, 304px\" \/><\/figure>\n\n\n\n<p><strong>Secuestro de un autom\u00f3vil<\/strong>.<\/p>\n\n\n\n<p>Se procedi\u00f3 al secuestro de un autom\u00f3vil marca Peugeot color gris domino IRV688, cuyo conductor de 47 a\u00f1os de edad, se neg\u00f3 a la realizaci\u00f3n del Test de alcoholemia. <\/p>\n\n\n\n<p>La Polic\u00eda de Trenque Lauquen inform\u00f3 que se di\u00f3 intervenci\u00f3n al Juzgado de Faltas Municipal de Trenque Lauquen, por Infringir la Ley Nacional de Transito 24.449.<\/p>\n\n\n\n<p><strong>Dos detenidos por ebriedad y disturbios.<\/strong><\/p>\n\n\n\n<p>Personal policial de Comisaria 1\u00ba, en calle Alsina N\u00b0 540 Trenque Lauquen, procedi\u00f3 a la detenci\u00f3n de dos ciudadanos de 38 y 36 a\u00f1os. Se hallaban en la v\u00eda p\u00fablica en estado de ebriedad, ocasionando disturbios e incitando a la pelea. <\/p>\n\n\n\n<p>Se instruye causa contravencional por Infracci\u00f3n a los Art\u00edculos 72, 74 Inc. A y 35 del Decreto Ley 8031\/73, con intervenci\u00f3n del Juzgado Correccional N\u00b01 Departamental.<\/p>\n","protected":false},"excerpt":{"rendered":"<p>Intervenci\u00f3n del Juzgado de Faltas Municipal y del Juzgado Correcional n\u00famero 1 Departamental<\/p>\n","protected":false},"author":2,"featured_media":87662,"comment_status":"closed","ping_status":"open","sticky":false,"template":"","format":"standard","meta":{"footnotes":""},"categories":[197],"tags":[9030],"class_list":["post-117233","post","type-post","status-publish","format-standard","has-post-thumbnail","hentry","category-c3nota4","tag-policial-trenque-lauquen-2"],"yoast_head":"<!-- This site is optimized with the Yoast SEO plugin v23.4 - https:\/\/yoast.com\/wordpress\/plugins\/seo\/ -->\n<title>Secuestro de un autom\u00f3vil y dos detenidos por ebriedad que provocaban disturbios - Infoecos<\/title>\n<meta name=\"robots\" content=\"index, follow, max-snippet:-1, max-image-preview:large, max-video-preview:-1\" \/>\n<link rel=\"canonical\" href=\"https:\/\/infoecos.com.ar\/index.php\/secuestro-de-un-automovil-y-dos-detenidos-por-ebriedad-que-provocaban-disturbios\/\" \/>\n<meta property=\"og:locale\" content=\"es_ES\" \/>\n<meta property=\"og:type\" content=\"article\" \/>\n<meta property=\"og:title\" content=\"Secuestro de un autom\u00f3vil y dos detenidos por ebriedad que provocaban disturbios - Infoecos\" \/>\n<meta property=\"og:description\" content=\"Intervenci\u00f3n del Juzgado de Faltas Municipal y del Juzgado Correcional n\u00famero 1 Departamental\" \/>\n<meta property=\"og:url\" content=\"https:\/\/infoecos.com.ar\/index.php\/secuestro-de-un-automovil-y-dos-detenidos-por-ebriedad-que-provocaban-disturbios\/\" \/>\n<meta property=\"og:site_name\" content=\"Infoecos\" \/>\n<meta property=\"article:publisher\" content=\"https:\/\/www.facebook.com\/profile.php?id=100063200290284\" \/>\n<meta property=\"article:published_time\" content=\"2024-01-08T19:17:56+00:00\" \/>\n<meta property=\"article:modified_time\" content=\"2024-01-10T06:02:36+00:00\" \/>\n<meta property=\"og:image\" content=\"https:\/\/infoecos.com.ar\/wp-content\/uploads\/2021\/10\/policiacc.jpeg\" \/>\n\t<meta property=\"og:image:width\" content=\"777\" \/>\n\t<meta property=\"og:image:height\" content=\"437\" \/>\n\t<meta property=\"og:image:type\" content=\"image\/jpeg\" \/>\n<meta name=\"author\" content=\"Jorge Matheus\" \/>\n<meta name=\"twitter:card\" content=\"summary_large_image\" \/>\n<meta name=\"twitter:creator\" content=\"@infoecos\" \/>\n<meta name=\"twitter:site\" content=\"@infoecos\" \/>\n<meta name=\"twitter:label1\" content=\"Escrito por\" \/>\n\t<meta name=\"twitter:data1\" content=\"Jorge Matheus\" \/>\n\t<meta name=\"twitter:label2\" content=\"Tiempo de lectura\" \/>\n\t<meta name=\"twitter:data2\" content=\"1 minuto\" \/>\n<script type=\"application\/ld+json\" class=\"yoast-schema-graph\">{\"@context\":\"https:\/\/schema.org\",\"@graph\":[{\"@type\":\"Article\",\"@id\":\"https:\/\/infoecos.com.ar\/index.php\/secuestro-de-un-automovil-y-dos-detenidos-por-ebriedad-que-provocaban-disturbios\/#article\",\"isPartOf\":{\"@id\":\"https:\/\/infoecos.com.ar\/index.php\/secuestro-de-un-automovil-y-dos-detenidos-por-ebriedad-que-provocaban-disturbios\/\"},\"author\":{\"name\":\"Jorge Matheus\",\"@id\":\"https:\/\/infoecos.com.ar\/#\/schema\/person\/8f5ace5ce73b4b4aac4b7245aee6f191\"},\"headline\":\"Secuestro de un autom\u00f3vil y dos detenidos por ebriedad que provocaban disturbios\",\"datePublished\":\"2024-01-08T19:17:56+00:00\",\"dateModified\":\"2024-01-10T06:02:36+00:00\",\"mainEntityOfPage\":{\"@id\":\"https:\/\/infoecos.com.ar\/index.php\/secuestro-de-un-automovil-y-dos-detenidos-por-ebriedad-que-provocaban-disturbios\/\"},\"wordCount\":148,\"publisher\":{\"@id\":\"https:\/\/infoecos.com.ar\/#organization\"},\"image\":{\"@id\":\"https:\/\/infoecos.com.ar\/index.php\/secuestro-de-un-automovil-y-dos-detenidos-por-ebriedad-que-provocaban-disturbios\/#primaryimage\"},\"thumbnailUrl\":\"https:\/\/infoecos.com.ar\/wp-content\/uploads\/2021\/10\/policiacc.jpeg\",\"keywords\":[\"POLICIAL TRENQUE LAUQUEN\"],\"articleSection\":[\"C3 N4\"],\"inLanguage\":\"es\"},{\"@type\":\"WebPage\",\"@id\":\"https:\/\/infoecos.com.ar\/index.php\/secuestro-de-un-automovil-y-dos-detenidos-por-ebriedad-que-provocaban-disturbios\/\",\"url\":\"https:\/\/infoecos.com.ar\/index.php\/secuestro-de-un-automovil-y-dos-detenidos-por-ebriedad-que-provocaban-disturbios\/\",\"name\":\"Secuestro de un autom\u00f3vil y dos detenidos por ebriedad que provocaban disturbios - Infoecos\",\"isPartOf\":{\"@id\":\"https:\/\/infoecos.com.ar\/#website\"},\"primaryImageOfPage\":{\"@id\":\"https:\/\/infoecos.com.ar\/index.php\/secuestro-de-un-automovil-y-dos-detenidos-por-ebriedad-que-provocaban-disturbios\/#primaryimage\"},\"image\":{\"@id\":\"https:\/\/infoecos.com.ar\/index.php\/secuestro-de-un-automovil-y-dos-detenidos-por-ebriedad-que-provocaban-disturbios\/#primaryimage\"},\"thumbnailUrl\":\"https:\/\/infoecos.com.ar\/wp-content\/uploads\/2021\/10\/policiacc.jpeg\",\"datePublished\":\"2024-01-08T19:17:56+00:00\",\"dateModified\":\"2024-01-10T06:02:36+00:00\",\"breadcrumb\":{\"@id\":\"https:\/\/infoecos.com.ar\/index.php\/secuestro-de-un-automovil-y-dos-detenidos-por-ebriedad-que-provocaban-disturbios\/#breadcrumb\"},\"inLanguage\":\"es\",\"potentialAction\":[{\"@type\":\"ReadAction\",\"target\":[\"https:\/\/infoecos.com.ar\/index.php\/secuestro-de-un-automovil-y-dos-detenidos-por-ebriedad-que-provocaban-disturbios\/\"]}]},{\"@type\":\"ImageObject\",\"inLanguage\":\"es\",\"@id\":\"https:\/\/infoecos.com.ar\/index.php\/secuestro-de-un-automovil-y-dos-detenidos-por-ebriedad-que-provocaban-disturbios\/#primaryimage\",\"url\":\"https:\/\/infoecos.com.ar\/wp-content\/uploads\/2021\/10\/policiacc.jpeg\",\"contentUrl\":\"https:\/\/infoecos.com.ar\/wp-content\/uploads\/2021\/10\/policiacc.jpeg\",\"width\":777,\"height\":437},{\"@type\":\"BreadcrumbList\",\"@id\":\"https:\/\/infoecos.com.ar\/index.php\/secuestro-de-un-automovil-y-dos-detenidos-por-ebriedad-que-provocaban-disturbios\/#breadcrumb\",\"itemListElement\":[{\"@type\":\"ListItem\",\"position\":1,\"name\":\"Portada\",\"item\":\"https:\/\/infoecos.com.ar\/\"},{\"@type\":\"ListItem\",\"position\":2,\"name\":\"Secuestro de un autom\u00f3vil y dos detenidos por ebriedad que provocaban disturbios\"}]},{\"@type\":\"WebSite\",\"@id\":\"https:\/\/infoecos.com.ar\/#website\",\"url\":\"https:\/\/infoecos.com.ar\/\",\"name\":\"Infoecos\",\"description\":\"Noticias de trenque lauquen y la zona\",\"publisher\":{\"@id\":\"https:\/\/infoecos.com.ar\/#organization\"},\"alternateName\":\"Noticias\",\"potentialAction\":[{\"@type\":\"SearchAction\",\"target\":{\"@type\":\"EntryPoint\",\"urlTemplate\":\"https:\/\/infoecos.com.ar\/?s={search_term_string}\"},\"query-input\":{\"@type\":\"PropertyValueSpecification\",\"valueRequired\":true,\"valueName\":\"search_term_string\"}}],\"inLanguage\":\"es\"},{\"@type\":\"Organization\",\"@id\":\"https:\/\/infoecos.com.ar\/#organization\",\"name\":\"Infoecos\",\"alternateName\":\"Noticias\",\"url\":\"https:\/\/infoecos.com.ar\/\",\"logo\":{\"@type\":\"ImageObject\",\"inLanguage\":\"es\",\"@id\":\"https:\/\/infoecos.com.ar\/#\/schema\/logo\/image\/\",\"url\":\"https:\/\/infoecos.com.ar\/wp-content\/uploads\/2024\/03\/cropped-logo.png\",\"contentUrl\":\"https:\/\/infoecos.com.ar\/wp-content\/uploads\/2024\/03\/cropped-logo.png\",\"width\":374,\"height\":90,\"caption\":\"Infoecos\"},\"image\":{\"@id\":\"https:\/\/infoecos.com.ar\/#\/schema\/logo\/image\/\"},\"sameAs\":[\"https:\/\/www.facebook.com\/profile.php?id=100063200290284\",\"https:\/\/x.com\/infoecos\"]},{\"@type\":\"Person\",\"@id\":\"https:\/\/infoecos.com.ar\/#\/schema\/person\/8f5ace5ce73b4b4aac4b7245aee6f191\",\"name\":\"Jorge Matheus\",\"url\":\"https:\/\/infoecos.com.ar\/index.php\/author\/jomatheus\/\"}]}<\/script>\n<!-- \/ Yoast SEO plugin. -->","yoast_head_json":{"title":"Secuestro de un autom\u00f3vil y dos detenidos por ebriedad que provocaban disturbios - Infoecos","robots":{"index":"index","follow":"follow","max-snippet":"max-snippet:-1","max-image-preview":"max-image-preview:large","max-video-preview":"max-video-preview:-1"},"canonical":"https:\/\/infoecos.com.ar\/index.php\/secuestro-de-un-automovil-y-dos-detenidos-por-ebriedad-que-provocaban-disturbios\/","og_locale":"es_ES","og_type":"article","og_title":"Secuestro de un autom\u00f3vil y dos detenidos por ebriedad que provocaban disturbios - Infoecos","og_description":"Intervenci\u00f3n del Juzgado de Faltas Municipal y del Juzgado Correcional n\u00famero 1 Departamental","og_url":"https:\/\/infoecos.com.ar\/index.php\/secuestro-de-un-automovil-y-dos-detenidos-por-ebriedad-que-provocaban-disturbios\/","og_site_name":"Infoecos","article_publisher":"https:\/\/www.facebook.com\/profile.php?id=100063200290284","article_published_time":"2024-01-08T19:17:56+00:00","article_modified_time":"2024-01-10T06:02:36+00:00","og_image":[{"width":777,"height":437,"url":"https:\/\/infoecos.com.ar\/wp-content\/uploads\/2021\/10\/policiacc.jpeg","type":"image\/jpeg"}],"author":"Jorge Matheus","twitter_card":"summary_large_image","twitter_creator":"@infoecos","twitter_site":"@infoecos","twitter_misc":{"Escrito por":"Jorge Matheus","Tiempo de lectura":"1 minuto"},"schema":{"@context":"https:\/\/schema.org","@graph":[{"@type":"Article","@id":"https:\/\/infoecos.com.ar\/index.php\/secuestro-de-un-automovil-y-dos-detenidos-por-ebriedad-que-provocaban-disturbios\/#article","isPartOf":{"@id":"https:\/\/infoecos.com.ar\/index.php\/secuestro-de-un-automovil-y-dos-detenidos-por-ebriedad-que-provocaban-disturbios\/"},"author":{"name":"Jorge Matheus","@id":"https:\/\/infoecos.com.ar\/#\/schema\/person\/8f5ace5ce73b4b4aac4b7245aee6f191"},"headline":"Secuestro de un autom\u00f3vil y dos detenidos por ebriedad que provocaban disturbios","datePublished":"2024-01-08T19:17:56+00:00","dateModified":"2024-01-10T06:02:36+00:00","mainEntityOfPage":{"@id":"https:\/\/infoecos.com.ar\/index.php\/secuestro-de-un-automovil-y-dos-detenidos-por-ebriedad-que-provocaban-disturbios\/"},"wordCount":148,"publisher":{"@id":"https:\/\/infoecos.com.ar\/#organization"},"image":{"@id":"https:\/\/infoecos.com.ar\/index.php\/secuestro-de-un-automovil-y-dos-detenidos-por-ebriedad-que-provocaban-disturbios\/#primaryimage"},"thumbnailUrl":"https:\/\/infoecos.com.ar\/wp-content\/uploads\/2021\/10\/policiacc.jpeg","keywords":["POLICIAL TRENQUE LAUQUEN"],"articleSection":["C3 N4"],"inLanguage":"es"},{"@type":"WebPage","@id":"https:\/\/infoecos.com.ar\/index.php\/secuestro-de-un-automovil-y-dos-detenidos-por-ebriedad-que-provocaban-disturbios\/","url":"https:\/\/infoecos.com.ar\/index.php\/secuestro-de-un-automovil-y-dos-detenidos-por-ebriedad-que-provocaban-disturbios\/","name":"Secuestro de un autom\u00f3vil y dos detenidos por ebriedad que provocaban disturbios - Infoecos","isPartOf":{"@id":"https:\/\/infoecos.com.ar\/#website"},"primaryImageOfPage":{"@id":"https:\/\/infoecos.com.ar\/index.php\/secuestro-de-un-automovil-y-dos-detenidos-por-ebriedad-que-provocaban-disturbios\/#primaryimage"},"image":{"@id":"https:\/\/infoecos.com.ar\/index.php\/secuestro-de-un-automovil-y-dos-detenidos-por-ebriedad-que-provocaban-disturbios\/#primaryimage"},"thumbnailUrl":"https:\/\/infoecos.com.ar\/wp-content\/uploads\/2021\/10\/policiacc.jpeg","datePublished":"2024-01-08T19:17:56+00:00","dateModified":"2024-01-10T06:02:36+00:00","breadcrumb":{"@id":"https:\/\/infoecos.com.ar\/index.php\/secuestro-de-un-automovil-y-dos-detenidos-por-ebriedad-que-provocaban-disturbios\/#breadcrumb"},"inLanguage":"es","potentialAction":[{"@type":"ReadAction","target":["https:\/\/infoecos.com.ar\/index.php\/secuestro-de-un-automovil-y-dos-detenidos-por-ebriedad-que-provocaban-disturbios\/"]}]},{"@type":"ImageObject","inLanguage":"es","@id":"https:\/\/infoecos.com.ar\/index.php\/secuestro-de-un-automovil-y-dos-detenidos-por-ebriedad-que-provocaban-disturbios\/#primaryimage","url":"https:\/\/infoecos.com.ar\/wp-content\/uploads\/2021\/10\/policiacc.jpeg","contentUrl":"https:\/\/infoecos.com.ar\/wp-content\/uploads\/2021\/10\/policiacc.jpeg","width":777,"height":437},{"@type":"BreadcrumbList","@id":"https:\/\/infoecos.com.ar\/index.php\/secuestro-de-un-automovil-y-dos-detenidos-por-ebriedad-que-provocaban-disturbios\/#breadcrumb","itemListElement":[{"@type":"ListItem","position":1,"name":"Portada","item":"https:\/\/infoecos.com.ar\/"},{"@type":"ListItem","position":2,"name":"Secuestro de un autom\u00f3vil y dos detenidos por ebriedad que provocaban disturbios"}]},{"@type":"WebSite","@id":"https:\/\/infoecos.com.ar\/#website","url":"https:\/\/infoecos.com.ar\/","name":"Infoecos","description":"Noticias de trenque lauquen y la zona","publisher":{"@id":"https:\/\/infoecos.com.ar\/#organization"},"alternateName":"Noticias","potentialAction":[{"@type":"SearchAction","target":{"@type":"EntryPoint","urlTemplate":"https:\/\/infoecos.com.ar\/?s={search_term_string}"},"query-input":{"@type":"PropertyValueSpecification","valueRequired":true,"valueName":"search_term_string"}}],"inLanguage":"es"},{"@type":"Organization","@id":"https:\/\/infoecos.com.ar\/#organization","name":"Infoecos","alternateName":"Noticias","url":"https:\/\/infoecos.com.ar\/","logo":{"@type":"ImageObject","inLanguage":"es","@id":"https:\/\/infoecos.com.ar\/#\/schema\/logo\/image\/","url":"https:\/\/infoecos.com.ar\/wp-content\/uploads\/2024\/03\/cropped-logo.png","contentUrl":"https:\/\/infoecos.com.ar\/wp-content\/uploads\/2024\/03\/cropped-logo.png","width":374,"height":90,"caption":"Infoecos"},"image":{"@id":"https:\/\/infoecos.com.ar\/#\/schema\/logo\/image\/"},"sameAs":["https:\/\/www.facebook.com\/profile.php?id=100063200290284","https:\/\/x.com\/infoecos"]},{"@type":"Person","@id":"https:\/\/infoecos.com.ar\/#\/schema\/person\/8f5ace5ce73b4b4aac4b7245aee6f191","name":"Jorge Matheus","url":"https:\/\/infoecos.com.ar\/index.php\/author\/jomatheus\/"}]}},"featured_image_urls":{"full":["https:\/\/infoecos.com.ar\/wp-content\/uploads\/2021\/10\/policiacc.jpeg",777,437,false],"thumbnail":["https:\/\/infoecos.com.ar\/wp-content\/uploads\/2021\/10\/policiacc-150x150.jpeg",150,150,true],"medium":["https:\/\/infoecos.com.ar\/wp-content\/uploads\/2021\/10\/policiacc-460x259.jpeg",460,259,true],"medium_large":["https:\/\/infoecos.com.ar\/wp-content\/uploads\/2021\/10\/policiacc-768x432.jpeg",640,360,true],"large":["https:\/\/infoecos.com.ar\/wp-content\/uploads\/2021\/10\/policiacc.jpeg",640,360,false],"1536x1536":["https:\/\/infoecos.com.ar\/wp-content\/uploads\/2021\/10\/policiacc.jpeg",777,437,false],"2048x2048":["https:\/\/infoecos.com.ar\/wp-content\/uploads\/2021\/10\/policiacc.jpeg",777,437,false],"covernews-slider-full":["https:\/\/infoecos.com.ar\/wp-content\/uploads\/2021\/10\/policiacc.jpeg",777,437,false],"covernews-slider-center":["https:\/\/infoecos.com.ar\/wp-content\/uploads\/2021\/10\/policiacc.jpeg",777,437,false],"covernews-featured":["https:\/\/infoecos.com.ar\/wp-content\/uploads\/2021\/10\/policiacc.jpeg",777,437,false],"covernews-medium":["https:\/\/infoecos.com.ar\/wp-content\/uploads\/2021\/10\/policiacc-720x380.jpeg",540,285,true],"covernews-medium-square":["https:\/\/infoecos.com.ar\/wp-content\/uploads\/2021\/10\/policiacc-675x437.jpeg",386,250,true]},"author_info":{"info":["Jorge Matheus"]},"category_info":"<a href=\"https:\/\/infoecos.com.ar\/index.php\/category\/c3nota4\/\" rel=\"category tag\">C3 N4<\/a>","tag_info":"C3 N4","comment_count":"0","_links":{"self":[{"href":"https:\/\/infoecos.com.ar\/index.php\/wp-json\/wp\/v2\/posts\/117233"}],"collection":[{"href":"https:\/\/infoecos.com.ar\/index.php\/wp-json\/wp\/v2\/posts"}],"about":[{"href":"https:\/\/infoecos.com.ar\/index.php\/wp-json\/wp\/v2\/types\/post"}],"author":[{"embeddable":true,"href":"https:\/\/infoecos.com.ar\/index.php\/wp-json\/wp\/v2\/users\/2"}],"replies":[{"embeddable":true,"href":"https:\/\/infoecos.com.ar\/index.php\/wp-json\/wp\/v2\/comments?post=117233"}],"version-history":[{"count":1,"href":"https:\/\/infoecos.com.ar\/index.php\/wp-json\/wp\/v2\/posts\/117233\/revisions"}],"predecessor-version":[{"id":117234,"href":"https:\/\/infoecos.com.ar\/index.php\/wp-json\/wp\/v2\/posts\/117233\/revisions\/117234"}],"wp:featuredmedia":[{"embeddable":true,"href":"https:\/\/infoecos.com.ar\/index.php\/wp-json\/wp\/v2\/media\/87662"}],"wp:attachment":[{"href":"https:\/\/infoecos.com.ar\/index.php\/wp-json\/wp\/v2\/media?parent=117233"}],"wp:term":[{"taxonomy":"category","embeddable":true,"href":"https:\/\/infoecos.com.ar\/index.php\/wp-json\/wp\/v2\/categories?post=117233"},{"taxonomy":"post_tag","embeddable":true,"href":"https:\/\/infoecos.com.ar\/index.php\/wp-json\/wp\/v2\/tags?post=117233"}],"curies":[{"name":"wp","href":"https:\/\/api.w.org\/{rel}","templated":true}]}}