{"id":117235,"date":"2024-01-08T16:31:12","date_gmt":"2024-01-08T19:31:12","guid":{"rendered":"https:\/\/infoecos.com.ar\/?p=117235"},"modified":"2024-01-08T16:31:13","modified_gmt":"2024-01-08T19:31:13","slug":"este-lunes-fumigacion-en-la-ampliacion-urbana-de-trenque-lauquen","status":"publish","type":"post","link":"https:\/\/infoecos.com.ar\/index.php\/este-lunes-fumigacion-en-la-ampliacion-urbana-de-trenque-lauquen\/","title":{"rendered":"Este lunes fumigaci\u00f3n en la Ampliaci\u00f3n Urbana de Trenque Lauquen"},"content":{"rendered":"\n<figure class=\"wp-block-image alignright size-full is-resized\"><img loading=\"lazy\" decoding=\"async\" src=\"https:\/\/infoecos.com.ar\/wp-content\/uploads\/2024\/01\/Fumigacion-1-2.jpg\" alt=\"\" class=\"wp-image-117236\" width=\"384\" height=\"186\" srcset=\"https:\/\/infoecos.com.ar\/wp-content\/uploads\/2024\/01\/Fumigacion-1-2.jpg 1280w, https:\/\/infoecos.com.ar\/wp-content\/uploads\/2024\/01\/Fumigacion-1-2-800x389.jpg 800w, https:\/\/infoecos.com.ar\/wp-content\/uploads\/2024\/01\/Fumigacion-1-2-768x373.jpg 768w, https:\/\/infoecos.com.ar\/wp-content\/uploads\/2024\/01\/Fumigacion-1-2-1024x498.jpg 1024w\" sizes=\"auto, (max-width: 384px) 100vw, 384px\" \/><\/figure>\n\n\n\n<p class=\"wp-block-paragraph\">Las tareas de fumigaci\u00f3n contra los mosquitos continuan este lunes, desde las 23 por el sector de la Ampliaci\u00f3n Urbana.<\/p>\n\n\n\n<p class=\"wp-block-paragraph\">Desde el inicio de la campa\u00f1a de fumigaci\u00f3n contra los mosquitos se fueron completando los distintos barrios, parques, plazas y espacios verdes de la ciudad cabecera y ahora le toca el turno a la AU.<\/p>\n\n\n\n<p class=\"wp-block-paragraph\">La fumigaci\u00f3n se realiza de manera terrestre en un veh\u00edculo municipal y se est\u00e1 utilizando un producto que se denomina comercialmente Depe, y que est\u00e1 autorizado por el ministerio de Salud de la Naci\u00f3n, no produce irritaci\u00f3n y es de bajo olor.<\/p>\n\n\n\n<p class=\"wp-block-paragraph\">Las tareas se est\u00e1n llevando adelante de acuerdo a un cronograma establecido por el \u00e1rea que encabeza N\u00e9stor C\u00f3ccaro y que depende de la secretar\u00eda de Obras y Servicios P\u00fablicos, a cargo de Manuel Silva Mu\u00f1oz.<\/p>\n","protected":false},"excerpt":{"rendered":"<p>La fumigaci\u00f3n se realiza de manera terrestre en un veh\u00edculo municipal y se est\u00e1 utilizando un producto que se denomina comercialmente Depe, y que est\u00e1 autorizado por el ministerio de Salud de la Naci\u00f3n, no produce irritaci\u00f3n y es de bajo olor<\/p>\n","protected":false},"author":2,"featured_media":117236,"comment_status":"closed","ping_status":"open","sticky":false,"template":"","format":"standard","meta":{"footnotes":""},"categories":[46],"tags":[909],"class_list":["post-117235","post","type-post","status-publish","format-standard","has-post-thumbnail","hentry","category-c2nota2","tag-municipal"],"featured_image_urls":{"full":["https:\/\/infoecos.com.ar\/wp-content\/uploads\/2024\/01\/Fumigacion-1-2.jpg",1280,622,false],"thumbnail":["https:\/\/infoecos.com.ar\/wp-content\/uploads\/2024\/01\/Fumigacion-1-2-300x150.jpg",300,150,true],"medium":["https:\/\/infoecos.com.ar\/wp-content\/uploads\/2024\/01\/Fumigacion-1-2-800x389.jpg",800,389,true],"medium_large":["https:\/\/infoecos.com.ar\/wp-content\/uploads\/2024\/01\/Fumigacion-1-2-768x373.jpg",640,311,true],"large":["https:\/\/infoecos.com.ar\/wp-content\/uploads\/2024\/01\/Fumigacion-1-2.jpg",640,311,false],"1536x1536":["https:\/\/infoecos.com.ar\/wp-content\/uploads\/2024\/01\/Fumigacion-1-2.jpg",1280,622,false],"2048x2048":["https:\/\/infoecos.com.ar\/wp-content\/uploads\/2024\/01\/Fumigacion-1-2.jpg",1280,622,false],"covernews-slider-full":["https:\/\/infoecos.com.ar\/wp-content\/uploads\/2024\/01\/Fumigacion-1-2.jpg",1115,542,false],"covernews-slider-center":["https:\/\/infoecos.com.ar\/wp-content\/uploads\/2024\/01\/Fumigacion-1-2-936x622.jpg",752,500,true],"covernews-featured":["https:\/\/infoecos.com.ar\/wp-content\/uploads\/2024\/01\/Fumigacion-1-2-1024x498.jpg",1024,498,true],"covernews-medium":["https:\/\/infoecos.com.ar\/wp-content\/uploads\/2024\/01\/Fumigacion-1-2-720x380.jpg",540,285,true],"covernews-medium-square":["https:\/\/infoecos.com.ar\/wp-content\/uploads\/2024\/01\/Fumigacion-1-2-675x450.jpg",375,250,true]},"author_info":{"info":["Jorge Matheus"]},"category_info":"<a href=\"https:\/\/infoecos.com.ar\/index.php\/category\/c2nota2\/\" rel=\"category tag\">C2 N2<\/a>","tag_info":"C2 N2","comment_count":"0","_links":{"self":[{"href":"https:\/\/infoecos.com.ar\/index.php\/wp-json\/wp\/v2\/posts\/117235","targetHints":{"allow":["GET"]}}],"collection":[{"href":"https:\/\/infoecos.com.ar\/index.php\/wp-json\/wp\/v2\/posts"}],"about":[{"href":"https:\/\/infoecos.com.ar\/index.php\/wp-json\/wp\/v2\/types\/post"}],"author":[{"embeddable":true,"href":"https:\/\/infoecos.com.ar\/index.php\/wp-json\/wp\/v2\/users\/2"}],"replies":[{"embeddable":true,"href":"https:\/\/infoecos.com.ar\/index.php\/wp-json\/wp\/v2\/comments?post=117235"}],"version-history":[{"count":1,"href":"https:\/\/infoecos.com.ar\/index.php\/wp-json\/wp\/v2\/posts\/117235\/revisions"}],"predecessor-version":[{"id":117237,"href":"https:\/\/infoecos.com.ar\/index.php\/wp-json\/wp\/v2\/posts\/117235\/revisions\/117237"}],"wp:featuredmedia":[{"embeddable":true,"href":"https:\/\/infoecos.com.ar\/index.php\/wp-json\/wp\/v2\/media\/117236"}],"wp:attachment":[{"href":"https:\/\/infoecos.com.ar\/index.php\/wp-json\/wp\/v2\/media?parent=117235"}],"wp:term":[{"taxonomy":"category","embeddable":true,"href":"https:\/\/infoecos.com.ar\/index.php\/wp-json\/wp\/v2\/categories?post=117235"},{"taxonomy":"post_tag","embeddable":true,"href":"https:\/\/infoecos.com.ar\/index.php\/wp-json\/wp\/v2\/tags?post=117235"}],"curies":[{"name":"wp","href":"https:\/\/api.w.org\/{rel}","templated":true}]}}