{"id":117253,"date":"2024-01-10T01:43:12","date_gmt":"2024-01-10T04:43:12","guid":{"rendered":"https:\/\/infoecos.com.ar\/?p=117253"},"modified":"2024-01-10T01:43:13","modified_gmt":"2024-01-10T04:43:13","slug":"el-centro-de-profesionales-farmaceuticos-argentinos-denuncia-aumentos-desproporcionados","status":"publish","type":"post","link":"https:\/\/infoecos.com.ar\/index.php\/el-centro-de-profesionales-farmaceuticos-argentinos-denuncia-aumentos-desproporcionados\/","title":{"rendered":"El Centro de Profesionales Farmac\u00e9uticos Argentinos denuncia aumentos desproporcionados"},"content":{"rendered":"\n<p>El director del Centro de Profesionales Farmac\u00e9uticos Argentinos (Ceprofar), Rub\u00e9n Sajem, denunci\u00f3 aumentos \u00abdesproporcionados\u00bb y advirti\u00f3 que \u00aben ning\u00fan pa\u00eds del mundo se aumentaron los medicamentos sin control como ahora en Argentina\u00bb, al analizar la suba del 319,1% registrada entre enero y diciembre de 2023.<\/p>\n\n\n\n<figure class=\"wp-block-image alignright size-full is-resized\"><img loading=\"lazy\" decoding=\"async\" src=\"https:\/\/infoecos.com.ar\/wp-content\/uploads\/2023\/07\/medicinas-2.jpg\" alt=\"\" class=\"wp-image-108216\" width=\"384\" height=\"230\" srcset=\"https:\/\/infoecos.com.ar\/wp-content\/uploads\/2023\/07\/medicinas-2.jpg 1200w, https:\/\/infoecos.com.ar\/wp-content\/uploads\/2023\/07\/medicinas-2-800x480.jpg 800w, https:\/\/infoecos.com.ar\/wp-content\/uploads\/2023\/07\/medicinas-2-768x461.jpg 768w, https:\/\/infoecos.com.ar\/wp-content\/uploads\/2023\/07\/medicinas-2-1024x614.jpg 1024w\" sizes=\"(max-width: 384px) 100vw, 384px\" \/><\/figure>\n\n\n\n<p>Sajen sostuvo que \u00ablos medicamentos son lo \u00fanico que la gente privilegia para comprar, adem\u00e1s de los alimentos, pero lamentablemente en el mes de diciembre las mediciones indican que dos de cada 10 personas -el 19%- no estar\u00edan pudiendo acceder a sus tratamientos\u00bb.<\/p>\n\n\n\n<p>En declaraciones radiales, explic\u00f3 que esto se debe \u00aba los aumentos desproporcionados que se provocaron en noviembre y diciembre de un 90% promedio con picos que llegan al 140%\u00bb, y por lo tanto \u00abhoy cuestan el doble y un tratamiento para la hipertensi\u00f3n pas\u00f3 de $35.000 a $70.000\u00bb.<\/p>\n\n\n\n<p>Consultado por los consumos de los jubilados y c\u00f3mo se ver\u00e1n afectados, indic\u00f3: \u00abEstamos advirtiendo como las obras sociales &#8211; incluso el PAMI- se nutre de los salarios que aumentan al nivel de la inflaci\u00f3n como mucho, el riesgo es que no tenga recursos para seguir con la gratuidad de los medicamentos y su cobertura\u00bb.<\/p>\n\n\n\n<p>Al respecto, dijo que \u00abhay que regular el sistema ya que en ning\u00fan pa\u00eds del mundo pasa que los laboratorios aumentan los precios sin control, como lo est\u00e1n haciendo ahora\u00bb.<\/p>\n\n\n\n<p>Apunt\u00f3 que desde el gobierno nacional \u00abhay una concepci\u00f3n ideol\u00f3gica de que se desregule todo de acuerdo a la oferta y la demanda\u00bb a la cual calific\u00f3 como \u00abequivocada\u00bb.<\/p>\n\n\n\n<p>\u00abNo puede haber una libertad para poner precios por parte de los laboratorios porque del lado del paciente no existe tal cosa como la libertad para enfermarse o morirse. Nadie lo quiere, no funciona as\u00ed\u00bb, sentenci\u00f3. (T\u00e9lam)<\/p>\n","protected":false},"excerpt":{"rendered":"<p>El Director del Centro dijo que \u00abhay que regular el sistema ya que en ning\u00fan pa\u00eds del mundo pasa que los laboratorios aumentan los precios sin control, como lo est\u00e1n haciendo ahora\u00bb<\/p>\n","protected":false},"author":2,"featured_media":89193,"comment_status":"closed","ping_status":"open","sticky":false,"template":"","format":"standard","meta":{"footnotes":""},"categories":[29],"tags":[9841],"class_list":["post-117253","post","type-post","status-publish","format-standard","has-post-thumbnail","hentry","category-c2nota1","tag-medicamentos"],"yoast_head":"<!-- This site is optimized with the Yoast SEO plugin v23.4 - https:\/\/yoast.com\/wordpress\/plugins\/seo\/ -->\n<title>El Centro de Profesionales Farmac\u00e9uticos Argentinos denuncia aumentos desproporcionados - Infoecos<\/title>\n<meta name=\"robots\" content=\"index, follow, max-snippet:-1, max-image-preview:large, max-video-preview:-1\" \/>\n<link rel=\"canonical\" href=\"https:\/\/infoecos.com.ar\/index.php\/el-centro-de-profesionales-farmaceuticos-argentinos-denuncia-aumentos-desproporcionados\/\" \/>\n<meta property=\"og:locale\" content=\"es_ES\" \/>\n<meta property=\"og:type\" content=\"article\" \/>\n<meta property=\"og:title\" content=\"El Centro de Profesionales Farmac\u00e9uticos Argentinos denuncia aumentos desproporcionados - Infoecos\" \/>\n<meta property=\"og:description\" content=\"El Director del Centro dijo que &quot;hay que regular el sistema ya que en ning\u00fan pa\u00eds del mundo pasa que los laboratorios aumentan los precios sin control, como lo est\u00e1n haciendo ahora&quot;\" \/>\n<meta property=\"og:url\" content=\"https:\/\/infoecos.com.ar\/index.php\/el-centro-de-profesionales-farmaceuticos-argentinos-denuncia-aumentos-desproporcionados\/\" \/>\n<meta property=\"og:site_name\" content=\"Infoecos\" \/>\n<meta property=\"article:publisher\" content=\"https:\/\/www.facebook.com\/profile.php?id=100063200290284\" \/>\n<meta property=\"article:published_time\" content=\"2024-01-10T04:43:12+00:00\" \/>\n<meta property=\"article:modified_time\" content=\"2024-01-10T04:43:13+00:00\" \/>\n<meta property=\"og:image\" content=\"https:\/\/infoecos.com.ar\/wp-content\/uploads\/2021\/11\/medicamentos.jpg\" \/>\n\t<meta property=\"og:image:width\" content=\"900\" \/>\n\t<meta property=\"og:image:height\" content=\"540\" \/>\n\t<meta property=\"og:image:type\" content=\"image\/jpeg\" \/>\n<meta name=\"author\" content=\"Jorge Matheus\" \/>\n<meta name=\"twitter:card\" content=\"summary_large_image\" \/>\n<meta name=\"twitter:creator\" content=\"@infoecos\" \/>\n<meta name=\"twitter:site\" content=\"@infoecos\" \/>\n<meta name=\"twitter:label1\" content=\"Escrito por\" \/>\n\t<meta name=\"twitter:data1\" content=\"Jorge Matheus\" \/>\n\t<meta name=\"twitter:label2\" content=\"Tiempo de lectura\" \/>\n\t<meta name=\"twitter:data2\" content=\"2 minutos\" \/>\n<script type=\"application\/ld+json\" class=\"yoast-schema-graph\">{\"@context\":\"https:\/\/schema.org\",\"@graph\":[{\"@type\":\"Article\",\"@id\":\"https:\/\/infoecos.com.ar\/index.php\/el-centro-de-profesionales-farmaceuticos-argentinos-denuncia-aumentos-desproporcionados\/#article\",\"isPartOf\":{\"@id\":\"https:\/\/infoecos.com.ar\/index.php\/el-centro-de-profesionales-farmaceuticos-argentinos-denuncia-aumentos-desproporcionados\/\"},\"author\":{\"name\":\"Jorge Matheus\",\"@id\":\"https:\/\/infoecos.com.ar\/#\/schema\/person\/8f5ace5ce73b4b4aac4b7245aee6f191\"},\"headline\":\"El Centro de Profesionales Farmac\u00e9uticos Argentinos denuncia aumentos desproporcionados\",\"datePublished\":\"2024-01-10T04:43:12+00:00\",\"dateModified\":\"2024-01-10T04:43:13+00:00\",\"mainEntityOfPage\":{\"@id\":\"https:\/\/infoecos.com.ar\/index.php\/el-centro-de-profesionales-farmaceuticos-argentinos-denuncia-aumentos-desproporcionados\/\"},\"wordCount\":306,\"publisher\":{\"@id\":\"https:\/\/infoecos.com.ar\/#organization\"},\"image\":{\"@id\":\"https:\/\/infoecos.com.ar\/index.php\/el-centro-de-profesionales-farmaceuticos-argentinos-denuncia-aumentos-desproporcionados\/#primaryimage\"},\"thumbnailUrl\":\"https:\/\/infoecos.com.ar\/wp-content\/uploads\/2021\/11\/medicamentos.jpg\",\"keywords\":[\"medicamentos\"],\"articleSection\":[\"C2 nota 1\"],\"inLanguage\":\"es\"},{\"@type\":\"WebPage\",\"@id\":\"https:\/\/infoecos.com.ar\/index.php\/el-centro-de-profesionales-farmaceuticos-argentinos-denuncia-aumentos-desproporcionados\/\",\"url\":\"https:\/\/infoecos.com.ar\/index.php\/el-centro-de-profesionales-farmaceuticos-argentinos-denuncia-aumentos-desproporcionados\/\",\"name\":\"El Centro de Profesionales Farmac\u00e9uticos Argentinos denuncia aumentos desproporcionados - Infoecos\",\"isPartOf\":{\"@id\":\"https:\/\/infoecos.com.ar\/#website\"},\"primaryImageOfPage\":{\"@id\":\"https:\/\/infoecos.com.ar\/index.php\/el-centro-de-profesionales-farmaceuticos-argentinos-denuncia-aumentos-desproporcionados\/#primaryimage\"},\"image\":{\"@id\":\"https:\/\/infoecos.com.ar\/index.php\/el-centro-de-profesionales-farmaceuticos-argentinos-denuncia-aumentos-desproporcionados\/#primaryimage\"},\"thumbnailUrl\":\"https:\/\/infoecos.com.ar\/wp-content\/uploads\/2021\/11\/medicamentos.jpg\",\"datePublished\":\"2024-01-10T04:43:12+00:00\",\"dateModified\":\"2024-01-10T04:43:13+00:00\",\"breadcrumb\":{\"@id\":\"https:\/\/infoecos.com.ar\/index.php\/el-centro-de-profesionales-farmaceuticos-argentinos-denuncia-aumentos-desproporcionados\/#breadcrumb\"},\"inLanguage\":\"es\",\"potentialAction\":[{\"@type\":\"ReadAction\",\"target\":[\"https:\/\/infoecos.com.ar\/index.php\/el-centro-de-profesionales-farmaceuticos-argentinos-denuncia-aumentos-desproporcionados\/\"]}]},{\"@type\":\"ImageObject\",\"inLanguage\":\"es\",\"@id\":\"https:\/\/infoecos.com.ar\/index.php\/el-centro-de-profesionales-farmaceuticos-argentinos-denuncia-aumentos-desproporcionados\/#primaryimage\",\"url\":\"https:\/\/infoecos.com.ar\/wp-content\/uploads\/2021\/11\/medicamentos.jpg\",\"contentUrl\":\"https:\/\/infoecos.com.ar\/wp-content\/uploads\/2021\/11\/medicamentos.jpg\",\"width\":900,\"height\":540},{\"@type\":\"BreadcrumbList\",\"@id\":\"https:\/\/infoecos.com.ar\/index.php\/el-centro-de-profesionales-farmaceuticos-argentinos-denuncia-aumentos-desproporcionados\/#breadcrumb\",\"itemListElement\":[{\"@type\":\"ListItem\",\"position\":1,\"name\":\"Portada\",\"item\":\"https:\/\/infoecos.com.ar\/\"},{\"@type\":\"ListItem\",\"position\":2,\"name\":\"El Centro de Profesionales Farmac\u00e9uticos Argentinos denuncia aumentos desproporcionados\"}]},{\"@type\":\"WebSite\",\"@id\":\"https:\/\/infoecos.com.ar\/#website\",\"url\":\"https:\/\/infoecos.com.ar\/\",\"name\":\"Infoecos\",\"description\":\"Noticias de trenque lauquen y la zona\",\"publisher\":{\"@id\":\"https:\/\/infoecos.com.ar\/#organization\"},\"alternateName\":\"Noticias\",\"potentialAction\":[{\"@type\":\"SearchAction\",\"target\":{\"@type\":\"EntryPoint\",\"urlTemplate\":\"https:\/\/infoecos.com.ar\/?s={search_term_string}\"},\"query-input\":{\"@type\":\"PropertyValueSpecification\",\"valueRequired\":true,\"valueName\":\"search_term_string\"}}],\"inLanguage\":\"es\"},{\"@type\":\"Organization\",\"@id\":\"https:\/\/infoecos.com.ar\/#organization\",\"name\":\"Infoecos\",\"alternateName\":\"Noticias\",\"url\":\"https:\/\/infoecos.com.ar\/\",\"logo\":{\"@type\":\"ImageObject\",\"inLanguage\":\"es\",\"@id\":\"https:\/\/infoecos.com.ar\/#\/schema\/logo\/image\/\",\"url\":\"https:\/\/infoecos.com.ar\/wp-content\/uploads\/2024\/03\/cropped-logo.png\",\"contentUrl\":\"https:\/\/infoecos.com.ar\/wp-content\/uploads\/2024\/03\/cropped-logo.png\",\"width\":374,\"height\":90,\"caption\":\"Infoecos\"},\"image\":{\"@id\":\"https:\/\/infoecos.com.ar\/#\/schema\/logo\/image\/\"},\"sameAs\":[\"https:\/\/www.facebook.com\/profile.php?id=100063200290284\",\"https:\/\/x.com\/infoecos\"]},{\"@type\":\"Person\",\"@id\":\"https:\/\/infoecos.com.ar\/#\/schema\/person\/8f5ace5ce73b4b4aac4b7245aee6f191\",\"name\":\"Jorge Matheus\",\"url\":\"https:\/\/infoecos.com.ar\/index.php\/author\/jomatheus\/\"}]}<\/script>\n<!-- \/ Yoast SEO plugin. -->","yoast_head_json":{"title":"El Centro de Profesionales Farmac\u00e9uticos Argentinos denuncia aumentos desproporcionados - Infoecos","robots":{"index":"index","follow":"follow","max-snippet":"max-snippet:-1","max-image-preview":"max-image-preview:large","max-video-preview":"max-video-preview:-1"},"canonical":"https:\/\/infoecos.com.ar\/index.php\/el-centro-de-profesionales-farmaceuticos-argentinos-denuncia-aumentos-desproporcionados\/","og_locale":"es_ES","og_type":"article","og_title":"El Centro de Profesionales Farmac\u00e9uticos Argentinos denuncia aumentos desproporcionados - Infoecos","og_description":"El Director del Centro dijo que \"hay que regular el sistema ya que en ning\u00fan pa\u00eds del mundo pasa que los laboratorios aumentan los precios sin control, como lo est\u00e1n haciendo ahora\"","og_url":"https:\/\/infoecos.com.ar\/index.php\/el-centro-de-profesionales-farmaceuticos-argentinos-denuncia-aumentos-desproporcionados\/","og_site_name":"Infoecos","article_publisher":"https:\/\/www.facebook.com\/profile.php?id=100063200290284","article_published_time":"2024-01-10T04:43:12+00:00","article_modified_time":"2024-01-10T04:43:13+00:00","og_image":[{"width":900,"height":540,"url":"https:\/\/infoecos.com.ar\/wp-content\/uploads\/2021\/11\/medicamentos.jpg","type":"image\/jpeg"}],"author":"Jorge Matheus","twitter_card":"summary_large_image","twitter_creator":"@infoecos","twitter_site":"@infoecos","twitter_misc":{"Escrito por":"Jorge Matheus","Tiempo de lectura":"2 minutos"},"schema":{"@context":"https:\/\/schema.org","@graph":[{"@type":"Article","@id":"https:\/\/infoecos.com.ar\/index.php\/el-centro-de-profesionales-farmaceuticos-argentinos-denuncia-aumentos-desproporcionados\/#article","isPartOf":{"@id":"https:\/\/infoecos.com.ar\/index.php\/el-centro-de-profesionales-farmaceuticos-argentinos-denuncia-aumentos-desproporcionados\/"},"author":{"name":"Jorge Matheus","@id":"https:\/\/infoecos.com.ar\/#\/schema\/person\/8f5ace5ce73b4b4aac4b7245aee6f191"},"headline":"El Centro de Profesionales Farmac\u00e9uticos Argentinos denuncia aumentos desproporcionados","datePublished":"2024-01-10T04:43:12+00:00","dateModified":"2024-01-10T04:43:13+00:00","mainEntityOfPage":{"@id":"https:\/\/infoecos.com.ar\/index.php\/el-centro-de-profesionales-farmaceuticos-argentinos-denuncia-aumentos-desproporcionados\/"},"wordCount":306,"publisher":{"@id":"https:\/\/infoecos.com.ar\/#organization"},"image":{"@id":"https:\/\/infoecos.com.ar\/index.php\/el-centro-de-profesionales-farmaceuticos-argentinos-denuncia-aumentos-desproporcionados\/#primaryimage"},"thumbnailUrl":"https:\/\/infoecos.com.ar\/wp-content\/uploads\/2021\/11\/medicamentos.jpg","keywords":["medicamentos"],"articleSection":["C2 nota 1"],"inLanguage":"es"},{"@type":"WebPage","@id":"https:\/\/infoecos.com.ar\/index.php\/el-centro-de-profesionales-farmaceuticos-argentinos-denuncia-aumentos-desproporcionados\/","url":"https:\/\/infoecos.com.ar\/index.php\/el-centro-de-profesionales-farmaceuticos-argentinos-denuncia-aumentos-desproporcionados\/","name":"El Centro de Profesionales Farmac\u00e9uticos Argentinos denuncia aumentos desproporcionados - Infoecos","isPartOf":{"@id":"https:\/\/infoecos.com.ar\/#website"},"primaryImageOfPage":{"@id":"https:\/\/infoecos.com.ar\/index.php\/el-centro-de-profesionales-farmaceuticos-argentinos-denuncia-aumentos-desproporcionados\/#primaryimage"},"image":{"@id":"https:\/\/infoecos.com.ar\/index.php\/el-centro-de-profesionales-farmaceuticos-argentinos-denuncia-aumentos-desproporcionados\/#primaryimage"},"thumbnailUrl":"https:\/\/infoecos.com.ar\/wp-content\/uploads\/2021\/11\/medicamentos.jpg","datePublished":"2024-01-10T04:43:12+00:00","dateModified":"2024-01-10T04:43:13+00:00","breadcrumb":{"@id":"https:\/\/infoecos.com.ar\/index.php\/el-centro-de-profesionales-farmaceuticos-argentinos-denuncia-aumentos-desproporcionados\/#breadcrumb"},"inLanguage":"es","potentialAction":[{"@type":"ReadAction","target":["https:\/\/infoecos.com.ar\/index.php\/el-centro-de-profesionales-farmaceuticos-argentinos-denuncia-aumentos-desproporcionados\/"]}]},{"@type":"ImageObject","inLanguage":"es","@id":"https:\/\/infoecos.com.ar\/index.php\/el-centro-de-profesionales-farmaceuticos-argentinos-denuncia-aumentos-desproporcionados\/#primaryimage","url":"https:\/\/infoecos.com.ar\/wp-content\/uploads\/2021\/11\/medicamentos.jpg","contentUrl":"https:\/\/infoecos.com.ar\/wp-content\/uploads\/2021\/11\/medicamentos.jpg","width":900,"height":540},{"@type":"BreadcrumbList","@id":"https:\/\/infoecos.com.ar\/index.php\/el-centro-de-profesionales-farmaceuticos-argentinos-denuncia-aumentos-desproporcionados\/#breadcrumb","itemListElement":[{"@type":"ListItem","position":1,"name":"Portada","item":"https:\/\/infoecos.com.ar\/"},{"@type":"ListItem","position":2,"name":"El Centro de Profesionales Farmac\u00e9uticos Argentinos denuncia aumentos desproporcionados"}]},{"@type":"WebSite","@id":"https:\/\/infoecos.com.ar\/#website","url":"https:\/\/infoecos.com.ar\/","name":"Infoecos","description":"Noticias de trenque lauquen y la zona","publisher":{"@id":"https:\/\/infoecos.com.ar\/#organization"},"alternateName":"Noticias","potentialAction":[{"@type":"SearchAction","target":{"@type":"EntryPoint","urlTemplate":"https:\/\/infoecos.com.ar\/?s={search_term_string}"},"query-input":{"@type":"PropertyValueSpecification","valueRequired":true,"valueName":"search_term_string"}}],"inLanguage":"es"},{"@type":"Organization","@id":"https:\/\/infoecos.com.ar\/#organization","name":"Infoecos","alternateName":"Noticias","url":"https:\/\/infoecos.com.ar\/","logo":{"@type":"ImageObject","inLanguage":"es","@id":"https:\/\/infoecos.com.ar\/#\/schema\/logo\/image\/","url":"https:\/\/infoecos.com.ar\/wp-content\/uploads\/2024\/03\/cropped-logo.png","contentUrl":"https:\/\/infoecos.com.ar\/wp-content\/uploads\/2024\/03\/cropped-logo.png","width":374,"height":90,"caption":"Infoecos"},"image":{"@id":"https:\/\/infoecos.com.ar\/#\/schema\/logo\/image\/"},"sameAs":["https:\/\/www.facebook.com\/profile.php?id=100063200290284","https:\/\/x.com\/infoecos"]},{"@type":"Person","@id":"https:\/\/infoecos.com.ar\/#\/schema\/person\/8f5ace5ce73b4b4aac4b7245aee6f191","name":"Jorge Matheus","url":"https:\/\/infoecos.com.ar\/index.php\/author\/jomatheus\/"}]}},"featured_image_urls":{"full":["https:\/\/infoecos.com.ar\/wp-content\/uploads\/2021\/11\/medicamentos.jpg",900,540,false],"thumbnail":["https:\/\/infoecos.com.ar\/wp-content\/uploads\/2021\/11\/medicamentos-150x150.jpg",150,150,true],"medium":["https:\/\/infoecos.com.ar\/wp-content\/uploads\/2021\/11\/medicamentos-460x276.jpg",460,276,true],"medium_large":["https:\/\/infoecos.com.ar\/wp-content\/uploads\/2021\/11\/medicamentos-768x461.jpg",640,384,true],"large":["https:\/\/infoecos.com.ar\/wp-content\/uploads\/2021\/11\/medicamentos.jpg",640,384,false],"1536x1536":["https:\/\/infoecos.com.ar\/wp-content\/uploads\/2021\/11\/medicamentos.jpg",900,540,false],"2048x2048":["https:\/\/infoecos.com.ar\/wp-content\/uploads\/2021\/11\/medicamentos.jpg",900,540,false],"covernews-slider-full":["https:\/\/infoecos.com.ar\/wp-content\/uploads\/2021\/11\/medicamentos.jpg",900,540,false],"covernews-slider-center":["https:\/\/infoecos.com.ar\/wp-content\/uploads\/2021\/11\/medicamentos.jpg",800,480,false],"covernews-featured":["https:\/\/infoecos.com.ar\/wp-content\/uploads\/2021\/11\/medicamentos.jpg",900,540,false],"covernews-medium":["https:\/\/infoecos.com.ar\/wp-content\/uploads\/2021\/11\/medicamentos-720x380.jpg",540,285,true],"covernews-medium-square":["https:\/\/infoecos.com.ar\/wp-content\/uploads\/2021\/11\/medicamentos-675x450.jpg",375,250,true]},"author_info":{"info":["Jorge Matheus"]},"category_info":"<a href=\"https:\/\/infoecos.com.ar\/index.php\/category\/c2nota1\/\" rel=\"category tag\">C2 nota 1<\/a>","tag_info":"C2 nota 1","comment_count":"0","_links":{"self":[{"href":"https:\/\/infoecos.com.ar\/index.php\/wp-json\/wp\/v2\/posts\/117253"}],"collection":[{"href":"https:\/\/infoecos.com.ar\/index.php\/wp-json\/wp\/v2\/posts"}],"about":[{"href":"https:\/\/infoecos.com.ar\/index.php\/wp-json\/wp\/v2\/types\/post"}],"author":[{"embeddable":true,"href":"https:\/\/infoecos.com.ar\/index.php\/wp-json\/wp\/v2\/users\/2"}],"replies":[{"embeddable":true,"href":"https:\/\/infoecos.com.ar\/index.php\/wp-json\/wp\/v2\/comments?post=117253"}],"version-history":[{"count":1,"href":"https:\/\/infoecos.com.ar\/index.php\/wp-json\/wp\/v2\/posts\/117253\/revisions"}],"predecessor-version":[{"id":117254,"href":"https:\/\/infoecos.com.ar\/index.php\/wp-json\/wp\/v2\/posts\/117253\/revisions\/117254"}],"wp:featuredmedia":[{"embeddable":true,"href":"https:\/\/infoecos.com.ar\/index.php\/wp-json\/wp\/v2\/media\/89193"}],"wp:attachment":[{"href":"https:\/\/infoecos.com.ar\/index.php\/wp-json\/wp\/v2\/media?parent=117253"}],"wp:term":[{"taxonomy":"category","embeddable":true,"href":"https:\/\/infoecos.com.ar\/index.php\/wp-json\/wp\/v2\/categories?post=117253"},{"taxonomy":"post_tag","embeddable":true,"href":"https:\/\/infoecos.com.ar\/index.php\/wp-json\/wp\/v2\/tags?post=117253"}],"curies":[{"name":"wp","href":"https:\/\/api.w.org\/{rel}","templated":true}]}}