{"id":117258,"date":"2024-01-10T02:06:15","date_gmt":"2024-01-10T05:06:15","guid":{"rendered":"https:\/\/infoecos.com.ar\/?p=117258"},"modified":"2024-01-10T02:06:17","modified_gmt":"2024-01-10T05:06:17","slug":"violento-temporal-en-miramar-un-muerto-y-muchos-destrozos","status":"publish","type":"post","link":"https:\/\/infoecos.com.ar\/index.php\/violento-temporal-en-miramar-un-muerto-y-muchos-destrozos\/","title":{"rendered":"Violento temporal en Miramar: un muerto y muchos destrozos"},"content":{"rendered":"\n<p>Este martes la ciudad de Miramar\u00a0fue afectada por un<strong>\u00a0fuerte temporal<\/strong>\u00a0que caus\u00f3 grandes\u00a0<strong>destrozos\u00a0<\/strong>y alert\u00f3 a los ciudadanos. En las redes sociales, distintas personas compartieron las\u00a0<strong>impactantes im\u00e1genes<\/strong>\u00a0de lo que dej\u00f3 la tormenta.<\/p>\n\n\n\n<figure class=\"wp-block-gallery has-nested-images columns-default is-cropped wp-block-gallery-1 is-layout-flex wp-block-gallery-is-layout-flex\">\n<figure class=\"wp-block-image size-large\"><img loading=\"lazy\" decoding=\"async\" width=\"1121\" height=\"633\" data-id=\"117262\" src=\"https:\/\/infoecos.com.ar\/wp-content\/uploads\/2024\/01\/MIRAMAR.webp\" alt=\"\" class=\"wp-image-117262\" srcset=\"https:\/\/infoecos.com.ar\/wp-content\/uploads\/2024\/01\/MIRAMAR.webp 1121w, https:\/\/infoecos.com.ar\/wp-content\/uploads\/2024\/01\/MIRAMAR-800x452.webp 800w, https:\/\/infoecos.com.ar\/wp-content\/uploads\/2024\/01\/MIRAMAR-768x434.webp 768w, https:\/\/infoecos.com.ar\/wp-content\/uploads\/2024\/01\/MIRAMAR-1024x578.webp 1024w\" sizes=\"(max-width: 1121px) 100vw, 1121px\" \/><figcaption class=\"wp-element-caption\">Miramar <\/figcaption><\/figure>\n\n\n\n<figure class=\"wp-block-image size-large\"><img loading=\"lazy\" decoding=\"async\" width=\"807\" height=\"1324\" data-id=\"117259\" src=\"https:\/\/infoecos.com.ar\/wp-content\/uploads\/2024\/01\/MIRAMAR1.jpg\" alt=\"\" class=\"wp-image-117259\" srcset=\"https:\/\/infoecos.com.ar\/wp-content\/uploads\/2024\/01\/MIRAMAR1.jpg 807w, https:\/\/infoecos.com.ar\/wp-content\/uploads\/2024\/01\/MIRAMAR1-488x800.jpg 488w, https:\/\/infoecos.com.ar\/wp-content\/uploads\/2024\/01\/MIRAMAR1-768x1260.jpg 768w\" sizes=\"(max-width: 807px) 100vw, 807px\" \/><figcaption class=\"wp-element-caption\">Miramar <\/figcaption><\/figure>\n\n\n\n<figure class=\"wp-block-image size-large\"><img loading=\"lazy\" decoding=\"async\" width=\"807\" height=\"606\" data-id=\"117260\" src=\"https:\/\/infoecos.com.ar\/wp-content\/uploads\/2024\/01\/MIRAMAR2.jpg\" alt=\"\" class=\"wp-image-117260\" srcset=\"https:\/\/infoecos.com.ar\/wp-content\/uploads\/2024\/01\/MIRAMAR2.jpg 807w, https:\/\/infoecos.com.ar\/wp-content\/uploads\/2024\/01\/MIRAMAR2-800x601.jpg 800w, https:\/\/infoecos.com.ar\/wp-content\/uploads\/2024\/01\/MIRAMAR2-768x577.jpg 768w\" sizes=\"(max-width: 807px) 100vw, 807px\" \/><figcaption class=\"wp-element-caption\">Miramar <\/figcaption><\/figure>\n\n\n\n<figure class=\"wp-block-image size-large\"><img loading=\"lazy\" decoding=\"async\" width=\"807\" height=\"1478\" data-id=\"117261\" src=\"https:\/\/infoecos.com.ar\/wp-content\/uploads\/2024\/01\/MIRAMAR3.jpg\" alt=\"\" class=\"wp-image-117261\" srcset=\"https:\/\/infoecos.com.ar\/wp-content\/uploads\/2024\/01\/MIRAMAR3.jpg 807w, https:\/\/infoecos.com.ar\/wp-content\/uploads\/2024\/01\/MIRAMAR3-437x800.jpg 437w, https:\/\/infoecos.com.ar\/wp-content\/uploads\/2024\/01\/MIRAMAR3-768x1407.jpg 768w\" sizes=\"(max-width: 807px) 100vw, 807px\" \/><figcaption class=\"wp-element-caption\">Miramar <\/figcaption><\/figure>\n\n\n\n<figure class=\"wp-block-image size-large\"><img loading=\"lazy\" decoding=\"async\" width=\"807\" height=\"1076\" data-id=\"117263\" src=\"https:\/\/infoecos.com.ar\/wp-content\/uploads\/2024\/01\/MIRAMAR4.jpg\" alt=\"\" class=\"wp-image-117263\" srcset=\"https:\/\/infoecos.com.ar\/wp-content\/uploads\/2024\/01\/MIRAMAR4.jpg 807w, https:\/\/infoecos.com.ar\/wp-content\/uploads\/2024\/01\/MIRAMAR4-600x800.jpg 600w, https:\/\/infoecos.com.ar\/wp-content\/uploads\/2024\/01\/MIRAMAR4-768x1024.jpg 768w\" sizes=\"(max-width: 807px) 100vw, 807px\" \/><figcaption class=\"wp-element-caption\">Miramar <\/figcaption><\/figure>\n\n\n\n<figure class=\"wp-block-image size-large\"><img loading=\"lazy\" decoding=\"async\" width=\"807\" height=\"1010\" data-id=\"117264\" src=\"https:\/\/infoecos.com.ar\/wp-content\/uploads\/2024\/01\/MIRAMAR5.jpg\" alt=\"\" class=\"wp-image-117264\" srcset=\"https:\/\/infoecos.com.ar\/wp-content\/uploads\/2024\/01\/MIRAMAR5.jpg 807w, https:\/\/infoecos.com.ar\/wp-content\/uploads\/2024\/01\/MIRAMAR5-639x800.jpg 639w, https:\/\/infoecos.com.ar\/wp-content\/uploads\/2024\/01\/MIRAMAR5-768x961.jpg 768w\" sizes=\"(max-width: 807px) 100vw, 807px\" \/><figcaption class=\"wp-element-caption\">Miramar <\/figcaption><\/figure>\n<\/figure>\n\n\n\n<p>El intenso viento caus\u00f3 la\u00a0<strong>ca\u00edda de \u00e1rboles y postes de luz<\/strong>, como tambi\u00e9n voladura de techos. La Terminal de \u00d3mnibus, la feria de microemprendedores y el centro cultural Casa del Bicentenario fueron altamente afectados. Adem\u00e1s, varias zonas sufrieron cortes de suministro el\u00e9ctrico.<\/p>\n\n\n\n<p>Un adolescente de 17 a\u00f1os muri\u00f3 cuando un \u00e1rbol se derrumb\u00f3 y le provoc\u00f3 graves heridas en su cabeza.<\/p>\n\n\n\n<p>El menor, de apellido Carmona, se trasladaba en bicicleta cuando el \u00e1rbol cedi\u00f3 y lo golpe\u00f3 con violencia. Fue derivado al Hospital Interzonal General de Agudos (Higa) de Mar del Plata, a donde lleg\u00f3 con un trauma severo de cr\u00e1neo y t\u00f3rax y muri\u00f3 en el quir\u00f3fano.<\/p>\n\n\n\n<p>Desde Defensa Civil informaron que cinco personas debieron ser asistidas por personal de ambulancias.<\/p>\n\n\n\n<p>Si bien muchas personas se alertaron sobre la posible existencia de un\u00a0<strong>tornado<\/strong>, especialistas descartaron esa idea y aseguran que se trat\u00f3 de un temporal.<\/p>\n\n\n\n<p><\/p>\n","protected":false},"excerpt":{"rendered":"<p>Si bien muchas personas se alertaron sobre la posible existencia de un\u00a0tornado, especialistas descartaron esa idea y aseguran que se trat\u00f3 de un temporal<\/p>\n","protected":false},"author":2,"featured_media":117262,"comment_status":"closed","ping_status":"open","sticky":false,"template":"","format":"standard","meta":{"footnotes":""},"categories":[45],"tags":[9843],"class_list":["post-117258","post","type-post","status-publish","format-standard","has-post-thumbnail","hentry","category-c1nota2","tag-imagenes"],"yoast_head":"<!-- This site is optimized with the Yoast SEO plugin v23.4 - https:\/\/yoast.com\/wordpress\/plugins\/seo\/ -->\n<title>Violento temporal en Miramar: un muerto y muchos destrozos - Infoecos<\/title>\n<meta name=\"robots\" content=\"index, follow, max-snippet:-1, max-image-preview:large, max-video-preview:-1\" \/>\n<link rel=\"canonical\" href=\"https:\/\/infoecos.com.ar\/index.php\/violento-temporal-en-miramar-un-muerto-y-muchos-destrozos\/\" \/>\n<meta property=\"og:locale\" content=\"es_ES\" \/>\n<meta property=\"og:type\" content=\"article\" \/>\n<meta property=\"og:title\" content=\"Violento temporal en Miramar: un muerto y muchos destrozos - Infoecos\" \/>\n<meta property=\"og:description\" content=\"Si bien muchas personas se alertaron sobre la posible existencia de un\u00a0tornado, especialistas descartaron esa idea y aseguran que se trat\u00f3 de un temporal\" \/>\n<meta property=\"og:url\" content=\"https:\/\/infoecos.com.ar\/index.php\/violento-temporal-en-miramar-un-muerto-y-muchos-destrozos\/\" \/>\n<meta property=\"og:site_name\" content=\"Infoecos\" \/>\n<meta property=\"article:publisher\" content=\"https:\/\/www.facebook.com\/profile.php?id=100063200290284\" \/>\n<meta property=\"article:published_time\" content=\"2024-01-10T05:06:15+00:00\" \/>\n<meta property=\"article:modified_time\" content=\"2024-01-10T05:06:17+00:00\" \/>\n<meta property=\"og:image\" content=\"https:\/\/infoecos.com.ar\/wp-content\/uploads\/2024\/01\/MIRAMAR.webp\" \/>\n\t<meta property=\"og:image:width\" content=\"1121\" \/>\n\t<meta property=\"og:image:height\" content=\"633\" \/>\n\t<meta property=\"og:image:type\" content=\"image\/webp\" \/>\n<meta name=\"author\" content=\"Jorge Matheus\" \/>\n<meta name=\"twitter:card\" content=\"summary_large_image\" \/>\n<meta name=\"twitter:creator\" content=\"@infoecos\" \/>\n<meta name=\"twitter:site\" content=\"@infoecos\" \/>\n<meta name=\"twitter:label1\" content=\"Escrito por\" \/>\n\t<meta name=\"twitter:data1\" content=\"Jorge Matheus\" \/>\n\t<meta name=\"twitter:label2\" content=\"Tiempo de lectura\" \/>\n\t<meta name=\"twitter:data2\" content=\"3 minutos\" \/>\n<script type=\"application\/ld+json\" class=\"yoast-schema-graph\">{\"@context\":\"https:\/\/schema.org\",\"@graph\":[{\"@type\":\"Article\",\"@id\":\"https:\/\/infoecos.com.ar\/index.php\/violento-temporal-en-miramar-un-muerto-y-muchos-destrozos\/#article\",\"isPartOf\":{\"@id\":\"https:\/\/infoecos.com.ar\/index.php\/violento-temporal-en-miramar-un-muerto-y-muchos-destrozos\/\"},\"author\":{\"name\":\"Jorge Matheus\",\"@id\":\"https:\/\/infoecos.com.ar\/#\/schema\/person\/8f5ace5ce73b4b4aac4b7245aee6f191\"},\"headline\":\"Violento temporal en Miramar: un muerto y muchos destrozos\",\"datePublished\":\"2024-01-10T05:06:15+00:00\",\"dateModified\":\"2024-01-10T05:06:17+00:00\",\"mainEntityOfPage\":{\"@id\":\"https:\/\/infoecos.com.ar\/index.php\/violento-temporal-en-miramar-un-muerto-y-muchos-destrozos\/\"},\"wordCount\":208,\"publisher\":{\"@id\":\"https:\/\/infoecos.com.ar\/#organization\"},\"image\":{\"@id\":\"https:\/\/infoecos.com.ar\/index.php\/violento-temporal-en-miramar-un-muerto-y-muchos-destrozos\/#primaryimage\"},\"thumbnailUrl\":\"https:\/\/infoecos.com.ar\/wp-content\/uploads\/2024\/01\/MIRAMAR.webp\",\"keywords\":[\"IM\u00c1GENES\"],\"articleSection\":[\"C1 N2\"],\"inLanguage\":\"es\"},{\"@type\":\"WebPage\",\"@id\":\"https:\/\/infoecos.com.ar\/index.php\/violento-temporal-en-miramar-un-muerto-y-muchos-destrozos\/\",\"url\":\"https:\/\/infoecos.com.ar\/index.php\/violento-temporal-en-miramar-un-muerto-y-muchos-destrozos\/\",\"name\":\"Violento temporal en Miramar: un muerto y muchos destrozos - Infoecos\",\"isPartOf\":{\"@id\":\"https:\/\/infoecos.com.ar\/#website\"},\"primaryImageOfPage\":{\"@id\":\"https:\/\/infoecos.com.ar\/index.php\/violento-temporal-en-miramar-un-muerto-y-muchos-destrozos\/#primaryimage\"},\"image\":{\"@id\":\"https:\/\/infoecos.com.ar\/index.php\/violento-temporal-en-miramar-un-muerto-y-muchos-destrozos\/#primaryimage\"},\"thumbnailUrl\":\"https:\/\/infoecos.com.ar\/wp-content\/uploads\/2024\/01\/MIRAMAR.webp\",\"datePublished\":\"2024-01-10T05:06:15+00:00\",\"dateModified\":\"2024-01-10T05:06:17+00:00\",\"breadcrumb\":{\"@id\":\"https:\/\/infoecos.com.ar\/index.php\/violento-temporal-en-miramar-un-muerto-y-muchos-destrozos\/#breadcrumb\"},\"inLanguage\":\"es\",\"potentialAction\":[{\"@type\":\"ReadAction\",\"target\":[\"https:\/\/infoecos.com.ar\/index.php\/violento-temporal-en-miramar-un-muerto-y-muchos-destrozos\/\"]}]},{\"@type\":\"ImageObject\",\"inLanguage\":\"es\",\"@id\":\"https:\/\/infoecos.com.ar\/index.php\/violento-temporal-en-miramar-un-muerto-y-muchos-destrozos\/#primaryimage\",\"url\":\"https:\/\/infoecos.com.ar\/wp-content\/uploads\/2024\/01\/MIRAMAR.webp\",\"contentUrl\":\"https:\/\/infoecos.com.ar\/wp-content\/uploads\/2024\/01\/MIRAMAR.webp\",\"width\":1121,\"height\":633},{\"@type\":\"BreadcrumbList\",\"@id\":\"https:\/\/infoecos.com.ar\/index.php\/violento-temporal-en-miramar-un-muerto-y-muchos-destrozos\/#breadcrumb\",\"itemListElement\":[{\"@type\":\"ListItem\",\"position\":1,\"name\":\"Portada\",\"item\":\"https:\/\/infoecos.com.ar\/\"},{\"@type\":\"ListItem\",\"position\":2,\"name\":\"Violento temporal en Miramar: un muerto y muchos destrozos\"}]},{\"@type\":\"WebSite\",\"@id\":\"https:\/\/infoecos.com.ar\/#website\",\"url\":\"https:\/\/infoecos.com.ar\/\",\"name\":\"Infoecos\",\"description\":\"Noticias de trenque lauquen y la zona\",\"publisher\":{\"@id\":\"https:\/\/infoecos.com.ar\/#organization\"},\"alternateName\":\"Noticias\",\"potentialAction\":[{\"@type\":\"SearchAction\",\"target\":{\"@type\":\"EntryPoint\",\"urlTemplate\":\"https:\/\/infoecos.com.ar\/?s={search_term_string}\"},\"query-input\":{\"@type\":\"PropertyValueSpecification\",\"valueRequired\":true,\"valueName\":\"search_term_string\"}}],\"inLanguage\":\"es\"},{\"@type\":\"Organization\",\"@id\":\"https:\/\/infoecos.com.ar\/#organization\",\"name\":\"Infoecos\",\"alternateName\":\"Noticias\",\"url\":\"https:\/\/infoecos.com.ar\/\",\"logo\":{\"@type\":\"ImageObject\",\"inLanguage\":\"es\",\"@id\":\"https:\/\/infoecos.com.ar\/#\/schema\/logo\/image\/\",\"url\":\"https:\/\/infoecos.com.ar\/wp-content\/uploads\/2024\/03\/cropped-logo.png\",\"contentUrl\":\"https:\/\/infoecos.com.ar\/wp-content\/uploads\/2024\/03\/cropped-logo.png\",\"width\":374,\"height\":90,\"caption\":\"Infoecos\"},\"image\":{\"@id\":\"https:\/\/infoecos.com.ar\/#\/schema\/logo\/image\/\"},\"sameAs\":[\"https:\/\/www.facebook.com\/profile.php?id=100063200290284\",\"https:\/\/x.com\/infoecos\"]},{\"@type\":\"Person\",\"@id\":\"https:\/\/infoecos.com.ar\/#\/schema\/person\/8f5ace5ce73b4b4aac4b7245aee6f191\",\"name\":\"Jorge Matheus\",\"url\":\"https:\/\/infoecos.com.ar\/index.php\/author\/jomatheus\/\"}]}<\/script>\n<!-- \/ Yoast SEO plugin. -->","yoast_head_json":{"title":"Violento temporal en Miramar: un muerto y muchos destrozos - Infoecos","robots":{"index":"index","follow":"follow","max-snippet":"max-snippet:-1","max-image-preview":"max-image-preview:large","max-video-preview":"max-video-preview:-1"},"canonical":"https:\/\/infoecos.com.ar\/index.php\/violento-temporal-en-miramar-un-muerto-y-muchos-destrozos\/","og_locale":"es_ES","og_type":"article","og_title":"Violento temporal en Miramar: un muerto y muchos destrozos - Infoecos","og_description":"Si bien muchas personas se alertaron sobre la posible existencia de un\u00a0tornado, especialistas descartaron esa idea y aseguran que se trat\u00f3 de un temporal","og_url":"https:\/\/infoecos.com.ar\/index.php\/violento-temporal-en-miramar-un-muerto-y-muchos-destrozos\/","og_site_name":"Infoecos","article_publisher":"https:\/\/www.facebook.com\/profile.php?id=100063200290284","article_published_time":"2024-01-10T05:06:15+00:00","article_modified_time":"2024-01-10T05:06:17+00:00","og_image":[{"width":1121,"height":633,"url":"https:\/\/infoecos.com.ar\/wp-content\/uploads\/2024\/01\/MIRAMAR.webp","type":"image\/webp"}],"author":"Jorge Matheus","twitter_card":"summary_large_image","twitter_creator":"@infoecos","twitter_site":"@infoecos","twitter_misc":{"Escrito por":"Jorge Matheus","Tiempo de lectura":"3 minutos"},"schema":{"@context":"https:\/\/schema.org","@graph":[{"@type":"Article","@id":"https:\/\/infoecos.com.ar\/index.php\/violento-temporal-en-miramar-un-muerto-y-muchos-destrozos\/#article","isPartOf":{"@id":"https:\/\/infoecos.com.ar\/index.php\/violento-temporal-en-miramar-un-muerto-y-muchos-destrozos\/"},"author":{"name":"Jorge Matheus","@id":"https:\/\/infoecos.com.ar\/#\/schema\/person\/8f5ace5ce73b4b4aac4b7245aee6f191"},"headline":"Violento temporal en Miramar: un muerto y muchos destrozos","datePublished":"2024-01-10T05:06:15+00:00","dateModified":"2024-01-10T05:06:17+00:00","mainEntityOfPage":{"@id":"https:\/\/infoecos.com.ar\/index.php\/violento-temporal-en-miramar-un-muerto-y-muchos-destrozos\/"},"wordCount":208,"publisher":{"@id":"https:\/\/infoecos.com.ar\/#organization"},"image":{"@id":"https:\/\/infoecos.com.ar\/index.php\/violento-temporal-en-miramar-un-muerto-y-muchos-destrozos\/#primaryimage"},"thumbnailUrl":"https:\/\/infoecos.com.ar\/wp-content\/uploads\/2024\/01\/MIRAMAR.webp","keywords":["IM\u00c1GENES"],"articleSection":["C1 N2"],"inLanguage":"es"},{"@type":"WebPage","@id":"https:\/\/infoecos.com.ar\/index.php\/violento-temporal-en-miramar-un-muerto-y-muchos-destrozos\/","url":"https:\/\/infoecos.com.ar\/index.php\/violento-temporal-en-miramar-un-muerto-y-muchos-destrozos\/","name":"Violento temporal en Miramar: un muerto y muchos destrozos - Infoecos","isPartOf":{"@id":"https:\/\/infoecos.com.ar\/#website"},"primaryImageOfPage":{"@id":"https:\/\/infoecos.com.ar\/index.php\/violento-temporal-en-miramar-un-muerto-y-muchos-destrozos\/#primaryimage"},"image":{"@id":"https:\/\/infoecos.com.ar\/index.php\/violento-temporal-en-miramar-un-muerto-y-muchos-destrozos\/#primaryimage"},"thumbnailUrl":"https:\/\/infoecos.com.ar\/wp-content\/uploads\/2024\/01\/MIRAMAR.webp","datePublished":"2024-01-10T05:06:15+00:00","dateModified":"2024-01-10T05:06:17+00:00","breadcrumb":{"@id":"https:\/\/infoecos.com.ar\/index.php\/violento-temporal-en-miramar-un-muerto-y-muchos-destrozos\/#breadcrumb"},"inLanguage":"es","potentialAction":[{"@type":"ReadAction","target":["https:\/\/infoecos.com.ar\/index.php\/violento-temporal-en-miramar-un-muerto-y-muchos-destrozos\/"]}]},{"@type":"ImageObject","inLanguage":"es","@id":"https:\/\/infoecos.com.ar\/index.php\/violento-temporal-en-miramar-un-muerto-y-muchos-destrozos\/#primaryimage","url":"https:\/\/infoecos.com.ar\/wp-content\/uploads\/2024\/01\/MIRAMAR.webp","contentUrl":"https:\/\/infoecos.com.ar\/wp-content\/uploads\/2024\/01\/MIRAMAR.webp","width":1121,"height":633},{"@type":"BreadcrumbList","@id":"https:\/\/infoecos.com.ar\/index.php\/violento-temporal-en-miramar-un-muerto-y-muchos-destrozos\/#breadcrumb","itemListElement":[{"@type":"ListItem","position":1,"name":"Portada","item":"https:\/\/infoecos.com.ar\/"},{"@type":"ListItem","position":2,"name":"Violento temporal en Miramar: un muerto y muchos destrozos"}]},{"@type":"WebSite","@id":"https:\/\/infoecos.com.ar\/#website","url":"https:\/\/infoecos.com.ar\/","name":"Infoecos","description":"Noticias de trenque lauquen y la zona","publisher":{"@id":"https:\/\/infoecos.com.ar\/#organization"},"alternateName":"Noticias","potentialAction":[{"@type":"SearchAction","target":{"@type":"EntryPoint","urlTemplate":"https:\/\/infoecos.com.ar\/?s={search_term_string}"},"query-input":{"@type":"PropertyValueSpecification","valueRequired":true,"valueName":"search_term_string"}}],"inLanguage":"es"},{"@type":"Organization","@id":"https:\/\/infoecos.com.ar\/#organization","name":"Infoecos","alternateName":"Noticias","url":"https:\/\/infoecos.com.ar\/","logo":{"@type":"ImageObject","inLanguage":"es","@id":"https:\/\/infoecos.com.ar\/#\/schema\/logo\/image\/","url":"https:\/\/infoecos.com.ar\/wp-content\/uploads\/2024\/03\/cropped-logo.png","contentUrl":"https:\/\/infoecos.com.ar\/wp-content\/uploads\/2024\/03\/cropped-logo.png","width":374,"height":90,"caption":"Infoecos"},"image":{"@id":"https:\/\/infoecos.com.ar\/#\/schema\/logo\/image\/"},"sameAs":["https:\/\/www.facebook.com\/profile.php?id=100063200290284","https:\/\/x.com\/infoecos"]},{"@type":"Person","@id":"https:\/\/infoecos.com.ar\/#\/schema\/person\/8f5ace5ce73b4b4aac4b7245aee6f191","name":"Jorge Matheus","url":"https:\/\/infoecos.com.ar\/index.php\/author\/jomatheus\/"}]}},"featured_image_urls":{"full":["https:\/\/infoecos.com.ar\/wp-content\/uploads\/2024\/01\/MIRAMAR.webp",1121,633,false],"thumbnail":["https:\/\/infoecos.com.ar\/wp-content\/uploads\/2024\/01\/MIRAMAR-300x150.webp",300,150,true],"medium":["https:\/\/infoecos.com.ar\/wp-content\/uploads\/2024\/01\/MIRAMAR-800x452.webp",800,452,true],"medium_large":["https:\/\/infoecos.com.ar\/wp-content\/uploads\/2024\/01\/MIRAMAR-768x434.webp",640,362,true],"large":["https:\/\/infoecos.com.ar\/wp-content\/uploads\/2024\/01\/MIRAMAR.webp",640,361,false],"1536x1536":["https:\/\/infoecos.com.ar\/wp-content\/uploads\/2024\/01\/MIRAMAR.webp",1121,633,false],"2048x2048":["https:\/\/infoecos.com.ar\/wp-content\/uploads\/2024\/01\/MIRAMAR.webp",1121,633,false],"covernews-slider-full":["https:\/\/infoecos.com.ar\/wp-content\/uploads\/2024\/01\/MIRAMAR.webp",1115,630,false],"covernews-slider-center":["https:\/\/infoecos.com.ar\/wp-content\/uploads\/2024\/01\/MIRAMAR-936x633.webp",739,500,true],"covernews-featured":["https:\/\/infoecos.com.ar\/wp-content\/uploads\/2024\/01\/MIRAMAR-1024x578.webp",1024,578,true],"covernews-medium":["https:\/\/infoecos.com.ar\/wp-content\/uploads\/2024\/01\/MIRAMAR-720x380.webp",540,285,true],"covernews-medium-square":["https:\/\/infoecos.com.ar\/wp-content\/uploads\/2024\/01\/MIRAMAR-675x450.webp",375,250,true]},"author_info":{"info":["Jorge Matheus"]},"category_info":"<a href=\"https:\/\/infoecos.com.ar\/index.php\/category\/c1nota2\/\" rel=\"category tag\">C1 N2<\/a>","tag_info":"C1 N2","comment_count":"0","_links":{"self":[{"href":"https:\/\/infoecos.com.ar\/index.php\/wp-json\/wp\/v2\/posts\/117258"}],"collection":[{"href":"https:\/\/infoecos.com.ar\/index.php\/wp-json\/wp\/v2\/posts"}],"about":[{"href":"https:\/\/infoecos.com.ar\/index.php\/wp-json\/wp\/v2\/types\/post"}],"author":[{"embeddable":true,"href":"https:\/\/infoecos.com.ar\/index.php\/wp-json\/wp\/v2\/users\/2"}],"replies":[{"embeddable":true,"href":"https:\/\/infoecos.com.ar\/index.php\/wp-json\/wp\/v2\/comments?post=117258"}],"version-history":[{"count":1,"href":"https:\/\/infoecos.com.ar\/index.php\/wp-json\/wp\/v2\/posts\/117258\/revisions"}],"predecessor-version":[{"id":117265,"href":"https:\/\/infoecos.com.ar\/index.php\/wp-json\/wp\/v2\/posts\/117258\/revisions\/117265"}],"wp:featuredmedia":[{"embeddable":true,"href":"https:\/\/infoecos.com.ar\/index.php\/wp-json\/wp\/v2\/media\/117262"}],"wp:attachment":[{"href":"https:\/\/infoecos.com.ar\/index.php\/wp-json\/wp\/v2\/media?parent=117258"}],"wp:term":[{"taxonomy":"category","embeddable":true,"href":"https:\/\/infoecos.com.ar\/index.php\/wp-json\/wp\/v2\/categories?post=117258"},{"taxonomy":"post_tag","embeddable":true,"href":"https:\/\/infoecos.com.ar\/index.php\/wp-json\/wp\/v2\/tags?post=117258"}],"curies":[{"name":"wp","href":"https:\/\/api.w.org\/{rel}","templated":true}]}}