{"id":117268,"date":"2024-01-10T02:25:51","date_gmt":"2024-01-10T05:25:51","guid":{"rendered":"https:\/\/infoecos.com.ar\/?p=117268"},"modified":"2024-01-10T02:25:52","modified_gmt":"2024-01-10T05:25:52","slug":"zurro-se-reunio-con-el-sindicato-de-empleados-municipales-y-upcn-reconocio-que-los-salarios-estan-bajos","status":"publish","type":"post","link":"https:\/\/infoecos.com.ar\/index.php\/zurro-se-reunio-con-el-sindicato-de-empleados-municipales-y-upcn-reconocio-que-los-salarios-estan-bajos\/","title":{"rendered":"Zurro se reuni\u00f3 con el sindicato de Empleados Municipales y UPCN: reconoci\u00f3 que los salarios est\u00e1n bajos"},"content":{"rendered":"\n<figure class=\"wp-block-image alignright size-full is-resized\"><img loading=\"lazy\" decoding=\"async\" src=\"https:\/\/infoecos.com.ar\/wp-content\/uploads\/2024\/01\/image-57.png\" alt=\"\" class=\"wp-image-117269\" width=\"390\" height=\"218\"\/><\/figure>\n\n\n\n<p>\u00abMe tengo que mover con la realidad, que es que los empleados municipales ganan poco, ver el flujo de la Provincia de Buenos Aires y darles una respuesta, porque lo que piden es justo\u00bb, dijo Pablo Zurro, intendente de Pehuaj\u00f3 al reunirse con el gremio que los agrupa. aclar\u00f3 el mandatario. <\/p>\n\n\n\n<p>Por su parte, Arturo Oriani, en representaci\u00f3n de los trabajadores se\u00f1al\u00f3 que \u00abel ejecutivo escuch\u00f3 nuestras propuestas y el viernes nos dar\u00e1 una contestaci\u00f3n, aparentemente \u00e9l est\u00e1 inmiscuido en los salarios municipales, sabe que son muy bajos, pero la coparticipaci\u00f3n se ha ca\u00eddo, las tasas se van a caer porque la gente va a priorizar comer.\u00bb <\/p>\n\n\n\n<p>Zurro estuvo acompa\u00f1ado por la secretaria de Hacienda, Carla Reinoso. <\/p>\n","protected":false},"excerpt":{"rendered":"<p>\u00abTengo que darles una respuesta, porque lo que piden es justo\u00bb, se\u00f1al\u00f3 el mandatario comunal <\/p>\n","protected":false},"author":2,"featured_media":117269,"comment_status":"closed","ping_status":"open","sticky":false,"template":"","format":"standard","meta":{"footnotes":""},"categories":[47],"tags":[1693],"class_list":["post-117268","post","type-post","status-publish","format-standard","has-post-thumbnail","hentry","category-c3nota2","tag-pehuajo-2"],"yoast_head":"<!-- This site is optimized with the Yoast SEO plugin v23.4 - https:\/\/yoast.com\/wordpress\/plugins\/seo\/ -->\n<title>Zurro se reuni\u00f3 con el sindicato de Empleados Municipales y UPCN: reconoci\u00f3 que los salarios est\u00e1n bajos - Infoecos<\/title>\n<meta name=\"robots\" content=\"index, follow, max-snippet:-1, max-image-preview:large, max-video-preview:-1\" \/>\n<link rel=\"canonical\" href=\"https:\/\/infoecos.com.ar\/index.php\/zurro-se-reunio-con-el-sindicato-de-empleados-municipales-y-upcn-reconocio-que-los-salarios-estan-bajos\/\" \/>\n<meta property=\"og:locale\" content=\"es_ES\" \/>\n<meta property=\"og:type\" content=\"article\" \/>\n<meta property=\"og:title\" content=\"Zurro se reuni\u00f3 con el sindicato de Empleados Municipales y UPCN: reconoci\u00f3 que los salarios est\u00e1n bajos - Infoecos\" \/>\n<meta property=\"og:description\" content=\"&quot;Tengo que darles una respuesta, porque lo que piden es justo&quot;, se\u00f1al\u00f3 el mandatario comunal\" \/>\n<meta property=\"og:url\" content=\"https:\/\/infoecos.com.ar\/index.php\/zurro-se-reunio-con-el-sindicato-de-empleados-municipales-y-upcn-reconocio-que-los-salarios-estan-bajos\/\" \/>\n<meta property=\"og:site_name\" content=\"Infoecos\" \/>\n<meta property=\"article:publisher\" content=\"https:\/\/www.facebook.com\/profile.php?id=100063200290284\" \/>\n<meta property=\"article:published_time\" content=\"2024-01-10T05:25:51+00:00\" \/>\n<meta property=\"article:modified_time\" content=\"2024-01-10T05:25:52+00:00\" \/>\n<meta property=\"og:image\" content=\"https:\/\/infoecos.com.ar\/wp-content\/uploads\/2024\/01\/image-57.png\" \/>\n\t<meta property=\"og:image:width\" content=\"615\" \/>\n\t<meta property=\"og:image:height\" content=\"343\" \/>\n\t<meta property=\"og:image:type\" content=\"image\/png\" \/>\n<meta name=\"author\" content=\"Jorge Matheus\" \/>\n<meta name=\"twitter:card\" content=\"summary_large_image\" \/>\n<meta name=\"twitter:creator\" content=\"@infoecos\" \/>\n<meta name=\"twitter:site\" content=\"@infoecos\" \/>\n<meta name=\"twitter:label1\" content=\"Escrito por\" \/>\n\t<meta name=\"twitter:data1\" content=\"Jorge Matheus\" \/>\n\t<meta name=\"twitter:label2\" content=\"Tiempo de lectura\" \/>\n\t<meta name=\"twitter:data2\" content=\"1 minuto\" \/>\n<script type=\"application\/ld+json\" class=\"yoast-schema-graph\">{\"@context\":\"https:\/\/schema.org\",\"@graph\":[{\"@type\":\"Article\",\"@id\":\"https:\/\/infoecos.com.ar\/index.php\/zurro-se-reunio-con-el-sindicato-de-empleados-municipales-y-upcn-reconocio-que-los-salarios-estan-bajos\/#article\",\"isPartOf\":{\"@id\":\"https:\/\/infoecos.com.ar\/index.php\/zurro-se-reunio-con-el-sindicato-de-empleados-municipales-y-upcn-reconocio-que-los-salarios-estan-bajos\/\"},\"author\":{\"name\":\"Jorge Matheus\",\"@id\":\"https:\/\/infoecos.com.ar\/#\/schema\/person\/8f5ace5ce73b4b4aac4b7245aee6f191\"},\"headline\":\"Zurro se reuni\u00f3 con el sindicato de Empleados Municipales y UPCN: reconoci\u00f3 que los salarios est\u00e1n bajos\",\"datePublished\":\"2024-01-10T05:25:51+00:00\",\"dateModified\":\"2024-01-10T05:25:52+00:00\",\"mainEntityOfPage\":{\"@id\":\"https:\/\/infoecos.com.ar\/index.php\/zurro-se-reunio-con-el-sindicato-de-empleados-municipales-y-upcn-reconocio-que-los-salarios-estan-bajos\/\"},\"wordCount\":141,\"publisher\":{\"@id\":\"https:\/\/infoecos.com.ar\/#organization\"},\"image\":{\"@id\":\"https:\/\/infoecos.com.ar\/index.php\/zurro-se-reunio-con-el-sindicato-de-empleados-municipales-y-upcn-reconocio-que-los-salarios-estan-bajos\/#primaryimage\"},\"thumbnailUrl\":\"https:\/\/infoecos.com.ar\/wp-content\/uploads\/2024\/01\/image-57.png\",\"keywords\":[\"PEHUAJ\u00d3\"],\"articleSection\":[\"C3 N2\"],\"inLanguage\":\"es\"},{\"@type\":\"WebPage\",\"@id\":\"https:\/\/infoecos.com.ar\/index.php\/zurro-se-reunio-con-el-sindicato-de-empleados-municipales-y-upcn-reconocio-que-los-salarios-estan-bajos\/\",\"url\":\"https:\/\/infoecos.com.ar\/index.php\/zurro-se-reunio-con-el-sindicato-de-empleados-municipales-y-upcn-reconocio-que-los-salarios-estan-bajos\/\",\"name\":\"Zurro se reuni\u00f3 con el sindicato de Empleados Municipales y UPCN: reconoci\u00f3 que los salarios est\u00e1n bajos - Infoecos\",\"isPartOf\":{\"@id\":\"https:\/\/infoecos.com.ar\/#website\"},\"primaryImageOfPage\":{\"@id\":\"https:\/\/infoecos.com.ar\/index.php\/zurro-se-reunio-con-el-sindicato-de-empleados-municipales-y-upcn-reconocio-que-los-salarios-estan-bajos\/#primaryimage\"},\"image\":{\"@id\":\"https:\/\/infoecos.com.ar\/index.php\/zurro-se-reunio-con-el-sindicato-de-empleados-municipales-y-upcn-reconocio-que-los-salarios-estan-bajos\/#primaryimage\"},\"thumbnailUrl\":\"https:\/\/infoecos.com.ar\/wp-content\/uploads\/2024\/01\/image-57.png\",\"datePublished\":\"2024-01-10T05:25:51+00:00\",\"dateModified\":\"2024-01-10T05:25:52+00:00\",\"breadcrumb\":{\"@id\":\"https:\/\/infoecos.com.ar\/index.php\/zurro-se-reunio-con-el-sindicato-de-empleados-municipales-y-upcn-reconocio-que-los-salarios-estan-bajos\/#breadcrumb\"},\"inLanguage\":\"es\",\"potentialAction\":[{\"@type\":\"ReadAction\",\"target\":[\"https:\/\/infoecos.com.ar\/index.php\/zurro-se-reunio-con-el-sindicato-de-empleados-municipales-y-upcn-reconocio-que-los-salarios-estan-bajos\/\"]}]},{\"@type\":\"ImageObject\",\"inLanguage\":\"es\",\"@id\":\"https:\/\/infoecos.com.ar\/index.php\/zurro-se-reunio-con-el-sindicato-de-empleados-municipales-y-upcn-reconocio-que-los-salarios-estan-bajos\/#primaryimage\",\"url\":\"https:\/\/infoecos.com.ar\/wp-content\/uploads\/2024\/01\/image-57.png\",\"contentUrl\":\"https:\/\/infoecos.com.ar\/wp-content\/uploads\/2024\/01\/image-57.png\",\"width\":615,\"height\":343},{\"@type\":\"BreadcrumbList\",\"@id\":\"https:\/\/infoecos.com.ar\/index.php\/zurro-se-reunio-con-el-sindicato-de-empleados-municipales-y-upcn-reconocio-que-los-salarios-estan-bajos\/#breadcrumb\",\"itemListElement\":[{\"@type\":\"ListItem\",\"position\":1,\"name\":\"Portada\",\"item\":\"https:\/\/infoecos.com.ar\/\"},{\"@type\":\"ListItem\",\"position\":2,\"name\":\"Zurro se reuni\u00f3 con el sindicato de Empleados Municipales y UPCN: reconoci\u00f3 que los salarios est\u00e1n bajos\"}]},{\"@type\":\"WebSite\",\"@id\":\"https:\/\/infoecos.com.ar\/#website\",\"url\":\"https:\/\/infoecos.com.ar\/\",\"name\":\"Infoecos\",\"description\":\"Noticias de trenque lauquen y la zona\",\"publisher\":{\"@id\":\"https:\/\/infoecos.com.ar\/#organization\"},\"alternateName\":\"Noticias\",\"potentialAction\":[{\"@type\":\"SearchAction\",\"target\":{\"@type\":\"EntryPoint\",\"urlTemplate\":\"https:\/\/infoecos.com.ar\/?s={search_term_string}\"},\"query-input\":{\"@type\":\"PropertyValueSpecification\",\"valueRequired\":true,\"valueName\":\"search_term_string\"}}],\"inLanguage\":\"es\"},{\"@type\":\"Organization\",\"@id\":\"https:\/\/infoecos.com.ar\/#organization\",\"name\":\"Infoecos\",\"alternateName\":\"Noticias\",\"url\":\"https:\/\/infoecos.com.ar\/\",\"logo\":{\"@type\":\"ImageObject\",\"inLanguage\":\"es\",\"@id\":\"https:\/\/infoecos.com.ar\/#\/schema\/logo\/image\/\",\"url\":\"https:\/\/infoecos.com.ar\/wp-content\/uploads\/2024\/03\/cropped-logo.png\",\"contentUrl\":\"https:\/\/infoecos.com.ar\/wp-content\/uploads\/2024\/03\/cropped-logo.png\",\"width\":374,\"height\":90,\"caption\":\"Infoecos\"},\"image\":{\"@id\":\"https:\/\/infoecos.com.ar\/#\/schema\/logo\/image\/\"},\"sameAs\":[\"https:\/\/www.facebook.com\/profile.php?id=100063200290284\",\"https:\/\/x.com\/infoecos\"]},{\"@type\":\"Person\",\"@id\":\"https:\/\/infoecos.com.ar\/#\/schema\/person\/8f5ace5ce73b4b4aac4b7245aee6f191\",\"name\":\"Jorge Matheus\",\"url\":\"https:\/\/infoecos.com.ar\/index.php\/author\/jomatheus\/\"}]}<\/script>\n<!-- \/ Yoast SEO plugin. -->","yoast_head_json":{"title":"Zurro se reuni\u00f3 con el sindicato de Empleados Municipales y UPCN: reconoci\u00f3 que los salarios est\u00e1n bajos - Infoecos","robots":{"index":"index","follow":"follow","max-snippet":"max-snippet:-1","max-image-preview":"max-image-preview:large","max-video-preview":"max-video-preview:-1"},"canonical":"https:\/\/infoecos.com.ar\/index.php\/zurro-se-reunio-con-el-sindicato-de-empleados-municipales-y-upcn-reconocio-que-los-salarios-estan-bajos\/","og_locale":"es_ES","og_type":"article","og_title":"Zurro se reuni\u00f3 con el sindicato de Empleados Municipales y UPCN: reconoci\u00f3 que los salarios est\u00e1n bajos - Infoecos","og_description":"\"Tengo que darles una respuesta, porque lo que piden es justo\", se\u00f1al\u00f3 el mandatario comunal","og_url":"https:\/\/infoecos.com.ar\/index.php\/zurro-se-reunio-con-el-sindicato-de-empleados-municipales-y-upcn-reconocio-que-los-salarios-estan-bajos\/","og_site_name":"Infoecos","article_publisher":"https:\/\/www.facebook.com\/profile.php?id=100063200290284","article_published_time":"2024-01-10T05:25:51+00:00","article_modified_time":"2024-01-10T05:25:52+00:00","og_image":[{"width":615,"height":343,"url":"https:\/\/infoecos.com.ar\/wp-content\/uploads\/2024\/01\/image-57.png","type":"image\/png"}],"author":"Jorge Matheus","twitter_card":"summary_large_image","twitter_creator":"@infoecos","twitter_site":"@infoecos","twitter_misc":{"Escrito por":"Jorge Matheus","Tiempo de lectura":"1 minuto"},"schema":{"@context":"https:\/\/schema.org","@graph":[{"@type":"Article","@id":"https:\/\/infoecos.com.ar\/index.php\/zurro-se-reunio-con-el-sindicato-de-empleados-municipales-y-upcn-reconocio-que-los-salarios-estan-bajos\/#article","isPartOf":{"@id":"https:\/\/infoecos.com.ar\/index.php\/zurro-se-reunio-con-el-sindicato-de-empleados-municipales-y-upcn-reconocio-que-los-salarios-estan-bajos\/"},"author":{"name":"Jorge Matheus","@id":"https:\/\/infoecos.com.ar\/#\/schema\/person\/8f5ace5ce73b4b4aac4b7245aee6f191"},"headline":"Zurro se reuni\u00f3 con el sindicato de Empleados Municipales y UPCN: reconoci\u00f3 que los salarios est\u00e1n bajos","datePublished":"2024-01-10T05:25:51+00:00","dateModified":"2024-01-10T05:25:52+00:00","mainEntityOfPage":{"@id":"https:\/\/infoecos.com.ar\/index.php\/zurro-se-reunio-con-el-sindicato-de-empleados-municipales-y-upcn-reconocio-que-los-salarios-estan-bajos\/"},"wordCount":141,"publisher":{"@id":"https:\/\/infoecos.com.ar\/#organization"},"image":{"@id":"https:\/\/infoecos.com.ar\/index.php\/zurro-se-reunio-con-el-sindicato-de-empleados-municipales-y-upcn-reconocio-que-los-salarios-estan-bajos\/#primaryimage"},"thumbnailUrl":"https:\/\/infoecos.com.ar\/wp-content\/uploads\/2024\/01\/image-57.png","keywords":["PEHUAJ\u00d3"],"articleSection":["C3 N2"],"inLanguage":"es"},{"@type":"WebPage","@id":"https:\/\/infoecos.com.ar\/index.php\/zurro-se-reunio-con-el-sindicato-de-empleados-municipales-y-upcn-reconocio-que-los-salarios-estan-bajos\/","url":"https:\/\/infoecos.com.ar\/index.php\/zurro-se-reunio-con-el-sindicato-de-empleados-municipales-y-upcn-reconocio-que-los-salarios-estan-bajos\/","name":"Zurro se reuni\u00f3 con el sindicato de Empleados Municipales y UPCN: reconoci\u00f3 que los salarios est\u00e1n bajos - Infoecos","isPartOf":{"@id":"https:\/\/infoecos.com.ar\/#website"},"primaryImageOfPage":{"@id":"https:\/\/infoecos.com.ar\/index.php\/zurro-se-reunio-con-el-sindicato-de-empleados-municipales-y-upcn-reconocio-que-los-salarios-estan-bajos\/#primaryimage"},"image":{"@id":"https:\/\/infoecos.com.ar\/index.php\/zurro-se-reunio-con-el-sindicato-de-empleados-municipales-y-upcn-reconocio-que-los-salarios-estan-bajos\/#primaryimage"},"thumbnailUrl":"https:\/\/infoecos.com.ar\/wp-content\/uploads\/2024\/01\/image-57.png","datePublished":"2024-01-10T05:25:51+00:00","dateModified":"2024-01-10T05:25:52+00:00","breadcrumb":{"@id":"https:\/\/infoecos.com.ar\/index.php\/zurro-se-reunio-con-el-sindicato-de-empleados-municipales-y-upcn-reconocio-que-los-salarios-estan-bajos\/#breadcrumb"},"inLanguage":"es","potentialAction":[{"@type":"ReadAction","target":["https:\/\/infoecos.com.ar\/index.php\/zurro-se-reunio-con-el-sindicato-de-empleados-municipales-y-upcn-reconocio-que-los-salarios-estan-bajos\/"]}]},{"@type":"ImageObject","inLanguage":"es","@id":"https:\/\/infoecos.com.ar\/index.php\/zurro-se-reunio-con-el-sindicato-de-empleados-municipales-y-upcn-reconocio-que-los-salarios-estan-bajos\/#primaryimage","url":"https:\/\/infoecos.com.ar\/wp-content\/uploads\/2024\/01\/image-57.png","contentUrl":"https:\/\/infoecos.com.ar\/wp-content\/uploads\/2024\/01\/image-57.png","width":615,"height":343},{"@type":"BreadcrumbList","@id":"https:\/\/infoecos.com.ar\/index.php\/zurro-se-reunio-con-el-sindicato-de-empleados-municipales-y-upcn-reconocio-que-los-salarios-estan-bajos\/#breadcrumb","itemListElement":[{"@type":"ListItem","position":1,"name":"Portada","item":"https:\/\/infoecos.com.ar\/"},{"@type":"ListItem","position":2,"name":"Zurro se reuni\u00f3 con el sindicato de Empleados Municipales y UPCN: reconoci\u00f3 que los salarios est\u00e1n bajos"}]},{"@type":"WebSite","@id":"https:\/\/infoecos.com.ar\/#website","url":"https:\/\/infoecos.com.ar\/","name":"Infoecos","description":"Noticias de trenque lauquen y la zona","publisher":{"@id":"https:\/\/infoecos.com.ar\/#organization"},"alternateName":"Noticias","potentialAction":[{"@type":"SearchAction","target":{"@type":"EntryPoint","urlTemplate":"https:\/\/infoecos.com.ar\/?s={search_term_string}"},"query-input":{"@type":"PropertyValueSpecification","valueRequired":true,"valueName":"search_term_string"}}],"inLanguage":"es"},{"@type":"Organization","@id":"https:\/\/infoecos.com.ar\/#organization","name":"Infoecos","alternateName":"Noticias","url":"https:\/\/infoecos.com.ar\/","logo":{"@type":"ImageObject","inLanguage":"es","@id":"https:\/\/infoecos.com.ar\/#\/schema\/logo\/image\/","url":"https:\/\/infoecos.com.ar\/wp-content\/uploads\/2024\/03\/cropped-logo.png","contentUrl":"https:\/\/infoecos.com.ar\/wp-content\/uploads\/2024\/03\/cropped-logo.png","width":374,"height":90,"caption":"Infoecos"},"image":{"@id":"https:\/\/infoecos.com.ar\/#\/schema\/logo\/image\/"},"sameAs":["https:\/\/www.facebook.com\/profile.php?id=100063200290284","https:\/\/x.com\/infoecos"]},{"@type":"Person","@id":"https:\/\/infoecos.com.ar\/#\/schema\/person\/8f5ace5ce73b4b4aac4b7245aee6f191","name":"Jorge Matheus","url":"https:\/\/infoecos.com.ar\/index.php\/author\/jomatheus\/"}]}},"featured_image_urls":{"full":["https:\/\/infoecos.com.ar\/wp-content\/uploads\/2024\/01\/image-57.png",615,343,false],"thumbnail":["https:\/\/infoecos.com.ar\/wp-content\/uploads\/2024\/01\/image-57-300x150.png",300,150,true],"medium":["https:\/\/infoecos.com.ar\/wp-content\/uploads\/2024\/01\/image-57.png",615,343,false],"medium_large":["https:\/\/infoecos.com.ar\/wp-content\/uploads\/2024\/01\/image-57.png",615,343,false],"large":["https:\/\/infoecos.com.ar\/wp-content\/uploads\/2024\/01\/image-57.png",615,343,false],"1536x1536":["https:\/\/infoecos.com.ar\/wp-content\/uploads\/2024\/01\/image-57.png",615,343,false],"2048x2048":["https:\/\/infoecos.com.ar\/wp-content\/uploads\/2024\/01\/image-57.png",615,343,false],"covernews-slider-full":["https:\/\/infoecos.com.ar\/wp-content\/uploads\/2024\/01\/image-57.png",615,343,false],"covernews-slider-center":["https:\/\/infoecos.com.ar\/wp-content\/uploads\/2024\/01\/image-57.png",615,343,false],"covernews-featured":["https:\/\/infoecos.com.ar\/wp-content\/uploads\/2024\/01\/image-57.png",615,343,false],"covernews-medium":["https:\/\/infoecos.com.ar\/wp-content\/uploads\/2024\/01\/image-57.png",540,301,false],"covernews-medium-square":["https:\/\/infoecos.com.ar\/wp-content\/uploads\/2024\/01\/image-57.png",400,223,false]},"author_info":{"info":["Jorge Matheus"]},"category_info":"<a href=\"https:\/\/infoecos.com.ar\/index.php\/category\/c3nota2\/\" rel=\"category tag\">C3 N2<\/a>","tag_info":"C3 N2","comment_count":"0","_links":{"self":[{"href":"https:\/\/infoecos.com.ar\/index.php\/wp-json\/wp\/v2\/posts\/117268"}],"collection":[{"href":"https:\/\/infoecos.com.ar\/index.php\/wp-json\/wp\/v2\/posts"}],"about":[{"href":"https:\/\/infoecos.com.ar\/index.php\/wp-json\/wp\/v2\/types\/post"}],"author":[{"embeddable":true,"href":"https:\/\/infoecos.com.ar\/index.php\/wp-json\/wp\/v2\/users\/2"}],"replies":[{"embeddable":true,"href":"https:\/\/infoecos.com.ar\/index.php\/wp-json\/wp\/v2\/comments?post=117268"}],"version-history":[{"count":1,"href":"https:\/\/infoecos.com.ar\/index.php\/wp-json\/wp\/v2\/posts\/117268\/revisions"}],"predecessor-version":[{"id":117270,"href":"https:\/\/infoecos.com.ar\/index.php\/wp-json\/wp\/v2\/posts\/117268\/revisions\/117270"}],"wp:featuredmedia":[{"embeddable":true,"href":"https:\/\/infoecos.com.ar\/index.php\/wp-json\/wp\/v2\/media\/117269"}],"wp:attachment":[{"href":"https:\/\/infoecos.com.ar\/index.php\/wp-json\/wp\/v2\/media?parent=117268"}],"wp:term":[{"taxonomy":"category","embeddable":true,"href":"https:\/\/infoecos.com.ar\/index.php\/wp-json\/wp\/v2\/categories?post=117268"},{"taxonomy":"post_tag","embeddable":true,"href":"https:\/\/infoecos.com.ar\/index.php\/wp-json\/wp\/v2\/tags?post=117268"}],"curies":[{"name":"wp","href":"https:\/\/api.w.org\/{rel}","templated":true}]}}