{"id":117274,"date":"2024-01-10T02:39:42","date_gmt":"2024-01-10T05:39:42","guid":{"rendered":"https:\/\/infoecos.com.ar\/?p=117274"},"modified":"2024-01-10T02:41:09","modified_gmt":"2024-01-10T05:41:09","slug":"primer-caso-humano-de-encefalitis-equina-en-alberti","status":"publish","type":"post","link":"https:\/\/infoecos.com.ar\/index.php\/primer-caso-humano-de-encefalitis-equina-en-alberti\/","title":{"rendered":"Primer caso humano de encefalitis equina en Alberti"},"content":{"rendered":"\n<figure class=\"wp-block-image alignright size-full is-resized\"><img loading=\"lazy\" decoding=\"async\" src=\"https:\/\/infoecos.com.ar\/wp-content\/uploads\/2024\/01\/image-59.png\" alt=\"\" class=\"wp-image-117275\" width=\"361\" height=\"240\"\/><\/figure>\n\n\n\n<p>La Secretar\u00eda de Salud de Alberti confirm\u00f3 el primer caso humano de encefalitis equina (EA) en ese distrito. Es un vecino de la ciudad que se encuentra con un cuadro de encefalopat\u00eda, internado en la terapia intensiva de un centro de salud privado de otra ciudad.<\/p>\n\n\n\n<p>Esta enfermedad se contagia a trav\u00e9s de un mosquito vector que ha picado a un ave o roedor (principales reservorios del virus) y que luego puede infectar a caballos o personas.<\/p>\n\n\n\n<p>No se transmite de persona a persona y los caballos no son fuente de contagio a humanos.<br>El caso se confirm\u00f3 mediante an\u00e1lisis realizados en el Instituto Malbr\u00e1n.<\/p>\n\n\n\n<p>Frente a esta situaci\u00f3n, la Secretar\u00eda de Salud, SENASA y la Direcci\u00f3n de Bromatolog\u00eda recuerdan las siguientes recomendaciones importantes para su prevenci\u00f3n:<\/p>\n\n\n\n<p>-Usar repelente de mosquitos<\/p>\n\n\n\n<p>-Colocar mosquiteros<\/p>\n\n\n\n<p>-Desmalezar patios y terrenos<\/p>\n\n\n\n<p>-Evitar la acumulaci\u00f3n de agua en objetos y charcos<\/p>\n\n\n\n<p>-Vacunar a los caballos<\/p>\n\n\n\n<p>Consultar a un profesional m\u00e9dico en caso de los siguientes s\u00edntomas: fiebre, cefalea, dolores musculares, v\u00f3mitos.<\/p>\n\n\n\n<p>La pr\u00f3xima semana personal del Ministerio de Salud estar\u00e1 realizando aplicaciones para eliminar la poblaci\u00f3n vol\u00e1til de mosquitos en la ciudad cabecera y todas las localidades.<\/p>\n\n\n\n<figure class=\"wp-block-image aligncenter size-full is-resized\"><img loading=\"lazy\" decoding=\"async\" src=\"https:\/\/infoecos.com.ar\/wp-content\/uploads\/2024\/01\/image-60.png\" alt=\"\" class=\"wp-image-117276\" width=\"237\" height=\"453\"\/><\/figure>\n\n\n\n<p>A trav\u00e9s de SENASA se avanza en la vacunaci\u00f3n de la poblaci\u00f3n equina del distrito, la cual ya super\u00f3 el 70 % de la poblaci\u00f3n equina.<\/p>\n","protected":false},"excerpt":{"rendered":"<p>Con un cuadro de encefalopat\u00eda, internado en la terapia intensiva de un centro de salud privado de otra ciudad<\/p>\n","protected":false},"author":2,"featured_media":115859,"comment_status":"closed","ping_status":"open","sticky":false,"template":"","format":"standard","meta":{"footnotes":""},"categories":[48],"tags":[9847],"class_list":["post-117274","post","type-post","status-publish","format-standard","has-post-thumbnail","hentry","category-c2nota3","tag-el-afectado-esta-internado"],"yoast_head":"<!-- This site is optimized with the Yoast SEO plugin v23.4 - https:\/\/yoast.com\/wordpress\/plugins\/seo\/ -->\n<title>Primer caso humano de encefalitis equina en Alberti - Infoecos<\/title>\n<meta name=\"robots\" content=\"index, follow, max-snippet:-1, max-image-preview:large, max-video-preview:-1\" \/>\n<link rel=\"canonical\" href=\"https:\/\/infoecos.com.ar\/index.php\/primer-caso-humano-de-encefalitis-equina-en-alberti\/\" \/>\n<meta property=\"og:locale\" content=\"es_ES\" \/>\n<meta property=\"og:type\" content=\"article\" \/>\n<meta property=\"og:title\" content=\"Primer caso humano de encefalitis equina en Alberti - Infoecos\" \/>\n<meta property=\"og:description\" content=\"Con un cuadro de encefalopat\u00eda, internado en la terapia intensiva de un centro de salud privado de otra ciudad\" \/>\n<meta property=\"og:url\" content=\"https:\/\/infoecos.com.ar\/index.php\/primer-caso-humano-de-encefalitis-equina-en-alberti\/\" \/>\n<meta property=\"og:site_name\" content=\"Infoecos\" \/>\n<meta property=\"article:publisher\" content=\"https:\/\/www.facebook.com\/profile.php?id=100063200290284\" \/>\n<meta property=\"article:published_time\" content=\"2024-01-10T05:39:42+00:00\" \/>\n<meta property=\"article:modified_time\" content=\"2024-01-10T05:41:09+00:00\" \/>\n<meta property=\"og:image\" content=\"https:\/\/infoecos.com.ar\/wp-content\/uploads\/2023\/12\/image-22.png\" \/>\n\t<meta property=\"og:image:width\" content=\"970\" \/>\n\t<meta property=\"og:image:height\" content=\"546\" \/>\n\t<meta property=\"og:image:type\" content=\"image\/png\" \/>\n<meta name=\"author\" content=\"Jorge Matheus\" \/>\n<meta name=\"twitter:card\" content=\"summary_large_image\" \/>\n<meta name=\"twitter:creator\" content=\"@infoecos\" \/>\n<meta name=\"twitter:site\" content=\"@infoecos\" \/>\n<meta name=\"twitter:label1\" content=\"Escrito por\" \/>\n\t<meta name=\"twitter:data1\" content=\"Jorge Matheus\" \/>\n\t<meta name=\"twitter:label2\" content=\"Tiempo de lectura\" \/>\n\t<meta name=\"twitter:data2\" content=\"2 minutos\" \/>\n<script type=\"application\/ld+json\" class=\"yoast-schema-graph\">{\"@context\":\"https:\/\/schema.org\",\"@graph\":[{\"@type\":\"Article\",\"@id\":\"https:\/\/infoecos.com.ar\/index.php\/primer-caso-humano-de-encefalitis-equina-en-alberti\/#article\",\"isPartOf\":{\"@id\":\"https:\/\/infoecos.com.ar\/index.php\/primer-caso-humano-de-encefalitis-equina-en-alberti\/\"},\"author\":{\"name\":\"Jorge Matheus\",\"@id\":\"https:\/\/infoecos.com.ar\/#\/schema\/person\/8f5ace5ce73b4b4aac4b7245aee6f191\"},\"headline\":\"Primer caso humano de encefalitis equina en Alberti\",\"datePublished\":\"2024-01-10T05:39:42+00:00\",\"dateModified\":\"2024-01-10T05:41:09+00:00\",\"mainEntityOfPage\":{\"@id\":\"https:\/\/infoecos.com.ar\/index.php\/primer-caso-humano-de-encefalitis-equina-en-alberti\/\"},\"wordCount\":245,\"publisher\":{\"@id\":\"https:\/\/infoecos.com.ar\/#organization\"},\"image\":{\"@id\":\"https:\/\/infoecos.com.ar\/index.php\/primer-caso-humano-de-encefalitis-equina-en-alberti\/#primaryimage\"},\"thumbnailUrl\":\"https:\/\/infoecos.com.ar\/wp-content\/uploads\/2023\/12\/image-22.png\",\"keywords\":[\"el afectado est\u00e1 internado\"],\"articleSection\":[\"C2 N3\"],\"inLanguage\":\"es\"},{\"@type\":\"WebPage\",\"@id\":\"https:\/\/infoecos.com.ar\/index.php\/primer-caso-humano-de-encefalitis-equina-en-alberti\/\",\"url\":\"https:\/\/infoecos.com.ar\/index.php\/primer-caso-humano-de-encefalitis-equina-en-alberti\/\",\"name\":\"Primer caso humano de encefalitis equina en Alberti - Infoecos\",\"isPartOf\":{\"@id\":\"https:\/\/infoecos.com.ar\/#website\"},\"primaryImageOfPage\":{\"@id\":\"https:\/\/infoecos.com.ar\/index.php\/primer-caso-humano-de-encefalitis-equina-en-alberti\/#primaryimage\"},\"image\":{\"@id\":\"https:\/\/infoecos.com.ar\/index.php\/primer-caso-humano-de-encefalitis-equina-en-alberti\/#primaryimage\"},\"thumbnailUrl\":\"https:\/\/infoecos.com.ar\/wp-content\/uploads\/2023\/12\/image-22.png\",\"datePublished\":\"2024-01-10T05:39:42+00:00\",\"dateModified\":\"2024-01-10T05:41:09+00:00\",\"breadcrumb\":{\"@id\":\"https:\/\/infoecos.com.ar\/index.php\/primer-caso-humano-de-encefalitis-equina-en-alberti\/#breadcrumb\"},\"inLanguage\":\"es\",\"potentialAction\":[{\"@type\":\"ReadAction\",\"target\":[\"https:\/\/infoecos.com.ar\/index.php\/primer-caso-humano-de-encefalitis-equina-en-alberti\/\"]}]},{\"@type\":\"ImageObject\",\"inLanguage\":\"es\",\"@id\":\"https:\/\/infoecos.com.ar\/index.php\/primer-caso-humano-de-encefalitis-equina-en-alberti\/#primaryimage\",\"url\":\"https:\/\/infoecos.com.ar\/wp-content\/uploads\/2023\/12\/image-22.png\",\"contentUrl\":\"https:\/\/infoecos.com.ar\/wp-content\/uploads\/2023\/12\/image-22.png\",\"width\":970,\"height\":546},{\"@type\":\"BreadcrumbList\",\"@id\":\"https:\/\/infoecos.com.ar\/index.php\/primer-caso-humano-de-encefalitis-equina-en-alberti\/#breadcrumb\",\"itemListElement\":[{\"@type\":\"ListItem\",\"position\":1,\"name\":\"Portada\",\"item\":\"https:\/\/infoecos.com.ar\/\"},{\"@type\":\"ListItem\",\"position\":2,\"name\":\"Primer caso humano de encefalitis equina en Alberti\"}]},{\"@type\":\"WebSite\",\"@id\":\"https:\/\/infoecos.com.ar\/#website\",\"url\":\"https:\/\/infoecos.com.ar\/\",\"name\":\"Infoecos\",\"description\":\"Noticias de trenque lauquen y la zona\",\"publisher\":{\"@id\":\"https:\/\/infoecos.com.ar\/#organization\"},\"alternateName\":\"Noticias\",\"potentialAction\":[{\"@type\":\"SearchAction\",\"target\":{\"@type\":\"EntryPoint\",\"urlTemplate\":\"https:\/\/infoecos.com.ar\/?s={search_term_string}\"},\"query-input\":{\"@type\":\"PropertyValueSpecification\",\"valueRequired\":true,\"valueName\":\"search_term_string\"}}],\"inLanguage\":\"es\"},{\"@type\":\"Organization\",\"@id\":\"https:\/\/infoecos.com.ar\/#organization\",\"name\":\"Infoecos\",\"alternateName\":\"Noticias\",\"url\":\"https:\/\/infoecos.com.ar\/\",\"logo\":{\"@type\":\"ImageObject\",\"inLanguage\":\"es\",\"@id\":\"https:\/\/infoecos.com.ar\/#\/schema\/logo\/image\/\",\"url\":\"https:\/\/infoecos.com.ar\/wp-content\/uploads\/2024\/03\/cropped-logo.png\",\"contentUrl\":\"https:\/\/infoecos.com.ar\/wp-content\/uploads\/2024\/03\/cropped-logo.png\",\"width\":374,\"height\":90,\"caption\":\"Infoecos\"},\"image\":{\"@id\":\"https:\/\/infoecos.com.ar\/#\/schema\/logo\/image\/\"},\"sameAs\":[\"https:\/\/www.facebook.com\/profile.php?id=100063200290284\",\"https:\/\/x.com\/infoecos\"]},{\"@type\":\"Person\",\"@id\":\"https:\/\/infoecos.com.ar\/#\/schema\/person\/8f5ace5ce73b4b4aac4b7245aee6f191\",\"name\":\"Jorge Matheus\",\"url\":\"https:\/\/infoecos.com.ar\/index.php\/author\/jomatheus\/\"}]}<\/script>\n<!-- \/ Yoast SEO plugin. -->","yoast_head_json":{"title":"Primer caso humano de encefalitis equina en Alberti - Infoecos","robots":{"index":"index","follow":"follow","max-snippet":"max-snippet:-1","max-image-preview":"max-image-preview:large","max-video-preview":"max-video-preview:-1"},"canonical":"https:\/\/infoecos.com.ar\/index.php\/primer-caso-humano-de-encefalitis-equina-en-alberti\/","og_locale":"es_ES","og_type":"article","og_title":"Primer caso humano de encefalitis equina en Alberti - Infoecos","og_description":"Con un cuadro de encefalopat\u00eda, internado en la terapia intensiva de un centro de salud privado de otra ciudad","og_url":"https:\/\/infoecos.com.ar\/index.php\/primer-caso-humano-de-encefalitis-equina-en-alberti\/","og_site_name":"Infoecos","article_publisher":"https:\/\/www.facebook.com\/profile.php?id=100063200290284","article_published_time":"2024-01-10T05:39:42+00:00","article_modified_time":"2024-01-10T05:41:09+00:00","og_image":[{"width":970,"height":546,"url":"https:\/\/infoecos.com.ar\/wp-content\/uploads\/2023\/12\/image-22.png","type":"image\/png"}],"author":"Jorge Matheus","twitter_card":"summary_large_image","twitter_creator":"@infoecos","twitter_site":"@infoecos","twitter_misc":{"Escrito por":"Jorge Matheus","Tiempo de lectura":"2 minutos"},"schema":{"@context":"https:\/\/schema.org","@graph":[{"@type":"Article","@id":"https:\/\/infoecos.com.ar\/index.php\/primer-caso-humano-de-encefalitis-equina-en-alberti\/#article","isPartOf":{"@id":"https:\/\/infoecos.com.ar\/index.php\/primer-caso-humano-de-encefalitis-equina-en-alberti\/"},"author":{"name":"Jorge Matheus","@id":"https:\/\/infoecos.com.ar\/#\/schema\/person\/8f5ace5ce73b4b4aac4b7245aee6f191"},"headline":"Primer caso humano de encefalitis equina en Alberti","datePublished":"2024-01-10T05:39:42+00:00","dateModified":"2024-01-10T05:41:09+00:00","mainEntityOfPage":{"@id":"https:\/\/infoecos.com.ar\/index.php\/primer-caso-humano-de-encefalitis-equina-en-alberti\/"},"wordCount":245,"publisher":{"@id":"https:\/\/infoecos.com.ar\/#organization"},"image":{"@id":"https:\/\/infoecos.com.ar\/index.php\/primer-caso-humano-de-encefalitis-equina-en-alberti\/#primaryimage"},"thumbnailUrl":"https:\/\/infoecos.com.ar\/wp-content\/uploads\/2023\/12\/image-22.png","keywords":["el afectado est\u00e1 internado"],"articleSection":["C2 N3"],"inLanguage":"es"},{"@type":"WebPage","@id":"https:\/\/infoecos.com.ar\/index.php\/primer-caso-humano-de-encefalitis-equina-en-alberti\/","url":"https:\/\/infoecos.com.ar\/index.php\/primer-caso-humano-de-encefalitis-equina-en-alberti\/","name":"Primer caso humano de encefalitis equina en Alberti - Infoecos","isPartOf":{"@id":"https:\/\/infoecos.com.ar\/#website"},"primaryImageOfPage":{"@id":"https:\/\/infoecos.com.ar\/index.php\/primer-caso-humano-de-encefalitis-equina-en-alberti\/#primaryimage"},"image":{"@id":"https:\/\/infoecos.com.ar\/index.php\/primer-caso-humano-de-encefalitis-equina-en-alberti\/#primaryimage"},"thumbnailUrl":"https:\/\/infoecos.com.ar\/wp-content\/uploads\/2023\/12\/image-22.png","datePublished":"2024-01-10T05:39:42+00:00","dateModified":"2024-01-10T05:41:09+00:00","breadcrumb":{"@id":"https:\/\/infoecos.com.ar\/index.php\/primer-caso-humano-de-encefalitis-equina-en-alberti\/#breadcrumb"},"inLanguage":"es","potentialAction":[{"@type":"ReadAction","target":["https:\/\/infoecos.com.ar\/index.php\/primer-caso-humano-de-encefalitis-equina-en-alberti\/"]}]},{"@type":"ImageObject","inLanguage":"es","@id":"https:\/\/infoecos.com.ar\/index.php\/primer-caso-humano-de-encefalitis-equina-en-alberti\/#primaryimage","url":"https:\/\/infoecos.com.ar\/wp-content\/uploads\/2023\/12\/image-22.png","contentUrl":"https:\/\/infoecos.com.ar\/wp-content\/uploads\/2023\/12\/image-22.png","width":970,"height":546},{"@type":"BreadcrumbList","@id":"https:\/\/infoecos.com.ar\/index.php\/primer-caso-humano-de-encefalitis-equina-en-alberti\/#breadcrumb","itemListElement":[{"@type":"ListItem","position":1,"name":"Portada","item":"https:\/\/infoecos.com.ar\/"},{"@type":"ListItem","position":2,"name":"Primer caso humano de encefalitis equina en Alberti"}]},{"@type":"WebSite","@id":"https:\/\/infoecos.com.ar\/#website","url":"https:\/\/infoecos.com.ar\/","name":"Infoecos","description":"Noticias de trenque lauquen y la zona","publisher":{"@id":"https:\/\/infoecos.com.ar\/#organization"},"alternateName":"Noticias","potentialAction":[{"@type":"SearchAction","target":{"@type":"EntryPoint","urlTemplate":"https:\/\/infoecos.com.ar\/?s={search_term_string}"},"query-input":{"@type":"PropertyValueSpecification","valueRequired":true,"valueName":"search_term_string"}}],"inLanguage":"es"},{"@type":"Organization","@id":"https:\/\/infoecos.com.ar\/#organization","name":"Infoecos","alternateName":"Noticias","url":"https:\/\/infoecos.com.ar\/","logo":{"@type":"ImageObject","inLanguage":"es","@id":"https:\/\/infoecos.com.ar\/#\/schema\/logo\/image\/","url":"https:\/\/infoecos.com.ar\/wp-content\/uploads\/2024\/03\/cropped-logo.png","contentUrl":"https:\/\/infoecos.com.ar\/wp-content\/uploads\/2024\/03\/cropped-logo.png","width":374,"height":90,"caption":"Infoecos"},"image":{"@id":"https:\/\/infoecos.com.ar\/#\/schema\/logo\/image\/"},"sameAs":["https:\/\/www.facebook.com\/profile.php?id=100063200290284","https:\/\/x.com\/infoecos"]},{"@type":"Person","@id":"https:\/\/infoecos.com.ar\/#\/schema\/person\/8f5ace5ce73b4b4aac4b7245aee6f191","name":"Jorge Matheus","url":"https:\/\/infoecos.com.ar\/index.php\/author\/jomatheus\/"}]}},"featured_image_urls":{"full":["https:\/\/infoecos.com.ar\/wp-content\/uploads\/2023\/12\/image-22.png",970,546,false],"thumbnail":["https:\/\/infoecos.com.ar\/wp-content\/uploads\/2023\/12\/image-22-300x150.png",300,150,true],"medium":["https:\/\/infoecos.com.ar\/wp-content\/uploads\/2023\/12\/image-22-800x450.png",800,450,true],"medium_large":["https:\/\/infoecos.com.ar\/wp-content\/uploads\/2023\/12\/image-22-768x432.png",640,360,true],"large":["https:\/\/infoecos.com.ar\/wp-content\/uploads\/2023\/12\/image-22.png",640,360,false],"1536x1536":["https:\/\/infoecos.com.ar\/wp-content\/uploads\/2023\/12\/image-22.png",970,546,false],"2048x2048":["https:\/\/infoecos.com.ar\/wp-content\/uploads\/2023\/12\/image-22.png",970,546,false],"covernews-slider-full":["https:\/\/infoecos.com.ar\/wp-content\/uploads\/2023\/12\/image-22.png",970,546,false],"covernews-slider-center":["https:\/\/infoecos.com.ar\/wp-content\/uploads\/2023\/12\/image-22-936x546.png",800,467,true],"covernews-featured":["https:\/\/infoecos.com.ar\/wp-content\/uploads\/2023\/12\/image-22.png",970,546,false],"covernews-medium":["https:\/\/infoecos.com.ar\/wp-content\/uploads\/2023\/12\/image-22-720x380.png",540,285,true],"covernews-medium-square":["https:\/\/infoecos.com.ar\/wp-content\/uploads\/2023\/12\/image-22-675x450.png",375,250,true]},"author_info":{"info":["Jorge Matheus"]},"category_info":"<a href=\"https:\/\/infoecos.com.ar\/index.php\/category\/c2nota3\/\" rel=\"category tag\">C2 N3<\/a>","tag_info":"C2 N3","comment_count":"0","_links":{"self":[{"href":"https:\/\/infoecos.com.ar\/index.php\/wp-json\/wp\/v2\/posts\/117274"}],"collection":[{"href":"https:\/\/infoecos.com.ar\/index.php\/wp-json\/wp\/v2\/posts"}],"about":[{"href":"https:\/\/infoecos.com.ar\/index.php\/wp-json\/wp\/v2\/types\/post"}],"author":[{"embeddable":true,"href":"https:\/\/infoecos.com.ar\/index.php\/wp-json\/wp\/v2\/users\/2"}],"replies":[{"embeddable":true,"href":"https:\/\/infoecos.com.ar\/index.php\/wp-json\/wp\/v2\/comments?post=117274"}],"version-history":[{"count":1,"href":"https:\/\/infoecos.com.ar\/index.php\/wp-json\/wp\/v2\/posts\/117274\/revisions"}],"predecessor-version":[{"id":117277,"href":"https:\/\/infoecos.com.ar\/index.php\/wp-json\/wp\/v2\/posts\/117274\/revisions\/117277"}],"wp:featuredmedia":[{"embeddable":true,"href":"https:\/\/infoecos.com.ar\/index.php\/wp-json\/wp\/v2\/media\/115859"}],"wp:attachment":[{"href":"https:\/\/infoecos.com.ar\/index.php\/wp-json\/wp\/v2\/media?parent=117274"}],"wp:term":[{"taxonomy":"category","embeddable":true,"href":"https:\/\/infoecos.com.ar\/index.php\/wp-json\/wp\/v2\/categories?post=117274"},{"taxonomy":"post_tag","embeddable":true,"href":"https:\/\/infoecos.com.ar\/index.php\/wp-json\/wp\/v2\/tags?post=117274"}],"curies":[{"name":"wp","href":"https:\/\/api.w.org\/{rel}","templated":true}]}}