{"id":117285,"date":"2024-01-10T10:37:32","date_gmt":"2024-01-10T13:37:32","guid":{"rendered":"https:\/\/infoecos.com.ar\/?p=117285"},"modified":"2024-01-11T13:49:39","modified_gmt":"2024-01-11T16:49:39","slug":"el-hcd-tratara-una-ordenanza-que-habilita-realizar-allanamientos-para-frenar-las-motos-con-escapes-reformados","status":"publish","type":"post","link":"https:\/\/infoecos.com.ar\/index.php\/el-hcd-tratara-una-ordenanza-que-habilita-realizar-allanamientos-para-frenar-las-motos-con-escapes-reformados\/","title":{"rendered":"Proyecto de ordenanza en General Villegas para lograr mayor respaldo institucional"},"content":{"rendered":"\n<figure class=\"wp-block-image alignright size-large is-resized\"><img loading=\"lazy\" decoding=\"async\" src=\"https:\/\/infoecos.com.ar\/wp-content\/uploads\/Compactaci\u00f3n-de-motos-y-autom\u00f3viles-920x580.jpg\" alt=\"\" class=\"wp-image-49520\" width=\"341\" height=\"215\"\/><figcaption class=\"wp-element-caption\">Archivo<\/figcaption><\/figure>\n\n\n\n<p>Ya se encuentra en poder de las autoridades del Concejo Deliberante de General Villegas la ordenanza mediante la cual se actuar\u00e1 con mayor respaldo institucional sobre las motos con escapes reformados.<\/p>\n\n\n\n<p>La confecci\u00f3n de la misma, cuenta con la firma del Juez de Faltas, el Dr. Mart\u00edn Leiva. Est\u00e1 basada en experiencias llevadas a cabo en distritos como el de Rivadavia.<\/p>\n\n\n\n<p>En una informaci\u00f3n que difunde <strong>Distrito Interior<\/strong> se se\u00f1ala que la reducci\u00f3n a cero de esta problem\u00e1tica es imposible, pero la acci\u00f3n permitir\u00e1 lograr un equilibrio en la convivencia de la sociedad villeguense. <\/p>\n\n\n\n<p>La ordenanza contempla<em><strong> los ruidos molestos provocados por las motos con escapes reformados, la conducci\u00f3n temeraria y las picadas, entendiendo que ello hace necesario tomar medidas tendientes a preservar la integridad f\u00edsica y la salud de los conductores y de los terceros. A su vez, tiene en cuenta que las consecuencias de los siniestros viales provocados por estas conductas impactan directamente en el sistema de salud p\u00fablico del Partido<\/strong><\/em>.<\/p>\n\n\n\n<figure class=\"wp-block-image alignright size-full is-resized\"><img loading=\"lazy\" decoding=\"async\" src=\"https:\/\/infoecos.com.ar\/wp-content\/uploads\/2024\/01\/image-51.png\" alt=\"\" class=\"wp-image-117243\" width=\"316\" height=\"316\" srcset=\"https:\/\/infoecos.com.ar\/wp-content\/uploads\/2024\/01\/image-51.png 864w, https:\/\/infoecos.com.ar\/wp-content\/uploads\/2024\/01\/image-51-800x800.png 800w, https:\/\/infoecos.com.ar\/wp-content\/uploads\/2024\/01\/image-51-768x768.png 768w\" sizes=\"(max-width: 316px) 100vw, 316px\" \/><figcaption class=\"wp-element-caption\">Archivo <\/figcaption><\/figure>\n\n\n\n<p><strong><em>Los concejales tienen la potestad de legislar sobre la prevenci\u00f3n y eliminaci\u00f3n de las molestias que afecten la tranquilidad, el reposo y la comodidad de la poblaci\u00f3n, en especial las de origen sonoro y lum\u00ednico, as\u00ed como las trepidaciones, la contaminaci\u00f3n ambiental y de los cursos de agua y el aseguramiento de la conservaci\u00f3n de los recursos naturales\u00bb. Esta ley establece tambi\u00e9n en su art\u00edculo 25 los conceptos a los que deben responder las ordenanzas dictadas por el Concejo, raz\u00f3n por la cual est\u00e1 en sus manos la aprobaci\u00f3n de esta Ley municipa<\/em><\/strong>l, se apunta en los considerandos.<\/p>\n\n\n\n<p>A su vez el Departamento Ejecutivo est\u00e1 habilitado a <strong><em>\u00abadoptar medidas de orden preventivo para evitar el incumplimiento de las ordenanzas de orden p\u00fablico, estando facultado para clausurar establecimientos, decomisar y destruir productos, demoler y trasladar instalaciones. Para allanar domicilios, proceder\u00e1 con arreglo a lo dispuesto en el Art\u00edculo 24 de la Constituci\u00f3n Provincial\u00bb<\/em><\/strong>.<\/p>\n\n\n\n<p><mark style=\"background-color:rgba(0, 0, 0, 0)\" class=\"has-inline-color has-vivid-red-color\"><strong>Fuente:<\/strong> <\/mark><strong>Distrito Interior <\/strong><\/p>\n","protected":false},"excerpt":{"rendered":"<p>En una informaci\u00f3n que difunde Distrito Interior se se\u00f1ala que la reducci\u00f3n a cero de esta problem\u00e1tica es imposible, pero la acci\u00f3n permitir\u00e1 lograr un equilibrio en la convivencia de la sociedad villeguense<\/p>\n","protected":false},"author":2,"featured_media":101236,"comment_status":"closed","ping_status":"open","sticky":false,"template":"","format":"standard","meta":{"footnotes":""},"categories":[1613],"tags":[9851],"class_list":["post-117285","post","type-post","status-publish","format-standard","has-post-thumbnail","hentry","category-noticia-secundaria","tag-motos-fuera-de-las-normas"],"yoast_head":"<!-- This site is optimized with the Yoast SEO plugin v23.4 - https:\/\/yoast.com\/wordpress\/plugins\/seo\/ -->\n<title>Proyecto de ordenanza en General Villegas para lograr mayor respaldo institucional - Infoecos<\/title>\n<meta name=\"robots\" content=\"index, follow, max-snippet:-1, max-image-preview:large, max-video-preview:-1\" \/>\n<link rel=\"canonical\" href=\"https:\/\/infoecos.com.ar\/index.php\/el-hcd-tratara-una-ordenanza-que-habilita-realizar-allanamientos-para-frenar-las-motos-con-escapes-reformados\/\" \/>\n<meta property=\"og:locale\" content=\"es_ES\" \/>\n<meta property=\"og:type\" content=\"article\" \/>\n<meta property=\"og:title\" content=\"Proyecto de ordenanza en General Villegas para lograr mayor respaldo institucional - Infoecos\" \/>\n<meta property=\"og:description\" content=\"En una informaci\u00f3n que difunde Distrito Interior se se\u00f1ala que la reducci\u00f3n a cero de esta problem\u00e1tica es imposible, pero la acci\u00f3n permitir\u00e1 lograr un equilibrio en la convivencia de la sociedad villeguense\" \/>\n<meta property=\"og:url\" content=\"https:\/\/infoecos.com.ar\/index.php\/el-hcd-tratara-una-ordenanza-que-habilita-realizar-allanamientos-para-frenar-las-motos-con-escapes-reformados\/\" \/>\n<meta property=\"og:site_name\" content=\"Infoecos\" \/>\n<meta property=\"article:publisher\" content=\"https:\/\/www.facebook.com\/profile.php?id=100063200290284\" \/>\n<meta property=\"article:published_time\" content=\"2024-01-10T13:37:32+00:00\" \/>\n<meta property=\"article:modified_time\" content=\"2024-01-11T16:49:39+00:00\" \/>\n<meta property=\"og:image\" content=\"https:\/\/infoecos.com.ar\/wp-content\/uploads\/2023\/01\/Operativo-motos-en-el-Parque.jpeg\" \/>\n\t<meta property=\"og:image:width\" content=\"1600\" \/>\n\t<meta property=\"og:image:height\" content=\"1200\" \/>\n\t<meta property=\"og:image:type\" content=\"image\/jpeg\" \/>\n<meta name=\"author\" content=\"Jorge Matheus\" \/>\n<meta name=\"twitter:card\" content=\"summary_large_image\" \/>\n<meta name=\"twitter:creator\" content=\"@infoecos\" \/>\n<meta name=\"twitter:site\" content=\"@infoecos\" \/>\n<meta name=\"twitter:label1\" content=\"Escrito por\" \/>\n\t<meta name=\"twitter:data1\" content=\"Jorge Matheus\" \/>\n\t<meta name=\"twitter:label2\" content=\"Tiempo de lectura\" \/>\n\t<meta name=\"twitter:data2\" content=\"2 minutos\" \/>\n<script type=\"application\/ld+json\" class=\"yoast-schema-graph\">{\"@context\":\"https:\/\/schema.org\",\"@graph\":[{\"@type\":\"Article\",\"@id\":\"https:\/\/infoecos.com.ar\/index.php\/el-hcd-tratara-una-ordenanza-que-habilita-realizar-allanamientos-para-frenar-las-motos-con-escapes-reformados\/#article\",\"isPartOf\":{\"@id\":\"https:\/\/infoecos.com.ar\/index.php\/el-hcd-tratara-una-ordenanza-que-habilita-realizar-allanamientos-para-frenar-las-motos-con-escapes-reformados\/\"},\"author\":{\"name\":\"Jorge Matheus\",\"@id\":\"https:\/\/infoecos.com.ar\/#\/schema\/person\/8f5ace5ce73b4b4aac4b7245aee6f191\"},\"headline\":\"Proyecto de ordenanza en General Villegas para lograr mayor respaldo institucional\",\"datePublished\":\"2024-01-10T13:37:32+00:00\",\"dateModified\":\"2024-01-11T16:49:39+00:00\",\"mainEntityOfPage\":{\"@id\":\"https:\/\/infoecos.com.ar\/index.php\/el-hcd-tratara-una-ordenanza-que-habilita-realizar-allanamientos-para-frenar-las-motos-con-escapes-reformados\/\"},\"wordCount\":353,\"publisher\":{\"@id\":\"https:\/\/infoecos.com.ar\/#organization\"},\"image\":{\"@id\":\"https:\/\/infoecos.com.ar\/index.php\/el-hcd-tratara-una-ordenanza-que-habilita-realizar-allanamientos-para-frenar-las-motos-con-escapes-reformados\/#primaryimage\"},\"thumbnailUrl\":\"https:\/\/infoecos.com.ar\/wp-content\/uploads\/2023\/01\/Operativo-motos-en-el-Parque.jpeg\",\"keywords\":[\"motos fuera de las normas\"],\"articleSection\":[\"Noticia Secundaria\"],\"inLanguage\":\"es\"},{\"@type\":\"WebPage\",\"@id\":\"https:\/\/infoecos.com.ar\/index.php\/el-hcd-tratara-una-ordenanza-que-habilita-realizar-allanamientos-para-frenar-las-motos-con-escapes-reformados\/\",\"url\":\"https:\/\/infoecos.com.ar\/index.php\/el-hcd-tratara-una-ordenanza-que-habilita-realizar-allanamientos-para-frenar-las-motos-con-escapes-reformados\/\",\"name\":\"Proyecto de ordenanza en General Villegas para lograr mayor respaldo institucional - Infoecos\",\"isPartOf\":{\"@id\":\"https:\/\/infoecos.com.ar\/#website\"},\"primaryImageOfPage\":{\"@id\":\"https:\/\/infoecos.com.ar\/index.php\/el-hcd-tratara-una-ordenanza-que-habilita-realizar-allanamientos-para-frenar-las-motos-con-escapes-reformados\/#primaryimage\"},\"image\":{\"@id\":\"https:\/\/infoecos.com.ar\/index.php\/el-hcd-tratara-una-ordenanza-que-habilita-realizar-allanamientos-para-frenar-las-motos-con-escapes-reformados\/#primaryimage\"},\"thumbnailUrl\":\"https:\/\/infoecos.com.ar\/wp-content\/uploads\/2023\/01\/Operativo-motos-en-el-Parque.jpeg\",\"datePublished\":\"2024-01-10T13:37:32+00:00\",\"dateModified\":\"2024-01-11T16:49:39+00:00\",\"breadcrumb\":{\"@id\":\"https:\/\/infoecos.com.ar\/index.php\/el-hcd-tratara-una-ordenanza-que-habilita-realizar-allanamientos-para-frenar-las-motos-con-escapes-reformados\/#breadcrumb\"},\"inLanguage\":\"es\",\"potentialAction\":[{\"@type\":\"ReadAction\",\"target\":[\"https:\/\/infoecos.com.ar\/index.php\/el-hcd-tratara-una-ordenanza-que-habilita-realizar-allanamientos-para-frenar-las-motos-con-escapes-reformados\/\"]}]},{\"@type\":\"ImageObject\",\"inLanguage\":\"es\",\"@id\":\"https:\/\/infoecos.com.ar\/index.php\/el-hcd-tratara-una-ordenanza-que-habilita-realizar-allanamientos-para-frenar-las-motos-con-escapes-reformados\/#primaryimage\",\"url\":\"https:\/\/infoecos.com.ar\/wp-content\/uploads\/2023\/01\/Operativo-motos-en-el-Parque.jpeg\",\"contentUrl\":\"https:\/\/infoecos.com.ar\/wp-content\/uploads\/2023\/01\/Operativo-motos-en-el-Parque.jpeg\",\"width\":1600,\"height\":1200},{\"@type\":\"BreadcrumbList\",\"@id\":\"https:\/\/infoecos.com.ar\/index.php\/el-hcd-tratara-una-ordenanza-que-habilita-realizar-allanamientos-para-frenar-las-motos-con-escapes-reformados\/#breadcrumb\",\"itemListElement\":[{\"@type\":\"ListItem\",\"position\":1,\"name\":\"Portada\",\"item\":\"https:\/\/infoecos.com.ar\/\"},{\"@type\":\"ListItem\",\"position\":2,\"name\":\"Proyecto de ordenanza en General Villegas para lograr mayor respaldo institucional\"}]},{\"@type\":\"WebSite\",\"@id\":\"https:\/\/infoecos.com.ar\/#website\",\"url\":\"https:\/\/infoecos.com.ar\/\",\"name\":\"Infoecos\",\"description\":\"Noticias de trenque lauquen y la zona\",\"publisher\":{\"@id\":\"https:\/\/infoecos.com.ar\/#organization\"},\"alternateName\":\"Noticias\",\"potentialAction\":[{\"@type\":\"SearchAction\",\"target\":{\"@type\":\"EntryPoint\",\"urlTemplate\":\"https:\/\/infoecos.com.ar\/?s={search_term_string}\"},\"query-input\":{\"@type\":\"PropertyValueSpecification\",\"valueRequired\":true,\"valueName\":\"search_term_string\"}}],\"inLanguage\":\"es\"},{\"@type\":\"Organization\",\"@id\":\"https:\/\/infoecos.com.ar\/#organization\",\"name\":\"Infoecos\",\"alternateName\":\"Noticias\",\"url\":\"https:\/\/infoecos.com.ar\/\",\"logo\":{\"@type\":\"ImageObject\",\"inLanguage\":\"es\",\"@id\":\"https:\/\/infoecos.com.ar\/#\/schema\/logo\/image\/\",\"url\":\"https:\/\/infoecos.com.ar\/wp-content\/uploads\/2024\/03\/cropped-logo.png\",\"contentUrl\":\"https:\/\/infoecos.com.ar\/wp-content\/uploads\/2024\/03\/cropped-logo.png\",\"width\":374,\"height\":90,\"caption\":\"Infoecos\"},\"image\":{\"@id\":\"https:\/\/infoecos.com.ar\/#\/schema\/logo\/image\/\"},\"sameAs\":[\"https:\/\/www.facebook.com\/profile.php?id=100063200290284\",\"https:\/\/x.com\/infoecos\"]},{\"@type\":\"Person\",\"@id\":\"https:\/\/infoecos.com.ar\/#\/schema\/person\/8f5ace5ce73b4b4aac4b7245aee6f191\",\"name\":\"Jorge Matheus\",\"url\":\"https:\/\/infoecos.com.ar\/index.php\/author\/jomatheus\/\"}]}<\/script>\n<!-- \/ Yoast SEO plugin. -->","yoast_head_json":{"title":"Proyecto de ordenanza en General Villegas para lograr mayor respaldo institucional - Infoecos","robots":{"index":"index","follow":"follow","max-snippet":"max-snippet:-1","max-image-preview":"max-image-preview:large","max-video-preview":"max-video-preview:-1"},"canonical":"https:\/\/infoecos.com.ar\/index.php\/el-hcd-tratara-una-ordenanza-que-habilita-realizar-allanamientos-para-frenar-las-motos-con-escapes-reformados\/","og_locale":"es_ES","og_type":"article","og_title":"Proyecto de ordenanza en General Villegas para lograr mayor respaldo institucional - Infoecos","og_description":"En una informaci\u00f3n que difunde Distrito Interior se se\u00f1ala que la reducci\u00f3n a cero de esta problem\u00e1tica es imposible, pero la acci\u00f3n permitir\u00e1 lograr un equilibrio en la convivencia de la sociedad villeguense","og_url":"https:\/\/infoecos.com.ar\/index.php\/el-hcd-tratara-una-ordenanza-que-habilita-realizar-allanamientos-para-frenar-las-motos-con-escapes-reformados\/","og_site_name":"Infoecos","article_publisher":"https:\/\/www.facebook.com\/profile.php?id=100063200290284","article_published_time":"2024-01-10T13:37:32+00:00","article_modified_time":"2024-01-11T16:49:39+00:00","og_image":[{"width":1600,"height":1200,"url":"https:\/\/infoecos.com.ar\/wp-content\/uploads\/2023\/01\/Operativo-motos-en-el-Parque.jpeg","type":"image\/jpeg"}],"author":"Jorge Matheus","twitter_card":"summary_large_image","twitter_creator":"@infoecos","twitter_site":"@infoecos","twitter_misc":{"Escrito por":"Jorge Matheus","Tiempo de lectura":"2 minutos"},"schema":{"@context":"https:\/\/schema.org","@graph":[{"@type":"Article","@id":"https:\/\/infoecos.com.ar\/index.php\/el-hcd-tratara-una-ordenanza-que-habilita-realizar-allanamientos-para-frenar-las-motos-con-escapes-reformados\/#article","isPartOf":{"@id":"https:\/\/infoecos.com.ar\/index.php\/el-hcd-tratara-una-ordenanza-que-habilita-realizar-allanamientos-para-frenar-las-motos-con-escapes-reformados\/"},"author":{"name":"Jorge Matheus","@id":"https:\/\/infoecos.com.ar\/#\/schema\/person\/8f5ace5ce73b4b4aac4b7245aee6f191"},"headline":"Proyecto de ordenanza en General Villegas para lograr mayor respaldo institucional","datePublished":"2024-01-10T13:37:32+00:00","dateModified":"2024-01-11T16:49:39+00:00","mainEntityOfPage":{"@id":"https:\/\/infoecos.com.ar\/index.php\/el-hcd-tratara-una-ordenanza-que-habilita-realizar-allanamientos-para-frenar-las-motos-con-escapes-reformados\/"},"wordCount":353,"publisher":{"@id":"https:\/\/infoecos.com.ar\/#organization"},"image":{"@id":"https:\/\/infoecos.com.ar\/index.php\/el-hcd-tratara-una-ordenanza-que-habilita-realizar-allanamientos-para-frenar-las-motos-con-escapes-reformados\/#primaryimage"},"thumbnailUrl":"https:\/\/infoecos.com.ar\/wp-content\/uploads\/2023\/01\/Operativo-motos-en-el-Parque.jpeg","keywords":["motos fuera de las normas"],"articleSection":["Noticia Secundaria"],"inLanguage":"es"},{"@type":"WebPage","@id":"https:\/\/infoecos.com.ar\/index.php\/el-hcd-tratara-una-ordenanza-que-habilita-realizar-allanamientos-para-frenar-las-motos-con-escapes-reformados\/","url":"https:\/\/infoecos.com.ar\/index.php\/el-hcd-tratara-una-ordenanza-que-habilita-realizar-allanamientos-para-frenar-las-motos-con-escapes-reformados\/","name":"Proyecto de ordenanza en General Villegas para lograr mayor respaldo institucional - Infoecos","isPartOf":{"@id":"https:\/\/infoecos.com.ar\/#website"},"primaryImageOfPage":{"@id":"https:\/\/infoecos.com.ar\/index.php\/el-hcd-tratara-una-ordenanza-que-habilita-realizar-allanamientos-para-frenar-las-motos-con-escapes-reformados\/#primaryimage"},"image":{"@id":"https:\/\/infoecos.com.ar\/index.php\/el-hcd-tratara-una-ordenanza-que-habilita-realizar-allanamientos-para-frenar-las-motos-con-escapes-reformados\/#primaryimage"},"thumbnailUrl":"https:\/\/infoecos.com.ar\/wp-content\/uploads\/2023\/01\/Operativo-motos-en-el-Parque.jpeg","datePublished":"2024-01-10T13:37:32+00:00","dateModified":"2024-01-11T16:49:39+00:00","breadcrumb":{"@id":"https:\/\/infoecos.com.ar\/index.php\/el-hcd-tratara-una-ordenanza-que-habilita-realizar-allanamientos-para-frenar-las-motos-con-escapes-reformados\/#breadcrumb"},"inLanguage":"es","potentialAction":[{"@type":"ReadAction","target":["https:\/\/infoecos.com.ar\/index.php\/el-hcd-tratara-una-ordenanza-que-habilita-realizar-allanamientos-para-frenar-las-motos-con-escapes-reformados\/"]}]},{"@type":"ImageObject","inLanguage":"es","@id":"https:\/\/infoecos.com.ar\/index.php\/el-hcd-tratara-una-ordenanza-que-habilita-realizar-allanamientos-para-frenar-las-motos-con-escapes-reformados\/#primaryimage","url":"https:\/\/infoecos.com.ar\/wp-content\/uploads\/2023\/01\/Operativo-motos-en-el-Parque.jpeg","contentUrl":"https:\/\/infoecos.com.ar\/wp-content\/uploads\/2023\/01\/Operativo-motos-en-el-Parque.jpeg","width":1600,"height":1200},{"@type":"BreadcrumbList","@id":"https:\/\/infoecos.com.ar\/index.php\/el-hcd-tratara-una-ordenanza-que-habilita-realizar-allanamientos-para-frenar-las-motos-con-escapes-reformados\/#breadcrumb","itemListElement":[{"@type":"ListItem","position":1,"name":"Portada","item":"https:\/\/infoecos.com.ar\/"},{"@type":"ListItem","position":2,"name":"Proyecto de ordenanza en General Villegas para lograr mayor respaldo institucional"}]},{"@type":"WebSite","@id":"https:\/\/infoecos.com.ar\/#website","url":"https:\/\/infoecos.com.ar\/","name":"Infoecos","description":"Noticias de trenque lauquen y la zona","publisher":{"@id":"https:\/\/infoecos.com.ar\/#organization"},"alternateName":"Noticias","potentialAction":[{"@type":"SearchAction","target":{"@type":"EntryPoint","urlTemplate":"https:\/\/infoecos.com.ar\/?s={search_term_string}"},"query-input":{"@type":"PropertyValueSpecification","valueRequired":true,"valueName":"search_term_string"}}],"inLanguage":"es"},{"@type":"Organization","@id":"https:\/\/infoecos.com.ar\/#organization","name":"Infoecos","alternateName":"Noticias","url":"https:\/\/infoecos.com.ar\/","logo":{"@type":"ImageObject","inLanguage":"es","@id":"https:\/\/infoecos.com.ar\/#\/schema\/logo\/image\/","url":"https:\/\/infoecos.com.ar\/wp-content\/uploads\/2024\/03\/cropped-logo.png","contentUrl":"https:\/\/infoecos.com.ar\/wp-content\/uploads\/2024\/03\/cropped-logo.png","width":374,"height":90,"caption":"Infoecos"},"image":{"@id":"https:\/\/infoecos.com.ar\/#\/schema\/logo\/image\/"},"sameAs":["https:\/\/www.facebook.com\/profile.php?id=100063200290284","https:\/\/x.com\/infoecos"]},{"@type":"Person","@id":"https:\/\/infoecos.com.ar\/#\/schema\/person\/8f5ace5ce73b4b4aac4b7245aee6f191","name":"Jorge Matheus","url":"https:\/\/infoecos.com.ar\/index.php\/author\/jomatheus\/"}]}},"featured_image_urls":{"full":["https:\/\/infoecos.com.ar\/wp-content\/uploads\/2023\/01\/Operativo-motos-en-el-Parque.jpeg",1600,1200,false],"thumbnail":["https:\/\/infoecos.com.ar\/wp-content\/uploads\/2023\/01\/Operativo-motos-en-el-Parque-300x150.jpeg",300,150,true],"medium":["https:\/\/infoecos.com.ar\/wp-content\/uploads\/2023\/01\/Operativo-motos-en-el-Parque-800x600.jpeg",800,600,true],"medium_large":["https:\/\/infoecos.com.ar\/wp-content\/uploads\/2023\/01\/Operativo-motos-en-el-Parque-768x576.jpeg",640,480,true],"large":["https:\/\/infoecos.com.ar\/wp-content\/uploads\/2023\/01\/Operativo-motos-en-el-Parque.jpeg",640,480,false],"1536x1536":["https:\/\/infoecos.com.ar\/wp-content\/uploads\/2023\/01\/Operativo-motos-en-el-Parque-1536x1152.jpeg",1536,1152,true],"2048x2048":["https:\/\/infoecos.com.ar\/wp-content\/uploads\/2023\/01\/Operativo-motos-en-el-Parque.jpeg",1600,1200,false],"covernews-slider-full":["https:\/\/infoecos.com.ar\/wp-content\/uploads\/2023\/01\/Operativo-motos-en-el-Parque-1536x1020.jpeg",1077,715,true],"covernews-slider-center":["https:\/\/infoecos.com.ar\/wp-content\/uploads\/2023\/01\/Operativo-motos-en-el-Parque-936x897.jpeg",522,500,true],"covernews-featured":["https:\/\/infoecos.com.ar\/wp-content\/uploads\/2023\/01\/Operativo-motos-en-el-Parque-1024x768.jpeg",1024,768,true],"covernews-medium":["https:\/\/infoecos.com.ar\/wp-content\/uploads\/2023\/01\/Operativo-motos-en-el-Parque-720x380.jpeg",540,285,true],"covernews-medium-square":["https:\/\/infoecos.com.ar\/wp-content\/uploads\/2023\/01\/Operativo-motos-en-el-Parque-675x450.jpeg",375,250,true]},"author_info":{"info":["Jorge Matheus"]},"category_info":"<a href=\"https:\/\/infoecos.com.ar\/index.php\/category\/noticia-secundaria\/\" rel=\"category tag\">Noticia Secundaria<\/a>","tag_info":"Noticia Secundaria","comment_count":"0","_links":{"self":[{"href":"https:\/\/infoecos.com.ar\/index.php\/wp-json\/wp\/v2\/posts\/117285"}],"collection":[{"href":"https:\/\/infoecos.com.ar\/index.php\/wp-json\/wp\/v2\/posts"}],"about":[{"href":"https:\/\/infoecos.com.ar\/index.php\/wp-json\/wp\/v2\/types\/post"}],"author":[{"embeddable":true,"href":"https:\/\/infoecos.com.ar\/index.php\/wp-json\/wp\/v2\/users\/2"}],"replies":[{"embeddable":true,"href":"https:\/\/infoecos.com.ar\/index.php\/wp-json\/wp\/v2\/comments?post=117285"}],"version-history":[{"count":2,"href":"https:\/\/infoecos.com.ar\/index.php\/wp-json\/wp\/v2\/posts\/117285\/revisions"}],"predecessor-version":[{"id":117304,"href":"https:\/\/infoecos.com.ar\/index.php\/wp-json\/wp\/v2\/posts\/117285\/revisions\/117304"}],"wp:featuredmedia":[{"embeddable":true,"href":"https:\/\/infoecos.com.ar\/index.php\/wp-json\/wp\/v2\/media\/101236"}],"wp:attachment":[{"href":"https:\/\/infoecos.com.ar\/index.php\/wp-json\/wp\/v2\/media?parent=117285"}],"wp:term":[{"taxonomy":"category","embeddable":true,"href":"https:\/\/infoecos.com.ar\/index.php\/wp-json\/wp\/v2\/categories?post=117285"},{"taxonomy":"post_tag","embeddable":true,"href":"https:\/\/infoecos.com.ar\/index.php\/wp-json\/wp\/v2\/tags?post=117285"}],"curies":[{"name":"wp","href":"https:\/\/api.w.org\/{rel}","templated":true}]}}