{"id":117310,"date":"2024-01-11T18:34:35","date_gmt":"2024-01-11T21:34:35","guid":{"rendered":"https:\/\/infoecos.com.ar\/?p=117310"},"modified":"2024-01-14T13:09:35","modified_gmt":"2024-01-14T16:09:35","slug":"pesima-noticia-la-inflacion-de-diciembre-es-la-mas-alta-en-33-anos","status":"publish","type":"post","link":"https:\/\/infoecos.com.ar\/index.php\/pesima-noticia-la-inflacion-de-diciembre-es-la-mas-alta-en-33-anos\/","title":{"rendered":"P\u00e9sima noticia: la inflaci\u00f3n de Diciembre es la m\u00e1s alta en 33 a\u00f1os"},"content":{"rendered":"\n<p>Los precios al consumidor (<a href=\"https:\/\/www.facebook.com\/hashtag\/ipc?__eep__=6&amp;__cft__[0]=AZVSDxY-rIQRazX5E7gG5AKFQiXsW43RG_rVw8gsKZQ5u59dCuD3kdbvrFArlrpdqzKRApwAM0Vms5_HUAw6IkpZ5cFtRBNgz63Uc21JMt9PL1cCsS0Ak4tlB4peeTZAiQCUH9t_QJwvQJqxtMtClLR-7ZZ3Qg017BfPiIRyxhLSm2yX-N4yZ3RKsbW3OPL86h8&amp;__tn__=*NK-R\">#IPC<\/a>) aumentaron 25,5% en diciembre de 2023 respecto de noviembre y 211,4% interanual.<\/p>\n\n\n\n<figure class=\"wp-block-image size-full\"><img loading=\"lazy\" decoding=\"async\" width=\"680\" height=\"419\" src=\"https:\/\/infoecos.com.ar\/wp-content\/uploads\/2024\/01\/indec25.jpg\" alt=\"\" class=\"wp-image-117311\"\/><\/figure>\n\n\n\n<p><a href=\"https:\/\/www.facebook.com\/hashtag\/ipc?__eep__=6&amp;__cft__[0]=AZVSDxY-rIQRazX5E7gG5AKFQiXsW43RG_rVw8gsKZQ5u59dCuD3kdbvrFArlrpdqzKRApwAM0Vms5_HUAw6IkpZ5cFtRBNgz63Uc21JMt9PL1cCsS0Ak4tlB4peeTZAiQCUH9t_QJwvQJqxtMtClLR-7ZZ3Qg017BfPiIRyxhLSm2yX-N4yZ3RKsbW3OPL86h8&amp;__tn__=*NK-R\">#IPC<\/a>: la divisi\u00f3n con mayor alza mensual en diciembre 2023 fue Bienes y servicios varios (32,7%), escoltada por Salud (32,6%).<\/p>\n\n\n\n<figure class=\"wp-block-image size-full\"><img loading=\"lazy\" decoding=\"async\" width=\"680\" height=\"419\" src=\"https:\/\/infoecos.com.ar\/wp-content\/uploads\/2024\/01\/indecalimentosybebidas.jpg\" alt=\"\" class=\"wp-image-117312\"\/><\/figure>\n\n\n\n<p><a href=\"https:\/\/www.facebook.com\/hashtag\/ipc?__eep__=6&amp;__cft__[0]=AZVSDxY-rIQRazX5E7gG5AKFQiXsW43RG_rVw8gsKZQ5u59dCuD3kdbvrFArlrpdqzKRApwAM0Vms5_HUAw6IkpZ5cFtRBNgz63Uc21JMt9PL1cCsS0Ak4tlB4peeTZAiQCUH9t_QJwvQJqxtMtClLR-7ZZ3Qg017BfPiIRyxhLSm2yX-N4yZ3RKsbW3OPL86h8&amp;__tn__=*NK-R\">#IPC<\/a>: en diciembre de 2023, el Noreste fue la regi\u00f3n de mayor suba mensual (28,4%), escoltada por Cuyo (25,8%).<\/p>\n\n\n\n<figure class=\"wp-block-image size-full\"><img loading=\"lazy\" decoding=\"async\" width=\"679\" height=\"436\" src=\"https:\/\/infoecos.com.ar\/wp-content\/uploads\/2024\/01\/indecregiones.jpg\" alt=\"\" class=\"wp-image-117313\"\/><\/figure>\n","protected":false},"excerpt":{"rendered":"<p>#IPC: la divisi\u00f3n con mayor alza mensual en diciembre 2023 fue Bienes y servicios varios (32,7%), escoltada por Salud (32,6%).<\/p>\n","protected":false},"author":2,"featured_media":88055,"comment_status":"closed","ping_status":"open","sticky":false,"template":"","format":"standard","meta":{"footnotes":""},"categories":[1325],"tags":[9855],"class_list":["post-117310","post","type-post","status-publish","format-standard","has-post-thumbnail","hentry","category-c1nota6","tag-25-5-en-el-mes-211-4-interanual"],"yoast_head":"<!-- This site is optimized with the Yoast SEO plugin v23.4 - https:\/\/yoast.com\/wordpress\/plugins\/seo\/ -->\n<title>P\u00e9sima noticia: la inflaci\u00f3n de Diciembre es la m\u00e1s alta en 33 a\u00f1os - Infoecos<\/title>\n<meta name=\"robots\" content=\"index, follow, max-snippet:-1, max-image-preview:large, max-video-preview:-1\" \/>\n<link rel=\"canonical\" href=\"https:\/\/infoecos.com.ar\/index.php\/pesima-noticia-la-inflacion-de-diciembre-es-la-mas-alta-en-33-anos\/\" \/>\n<meta property=\"og:locale\" content=\"es_ES\" \/>\n<meta property=\"og:type\" content=\"article\" \/>\n<meta property=\"og:title\" content=\"P\u00e9sima noticia: la inflaci\u00f3n de Diciembre es la m\u00e1s alta en 33 a\u00f1os - Infoecos\" \/>\n<meta property=\"og:description\" content=\"#IPC: la divisi\u00f3n con mayor alza mensual en diciembre 2023 fue Bienes y servicios varios (32,7%), escoltada por Salud (32,6%).\" \/>\n<meta property=\"og:url\" content=\"https:\/\/infoecos.com.ar\/index.php\/pesima-noticia-la-inflacion-de-diciembre-es-la-mas-alta-en-33-anos\/\" \/>\n<meta property=\"og:site_name\" content=\"Infoecos\" \/>\n<meta property=\"article:publisher\" content=\"https:\/\/www.facebook.com\/profile.php?id=100063200290284\" \/>\n<meta property=\"article:published_time\" content=\"2024-01-11T21:34:35+00:00\" \/>\n<meta property=\"article:modified_time\" content=\"2024-01-14T16:09:35+00:00\" \/>\n<meta property=\"og:image\" content=\"https:\/\/infoecos.com.ar\/wp-content\/uploads\/2021\/10\/frente_indec-1.jpg\" \/>\n\t<meta property=\"og:image:width\" content=\"1578\" \/>\n\t<meta property=\"og:image:height\" content=\"937\" \/>\n\t<meta property=\"og:image:type\" content=\"image\/jpeg\" \/>\n<meta name=\"author\" content=\"Jorge Matheus\" \/>\n<meta name=\"twitter:card\" content=\"summary_large_image\" \/>\n<meta name=\"twitter:creator\" content=\"@infoecos\" \/>\n<meta name=\"twitter:site\" content=\"@infoecos\" \/>\n<meta name=\"twitter:label1\" content=\"Escrito por\" \/>\n\t<meta name=\"twitter:data1\" content=\"Jorge Matheus\" \/>\n\t<meta name=\"twitter:label2\" content=\"Tiempo de lectura\" \/>\n\t<meta name=\"twitter:data2\" content=\"1 minuto\" \/>\n<script type=\"application\/ld+json\" class=\"yoast-schema-graph\">{\"@context\":\"https:\/\/schema.org\",\"@graph\":[{\"@type\":\"Article\",\"@id\":\"https:\/\/infoecos.com.ar\/index.php\/pesima-noticia-la-inflacion-de-diciembre-es-la-mas-alta-en-33-anos\/#article\",\"isPartOf\":{\"@id\":\"https:\/\/infoecos.com.ar\/index.php\/pesima-noticia-la-inflacion-de-diciembre-es-la-mas-alta-en-33-anos\/\"},\"author\":{\"name\":\"Jorge Matheus\",\"@id\":\"https:\/\/infoecos.com.ar\/#\/schema\/person\/8f5ace5ce73b4b4aac4b7245aee6f191\"},\"headline\":\"P\u00e9sima noticia: la inflaci\u00f3n de Diciembre es la m\u00e1s alta en 33 a\u00f1os\",\"datePublished\":\"2024-01-11T21:34:35+00:00\",\"dateModified\":\"2024-01-14T16:09:35+00:00\",\"mainEntityOfPage\":{\"@id\":\"https:\/\/infoecos.com.ar\/index.php\/pesima-noticia-la-inflacion-de-diciembre-es-la-mas-alta-en-33-anos\/\"},\"wordCount\":65,\"publisher\":{\"@id\":\"https:\/\/infoecos.com.ar\/#organization\"},\"image\":{\"@id\":\"https:\/\/infoecos.com.ar\/index.php\/pesima-noticia-la-inflacion-de-diciembre-es-la-mas-alta-en-33-anos\/#primaryimage\"},\"thumbnailUrl\":\"https:\/\/infoecos.com.ar\/wp-content\/uploads\/2021\/10\/frente_indec-1.jpg\",\"keywords\":[\"25.5% en el mes. 211.4 Interanual\"],\"articleSection\":[\"C1 nota 6\"],\"inLanguage\":\"es\"},{\"@type\":\"WebPage\",\"@id\":\"https:\/\/infoecos.com.ar\/index.php\/pesima-noticia-la-inflacion-de-diciembre-es-la-mas-alta-en-33-anos\/\",\"url\":\"https:\/\/infoecos.com.ar\/index.php\/pesima-noticia-la-inflacion-de-diciembre-es-la-mas-alta-en-33-anos\/\",\"name\":\"P\u00e9sima noticia: la inflaci\u00f3n de Diciembre es la m\u00e1s alta en 33 a\u00f1os - Infoecos\",\"isPartOf\":{\"@id\":\"https:\/\/infoecos.com.ar\/#website\"},\"primaryImageOfPage\":{\"@id\":\"https:\/\/infoecos.com.ar\/index.php\/pesima-noticia-la-inflacion-de-diciembre-es-la-mas-alta-en-33-anos\/#primaryimage\"},\"image\":{\"@id\":\"https:\/\/infoecos.com.ar\/index.php\/pesima-noticia-la-inflacion-de-diciembre-es-la-mas-alta-en-33-anos\/#primaryimage\"},\"thumbnailUrl\":\"https:\/\/infoecos.com.ar\/wp-content\/uploads\/2021\/10\/frente_indec-1.jpg\",\"datePublished\":\"2024-01-11T21:34:35+00:00\",\"dateModified\":\"2024-01-14T16:09:35+00:00\",\"breadcrumb\":{\"@id\":\"https:\/\/infoecos.com.ar\/index.php\/pesima-noticia-la-inflacion-de-diciembre-es-la-mas-alta-en-33-anos\/#breadcrumb\"},\"inLanguage\":\"es\",\"potentialAction\":[{\"@type\":\"ReadAction\",\"target\":[\"https:\/\/infoecos.com.ar\/index.php\/pesima-noticia-la-inflacion-de-diciembre-es-la-mas-alta-en-33-anos\/\"]}]},{\"@type\":\"ImageObject\",\"inLanguage\":\"es\",\"@id\":\"https:\/\/infoecos.com.ar\/index.php\/pesima-noticia-la-inflacion-de-diciembre-es-la-mas-alta-en-33-anos\/#primaryimage\",\"url\":\"https:\/\/infoecos.com.ar\/wp-content\/uploads\/2021\/10\/frente_indec-1.jpg\",\"contentUrl\":\"https:\/\/infoecos.com.ar\/wp-content\/uploads\/2021\/10\/frente_indec-1.jpg\",\"width\":1578,\"height\":937},{\"@type\":\"BreadcrumbList\",\"@id\":\"https:\/\/infoecos.com.ar\/index.php\/pesima-noticia-la-inflacion-de-diciembre-es-la-mas-alta-en-33-anos\/#breadcrumb\",\"itemListElement\":[{\"@type\":\"ListItem\",\"position\":1,\"name\":\"Portada\",\"item\":\"https:\/\/infoecos.com.ar\/\"},{\"@type\":\"ListItem\",\"position\":2,\"name\":\"P\u00e9sima noticia: la inflaci\u00f3n de Diciembre es la m\u00e1s alta en 33 a\u00f1os\"}]},{\"@type\":\"WebSite\",\"@id\":\"https:\/\/infoecos.com.ar\/#website\",\"url\":\"https:\/\/infoecos.com.ar\/\",\"name\":\"Infoecos\",\"description\":\"Noticias de trenque lauquen y la zona\",\"publisher\":{\"@id\":\"https:\/\/infoecos.com.ar\/#organization\"},\"alternateName\":\"Noticias\",\"potentialAction\":[{\"@type\":\"SearchAction\",\"target\":{\"@type\":\"EntryPoint\",\"urlTemplate\":\"https:\/\/infoecos.com.ar\/?s={search_term_string}\"},\"query-input\":{\"@type\":\"PropertyValueSpecification\",\"valueRequired\":true,\"valueName\":\"search_term_string\"}}],\"inLanguage\":\"es\"},{\"@type\":\"Organization\",\"@id\":\"https:\/\/infoecos.com.ar\/#organization\",\"name\":\"Infoecos\",\"alternateName\":\"Noticias\",\"url\":\"https:\/\/infoecos.com.ar\/\",\"logo\":{\"@type\":\"ImageObject\",\"inLanguage\":\"es\",\"@id\":\"https:\/\/infoecos.com.ar\/#\/schema\/logo\/image\/\",\"url\":\"https:\/\/infoecos.com.ar\/wp-content\/uploads\/2024\/03\/cropped-logo.png\",\"contentUrl\":\"https:\/\/infoecos.com.ar\/wp-content\/uploads\/2024\/03\/cropped-logo.png\",\"width\":374,\"height\":90,\"caption\":\"Infoecos\"},\"image\":{\"@id\":\"https:\/\/infoecos.com.ar\/#\/schema\/logo\/image\/\"},\"sameAs\":[\"https:\/\/www.facebook.com\/profile.php?id=100063200290284\",\"https:\/\/x.com\/infoecos\"]},{\"@type\":\"Person\",\"@id\":\"https:\/\/infoecos.com.ar\/#\/schema\/person\/8f5ace5ce73b4b4aac4b7245aee6f191\",\"name\":\"Jorge Matheus\",\"url\":\"https:\/\/infoecos.com.ar\/index.php\/author\/jomatheus\/\"}]}<\/script>\n<!-- \/ Yoast SEO plugin. -->","yoast_head_json":{"title":"P\u00e9sima noticia: la inflaci\u00f3n de Diciembre es la m\u00e1s alta en 33 a\u00f1os - Infoecos","robots":{"index":"index","follow":"follow","max-snippet":"max-snippet:-1","max-image-preview":"max-image-preview:large","max-video-preview":"max-video-preview:-1"},"canonical":"https:\/\/infoecos.com.ar\/index.php\/pesima-noticia-la-inflacion-de-diciembre-es-la-mas-alta-en-33-anos\/","og_locale":"es_ES","og_type":"article","og_title":"P\u00e9sima noticia: la inflaci\u00f3n de Diciembre es la m\u00e1s alta en 33 a\u00f1os - Infoecos","og_description":"#IPC: la divisi\u00f3n con mayor alza mensual en diciembre 2023 fue Bienes y servicios varios (32,7%), escoltada por Salud (32,6%).","og_url":"https:\/\/infoecos.com.ar\/index.php\/pesima-noticia-la-inflacion-de-diciembre-es-la-mas-alta-en-33-anos\/","og_site_name":"Infoecos","article_publisher":"https:\/\/www.facebook.com\/profile.php?id=100063200290284","article_published_time":"2024-01-11T21:34:35+00:00","article_modified_time":"2024-01-14T16:09:35+00:00","og_image":[{"width":1578,"height":937,"url":"https:\/\/infoecos.com.ar\/wp-content\/uploads\/2021\/10\/frente_indec-1.jpg","type":"image\/jpeg"}],"author":"Jorge Matheus","twitter_card":"summary_large_image","twitter_creator":"@infoecos","twitter_site":"@infoecos","twitter_misc":{"Escrito por":"Jorge Matheus","Tiempo de lectura":"1 minuto"},"schema":{"@context":"https:\/\/schema.org","@graph":[{"@type":"Article","@id":"https:\/\/infoecos.com.ar\/index.php\/pesima-noticia-la-inflacion-de-diciembre-es-la-mas-alta-en-33-anos\/#article","isPartOf":{"@id":"https:\/\/infoecos.com.ar\/index.php\/pesima-noticia-la-inflacion-de-diciembre-es-la-mas-alta-en-33-anos\/"},"author":{"name":"Jorge Matheus","@id":"https:\/\/infoecos.com.ar\/#\/schema\/person\/8f5ace5ce73b4b4aac4b7245aee6f191"},"headline":"P\u00e9sima noticia: la inflaci\u00f3n de Diciembre es la m\u00e1s alta en 33 a\u00f1os","datePublished":"2024-01-11T21:34:35+00:00","dateModified":"2024-01-14T16:09:35+00:00","mainEntityOfPage":{"@id":"https:\/\/infoecos.com.ar\/index.php\/pesima-noticia-la-inflacion-de-diciembre-es-la-mas-alta-en-33-anos\/"},"wordCount":65,"publisher":{"@id":"https:\/\/infoecos.com.ar\/#organization"},"image":{"@id":"https:\/\/infoecos.com.ar\/index.php\/pesima-noticia-la-inflacion-de-diciembre-es-la-mas-alta-en-33-anos\/#primaryimage"},"thumbnailUrl":"https:\/\/infoecos.com.ar\/wp-content\/uploads\/2021\/10\/frente_indec-1.jpg","keywords":["25.5% en el mes. 211.4 Interanual"],"articleSection":["C1 nota 6"],"inLanguage":"es"},{"@type":"WebPage","@id":"https:\/\/infoecos.com.ar\/index.php\/pesima-noticia-la-inflacion-de-diciembre-es-la-mas-alta-en-33-anos\/","url":"https:\/\/infoecos.com.ar\/index.php\/pesima-noticia-la-inflacion-de-diciembre-es-la-mas-alta-en-33-anos\/","name":"P\u00e9sima noticia: la inflaci\u00f3n de Diciembre es la m\u00e1s alta en 33 a\u00f1os - Infoecos","isPartOf":{"@id":"https:\/\/infoecos.com.ar\/#website"},"primaryImageOfPage":{"@id":"https:\/\/infoecos.com.ar\/index.php\/pesima-noticia-la-inflacion-de-diciembre-es-la-mas-alta-en-33-anos\/#primaryimage"},"image":{"@id":"https:\/\/infoecos.com.ar\/index.php\/pesima-noticia-la-inflacion-de-diciembre-es-la-mas-alta-en-33-anos\/#primaryimage"},"thumbnailUrl":"https:\/\/infoecos.com.ar\/wp-content\/uploads\/2021\/10\/frente_indec-1.jpg","datePublished":"2024-01-11T21:34:35+00:00","dateModified":"2024-01-14T16:09:35+00:00","breadcrumb":{"@id":"https:\/\/infoecos.com.ar\/index.php\/pesima-noticia-la-inflacion-de-diciembre-es-la-mas-alta-en-33-anos\/#breadcrumb"},"inLanguage":"es","potentialAction":[{"@type":"ReadAction","target":["https:\/\/infoecos.com.ar\/index.php\/pesima-noticia-la-inflacion-de-diciembre-es-la-mas-alta-en-33-anos\/"]}]},{"@type":"ImageObject","inLanguage":"es","@id":"https:\/\/infoecos.com.ar\/index.php\/pesima-noticia-la-inflacion-de-diciembre-es-la-mas-alta-en-33-anos\/#primaryimage","url":"https:\/\/infoecos.com.ar\/wp-content\/uploads\/2021\/10\/frente_indec-1.jpg","contentUrl":"https:\/\/infoecos.com.ar\/wp-content\/uploads\/2021\/10\/frente_indec-1.jpg","width":1578,"height":937},{"@type":"BreadcrumbList","@id":"https:\/\/infoecos.com.ar\/index.php\/pesima-noticia-la-inflacion-de-diciembre-es-la-mas-alta-en-33-anos\/#breadcrumb","itemListElement":[{"@type":"ListItem","position":1,"name":"Portada","item":"https:\/\/infoecos.com.ar\/"},{"@type":"ListItem","position":2,"name":"P\u00e9sima noticia: la inflaci\u00f3n de Diciembre es la m\u00e1s alta en 33 a\u00f1os"}]},{"@type":"WebSite","@id":"https:\/\/infoecos.com.ar\/#website","url":"https:\/\/infoecos.com.ar\/","name":"Infoecos","description":"Noticias de trenque lauquen y la zona","publisher":{"@id":"https:\/\/infoecos.com.ar\/#organization"},"alternateName":"Noticias","potentialAction":[{"@type":"SearchAction","target":{"@type":"EntryPoint","urlTemplate":"https:\/\/infoecos.com.ar\/?s={search_term_string}"},"query-input":{"@type":"PropertyValueSpecification","valueRequired":true,"valueName":"search_term_string"}}],"inLanguage":"es"},{"@type":"Organization","@id":"https:\/\/infoecos.com.ar\/#organization","name":"Infoecos","alternateName":"Noticias","url":"https:\/\/infoecos.com.ar\/","logo":{"@type":"ImageObject","inLanguage":"es","@id":"https:\/\/infoecos.com.ar\/#\/schema\/logo\/image\/","url":"https:\/\/infoecos.com.ar\/wp-content\/uploads\/2024\/03\/cropped-logo.png","contentUrl":"https:\/\/infoecos.com.ar\/wp-content\/uploads\/2024\/03\/cropped-logo.png","width":374,"height":90,"caption":"Infoecos"},"image":{"@id":"https:\/\/infoecos.com.ar\/#\/schema\/logo\/image\/"},"sameAs":["https:\/\/www.facebook.com\/profile.php?id=100063200290284","https:\/\/x.com\/infoecos"]},{"@type":"Person","@id":"https:\/\/infoecos.com.ar\/#\/schema\/person\/8f5ace5ce73b4b4aac4b7245aee6f191","name":"Jorge Matheus","url":"https:\/\/infoecos.com.ar\/index.php\/author\/jomatheus\/"}]}},"featured_image_urls":{"full":["https:\/\/infoecos.com.ar\/wp-content\/uploads\/2021\/10\/frente_indec-1.jpg",1578,937,false],"thumbnail":["https:\/\/infoecos.com.ar\/wp-content\/uploads\/2021\/10\/frente_indec-1-150x150.jpg",150,150,true],"medium":["https:\/\/infoecos.com.ar\/wp-content\/uploads\/2021\/10\/frente_indec-1-460x273.jpg",460,273,true],"medium_large":["https:\/\/infoecos.com.ar\/wp-content\/uploads\/2021\/10\/frente_indec-1-768x456.jpg",640,380,true],"large":["https:\/\/infoecos.com.ar\/wp-content\/uploads\/2021\/10\/frente_indec-1-920x546.jpg",640,380,true],"1536x1536":["https:\/\/infoecos.com.ar\/wp-content\/uploads\/2021\/10\/frente_indec-1-1536x912.jpg",1536,912,true],"2048x2048":["https:\/\/infoecos.com.ar\/wp-content\/uploads\/2021\/10\/frente_indec-1.jpg",1578,937,false],"covernews-slider-full":["https:\/\/infoecos.com.ar\/wp-content\/uploads\/2021\/10\/frente_indec-1-1536x937.jpg",1115,680,true],"covernews-slider-center":["https:\/\/infoecos.com.ar\/wp-content\/uploads\/2021\/10\/frente_indec-1-936x897.jpg",522,500,true],"covernews-featured":["https:\/\/infoecos.com.ar\/wp-content\/uploads\/2021\/10\/frente_indec-1-1024x608.jpg",1024,608,true],"covernews-medium":["https:\/\/infoecos.com.ar\/wp-content\/uploads\/2021\/10\/frente_indec-1-720x380.jpg",540,285,true],"covernews-medium-square":["https:\/\/infoecos.com.ar\/wp-content\/uploads\/2021\/10\/frente_indec-1-675x450.jpg",375,250,true]},"author_info":{"info":["Jorge Matheus"]},"category_info":"<a href=\"https:\/\/infoecos.com.ar\/index.php\/category\/c1nota6\/\" rel=\"category tag\">C1 nota 6<\/a>","tag_info":"C1 nota 6","comment_count":"0","_links":{"self":[{"href":"https:\/\/infoecos.com.ar\/index.php\/wp-json\/wp\/v2\/posts\/117310"}],"collection":[{"href":"https:\/\/infoecos.com.ar\/index.php\/wp-json\/wp\/v2\/posts"}],"about":[{"href":"https:\/\/infoecos.com.ar\/index.php\/wp-json\/wp\/v2\/types\/post"}],"author":[{"embeddable":true,"href":"https:\/\/infoecos.com.ar\/index.php\/wp-json\/wp\/v2\/users\/2"}],"replies":[{"embeddable":true,"href":"https:\/\/infoecos.com.ar\/index.php\/wp-json\/wp\/v2\/comments?post=117310"}],"version-history":[{"count":1,"href":"https:\/\/infoecos.com.ar\/index.php\/wp-json\/wp\/v2\/posts\/117310\/revisions"}],"predecessor-version":[{"id":117314,"href":"https:\/\/infoecos.com.ar\/index.php\/wp-json\/wp\/v2\/posts\/117310\/revisions\/117314"}],"wp:featuredmedia":[{"embeddable":true,"href":"https:\/\/infoecos.com.ar\/index.php\/wp-json\/wp\/v2\/media\/88055"}],"wp:attachment":[{"href":"https:\/\/infoecos.com.ar\/index.php\/wp-json\/wp\/v2\/media?parent=117310"}],"wp:term":[{"taxonomy":"category","embeddable":true,"href":"https:\/\/infoecos.com.ar\/index.php\/wp-json\/wp\/v2\/categories?post=117310"},{"taxonomy":"post_tag","embeddable":true,"href":"https:\/\/infoecos.com.ar\/index.php\/wp-json\/wp\/v2\/tags?post=117310"}],"curies":[{"name":"wp","href":"https:\/\/api.w.org\/{rel}","templated":true}]}}