{"id":117318,"date":"2024-01-11T19:15:37","date_gmt":"2024-01-11T22:15:37","guid":{"rendered":"https:\/\/infoecos.com.ar\/?p=117318"},"modified":"2024-01-11T19:15:37","modified_gmt":"2024-01-11T22:15:37","slug":"comienza-este-viernes-y-se-extiende-hasta-el-domingo-el-cultur-30","status":"publish","type":"post","link":"https:\/\/infoecos.com.ar\/index.php\/comienza-este-viernes-y-se-extiende-hasta-el-domingo-el-cultur-30\/","title":{"rendered":"Comienza este viernes y se extiende hasta el domingo el Cultur 30"},"content":{"rendered":"\n<figure class=\"wp-block-image alignright size-large is-resized\"><img loading=\"lazy\" decoding=\"async\" src=\"https:\/\/infoecos.com.ar\/wp-content\/uploads\/2024\/01\/430a8ca8-ae95-4fdf-a107-220959e75796-1600x1600.jpg\" alt=\"\" class=\"wp-image-117319\" width=\"390\" height=\"390\" srcset=\"https:\/\/infoecos.com.ar\/wp-content\/uploads\/2024\/01\/430a8ca8-ae95-4fdf-a107-220959e75796.jpg 1600w, https:\/\/infoecos.com.ar\/wp-content\/uploads\/2024\/01\/430a8ca8-ae95-4fdf-a107-220959e75796-800x800.jpg 800w, https:\/\/infoecos.com.ar\/wp-content\/uploads\/2024\/01\/430a8ca8-ae95-4fdf-a107-220959e75796-768x768.jpg 768w, https:\/\/infoecos.com.ar\/wp-content\/uploads\/2024\/01\/430a8ca8-ae95-4fdf-a107-220959e75796-1536x1536.jpg 1536w, https:\/\/infoecos.com.ar\/wp-content\/uploads\/2024\/01\/430a8ca8-ae95-4fdf-a107-220959e75796-1024x1024.jpg 1024w\" sizes=\"(max-width: 390px) 100vw, 390px\" \/><\/figure>\n\n\n\n<p>Entre las actividades art\u00edsticas y culturales que se desplegar\u00e1n durante enero y febrero en todo el distrito de Trenque Lauquen, se destaca el <em>Cultur 30<\/em>, el cl\u00e1sico de los veranos en 30 de Agosto, con tres noches a pura m\u00fasica y diversi\u00f3n: este viernes, s\u00e1bado y el domingo en el Parque Municipal <em>Mar\u00eda La India Roca.<\/em><\/p>\n\n\n\n<p>El tradicional evento ser\u00e1 con entrada libre y gratuita y adem\u00e1s de los artistas locales y los de trayectoria nacional ya confirmados, La China Romero, Monada y La 4.40, habr\u00e1 Feria de artesanos y emprendedores y Patio Gastron\u00f3mico.<\/p>\n\n\n\n<p>Los espect\u00e1culos centrales ser\u00e1n los siguientes:<\/p>\n\n\n\n<p>. Este viernes: <em>La China Romero.<\/em><\/p>\n\n\n\n<p>. S\u00e1bado: <em>Monada.<\/em><\/p>\n\n\n\n<p>. Domingo: <em>La 4.40.<\/em><\/p>\n\n\n\n<p>Desde el Ente Descentralizado recordaron que en estos espect\u00e1culos y todos los que se realicen en la ciudad, se implementar\u00e1n las pol\u00edticas de sustentabilidad con el fin de crear conciencia en cuanto al cuidado del medio ambiente.<\/p>\n","protected":false},"excerpt":{"rendered":"<p>El tradicional evento ser\u00e1 con entrada libre y gratuita y adem\u00e1s de los artistas locales y los de trayectoria nacional ya confirmados, La China Romero, Monada y La 4.40, habr\u00e1 Feria de artesanos y emprendedores y Patio Gastron\u00f3mico<\/p>\n","protected":false},"author":2,"featured_media":77971,"comment_status":"closed","ping_status":"open","sticky":false,"template":"","format":"standard","meta":{"footnotes":""},"categories":[45],"tags":[9856],"class_list":["post-117318","post","type-post","status-publish","format-standard","has-post-thumbnail","hentry","category-c1nota2","tag-t-lauquen-prensa-municipal"],"yoast_head":"<!-- This site is optimized with the Yoast SEO plugin v23.4 - https:\/\/yoast.com\/wordpress\/plugins\/seo\/ -->\n<title>Comienza este viernes y se extiende hasta el domingo el Cultur 30 - Infoecos<\/title>\n<meta name=\"robots\" content=\"index, follow, max-snippet:-1, max-image-preview:large, max-video-preview:-1\" \/>\n<link rel=\"canonical\" href=\"https:\/\/infoecos.com.ar\/index.php\/comienza-este-viernes-y-se-extiende-hasta-el-domingo-el-cultur-30\/\" \/>\n<meta property=\"og:locale\" content=\"es_ES\" \/>\n<meta property=\"og:type\" content=\"article\" \/>\n<meta property=\"og:title\" content=\"Comienza este viernes y se extiende hasta el domingo el Cultur 30 - Infoecos\" \/>\n<meta property=\"og:description\" content=\"El tradicional evento ser\u00e1 con entrada libre y gratuita y adem\u00e1s de los artistas locales y los de trayectoria nacional ya confirmados, La China Romero, Monada y La 4.40, habr\u00e1 Feria de artesanos y emprendedores y Patio Gastron\u00f3mico\" \/>\n<meta property=\"og:url\" content=\"https:\/\/infoecos.com.ar\/index.php\/comienza-este-viernes-y-se-extiende-hasta-el-domingo-el-cultur-30\/\" \/>\n<meta property=\"og:site_name\" content=\"Infoecos\" \/>\n<meta property=\"article:publisher\" content=\"https:\/\/www.facebook.com\/profile.php?id=100063200290284\" \/>\n<meta property=\"article:published_time\" content=\"2024-01-11T22:15:37+00:00\" \/>\n<meta property=\"og:image\" content=\"https:\/\/infoecos.com.ar\/wp-content\/uploads\/2021\/05\/30deagostoacceso.jpg\" \/>\n\t<meta property=\"og:image:width\" content=\"720\" \/>\n\t<meta property=\"og:image:height\" content=\"470\" \/>\n\t<meta property=\"og:image:type\" content=\"image\/jpeg\" \/>\n<meta name=\"author\" content=\"Jorge Matheus\" \/>\n<meta name=\"twitter:card\" content=\"summary_large_image\" \/>\n<meta name=\"twitter:creator\" content=\"@infoecos\" \/>\n<meta name=\"twitter:site\" content=\"@infoecos\" \/>\n<meta name=\"twitter:label1\" content=\"Escrito por\" \/>\n\t<meta name=\"twitter:data1\" content=\"Jorge Matheus\" \/>\n\t<meta name=\"twitter:label2\" content=\"Tiempo de lectura\" \/>\n\t<meta name=\"twitter:data2\" content=\"1 minuto\" \/>\n<script type=\"application\/ld+json\" class=\"yoast-schema-graph\">{\"@context\":\"https:\/\/schema.org\",\"@graph\":[{\"@type\":\"Article\",\"@id\":\"https:\/\/infoecos.com.ar\/index.php\/comienza-este-viernes-y-se-extiende-hasta-el-domingo-el-cultur-30\/#article\",\"isPartOf\":{\"@id\":\"https:\/\/infoecos.com.ar\/index.php\/comienza-este-viernes-y-se-extiende-hasta-el-domingo-el-cultur-30\/\"},\"author\":{\"name\":\"Jorge Matheus\",\"@id\":\"https:\/\/infoecos.com.ar\/#\/schema\/person\/8f5ace5ce73b4b4aac4b7245aee6f191\"},\"headline\":\"Comienza este viernes y se extiende hasta el domingo el Cultur 30\",\"datePublished\":\"2024-01-11T22:15:37+00:00\",\"dateModified\":\"2024-01-11T22:15:37+00:00\",\"mainEntityOfPage\":{\"@id\":\"https:\/\/infoecos.com.ar\/index.php\/comienza-este-viernes-y-se-extiende-hasta-el-domingo-el-cultur-30\/\"},\"wordCount\":169,\"publisher\":{\"@id\":\"https:\/\/infoecos.com.ar\/#organization\"},\"image\":{\"@id\":\"https:\/\/infoecos.com.ar\/index.php\/comienza-este-viernes-y-se-extiende-hasta-el-domingo-el-cultur-30\/#primaryimage\"},\"thumbnailUrl\":\"https:\/\/infoecos.com.ar\/wp-content\/uploads\/2021\/05\/30deagostoacceso.jpg\",\"keywords\":[\"t.lauquen (prensa municipal)\"],\"articleSection\":[\"C1 N2\"],\"inLanguage\":\"es\"},{\"@type\":\"WebPage\",\"@id\":\"https:\/\/infoecos.com.ar\/index.php\/comienza-este-viernes-y-se-extiende-hasta-el-domingo-el-cultur-30\/\",\"url\":\"https:\/\/infoecos.com.ar\/index.php\/comienza-este-viernes-y-se-extiende-hasta-el-domingo-el-cultur-30\/\",\"name\":\"Comienza este viernes y se extiende hasta el domingo el Cultur 30 - Infoecos\",\"isPartOf\":{\"@id\":\"https:\/\/infoecos.com.ar\/#website\"},\"primaryImageOfPage\":{\"@id\":\"https:\/\/infoecos.com.ar\/index.php\/comienza-este-viernes-y-se-extiende-hasta-el-domingo-el-cultur-30\/#primaryimage\"},\"image\":{\"@id\":\"https:\/\/infoecos.com.ar\/index.php\/comienza-este-viernes-y-se-extiende-hasta-el-domingo-el-cultur-30\/#primaryimage\"},\"thumbnailUrl\":\"https:\/\/infoecos.com.ar\/wp-content\/uploads\/2021\/05\/30deagostoacceso.jpg\",\"datePublished\":\"2024-01-11T22:15:37+00:00\",\"dateModified\":\"2024-01-11T22:15:37+00:00\",\"breadcrumb\":{\"@id\":\"https:\/\/infoecos.com.ar\/index.php\/comienza-este-viernes-y-se-extiende-hasta-el-domingo-el-cultur-30\/#breadcrumb\"},\"inLanguage\":\"es\",\"potentialAction\":[{\"@type\":\"ReadAction\",\"target\":[\"https:\/\/infoecos.com.ar\/index.php\/comienza-este-viernes-y-se-extiende-hasta-el-domingo-el-cultur-30\/\"]}]},{\"@type\":\"ImageObject\",\"inLanguage\":\"es\",\"@id\":\"https:\/\/infoecos.com.ar\/index.php\/comienza-este-viernes-y-se-extiende-hasta-el-domingo-el-cultur-30\/#primaryimage\",\"url\":\"https:\/\/infoecos.com.ar\/wp-content\/uploads\/2021\/05\/30deagostoacceso.jpg\",\"contentUrl\":\"https:\/\/infoecos.com.ar\/wp-content\/uploads\/2021\/05\/30deagostoacceso.jpg\",\"width\":720,\"height\":470},{\"@type\":\"BreadcrumbList\",\"@id\":\"https:\/\/infoecos.com.ar\/index.php\/comienza-este-viernes-y-se-extiende-hasta-el-domingo-el-cultur-30\/#breadcrumb\",\"itemListElement\":[{\"@type\":\"ListItem\",\"position\":1,\"name\":\"Portada\",\"item\":\"https:\/\/infoecos.com.ar\/\"},{\"@type\":\"ListItem\",\"position\":2,\"name\":\"Comienza este viernes y se extiende hasta el domingo el Cultur 30\"}]},{\"@type\":\"WebSite\",\"@id\":\"https:\/\/infoecos.com.ar\/#website\",\"url\":\"https:\/\/infoecos.com.ar\/\",\"name\":\"Infoecos\",\"description\":\"Noticias de trenque lauquen y la zona\",\"publisher\":{\"@id\":\"https:\/\/infoecos.com.ar\/#organization\"},\"alternateName\":\"Noticias\",\"potentialAction\":[{\"@type\":\"SearchAction\",\"target\":{\"@type\":\"EntryPoint\",\"urlTemplate\":\"https:\/\/infoecos.com.ar\/?s={search_term_string}\"},\"query-input\":{\"@type\":\"PropertyValueSpecification\",\"valueRequired\":true,\"valueName\":\"search_term_string\"}}],\"inLanguage\":\"es\"},{\"@type\":\"Organization\",\"@id\":\"https:\/\/infoecos.com.ar\/#organization\",\"name\":\"Infoecos\",\"alternateName\":\"Noticias\",\"url\":\"https:\/\/infoecos.com.ar\/\",\"logo\":{\"@type\":\"ImageObject\",\"inLanguage\":\"es\",\"@id\":\"https:\/\/infoecos.com.ar\/#\/schema\/logo\/image\/\",\"url\":\"https:\/\/infoecos.com.ar\/wp-content\/uploads\/2024\/03\/cropped-logo.png\",\"contentUrl\":\"https:\/\/infoecos.com.ar\/wp-content\/uploads\/2024\/03\/cropped-logo.png\",\"width\":374,\"height\":90,\"caption\":\"Infoecos\"},\"image\":{\"@id\":\"https:\/\/infoecos.com.ar\/#\/schema\/logo\/image\/\"},\"sameAs\":[\"https:\/\/www.facebook.com\/profile.php?id=100063200290284\",\"https:\/\/x.com\/infoecos\"]},{\"@type\":\"Person\",\"@id\":\"https:\/\/infoecos.com.ar\/#\/schema\/person\/8f5ace5ce73b4b4aac4b7245aee6f191\",\"name\":\"Jorge Matheus\",\"url\":\"https:\/\/infoecos.com.ar\/index.php\/author\/jomatheus\/\"}]}<\/script>\n<!-- \/ Yoast SEO plugin. -->","yoast_head_json":{"title":"Comienza este viernes y se extiende hasta el domingo el Cultur 30 - Infoecos","robots":{"index":"index","follow":"follow","max-snippet":"max-snippet:-1","max-image-preview":"max-image-preview:large","max-video-preview":"max-video-preview:-1"},"canonical":"https:\/\/infoecos.com.ar\/index.php\/comienza-este-viernes-y-se-extiende-hasta-el-domingo-el-cultur-30\/","og_locale":"es_ES","og_type":"article","og_title":"Comienza este viernes y se extiende hasta el domingo el Cultur 30 - Infoecos","og_description":"El tradicional evento ser\u00e1 con entrada libre y gratuita y adem\u00e1s de los artistas locales y los de trayectoria nacional ya confirmados, La China Romero, Monada y La 4.40, habr\u00e1 Feria de artesanos y emprendedores y Patio Gastron\u00f3mico","og_url":"https:\/\/infoecos.com.ar\/index.php\/comienza-este-viernes-y-se-extiende-hasta-el-domingo-el-cultur-30\/","og_site_name":"Infoecos","article_publisher":"https:\/\/www.facebook.com\/profile.php?id=100063200290284","article_published_time":"2024-01-11T22:15:37+00:00","og_image":[{"width":720,"height":470,"url":"https:\/\/infoecos.com.ar\/wp-content\/uploads\/2021\/05\/30deagostoacceso.jpg","type":"image\/jpeg"}],"author":"Jorge Matheus","twitter_card":"summary_large_image","twitter_creator":"@infoecos","twitter_site":"@infoecos","twitter_misc":{"Escrito por":"Jorge Matheus","Tiempo de lectura":"1 minuto"},"schema":{"@context":"https:\/\/schema.org","@graph":[{"@type":"Article","@id":"https:\/\/infoecos.com.ar\/index.php\/comienza-este-viernes-y-se-extiende-hasta-el-domingo-el-cultur-30\/#article","isPartOf":{"@id":"https:\/\/infoecos.com.ar\/index.php\/comienza-este-viernes-y-se-extiende-hasta-el-domingo-el-cultur-30\/"},"author":{"name":"Jorge Matheus","@id":"https:\/\/infoecos.com.ar\/#\/schema\/person\/8f5ace5ce73b4b4aac4b7245aee6f191"},"headline":"Comienza este viernes y se extiende hasta el domingo el Cultur 30","datePublished":"2024-01-11T22:15:37+00:00","dateModified":"2024-01-11T22:15:37+00:00","mainEntityOfPage":{"@id":"https:\/\/infoecos.com.ar\/index.php\/comienza-este-viernes-y-se-extiende-hasta-el-domingo-el-cultur-30\/"},"wordCount":169,"publisher":{"@id":"https:\/\/infoecos.com.ar\/#organization"},"image":{"@id":"https:\/\/infoecos.com.ar\/index.php\/comienza-este-viernes-y-se-extiende-hasta-el-domingo-el-cultur-30\/#primaryimage"},"thumbnailUrl":"https:\/\/infoecos.com.ar\/wp-content\/uploads\/2021\/05\/30deagostoacceso.jpg","keywords":["t.lauquen (prensa municipal)"],"articleSection":["C1 N2"],"inLanguage":"es"},{"@type":"WebPage","@id":"https:\/\/infoecos.com.ar\/index.php\/comienza-este-viernes-y-se-extiende-hasta-el-domingo-el-cultur-30\/","url":"https:\/\/infoecos.com.ar\/index.php\/comienza-este-viernes-y-se-extiende-hasta-el-domingo-el-cultur-30\/","name":"Comienza este viernes y se extiende hasta el domingo el Cultur 30 - Infoecos","isPartOf":{"@id":"https:\/\/infoecos.com.ar\/#website"},"primaryImageOfPage":{"@id":"https:\/\/infoecos.com.ar\/index.php\/comienza-este-viernes-y-se-extiende-hasta-el-domingo-el-cultur-30\/#primaryimage"},"image":{"@id":"https:\/\/infoecos.com.ar\/index.php\/comienza-este-viernes-y-se-extiende-hasta-el-domingo-el-cultur-30\/#primaryimage"},"thumbnailUrl":"https:\/\/infoecos.com.ar\/wp-content\/uploads\/2021\/05\/30deagostoacceso.jpg","datePublished":"2024-01-11T22:15:37+00:00","dateModified":"2024-01-11T22:15:37+00:00","breadcrumb":{"@id":"https:\/\/infoecos.com.ar\/index.php\/comienza-este-viernes-y-se-extiende-hasta-el-domingo-el-cultur-30\/#breadcrumb"},"inLanguage":"es","potentialAction":[{"@type":"ReadAction","target":["https:\/\/infoecos.com.ar\/index.php\/comienza-este-viernes-y-se-extiende-hasta-el-domingo-el-cultur-30\/"]}]},{"@type":"ImageObject","inLanguage":"es","@id":"https:\/\/infoecos.com.ar\/index.php\/comienza-este-viernes-y-se-extiende-hasta-el-domingo-el-cultur-30\/#primaryimage","url":"https:\/\/infoecos.com.ar\/wp-content\/uploads\/2021\/05\/30deagostoacceso.jpg","contentUrl":"https:\/\/infoecos.com.ar\/wp-content\/uploads\/2021\/05\/30deagostoacceso.jpg","width":720,"height":470},{"@type":"BreadcrumbList","@id":"https:\/\/infoecos.com.ar\/index.php\/comienza-este-viernes-y-se-extiende-hasta-el-domingo-el-cultur-30\/#breadcrumb","itemListElement":[{"@type":"ListItem","position":1,"name":"Portada","item":"https:\/\/infoecos.com.ar\/"},{"@type":"ListItem","position":2,"name":"Comienza este viernes y se extiende hasta el domingo el Cultur 30"}]},{"@type":"WebSite","@id":"https:\/\/infoecos.com.ar\/#website","url":"https:\/\/infoecos.com.ar\/","name":"Infoecos","description":"Noticias de trenque lauquen y la zona","publisher":{"@id":"https:\/\/infoecos.com.ar\/#organization"},"alternateName":"Noticias","potentialAction":[{"@type":"SearchAction","target":{"@type":"EntryPoint","urlTemplate":"https:\/\/infoecos.com.ar\/?s={search_term_string}"},"query-input":{"@type":"PropertyValueSpecification","valueRequired":true,"valueName":"search_term_string"}}],"inLanguage":"es"},{"@type":"Organization","@id":"https:\/\/infoecos.com.ar\/#organization","name":"Infoecos","alternateName":"Noticias","url":"https:\/\/infoecos.com.ar\/","logo":{"@type":"ImageObject","inLanguage":"es","@id":"https:\/\/infoecos.com.ar\/#\/schema\/logo\/image\/","url":"https:\/\/infoecos.com.ar\/wp-content\/uploads\/2024\/03\/cropped-logo.png","contentUrl":"https:\/\/infoecos.com.ar\/wp-content\/uploads\/2024\/03\/cropped-logo.png","width":374,"height":90,"caption":"Infoecos"},"image":{"@id":"https:\/\/infoecos.com.ar\/#\/schema\/logo\/image\/"},"sameAs":["https:\/\/www.facebook.com\/profile.php?id=100063200290284","https:\/\/x.com\/infoecos"]},{"@type":"Person","@id":"https:\/\/infoecos.com.ar\/#\/schema\/person\/8f5ace5ce73b4b4aac4b7245aee6f191","name":"Jorge Matheus","url":"https:\/\/infoecos.com.ar\/index.php\/author\/jomatheus\/"}]}},"featured_image_urls":{"full":["https:\/\/infoecos.com.ar\/wp-content\/uploads\/2021\/05\/30deagostoacceso.jpg",720,470,false],"thumbnail":["https:\/\/infoecos.com.ar\/wp-content\/uploads\/2021\/05\/30deagostoacceso-150x150.jpg",150,150,true],"medium":["https:\/\/infoecos.com.ar\/wp-content\/uploads\/2021\/05\/30deagostoacceso-460x300.jpg",460,300,true],"medium_large":["https:\/\/infoecos.com.ar\/wp-content\/uploads\/2021\/05\/30deagostoacceso.jpg",640,418,false],"large":["https:\/\/infoecos.com.ar\/wp-content\/uploads\/2021\/05\/30deagostoacceso.jpg",640,418,false],"1536x1536":["https:\/\/infoecos.com.ar\/wp-content\/uploads\/2021\/05\/30deagostoacceso.jpg",720,470,false],"2048x2048":["https:\/\/infoecos.com.ar\/wp-content\/uploads\/2021\/05\/30deagostoacceso.jpg",720,470,false],"covernews-slider-full":["https:\/\/infoecos.com.ar\/wp-content\/uploads\/2021\/05\/30deagostoacceso.jpg",720,470,false],"covernews-slider-center":["https:\/\/infoecos.com.ar\/wp-content\/uploads\/2021\/05\/30deagostoacceso.jpg",720,470,false],"covernews-featured":["https:\/\/infoecos.com.ar\/wp-content\/uploads\/2021\/05\/30deagostoacceso.jpg",720,470,false],"covernews-medium":["https:\/\/infoecos.com.ar\/wp-content\/uploads\/2021\/05\/30deagostoacceso-720x380.jpg",540,285,true],"covernews-medium-square":["https:\/\/infoecos.com.ar\/wp-content\/uploads\/2021\/05\/30deagostoacceso-675x450.jpg",375,250,true]},"author_info":{"info":["Jorge Matheus"]},"category_info":"<a href=\"https:\/\/infoecos.com.ar\/index.php\/category\/c1nota2\/\" rel=\"category tag\">C1 N2<\/a>","tag_info":"C1 N2","comment_count":"0","_links":{"self":[{"href":"https:\/\/infoecos.com.ar\/index.php\/wp-json\/wp\/v2\/posts\/117318"}],"collection":[{"href":"https:\/\/infoecos.com.ar\/index.php\/wp-json\/wp\/v2\/posts"}],"about":[{"href":"https:\/\/infoecos.com.ar\/index.php\/wp-json\/wp\/v2\/types\/post"}],"author":[{"embeddable":true,"href":"https:\/\/infoecos.com.ar\/index.php\/wp-json\/wp\/v2\/users\/2"}],"replies":[{"embeddable":true,"href":"https:\/\/infoecos.com.ar\/index.php\/wp-json\/wp\/v2\/comments?post=117318"}],"version-history":[{"count":1,"href":"https:\/\/infoecos.com.ar\/index.php\/wp-json\/wp\/v2\/posts\/117318\/revisions"}],"predecessor-version":[{"id":117320,"href":"https:\/\/infoecos.com.ar\/index.php\/wp-json\/wp\/v2\/posts\/117318\/revisions\/117320"}],"wp:featuredmedia":[{"embeddable":true,"href":"https:\/\/infoecos.com.ar\/index.php\/wp-json\/wp\/v2\/media\/77971"}],"wp:attachment":[{"href":"https:\/\/infoecos.com.ar\/index.php\/wp-json\/wp\/v2\/media?parent=117318"}],"wp:term":[{"taxonomy":"category","embeddable":true,"href":"https:\/\/infoecos.com.ar\/index.php\/wp-json\/wp\/v2\/categories?post=117318"},{"taxonomy":"post_tag","embeddable":true,"href":"https:\/\/infoecos.com.ar\/index.php\/wp-json\/wp\/v2\/tags?post=117318"}],"curies":[{"name":"wp","href":"https:\/\/api.w.org\/{rel}","templated":true}]}}