{"id":117329,"date":"2024-01-11T19:44:53","date_gmt":"2024-01-11T22:44:53","guid":{"rendered":"https:\/\/infoecos.com.ar\/?p=117329"},"modified":"2024-01-11T19:44:54","modified_gmt":"2024-01-11T22:44:54","slug":"costa-bonaerense-crisis-en-la-temporada-turistica","status":"publish","type":"post","link":"https:\/\/infoecos.com.ar\/index.php\/costa-bonaerense-crisis-en-la-temporada-turistica\/","title":{"rendered":"Costa bonaerense: crisis en la temporada tur\u00edstica"},"content":{"rendered":"\n<figure class=\"wp-block-image alignright size-full is-resized\"><img loading=\"lazy\" decoding=\"async\" src=\"https:\/\/infoecos.com.ar\/wp-content\/uploads\/2024\/01\/image-69.png\" alt=\"\" class=\"wp-image-117330\" width=\"405\" height=\"405\"\/><\/figure>\n\n\n\n<p>Con el cierre de la primera semana de enero y en la previa al recambio de quincena, la temporada tur\u00edstica en la costa bonaerense viene atravesando una crisis como no se ve\u00eda \u00abhace a\u00f1os\u00bb.<\/p>\n\n\n\n<p>Hay que tener en cuenta que Mar del Plata, uno de los destinos m\u00e1s elegidos por los bonaerenses para vacacionar, recepcion\u00f3 en su primera semana un 5% menos de visitantes que el a\u00f1o pasado. Mientras que la Asociaci\u00f3n Empresaria de Hoteleros y Gastron\u00f3micos (AEHG) plantearon que se encaraba enero con reservas de hasta un 20% por debajo que en otros a\u00f1os.<\/p>\n\n\n\n<p>Asimismo en Mar Chiquita se replica la misma situaci\u00f3n, en la cual su intendente&nbsp;<strong>Walter Wischnivetzky<\/strong>, remarc\u00f3 que los niveles de ocupaci\u00f3n se encuentran cerca del 66%, y que se est\u00e1 viviendo \u00abuna baja considerable en los niveles de ocupaci\u00f3n\u201d.<\/p>\n\n\n\n<p>Uno de los operadores tur\u00edsticos de la localidad Santa Clara del Mar, indic\u00f3 a&nbsp;<strong>CodigoBAIRES&nbsp;<\/strong>que el afluente actual est\u00e1 motivado principalmente por aquellas personas que tienen casa de verano en la costa bonaerense.<\/p>\n\n\n\n<p>\u00abLa gente que hay es aquella que tiene vivienda, la utiliza porque est\u00e1 mas barato venirse de buenos aires en auto pagando los dos peajes, que con lo que est\u00e1 el pasaje en micro, que est\u00e1 entre 25 y 35 mil pesos, depende el horario, micro y categor\u00eda\u00bb, sostuvo.<\/p>\n\n\n\n<p>Y agreg\u00f3: \u00abLa gente que vino es la que tiene un veh\u00edculo propio, pero est\u00e1 bastante vac\u00edo. Cuando voy a trabajar noto que hay much\u00edsimo menos coches\u00bb.<\/p>\n\n\n\n<p>Tambi\u00e9n, una de las guardavidas que ejerce funciones en General Pueyrred\u00f3n, y que eligi\u00f3 no dar su nombre para preservar la fuente de trabajo, detall\u00f3 que es una temporada \u00abat\u00edpica\u00bb.<\/p>\n\n\n\n<p>\u00abLa playa est\u00e1 re vac\u00eda, cuando en temporadas anteriores ven\u00eda mucha gente. Algo similar sucede con otros balnearios en Mar de Cobo, Chapadmalal y las playas del sur\u00bb indic\u00f3. Mientras que Mart\u00edn, uno de los artesanos que suele vender sus trabajos en la feria de Chapadmalal, mencion\u00f3 que las ventas fuertes \u00fanicamente se dan los fines de semana.<\/p>\n\n\n\n<p>\u00abTodo el movimiento se da en el fin de semana, hay una gran diferencia con lo que pasa en la semana. Encima el tiempo no acompa\u00f1a, y no se ve casi movimiento\u00bb, describi\u00f3.<\/p>\n\n\n\n<p>La situaci\u00f3n se viene dando en sinton\u00eda con lo que contamos aqu\u00ed semanas atr\u00e1s,&nbsp;<a href=\"https:\/\/www.codigobaires.com.ar\/2024-01-02\/efecto-milei-en-las-vacaciones-la-gente-devolvio-sus-pasajes-233348\/\">que tiene que ver con que las personas han optado por cancelar sus reservas o devolver sus pasajes de micro que ten\u00edan contratados con las diferentes operadoras<\/a>, algo que \u00abnunca antes se hab\u00eda visto\u00bb.<\/p>\n\n\n\n<p>Asimismo la Comisi\u00f3n Nacional de Regulaci\u00f3n del Transporte (CNRT) de Mar del Plata dio a conocer que los arribos a la terminal de micros cayeron entre un 9% y un 11% en dic<\/p>\n\n\n\n<p>Tambi\u00e9n, una de las guardavidas que ejerce funciones en General Pueyrred\u00f3n, y que eligi\u00f3 no dar su nombre para preservar la fuente de trabajo, detall\u00f3 que es una temporada \u00abat\u00edpica\u00bb.<\/p>\n\n\n\n<p>\u00abLa playa est\u00e1 re vac\u00eda, cuando en temporadas anteriores ven\u00eda mucha gente. Algo similar sucede con otros balnearios en Mar de Cobo, Chapadmalal y las playas del sur\u00bb indic\u00f3. Mientras que Mart\u00edn, uno de los artesanos que suele vender sus trabajos en la feria de Chapadmalal, mencion\u00f3 que las ventas fuertes \u00fanicamente se dan los fines de semana.<\/p>\n\n\n\n<p>\u00abTodo el movimiento se da en el fin de semana, hay una gran diferencia con lo que pasa en la semana. Encima el tiempo no acompa\u00f1a, y no se ve casi movimiento\u00bb, describi\u00f3.<\/p>\n\n\n\n<p>La situaci\u00f3n se viene dando en sinton\u00eda con lo que contamos aqu\u00ed semanas atr\u00e1s,&nbsp;<a href=\"https:\/\/www.codigobaires.com.ar\/2024-01-02\/efecto-milei-en-las-vacaciones-la-gente-devolvio-sus-pasajes-233348\/\">que tiene que ver con que las personas han optado por cancelar sus reservas o devolver sus pasajes de micro que ten\u00edan contratados con las diferentes operadoras<\/a>, algo que \u00abnunca antes se hab\u00eda visto\u00bb.<\/p>\n\n\n\n<p>Asimismo la Comisi\u00f3n Nacional de Regulaci\u00f3n del Transporte (CNRT) de Mar del Plata dio a conocer que los arribos a la terminal de micros cayeron entre un 9% y un 11% en dic<\/p>\n\n\n\n<p>Tambi\u00e9n, una de las guardavidas que ejerce funciones en General Pueyrred\u00f3n, y que eligi\u00f3 no dar su nombre para preservar la fuente de trabajo, detall\u00f3 que es una temporada \u00abat\u00edpica\u00bb.<\/p>\n\n\n\n<p>\u00abLa playa est\u00e1 re vac\u00eda, cuando en temporadas anteriores ven\u00eda mucha gente. Algo similar sucede con otros balnearios en Mar de Cobo, Chapadmalal y las playas del sur\u00bb indic\u00f3. Mientras que Mart\u00edn, uno de los artesanos que suele vender sus trabajos en la feria de Chapadmalal, mencion\u00f3 que las ventas fuertes \u00fanicamente se dan los fines de semana.<\/p>\n\n\n\n<p>\u00abTodo el movimiento se da en el fin de semana, hay una gran diferencia con lo que pasa en la semana. Encima el tiempo no acompa\u00f1a, y no se ve casi movimiento\u00bb, describi\u00f3.<\/p>\n\n\n\n<p>La situaci\u00f3n se viene dando en sinton\u00eda con lo que contamos aqu\u00ed semanas atr\u00e1s,&nbsp;<a href=\"https:\/\/www.codigobaires.com.ar\/2024-01-02\/efecto-milei-en-las-vacaciones-la-gente-devolvio-sus-pasajes-233348\/\">que tiene que ver con que las personas han optado por cancelar sus reservas o devolver sus pasajes de micro que ten\u00edan contratados con las diferentes operadoras<\/a>, algo que \u00abnunca antes se hab\u00eda visto\u00bb.<\/p>\n\n\n\n<p>Asimismo la Comisi\u00f3n Nacional de Regulaci\u00f3n del Transporte (CNRT) de Mar del Plata dio a conocer que los arribos a la terminal de micros cayeron entre un 9% y un 11% en diciembre y entre un 12% y 15% en la primera semana de enero.<\/p>\n\n\n\n<p>Si esto lo contraponemos de forma interanual, entre el 1 y el 4 de enero de 2023 hubo 1.518 salidas y llegadas de larga distancia mientras que en los primeros cuatro d\u00edas del 2024, ese n\u00famero cay\u00f3 a 1.386.<\/p>\n\n\n\n<p>C\u00f3mo si esto fuera poco ya se comienzan avisorar los efectos de las decisiones econ\u00f3micas tomadas por Javier Milei en torno a las tarifas, a tal punto que la gente comienza a extremar medidas de ahorro, principalmente con el gas que es uno de los servicios m\u00e1s \u00absensibles\u00bb en la costa bonaerense.&nbsp;<\/p>\n\n\n\n<p>\u00abExiste un camino interno hacia Vidal que se llama el camino del espinillo, que es algo interno que utilizamos los vecinos, y en los zanjones me llam\u00f3 la atenci\u00f3n la cantidad de camionetas que estaban juntando le\u00f1a. Por lo general eso sucede cuando termina el verano, pero nadie va exclusivamente a buscar le\u00f1a, ahora en verano\u00bb, describi\u00f3 un operador tur\u00edstico de Mar Chiquita a este portal.<\/p>\n\n\n\n<p><strong><mark style=\"background-color:rgba(0, 0, 0, 0)\" class=\"has-inline-color has-vivid-red-color\">Fuente textual:<\/mark><\/strong><\/p>\n\n\n\n<p><strong>C\u00f3digobaires.com.ar <\/strong><\/p>\n","protected":false},"excerpt":{"rendered":"<p>Hay que tener en cuenta que Mar del Plata, uno de los destinos m\u00e1s elegidos por los bonaerenses para vacacionar, recepcion\u00f3 en su primera semana un 5% menos de visitantes que el a\u00f1o pasado<\/p>\n","protected":false},"author":2,"featured_media":117331,"comment_status":"closed","ping_status":"open","sticky":false,"template":"","format":"standard","meta":{"footnotes":""},"categories":[24],"tags":[9858],"class_list":["post-117329","post","type-post","status-publish","format-standard","has-post-thumbnail","hentry","category-c1nota3","tag-no-se-veia-desde-hace-anos"],"yoast_head":"<!-- This site is optimized with the Yoast SEO plugin v23.4 - https:\/\/yoast.com\/wordpress\/plugins\/seo\/ -->\n<title>Costa bonaerense: crisis en la temporada tur\u00edstica - Infoecos<\/title>\n<meta name=\"robots\" content=\"index, follow, max-snippet:-1, max-image-preview:large, max-video-preview:-1\" \/>\n<link rel=\"canonical\" href=\"https:\/\/infoecos.com.ar\/index.php\/costa-bonaerense-crisis-en-la-temporada-turistica\/\" \/>\n<meta property=\"og:locale\" content=\"es_ES\" \/>\n<meta property=\"og:type\" content=\"article\" \/>\n<meta property=\"og:title\" content=\"Costa bonaerense: crisis en la temporada tur\u00edstica - Infoecos\" \/>\n<meta property=\"og:description\" content=\"Hay que tener en cuenta que Mar del Plata, uno de los destinos m\u00e1s elegidos por los bonaerenses para vacacionar, recepcion\u00f3 en su primera semana un 5% menos de visitantes que el a\u00f1o pasado\" \/>\n<meta property=\"og:url\" content=\"https:\/\/infoecos.com.ar\/index.php\/costa-bonaerense-crisis-en-la-temporada-turistica\/\" \/>\n<meta property=\"og:site_name\" content=\"Infoecos\" \/>\n<meta property=\"article:publisher\" content=\"https:\/\/www.facebook.com\/profile.php?id=100063200290284\" \/>\n<meta property=\"article:published_time\" content=\"2024-01-11T22:44:53+00:00\" \/>\n<meta property=\"article:modified_time\" content=\"2024-01-11T22:44:54+00:00\" \/>\n<meta property=\"og:image\" content=\"https:\/\/infoecos.com.ar\/wp-content\/uploads\/2024\/01\/turismo4deenero.jpg\" \/>\n\t<meta property=\"og:image:width\" content=\"680\" \/>\n\t<meta property=\"og:image:height\" content=\"339\" \/>\n\t<meta property=\"og:image:type\" content=\"image\/jpeg\" \/>\n<meta name=\"author\" content=\"Jorge Matheus\" \/>\n<meta name=\"twitter:card\" content=\"summary_large_image\" \/>\n<meta name=\"twitter:creator\" content=\"@infoecos\" \/>\n<meta name=\"twitter:site\" content=\"@infoecos\" \/>\n<meta name=\"twitter:label1\" content=\"Escrito por\" \/>\n\t<meta name=\"twitter:data1\" content=\"Jorge Matheus\" \/>\n\t<meta name=\"twitter:label2\" content=\"Tiempo de lectura\" \/>\n\t<meta name=\"twitter:data2\" content=\"5 minutos\" \/>\n<script type=\"application\/ld+json\" class=\"yoast-schema-graph\">{\"@context\":\"https:\/\/schema.org\",\"@graph\":[{\"@type\":\"Article\",\"@id\":\"https:\/\/infoecos.com.ar\/index.php\/costa-bonaerense-crisis-en-la-temporada-turistica\/#article\",\"isPartOf\":{\"@id\":\"https:\/\/infoecos.com.ar\/index.php\/costa-bonaerense-crisis-en-la-temporada-turistica\/\"},\"author\":{\"name\":\"Jorge Matheus\",\"@id\":\"https:\/\/infoecos.com.ar\/#\/schema\/person\/8f5ace5ce73b4b4aac4b7245aee6f191\"},\"headline\":\"Costa bonaerense: crisis en la temporada tur\u00edstica\",\"datePublished\":\"2024-01-11T22:44:53+00:00\",\"dateModified\":\"2024-01-11T22:44:54+00:00\",\"mainEntityOfPage\":{\"@id\":\"https:\/\/infoecos.com.ar\/index.php\/costa-bonaerense-crisis-en-la-temporada-turistica\/\"},\"wordCount\":1089,\"publisher\":{\"@id\":\"https:\/\/infoecos.com.ar\/#organization\"},\"image\":{\"@id\":\"https:\/\/infoecos.com.ar\/index.php\/costa-bonaerense-crisis-en-la-temporada-turistica\/#primaryimage\"},\"thumbnailUrl\":\"https:\/\/infoecos.com.ar\/wp-content\/uploads\/2024\/01\/turismo4deenero.jpg\",\"keywords\":[\"No se ve\u00eda desde hace a\u00f1os\"],\"articleSection\":[\"C1 N3\"],\"inLanguage\":\"es\"},{\"@type\":\"WebPage\",\"@id\":\"https:\/\/infoecos.com.ar\/index.php\/costa-bonaerense-crisis-en-la-temporada-turistica\/\",\"url\":\"https:\/\/infoecos.com.ar\/index.php\/costa-bonaerense-crisis-en-la-temporada-turistica\/\",\"name\":\"Costa bonaerense: crisis en la temporada tur\u00edstica - Infoecos\",\"isPartOf\":{\"@id\":\"https:\/\/infoecos.com.ar\/#website\"},\"primaryImageOfPage\":{\"@id\":\"https:\/\/infoecos.com.ar\/index.php\/costa-bonaerense-crisis-en-la-temporada-turistica\/#primaryimage\"},\"image\":{\"@id\":\"https:\/\/infoecos.com.ar\/index.php\/costa-bonaerense-crisis-en-la-temporada-turistica\/#primaryimage\"},\"thumbnailUrl\":\"https:\/\/infoecos.com.ar\/wp-content\/uploads\/2024\/01\/turismo4deenero.jpg\",\"datePublished\":\"2024-01-11T22:44:53+00:00\",\"dateModified\":\"2024-01-11T22:44:54+00:00\",\"breadcrumb\":{\"@id\":\"https:\/\/infoecos.com.ar\/index.php\/costa-bonaerense-crisis-en-la-temporada-turistica\/#breadcrumb\"},\"inLanguage\":\"es\",\"potentialAction\":[{\"@type\":\"ReadAction\",\"target\":[\"https:\/\/infoecos.com.ar\/index.php\/costa-bonaerense-crisis-en-la-temporada-turistica\/\"]}]},{\"@type\":\"ImageObject\",\"inLanguage\":\"es\",\"@id\":\"https:\/\/infoecos.com.ar\/index.php\/costa-bonaerense-crisis-en-la-temporada-turistica\/#primaryimage\",\"url\":\"https:\/\/infoecos.com.ar\/wp-content\/uploads\/2024\/01\/turismo4deenero.jpg\",\"contentUrl\":\"https:\/\/infoecos.com.ar\/wp-content\/uploads\/2024\/01\/turismo4deenero.jpg\",\"width\":680,\"height\":339},{\"@type\":\"BreadcrumbList\",\"@id\":\"https:\/\/infoecos.com.ar\/index.php\/costa-bonaerense-crisis-en-la-temporada-turistica\/#breadcrumb\",\"itemListElement\":[{\"@type\":\"ListItem\",\"position\":1,\"name\":\"Portada\",\"item\":\"https:\/\/infoecos.com.ar\/\"},{\"@type\":\"ListItem\",\"position\":2,\"name\":\"Costa bonaerense: crisis en la temporada tur\u00edstica\"}]},{\"@type\":\"WebSite\",\"@id\":\"https:\/\/infoecos.com.ar\/#website\",\"url\":\"https:\/\/infoecos.com.ar\/\",\"name\":\"Infoecos\",\"description\":\"Noticias de trenque lauquen y la zona\",\"publisher\":{\"@id\":\"https:\/\/infoecos.com.ar\/#organization\"},\"alternateName\":\"Noticias\",\"potentialAction\":[{\"@type\":\"SearchAction\",\"target\":{\"@type\":\"EntryPoint\",\"urlTemplate\":\"https:\/\/infoecos.com.ar\/?s={search_term_string}\"},\"query-input\":{\"@type\":\"PropertyValueSpecification\",\"valueRequired\":true,\"valueName\":\"search_term_string\"}}],\"inLanguage\":\"es\"},{\"@type\":\"Organization\",\"@id\":\"https:\/\/infoecos.com.ar\/#organization\",\"name\":\"Infoecos\",\"alternateName\":\"Noticias\",\"url\":\"https:\/\/infoecos.com.ar\/\",\"logo\":{\"@type\":\"ImageObject\",\"inLanguage\":\"es\",\"@id\":\"https:\/\/infoecos.com.ar\/#\/schema\/logo\/image\/\",\"url\":\"https:\/\/infoecos.com.ar\/wp-content\/uploads\/2024\/03\/cropped-logo.png\",\"contentUrl\":\"https:\/\/infoecos.com.ar\/wp-content\/uploads\/2024\/03\/cropped-logo.png\",\"width\":374,\"height\":90,\"caption\":\"Infoecos\"},\"image\":{\"@id\":\"https:\/\/infoecos.com.ar\/#\/schema\/logo\/image\/\"},\"sameAs\":[\"https:\/\/www.facebook.com\/profile.php?id=100063200290284\",\"https:\/\/x.com\/infoecos\"]},{\"@type\":\"Person\",\"@id\":\"https:\/\/infoecos.com.ar\/#\/schema\/person\/8f5ace5ce73b4b4aac4b7245aee6f191\",\"name\":\"Jorge Matheus\",\"url\":\"https:\/\/infoecos.com.ar\/index.php\/author\/jomatheus\/\"}]}<\/script>\n<!-- \/ Yoast SEO plugin. -->","yoast_head_json":{"title":"Costa bonaerense: crisis en la temporada tur\u00edstica - Infoecos","robots":{"index":"index","follow":"follow","max-snippet":"max-snippet:-1","max-image-preview":"max-image-preview:large","max-video-preview":"max-video-preview:-1"},"canonical":"https:\/\/infoecos.com.ar\/index.php\/costa-bonaerense-crisis-en-la-temporada-turistica\/","og_locale":"es_ES","og_type":"article","og_title":"Costa bonaerense: crisis en la temporada tur\u00edstica - Infoecos","og_description":"Hay que tener en cuenta que Mar del Plata, uno de los destinos m\u00e1s elegidos por los bonaerenses para vacacionar, recepcion\u00f3 en su primera semana un 5% menos de visitantes que el a\u00f1o pasado","og_url":"https:\/\/infoecos.com.ar\/index.php\/costa-bonaerense-crisis-en-la-temporada-turistica\/","og_site_name":"Infoecos","article_publisher":"https:\/\/www.facebook.com\/profile.php?id=100063200290284","article_published_time":"2024-01-11T22:44:53+00:00","article_modified_time":"2024-01-11T22:44:54+00:00","og_image":[{"width":680,"height":339,"url":"https:\/\/infoecos.com.ar\/wp-content\/uploads\/2024\/01\/turismo4deenero.jpg","type":"image\/jpeg"}],"author":"Jorge Matheus","twitter_card":"summary_large_image","twitter_creator":"@infoecos","twitter_site":"@infoecos","twitter_misc":{"Escrito por":"Jorge Matheus","Tiempo de lectura":"5 minutos"},"schema":{"@context":"https:\/\/schema.org","@graph":[{"@type":"Article","@id":"https:\/\/infoecos.com.ar\/index.php\/costa-bonaerense-crisis-en-la-temporada-turistica\/#article","isPartOf":{"@id":"https:\/\/infoecos.com.ar\/index.php\/costa-bonaerense-crisis-en-la-temporada-turistica\/"},"author":{"name":"Jorge Matheus","@id":"https:\/\/infoecos.com.ar\/#\/schema\/person\/8f5ace5ce73b4b4aac4b7245aee6f191"},"headline":"Costa bonaerense: crisis en la temporada tur\u00edstica","datePublished":"2024-01-11T22:44:53+00:00","dateModified":"2024-01-11T22:44:54+00:00","mainEntityOfPage":{"@id":"https:\/\/infoecos.com.ar\/index.php\/costa-bonaerense-crisis-en-la-temporada-turistica\/"},"wordCount":1089,"publisher":{"@id":"https:\/\/infoecos.com.ar\/#organization"},"image":{"@id":"https:\/\/infoecos.com.ar\/index.php\/costa-bonaerense-crisis-en-la-temporada-turistica\/#primaryimage"},"thumbnailUrl":"https:\/\/infoecos.com.ar\/wp-content\/uploads\/2024\/01\/turismo4deenero.jpg","keywords":["No se ve\u00eda desde hace a\u00f1os"],"articleSection":["C1 N3"],"inLanguage":"es"},{"@type":"WebPage","@id":"https:\/\/infoecos.com.ar\/index.php\/costa-bonaerense-crisis-en-la-temporada-turistica\/","url":"https:\/\/infoecos.com.ar\/index.php\/costa-bonaerense-crisis-en-la-temporada-turistica\/","name":"Costa bonaerense: crisis en la temporada tur\u00edstica - Infoecos","isPartOf":{"@id":"https:\/\/infoecos.com.ar\/#website"},"primaryImageOfPage":{"@id":"https:\/\/infoecos.com.ar\/index.php\/costa-bonaerense-crisis-en-la-temporada-turistica\/#primaryimage"},"image":{"@id":"https:\/\/infoecos.com.ar\/index.php\/costa-bonaerense-crisis-en-la-temporada-turistica\/#primaryimage"},"thumbnailUrl":"https:\/\/infoecos.com.ar\/wp-content\/uploads\/2024\/01\/turismo4deenero.jpg","datePublished":"2024-01-11T22:44:53+00:00","dateModified":"2024-01-11T22:44:54+00:00","breadcrumb":{"@id":"https:\/\/infoecos.com.ar\/index.php\/costa-bonaerense-crisis-en-la-temporada-turistica\/#breadcrumb"},"inLanguage":"es","potentialAction":[{"@type":"ReadAction","target":["https:\/\/infoecos.com.ar\/index.php\/costa-bonaerense-crisis-en-la-temporada-turistica\/"]}]},{"@type":"ImageObject","inLanguage":"es","@id":"https:\/\/infoecos.com.ar\/index.php\/costa-bonaerense-crisis-en-la-temporada-turistica\/#primaryimage","url":"https:\/\/infoecos.com.ar\/wp-content\/uploads\/2024\/01\/turismo4deenero.jpg","contentUrl":"https:\/\/infoecos.com.ar\/wp-content\/uploads\/2024\/01\/turismo4deenero.jpg","width":680,"height":339},{"@type":"BreadcrumbList","@id":"https:\/\/infoecos.com.ar\/index.php\/costa-bonaerense-crisis-en-la-temporada-turistica\/#breadcrumb","itemListElement":[{"@type":"ListItem","position":1,"name":"Portada","item":"https:\/\/infoecos.com.ar\/"},{"@type":"ListItem","position":2,"name":"Costa bonaerense: crisis en la temporada tur\u00edstica"}]},{"@type":"WebSite","@id":"https:\/\/infoecos.com.ar\/#website","url":"https:\/\/infoecos.com.ar\/","name":"Infoecos","description":"Noticias de trenque lauquen y la zona","publisher":{"@id":"https:\/\/infoecos.com.ar\/#organization"},"alternateName":"Noticias","potentialAction":[{"@type":"SearchAction","target":{"@type":"EntryPoint","urlTemplate":"https:\/\/infoecos.com.ar\/?s={search_term_string}"},"query-input":{"@type":"PropertyValueSpecification","valueRequired":true,"valueName":"search_term_string"}}],"inLanguage":"es"},{"@type":"Organization","@id":"https:\/\/infoecos.com.ar\/#organization","name":"Infoecos","alternateName":"Noticias","url":"https:\/\/infoecos.com.ar\/","logo":{"@type":"ImageObject","inLanguage":"es","@id":"https:\/\/infoecos.com.ar\/#\/schema\/logo\/image\/","url":"https:\/\/infoecos.com.ar\/wp-content\/uploads\/2024\/03\/cropped-logo.png","contentUrl":"https:\/\/infoecos.com.ar\/wp-content\/uploads\/2024\/03\/cropped-logo.png","width":374,"height":90,"caption":"Infoecos"},"image":{"@id":"https:\/\/infoecos.com.ar\/#\/schema\/logo\/image\/"},"sameAs":["https:\/\/www.facebook.com\/profile.php?id=100063200290284","https:\/\/x.com\/infoecos"]},{"@type":"Person","@id":"https:\/\/infoecos.com.ar\/#\/schema\/person\/8f5ace5ce73b4b4aac4b7245aee6f191","name":"Jorge Matheus","url":"https:\/\/infoecos.com.ar\/index.php\/author\/jomatheus\/"}]}},"featured_image_urls":{"full":["https:\/\/infoecos.com.ar\/wp-content\/uploads\/2024\/01\/turismo4deenero.jpg",680,339,false],"thumbnail":["https:\/\/infoecos.com.ar\/wp-content\/uploads\/2024\/01\/turismo4deenero-300x150.jpg",300,150,true],"medium":["https:\/\/infoecos.com.ar\/wp-content\/uploads\/2024\/01\/turismo4deenero.jpg",680,339,false],"medium_large":["https:\/\/infoecos.com.ar\/wp-content\/uploads\/2024\/01\/turismo4deenero.jpg",640,319,false],"large":["https:\/\/infoecos.com.ar\/wp-content\/uploads\/2024\/01\/turismo4deenero.jpg",640,319,false],"1536x1536":["https:\/\/infoecos.com.ar\/wp-content\/uploads\/2024\/01\/turismo4deenero.jpg",680,339,false],"2048x2048":["https:\/\/infoecos.com.ar\/wp-content\/uploads\/2024\/01\/turismo4deenero.jpg",680,339,false],"covernews-slider-full":["https:\/\/infoecos.com.ar\/wp-content\/uploads\/2024\/01\/turismo4deenero.jpg",680,339,false],"covernews-slider-center":["https:\/\/infoecos.com.ar\/wp-content\/uploads\/2024\/01\/turismo4deenero.jpg",680,339,false],"covernews-featured":["https:\/\/infoecos.com.ar\/wp-content\/uploads\/2024\/01\/turismo4deenero.jpg",680,339,false],"covernews-medium":["https:\/\/infoecos.com.ar\/wp-content\/uploads\/2024\/01\/turismo4deenero.jpg",540,269,false],"covernews-medium-square":["https:\/\/infoecos.com.ar\/wp-content\/uploads\/2024\/01\/turismo4deenero-675x339.jpg",400,201,true]},"author_info":{"info":["Jorge Matheus"]},"category_info":"<a href=\"https:\/\/infoecos.com.ar\/index.php\/category\/c1nota3\/\" rel=\"category tag\">C1 N3<\/a>","tag_info":"C1 N3","comment_count":"0","_links":{"self":[{"href":"https:\/\/infoecos.com.ar\/index.php\/wp-json\/wp\/v2\/posts\/117329"}],"collection":[{"href":"https:\/\/infoecos.com.ar\/index.php\/wp-json\/wp\/v2\/posts"}],"about":[{"href":"https:\/\/infoecos.com.ar\/index.php\/wp-json\/wp\/v2\/types\/post"}],"author":[{"embeddable":true,"href":"https:\/\/infoecos.com.ar\/index.php\/wp-json\/wp\/v2\/users\/2"}],"replies":[{"embeddable":true,"href":"https:\/\/infoecos.com.ar\/index.php\/wp-json\/wp\/v2\/comments?post=117329"}],"version-history":[{"count":1,"href":"https:\/\/infoecos.com.ar\/index.php\/wp-json\/wp\/v2\/posts\/117329\/revisions"}],"predecessor-version":[{"id":117332,"href":"https:\/\/infoecos.com.ar\/index.php\/wp-json\/wp\/v2\/posts\/117329\/revisions\/117332"}],"wp:featuredmedia":[{"embeddable":true,"href":"https:\/\/infoecos.com.ar\/index.php\/wp-json\/wp\/v2\/media\/117331"}],"wp:attachment":[{"href":"https:\/\/infoecos.com.ar\/index.php\/wp-json\/wp\/v2\/media?parent=117329"}],"wp:term":[{"taxonomy":"category","embeddable":true,"href":"https:\/\/infoecos.com.ar\/index.php\/wp-json\/wp\/v2\/categories?post=117329"},{"taxonomy":"post_tag","embeddable":true,"href":"https:\/\/infoecos.com.ar\/index.php\/wp-json\/wp\/v2\/tags?post=117329"}],"curies":[{"name":"wp","href":"https:\/\/api.w.org\/{rel}","templated":true}]}}