{"id":117363,"date":"2024-01-13T00:25:42","date_gmt":"2024-01-13T03:25:42","guid":{"rendered":"https:\/\/infoecos.com.ar\/?p=117363"},"modified":"2024-01-16T00:45:51","modified_gmt":"2024-01-16T03:45:51","slug":"disfrutar-del-verano-con-animales-de-compania-sin-preocupaciones-es-posible","status":"publish","type":"post","link":"https:\/\/infoecos.com.ar\/index.php\/disfrutar-del-verano-con-animales-de-compania-sin-preocupaciones-es-posible\/","title":{"rendered":"Disfrutar del verano con animales de compa\u00f1\u00eda sin preocupaciones, es posible"},"content":{"rendered":"\n<p>En la actualidad los animales de compa\u00f1\u00eda se han convertido en miembros activos de la familia, participando en las actividades veraniegas. Desde paseos por la playa hasta chapuzones en la pileta. Es importante asegurarnos de que disfruten de estas experiencias de manera segura y saludable.<\/p>\n\n\n\n<figure class=\"wp-block-image aligncenter size-full is-resized\"><img loading=\"lazy\" decoding=\"async\" src=\"https:\/\/infoecos.com.ar\/wp-content\/uploads\/2024\/01\/image-76.png\" alt=\"\" class=\"wp-image-117364\" width=\"541\" height=\"342\"\/><figcaption class=\"wp-element-caption\">Foto tomada de google <\/figcaption><\/figure>\n\n\n\n<p><strong>-Cuidados en el agua (piletas, mar y rio)<\/strong><\/p>\n\n\n\n<p>No a todos los caninos les gusta el agua o pueden nadar. Por eso sugerimos siempre la supervisi\u00f3n y utilizar collares o chalecos salvavidas para perros no acostumbrados para prevenir ahogamientos y permitir una r\u00e1pida intervenci\u00f3n.<\/p>\n\n\n\n<p>Es importante tambi\u00e9n el cuidado posterior al ingreso al agua, usar un shampoo adecuado y secar bien a los animales para evitar infecciones y alergias causados por el cloro.&nbsp;<\/p>\n\n\n\n<p>Hay que tener presente que las razas con orejas ca\u00eddas necesitan una atenci\u00f3n especial. Secar bien los o\u00eddos para prevenir hongos y bacterias.<\/p>\n\n\n\n<p><strong>-Alimentaci\u00f3n e hidrataci\u00f3n.<\/strong><\/p>\n\n\n\n<p>Es una buena opci\u00f3n alimentar a los animales en las primeras horas de la ma\u00f1ana y por la noche para evitar las horas centrales del d\u00eda de m\u00e1s calor. En cuanto a las ingestas, el apetito del perro (sobre todo de aquellos con mucho manto de pelo) desciende en verano.<br>Sumar alimentos hidratantes.<br>Garantizar que siempre tienen agua a su disposici\u00f3n, lo ideal es colocar el bebedero en un lugar fresco. Si bien ellos mismos regulan la ingesta de l\u00edquidos, es recomendable cambiarla dos o tres veces al d\u00eda para que est\u00e9 limpia y fresca.<\/p>\n\n\n\n<figure class=\"wp-block-image aligncenter size-full\"><img loading=\"lazy\" decoding=\"async\" width=\"601\" height=\"201\" src=\"https:\/\/infoecos.com.ar\/wp-content\/uploads\/2024\/01\/image-77.png\" alt=\"\" class=\"wp-image-117365\"\/><\/figure>\n\n\n\n<p><strong>-Exposici\u00f3n solar.<\/strong><\/p>\n\n\n\n<p>Evita salir entre las 12 pm y las 17.00 pm<\/p>\n\n\n\n<p>Es recomendable que salgas a primera hora de la ma\u00f1ana o \u00faltima hora del d\u00eda cuando el sol es menos intenso. Si ten\u00e9s que salir al mediod\u00eda, evita las zonas de asfalto y siempre pasear por lugares donde haya sombra y lleva una botella de agua para mantener a tu mascota hidratada.<\/p>\n\n\n\n<p>Aunque parezca extra\u00f1o, se puede hacer uso de&nbsp; protectores solares para perros ya que, al igual que nosotros nos protegemos con crema solar, ellos tambi\u00e9n est\u00e1n expuestos al sol y su piel se puede da\u00f1ar. <\/p>\n\n\n\n<p>Las zonas donde debes aplicar la crema son: hocico, orejas, abdomen e interior de las patas.&nbsp;<\/p>\n\n\n\n<p><strong>-Aire acondicionado y ventilador<\/strong><\/p>\n\n\n\n<p>El ventilador y el aire acondicionado muchas veces son necesarios para refrescar el ambiente y mantener el clima dentro de la casa. Sin embargo, hay que tener cuidado, ya que esto puede causar un choque t\u00e9rmico en sus animales de compa\u00f1\u00eda.<\/p>\n\n\n\n<p>Cuidar el pelo de los animales, es fundamental para ayudarlos a regular su temperatura. Mantener un cepillado regular en perros y gatos. M\u00e1s all\u00e1 de mantener sana la piel, un cepillado regular permite eliminar el pelo muerto. Pelo que se acumula sobre el manto y que si no lo retiramos impide que nuestro perro o gato regule su temperatura.<\/p>\n\n\n\n<p>Lo que s\u00ed no son recomendables los cortes de pelo a los perros de pelo corto o subpelo, ya que puede provocar dermatitis y problemas serios del manto.<\/p>\n\n\n\n<p>Los mosquitos hoy son una amenaza, pero con precauciones adecuadas se puede evitar problemas. Evita paseos en zonas h\u00famedas, usa&nbsp; repelentes y difusores antimosquitos. Aunque los perros y gatos no sufren de dengue, enfrentan otras enfermedades transmitidas por mosquitos. Protege a tus animales de compa\u00f1\u00eda.&nbsp;&nbsp;<\/p>\n\n\n\n<p>Disfrutar del verano con animales de compa\u00f1\u00eda sin preocupaciones es posible.<\/p>\n","protected":false},"excerpt":{"rendered":"<p> Evita paseos en zonas h\u00famedas, usa\u00a0 repelentes y difusores antimosquitos. Aunque los perros y gatos no sufren de dengue, enfrentan otras enfermedades transmitidas por mosquitos<\/p>\n","protected":false},"author":2,"featured_media":117364,"comment_status":"closed","ping_status":"open","sticky":false,"template":"","format":"standard","meta":{"footnotes":""},"categories":[43],"tags":[9861],"class_list":["post-117363","post","type-post","status-publish","format-standard","has-post-thumbnail","hentry","category-inferior4","tag-consejos-colegio-de-veterinarios"],"yoast_head":"<!-- This site is optimized with the Yoast SEO plugin v23.4 - https:\/\/yoast.com\/wordpress\/plugins\/seo\/ -->\n<title>Disfrutar del verano con animales de compa\u00f1\u00eda sin preocupaciones, es posible - Infoecos<\/title>\n<meta name=\"robots\" content=\"index, follow, max-snippet:-1, max-image-preview:large, max-video-preview:-1\" \/>\n<link rel=\"canonical\" href=\"https:\/\/infoecos.com.ar\/index.php\/disfrutar-del-verano-con-animales-de-compania-sin-preocupaciones-es-posible\/\" \/>\n<meta property=\"og:locale\" content=\"es_ES\" \/>\n<meta property=\"og:type\" content=\"article\" \/>\n<meta property=\"og:title\" content=\"Disfrutar del verano con animales de compa\u00f1\u00eda sin preocupaciones, es posible - Infoecos\" \/>\n<meta property=\"og:description\" content=\"Evita paseos en zonas h\u00famedas, usa\u00a0 repelentes y difusores antimosquitos. Aunque los perros y gatos no sufren de dengue, enfrentan otras enfermedades transmitidas por mosquitos\" \/>\n<meta property=\"og:url\" content=\"https:\/\/infoecos.com.ar\/index.php\/disfrutar-del-verano-con-animales-de-compania-sin-preocupaciones-es-posible\/\" \/>\n<meta property=\"og:site_name\" content=\"Infoecos\" \/>\n<meta property=\"article:publisher\" content=\"https:\/\/www.facebook.com\/profile.php?id=100063200290284\" \/>\n<meta property=\"article:published_time\" content=\"2024-01-13T03:25:42+00:00\" \/>\n<meta property=\"article:modified_time\" content=\"2024-01-16T03:45:51+00:00\" \/>\n<meta property=\"og:image\" content=\"https:\/\/infoecos.com.ar\/wp-content\/uploads\/2024\/01\/image-76.png\" \/>\n\t<meta property=\"og:image:width\" content=\"768\" \/>\n\t<meta property=\"og:image:height\" content=\"485\" \/>\n\t<meta property=\"og:image:type\" content=\"image\/png\" \/>\n<meta name=\"author\" content=\"Jorge Matheus\" \/>\n<meta name=\"twitter:card\" content=\"summary_large_image\" \/>\n<meta name=\"twitter:creator\" content=\"@infoecos\" \/>\n<meta name=\"twitter:site\" content=\"@infoecos\" \/>\n<meta name=\"twitter:label1\" content=\"Escrito por\" \/>\n\t<meta name=\"twitter:data1\" content=\"Jorge Matheus\" \/>\n\t<meta name=\"twitter:label2\" content=\"Tiempo de lectura\" \/>\n\t<meta name=\"twitter:data2\" content=\"3 minutos\" \/>\n<script type=\"application\/ld+json\" class=\"yoast-schema-graph\">{\"@context\":\"https:\/\/schema.org\",\"@graph\":[{\"@type\":\"Article\",\"@id\":\"https:\/\/infoecos.com.ar\/index.php\/disfrutar-del-verano-con-animales-de-compania-sin-preocupaciones-es-posible\/#article\",\"isPartOf\":{\"@id\":\"https:\/\/infoecos.com.ar\/index.php\/disfrutar-del-verano-con-animales-de-compania-sin-preocupaciones-es-posible\/\"},\"author\":{\"name\":\"Jorge Matheus\",\"@id\":\"https:\/\/infoecos.com.ar\/#\/schema\/person\/8f5ace5ce73b4b4aac4b7245aee6f191\"},\"headline\":\"Disfrutar del verano con animales de compa\u00f1\u00eda sin preocupaciones, es posible\",\"datePublished\":\"2024-01-13T03:25:42+00:00\",\"dateModified\":\"2024-01-16T03:45:51+00:00\",\"mainEntityOfPage\":{\"@id\":\"https:\/\/infoecos.com.ar\/index.php\/disfrutar-del-verano-con-animales-de-compania-sin-preocupaciones-es-posible\/\"},\"wordCount\":594,\"publisher\":{\"@id\":\"https:\/\/infoecos.com.ar\/#organization\"},\"image\":{\"@id\":\"https:\/\/infoecos.com.ar\/index.php\/disfrutar-del-verano-con-animales-de-compania-sin-preocupaciones-es-posible\/#primaryimage\"},\"thumbnailUrl\":\"https:\/\/infoecos.com.ar\/wp-content\/uploads\/2024\/01\/image-76.png\",\"keywords\":[\"CONSEJOS COLEGIO DE VETERINARIOS\"],\"articleSection\":[\"Bloque inferior - 4\"],\"inLanguage\":\"es\"},{\"@type\":\"WebPage\",\"@id\":\"https:\/\/infoecos.com.ar\/index.php\/disfrutar-del-verano-con-animales-de-compania-sin-preocupaciones-es-posible\/\",\"url\":\"https:\/\/infoecos.com.ar\/index.php\/disfrutar-del-verano-con-animales-de-compania-sin-preocupaciones-es-posible\/\",\"name\":\"Disfrutar del verano con animales de compa\u00f1\u00eda sin preocupaciones, es posible - Infoecos\",\"isPartOf\":{\"@id\":\"https:\/\/infoecos.com.ar\/#website\"},\"primaryImageOfPage\":{\"@id\":\"https:\/\/infoecos.com.ar\/index.php\/disfrutar-del-verano-con-animales-de-compania-sin-preocupaciones-es-posible\/#primaryimage\"},\"image\":{\"@id\":\"https:\/\/infoecos.com.ar\/index.php\/disfrutar-del-verano-con-animales-de-compania-sin-preocupaciones-es-posible\/#primaryimage\"},\"thumbnailUrl\":\"https:\/\/infoecos.com.ar\/wp-content\/uploads\/2024\/01\/image-76.png\",\"datePublished\":\"2024-01-13T03:25:42+00:00\",\"dateModified\":\"2024-01-16T03:45:51+00:00\",\"breadcrumb\":{\"@id\":\"https:\/\/infoecos.com.ar\/index.php\/disfrutar-del-verano-con-animales-de-compania-sin-preocupaciones-es-posible\/#breadcrumb\"},\"inLanguage\":\"es\",\"potentialAction\":[{\"@type\":\"ReadAction\",\"target\":[\"https:\/\/infoecos.com.ar\/index.php\/disfrutar-del-verano-con-animales-de-compania-sin-preocupaciones-es-posible\/\"]}]},{\"@type\":\"ImageObject\",\"inLanguage\":\"es\",\"@id\":\"https:\/\/infoecos.com.ar\/index.php\/disfrutar-del-verano-con-animales-de-compania-sin-preocupaciones-es-posible\/#primaryimage\",\"url\":\"https:\/\/infoecos.com.ar\/wp-content\/uploads\/2024\/01\/image-76.png\",\"contentUrl\":\"https:\/\/infoecos.com.ar\/wp-content\/uploads\/2024\/01\/image-76.png\",\"width\":768,\"height\":485},{\"@type\":\"BreadcrumbList\",\"@id\":\"https:\/\/infoecos.com.ar\/index.php\/disfrutar-del-verano-con-animales-de-compania-sin-preocupaciones-es-posible\/#breadcrumb\",\"itemListElement\":[{\"@type\":\"ListItem\",\"position\":1,\"name\":\"Portada\",\"item\":\"https:\/\/infoecos.com.ar\/\"},{\"@type\":\"ListItem\",\"position\":2,\"name\":\"Disfrutar del verano con animales de compa\u00f1\u00eda sin preocupaciones, es posible\"}]},{\"@type\":\"WebSite\",\"@id\":\"https:\/\/infoecos.com.ar\/#website\",\"url\":\"https:\/\/infoecos.com.ar\/\",\"name\":\"Infoecos\",\"description\":\"Noticias de trenque lauquen y la zona\",\"publisher\":{\"@id\":\"https:\/\/infoecos.com.ar\/#organization\"},\"alternateName\":\"Noticias\",\"potentialAction\":[{\"@type\":\"SearchAction\",\"target\":{\"@type\":\"EntryPoint\",\"urlTemplate\":\"https:\/\/infoecos.com.ar\/?s={search_term_string}\"},\"query-input\":{\"@type\":\"PropertyValueSpecification\",\"valueRequired\":true,\"valueName\":\"search_term_string\"}}],\"inLanguage\":\"es\"},{\"@type\":\"Organization\",\"@id\":\"https:\/\/infoecos.com.ar\/#organization\",\"name\":\"Infoecos\",\"alternateName\":\"Noticias\",\"url\":\"https:\/\/infoecos.com.ar\/\",\"logo\":{\"@type\":\"ImageObject\",\"inLanguage\":\"es\",\"@id\":\"https:\/\/infoecos.com.ar\/#\/schema\/logo\/image\/\",\"url\":\"https:\/\/infoecos.com.ar\/wp-content\/uploads\/2024\/03\/cropped-logo.png\",\"contentUrl\":\"https:\/\/infoecos.com.ar\/wp-content\/uploads\/2024\/03\/cropped-logo.png\",\"width\":374,\"height\":90,\"caption\":\"Infoecos\"},\"image\":{\"@id\":\"https:\/\/infoecos.com.ar\/#\/schema\/logo\/image\/\"},\"sameAs\":[\"https:\/\/www.facebook.com\/profile.php?id=100063200290284\",\"https:\/\/x.com\/infoecos\"]},{\"@type\":\"Person\",\"@id\":\"https:\/\/infoecos.com.ar\/#\/schema\/person\/8f5ace5ce73b4b4aac4b7245aee6f191\",\"name\":\"Jorge Matheus\",\"url\":\"https:\/\/infoecos.com.ar\/index.php\/author\/jomatheus\/\"}]}<\/script>\n<!-- \/ Yoast SEO plugin. -->","yoast_head_json":{"title":"Disfrutar del verano con animales de compa\u00f1\u00eda sin preocupaciones, es posible - Infoecos","robots":{"index":"index","follow":"follow","max-snippet":"max-snippet:-1","max-image-preview":"max-image-preview:large","max-video-preview":"max-video-preview:-1"},"canonical":"https:\/\/infoecos.com.ar\/index.php\/disfrutar-del-verano-con-animales-de-compania-sin-preocupaciones-es-posible\/","og_locale":"es_ES","og_type":"article","og_title":"Disfrutar del verano con animales de compa\u00f1\u00eda sin preocupaciones, es posible - Infoecos","og_description":"Evita paseos en zonas h\u00famedas, usa\u00a0 repelentes y difusores antimosquitos. Aunque los perros y gatos no sufren de dengue, enfrentan otras enfermedades transmitidas por mosquitos","og_url":"https:\/\/infoecos.com.ar\/index.php\/disfrutar-del-verano-con-animales-de-compania-sin-preocupaciones-es-posible\/","og_site_name":"Infoecos","article_publisher":"https:\/\/www.facebook.com\/profile.php?id=100063200290284","article_published_time":"2024-01-13T03:25:42+00:00","article_modified_time":"2024-01-16T03:45:51+00:00","og_image":[{"width":768,"height":485,"url":"https:\/\/infoecos.com.ar\/wp-content\/uploads\/2024\/01\/image-76.png","type":"image\/png"}],"author":"Jorge Matheus","twitter_card":"summary_large_image","twitter_creator":"@infoecos","twitter_site":"@infoecos","twitter_misc":{"Escrito por":"Jorge Matheus","Tiempo de lectura":"3 minutos"},"schema":{"@context":"https:\/\/schema.org","@graph":[{"@type":"Article","@id":"https:\/\/infoecos.com.ar\/index.php\/disfrutar-del-verano-con-animales-de-compania-sin-preocupaciones-es-posible\/#article","isPartOf":{"@id":"https:\/\/infoecos.com.ar\/index.php\/disfrutar-del-verano-con-animales-de-compania-sin-preocupaciones-es-posible\/"},"author":{"name":"Jorge Matheus","@id":"https:\/\/infoecos.com.ar\/#\/schema\/person\/8f5ace5ce73b4b4aac4b7245aee6f191"},"headline":"Disfrutar del verano con animales de compa\u00f1\u00eda sin preocupaciones, es posible","datePublished":"2024-01-13T03:25:42+00:00","dateModified":"2024-01-16T03:45:51+00:00","mainEntityOfPage":{"@id":"https:\/\/infoecos.com.ar\/index.php\/disfrutar-del-verano-con-animales-de-compania-sin-preocupaciones-es-posible\/"},"wordCount":594,"publisher":{"@id":"https:\/\/infoecos.com.ar\/#organization"},"image":{"@id":"https:\/\/infoecos.com.ar\/index.php\/disfrutar-del-verano-con-animales-de-compania-sin-preocupaciones-es-posible\/#primaryimage"},"thumbnailUrl":"https:\/\/infoecos.com.ar\/wp-content\/uploads\/2024\/01\/image-76.png","keywords":["CONSEJOS COLEGIO DE VETERINARIOS"],"articleSection":["Bloque inferior - 4"],"inLanguage":"es"},{"@type":"WebPage","@id":"https:\/\/infoecos.com.ar\/index.php\/disfrutar-del-verano-con-animales-de-compania-sin-preocupaciones-es-posible\/","url":"https:\/\/infoecos.com.ar\/index.php\/disfrutar-del-verano-con-animales-de-compania-sin-preocupaciones-es-posible\/","name":"Disfrutar del verano con animales de compa\u00f1\u00eda sin preocupaciones, es posible - Infoecos","isPartOf":{"@id":"https:\/\/infoecos.com.ar\/#website"},"primaryImageOfPage":{"@id":"https:\/\/infoecos.com.ar\/index.php\/disfrutar-del-verano-con-animales-de-compania-sin-preocupaciones-es-posible\/#primaryimage"},"image":{"@id":"https:\/\/infoecos.com.ar\/index.php\/disfrutar-del-verano-con-animales-de-compania-sin-preocupaciones-es-posible\/#primaryimage"},"thumbnailUrl":"https:\/\/infoecos.com.ar\/wp-content\/uploads\/2024\/01\/image-76.png","datePublished":"2024-01-13T03:25:42+00:00","dateModified":"2024-01-16T03:45:51+00:00","breadcrumb":{"@id":"https:\/\/infoecos.com.ar\/index.php\/disfrutar-del-verano-con-animales-de-compania-sin-preocupaciones-es-posible\/#breadcrumb"},"inLanguage":"es","potentialAction":[{"@type":"ReadAction","target":["https:\/\/infoecos.com.ar\/index.php\/disfrutar-del-verano-con-animales-de-compania-sin-preocupaciones-es-posible\/"]}]},{"@type":"ImageObject","inLanguage":"es","@id":"https:\/\/infoecos.com.ar\/index.php\/disfrutar-del-verano-con-animales-de-compania-sin-preocupaciones-es-posible\/#primaryimage","url":"https:\/\/infoecos.com.ar\/wp-content\/uploads\/2024\/01\/image-76.png","contentUrl":"https:\/\/infoecos.com.ar\/wp-content\/uploads\/2024\/01\/image-76.png","width":768,"height":485},{"@type":"BreadcrumbList","@id":"https:\/\/infoecos.com.ar\/index.php\/disfrutar-del-verano-con-animales-de-compania-sin-preocupaciones-es-posible\/#breadcrumb","itemListElement":[{"@type":"ListItem","position":1,"name":"Portada","item":"https:\/\/infoecos.com.ar\/"},{"@type":"ListItem","position":2,"name":"Disfrutar del verano con animales de compa\u00f1\u00eda sin preocupaciones, es posible"}]},{"@type":"WebSite","@id":"https:\/\/infoecos.com.ar\/#website","url":"https:\/\/infoecos.com.ar\/","name":"Infoecos","description":"Noticias de trenque lauquen y la zona","publisher":{"@id":"https:\/\/infoecos.com.ar\/#organization"},"alternateName":"Noticias","potentialAction":[{"@type":"SearchAction","target":{"@type":"EntryPoint","urlTemplate":"https:\/\/infoecos.com.ar\/?s={search_term_string}"},"query-input":{"@type":"PropertyValueSpecification","valueRequired":true,"valueName":"search_term_string"}}],"inLanguage":"es"},{"@type":"Organization","@id":"https:\/\/infoecos.com.ar\/#organization","name":"Infoecos","alternateName":"Noticias","url":"https:\/\/infoecos.com.ar\/","logo":{"@type":"ImageObject","inLanguage":"es","@id":"https:\/\/infoecos.com.ar\/#\/schema\/logo\/image\/","url":"https:\/\/infoecos.com.ar\/wp-content\/uploads\/2024\/03\/cropped-logo.png","contentUrl":"https:\/\/infoecos.com.ar\/wp-content\/uploads\/2024\/03\/cropped-logo.png","width":374,"height":90,"caption":"Infoecos"},"image":{"@id":"https:\/\/infoecos.com.ar\/#\/schema\/logo\/image\/"},"sameAs":["https:\/\/www.facebook.com\/profile.php?id=100063200290284","https:\/\/x.com\/infoecos"]},{"@type":"Person","@id":"https:\/\/infoecos.com.ar\/#\/schema\/person\/8f5ace5ce73b4b4aac4b7245aee6f191","name":"Jorge Matheus","url":"https:\/\/infoecos.com.ar\/index.php\/author\/jomatheus\/"}]}},"featured_image_urls":{"full":["https:\/\/infoecos.com.ar\/wp-content\/uploads\/2024\/01\/image-76.png",768,485,false],"thumbnail":["https:\/\/infoecos.com.ar\/wp-content\/uploads\/2024\/01\/image-76-300x150.png",300,150,true],"medium":["https:\/\/infoecos.com.ar\/wp-content\/uploads\/2024\/01\/image-76.png",768,485,false],"medium_large":["https:\/\/infoecos.com.ar\/wp-content\/uploads\/2024\/01\/image-76.png",640,404,false],"large":["https:\/\/infoecos.com.ar\/wp-content\/uploads\/2024\/01\/image-76.png",640,404,false],"1536x1536":["https:\/\/infoecos.com.ar\/wp-content\/uploads\/2024\/01\/image-76.png",768,485,false],"2048x2048":["https:\/\/infoecos.com.ar\/wp-content\/uploads\/2024\/01\/image-76.png",768,485,false],"covernews-slider-full":["https:\/\/infoecos.com.ar\/wp-content\/uploads\/2024\/01\/image-76.png",768,485,false],"covernews-slider-center":["https:\/\/infoecos.com.ar\/wp-content\/uploads\/2024\/01\/image-76.png",768,485,false],"covernews-featured":["https:\/\/infoecos.com.ar\/wp-content\/uploads\/2024\/01\/image-76.png",768,485,false],"covernews-medium":["https:\/\/infoecos.com.ar\/wp-content\/uploads\/2024\/01\/image-76-720x380.png",540,285,true],"covernews-medium-square":["https:\/\/infoecos.com.ar\/wp-content\/uploads\/2024\/01\/image-76-675x450.png",375,250,true]},"author_info":{"info":["Jorge Matheus"]},"category_info":"<a href=\"https:\/\/infoecos.com.ar\/index.php\/category\/inferior4\/\" rel=\"category tag\">Bloque inferior - 4<\/a>","tag_info":"Bloque inferior - 4","comment_count":"0","_links":{"self":[{"href":"https:\/\/infoecos.com.ar\/index.php\/wp-json\/wp\/v2\/posts\/117363"}],"collection":[{"href":"https:\/\/infoecos.com.ar\/index.php\/wp-json\/wp\/v2\/posts"}],"about":[{"href":"https:\/\/infoecos.com.ar\/index.php\/wp-json\/wp\/v2\/types\/post"}],"author":[{"embeddable":true,"href":"https:\/\/infoecos.com.ar\/index.php\/wp-json\/wp\/v2\/users\/2"}],"replies":[{"embeddable":true,"href":"https:\/\/infoecos.com.ar\/index.php\/wp-json\/wp\/v2\/comments?post=117363"}],"version-history":[{"count":3,"href":"https:\/\/infoecos.com.ar\/index.php\/wp-json\/wp\/v2\/posts\/117363\/revisions"}],"predecessor-version":[{"id":117460,"href":"https:\/\/infoecos.com.ar\/index.php\/wp-json\/wp\/v2\/posts\/117363\/revisions\/117460"}],"wp:featuredmedia":[{"embeddable":true,"href":"https:\/\/infoecos.com.ar\/index.php\/wp-json\/wp\/v2\/media\/117364"}],"wp:attachment":[{"href":"https:\/\/infoecos.com.ar\/index.php\/wp-json\/wp\/v2\/media?parent=117363"}],"wp:term":[{"taxonomy":"category","embeddable":true,"href":"https:\/\/infoecos.com.ar\/index.php\/wp-json\/wp\/v2\/categories?post=117363"},{"taxonomy":"post_tag","embeddable":true,"href":"https:\/\/infoecos.com.ar\/index.php\/wp-json\/wp\/v2\/tags?post=117363"}],"curies":[{"name":"wp","href":"https:\/\/api.w.org\/{rel}","templated":true}]}}