{"id":117401,"date":"2024-01-14T00:11:14","date_gmt":"2024-01-14T03:11:14","guid":{"rendered":"https:\/\/infoecos.com.ar\/?p=117401"},"modified":"2024-01-16T00:43:35","modified_gmt":"2024-01-16T03:43:35","slug":"117401","status":"publish","type":"post","link":"https:\/\/infoecos.com.ar\/index.php\/117401\/","title":{"rendered":"Diputado Nacional, Eduardo Falcone, de Libertad Avanza se ocup\u00f3 de la Ruta 5"},"content":{"rendered":"\n<figure class=\"wp-block-image alignright size-full is-resized\"><img loading=\"lazy\" decoding=\"async\" src=\"https:\/\/infoecos.com.ar\/wp-content\/uploads\/2023\/10\/ruta5aut6ovi.jpg\" alt=\"\" class=\"wp-image-113473\" width=\"420\" height=\"207\" srcset=\"https:\/\/infoecos.com.ar\/wp-content\/uploads\/2023\/10\/ruta5aut6ovi.jpg 1256w, https:\/\/infoecos.com.ar\/wp-content\/uploads\/2023\/10\/ruta5aut6ovi-800x395.jpg 800w, https:\/\/infoecos.com.ar\/wp-content\/uploads\/2023\/10\/ruta5aut6ovi-768x379.jpg 768w, https:\/\/infoecos.com.ar\/wp-content\/uploads\/2023\/10\/ruta5aut6ovi-1024x505.jpg 1024w\" sizes=\"(max-width: 420px) 100vw, 420px\" \/><\/figure>\n\n\n\n<p>El Diputado Nacional Eduardo Falcone de la Libertad Avanza y oriundo de Chivilcoy, plante\u00f3 al Ministro Ferraro su pedido por la Autov\u00eda de la Ruta 5.<\/p>\n\n\n\n<p>\u00abLas cosas que se tienen que hacer no se hacen porque no hay financiamiento del estado porque no hay plata. Est\u00e1n prometiendo que sea autov\u00eda hace 40 a\u00f1os y no se hace. Pasan los gobiernos y tenemos la misma ruta, el mismo trazado, cruza el coraz\u00f3n productivo de la provincia de Buenos Aires y llega hasta Santa Rosa\u00bb, se\u00f1al\u00f3 el legislador en el debate del DNU en el Congreso Nacional.<\/p>\n\n\n\n<p>\u00abLas obras no est\u00e1n. El gobierno anterior hizo una licitaci\u00f3n para hacer 20 kil\u00f3metros en tres a\u00f1os y la ruta 5 tiene 600 km. Plantearon 20 kil\u00f3metros en tres a\u00f1os en una obra sencilla t\u00e9cnicamente, imag\u00ednense a ese ritmo cuanto va a tardar para que llegue a Santa Rosa. No solo se sufre por la falta de un corredor productivo sino por la cantidad de muertes\u00bb explic\u00f3 Falcone, qui\u00e9n consult\u00f3 sobre las previsiones del gobierno para proyectos viales que plantea la ley.<\/p>\n\n\n\n<p><\/p>\n","protected":false},"excerpt":{"rendered":"<p>\u00abEl gobierno anterior hizo una licitaci\u00f3n para hacer 20 kil\u00f3metros en tres a\u00f1os y la ruta 5 tiene 600 km. Plantearon 20 kil\u00f3metros en tres a\u00f1os en una obra sencilla t\u00e9cnicamente, imag\u00ednense a ese ritmo cuanto va a tardar para que llegue a Santa Rosa\u00bb, se\u00f1al\u00f3<\/p>\n","protected":false},"author":2,"featured_media":113473,"comment_status":"closed","ping_status":"open","sticky":false,"template":"","format":"standard","meta":{"footnotes":""},"categories":[41],"tags":[9869],"class_list":["post-117401","post","type-post","status-publish","format-standard","has-post-thumbnail","hentry","category-inferior2","tag-es-oriundo-de-chivilcoy"],"yoast_head":"<!-- This site is optimized with the Yoast SEO plugin v23.4 - https:\/\/yoast.com\/wordpress\/plugins\/seo\/ -->\n<title>Diputado Nacional, Eduardo Falcone, de Libertad Avanza se ocup\u00f3 de la Ruta 5 - Infoecos<\/title>\n<meta name=\"robots\" content=\"index, follow, max-snippet:-1, max-image-preview:large, max-video-preview:-1\" \/>\n<link rel=\"canonical\" href=\"https:\/\/infoecos.com.ar\/index.php\/117401\/\" \/>\n<meta property=\"og:locale\" content=\"es_ES\" \/>\n<meta property=\"og:type\" content=\"article\" \/>\n<meta property=\"og:title\" content=\"Diputado Nacional, Eduardo Falcone, de Libertad Avanza se ocup\u00f3 de la Ruta 5 - Infoecos\" \/>\n<meta property=\"og:description\" content=\"&quot;El gobierno anterior hizo una licitaci\u00f3n para hacer 20 kil\u00f3metros en tres a\u00f1os y la ruta 5 tiene 600 km. Plantearon 20 kil\u00f3metros en tres a\u00f1os en una obra sencilla t\u00e9cnicamente, imag\u00ednense a ese ritmo cuanto va a tardar para que llegue a Santa Rosa&quot;, se\u00f1al\u00f3\" \/>\n<meta property=\"og:url\" content=\"https:\/\/infoecos.com.ar\/index.php\/117401\/\" \/>\n<meta property=\"og:site_name\" content=\"Infoecos\" \/>\n<meta property=\"article:publisher\" content=\"https:\/\/www.facebook.com\/profile.php?id=100063200290284\" \/>\n<meta property=\"article:published_time\" content=\"2024-01-14T03:11:14+00:00\" \/>\n<meta property=\"article:modified_time\" content=\"2024-01-16T03:43:35+00:00\" \/>\n<meta property=\"og:image\" content=\"https:\/\/infoecos.com.ar\/wp-content\/uploads\/2023\/10\/ruta5aut6ovi.jpg\" \/>\n\t<meta property=\"og:image:width\" content=\"1256\" \/>\n\t<meta property=\"og:image:height\" content=\"620\" \/>\n\t<meta property=\"og:image:type\" content=\"image\/jpeg\" \/>\n<meta name=\"author\" content=\"Jorge Matheus\" \/>\n<meta name=\"twitter:card\" content=\"summary_large_image\" \/>\n<meta name=\"twitter:creator\" content=\"@infoecos\" \/>\n<meta name=\"twitter:site\" content=\"@infoecos\" \/>\n<meta name=\"twitter:label1\" content=\"Escrito por\" \/>\n\t<meta name=\"twitter:data1\" content=\"Jorge Matheus\" \/>\n\t<meta name=\"twitter:label2\" content=\"Tiempo de lectura\" \/>\n\t<meta name=\"twitter:data2\" content=\"2 minutos\" \/>\n<script type=\"application\/ld+json\" class=\"yoast-schema-graph\">{\"@context\":\"https:\/\/schema.org\",\"@graph\":[{\"@type\":\"Article\",\"@id\":\"https:\/\/infoecos.com.ar\/index.php\/117401\/#article\",\"isPartOf\":{\"@id\":\"https:\/\/infoecos.com.ar\/index.php\/117401\/\"},\"author\":{\"name\":\"Jorge Matheus\",\"@id\":\"https:\/\/infoecos.com.ar\/#\/schema\/person\/8f5ace5ce73b4b4aac4b7245aee6f191\"},\"headline\":\"Diputado Nacional, Eduardo Falcone, de Libertad Avanza se ocup\u00f3 de la Ruta 5\",\"datePublished\":\"2024-01-14T03:11:14+00:00\",\"dateModified\":\"2024-01-16T03:43:35+00:00\",\"mainEntityOfPage\":{\"@id\":\"https:\/\/infoecos.com.ar\/index.php\/117401\/\"},\"wordCount\":199,\"publisher\":{\"@id\":\"https:\/\/infoecos.com.ar\/#organization\"},\"image\":{\"@id\":\"https:\/\/infoecos.com.ar\/index.php\/117401\/#primaryimage\"},\"thumbnailUrl\":\"https:\/\/infoecos.com.ar\/wp-content\/uploads\/2023\/10\/ruta5aut6ovi.jpg\",\"keywords\":[\"es oriundo de Chivilcoy\"],\"articleSection\":[\"Bloque inferior - 2\"],\"inLanguage\":\"es\"},{\"@type\":\"WebPage\",\"@id\":\"https:\/\/infoecos.com.ar\/index.php\/117401\/\",\"url\":\"https:\/\/infoecos.com.ar\/index.php\/117401\/\",\"name\":\"Diputado Nacional, Eduardo Falcone, de Libertad Avanza se ocup\u00f3 de la Ruta 5 - Infoecos\",\"isPartOf\":{\"@id\":\"https:\/\/infoecos.com.ar\/#website\"},\"primaryImageOfPage\":{\"@id\":\"https:\/\/infoecos.com.ar\/index.php\/117401\/#primaryimage\"},\"image\":{\"@id\":\"https:\/\/infoecos.com.ar\/index.php\/117401\/#primaryimage\"},\"thumbnailUrl\":\"https:\/\/infoecos.com.ar\/wp-content\/uploads\/2023\/10\/ruta5aut6ovi.jpg\",\"datePublished\":\"2024-01-14T03:11:14+00:00\",\"dateModified\":\"2024-01-16T03:43:35+00:00\",\"breadcrumb\":{\"@id\":\"https:\/\/infoecos.com.ar\/index.php\/117401\/#breadcrumb\"},\"inLanguage\":\"es\",\"potentialAction\":[{\"@type\":\"ReadAction\",\"target\":[\"https:\/\/infoecos.com.ar\/index.php\/117401\/\"]}]},{\"@type\":\"ImageObject\",\"inLanguage\":\"es\",\"@id\":\"https:\/\/infoecos.com.ar\/index.php\/117401\/#primaryimage\",\"url\":\"https:\/\/infoecos.com.ar\/wp-content\/uploads\/2023\/10\/ruta5aut6ovi.jpg\",\"contentUrl\":\"https:\/\/infoecos.com.ar\/wp-content\/uploads\/2023\/10\/ruta5aut6ovi.jpg\",\"width\":1256,\"height\":620},{\"@type\":\"BreadcrumbList\",\"@id\":\"https:\/\/infoecos.com.ar\/index.php\/117401\/#breadcrumb\",\"itemListElement\":[{\"@type\":\"ListItem\",\"position\":1,\"name\":\"Portada\",\"item\":\"https:\/\/infoecos.com.ar\/\"},{\"@type\":\"ListItem\",\"position\":2,\"name\":\"Diputado Nacional, Eduardo Falcone, de Libertad Avanza se ocup\u00f3 de la Ruta 5\"}]},{\"@type\":\"WebSite\",\"@id\":\"https:\/\/infoecos.com.ar\/#website\",\"url\":\"https:\/\/infoecos.com.ar\/\",\"name\":\"Infoecos\",\"description\":\"Noticias de trenque lauquen y la zona\",\"publisher\":{\"@id\":\"https:\/\/infoecos.com.ar\/#organization\"},\"alternateName\":\"Noticias\",\"potentialAction\":[{\"@type\":\"SearchAction\",\"target\":{\"@type\":\"EntryPoint\",\"urlTemplate\":\"https:\/\/infoecos.com.ar\/?s={search_term_string}\"},\"query-input\":{\"@type\":\"PropertyValueSpecification\",\"valueRequired\":true,\"valueName\":\"search_term_string\"}}],\"inLanguage\":\"es\"},{\"@type\":\"Organization\",\"@id\":\"https:\/\/infoecos.com.ar\/#organization\",\"name\":\"Infoecos\",\"alternateName\":\"Noticias\",\"url\":\"https:\/\/infoecos.com.ar\/\",\"logo\":{\"@type\":\"ImageObject\",\"inLanguage\":\"es\",\"@id\":\"https:\/\/infoecos.com.ar\/#\/schema\/logo\/image\/\",\"url\":\"https:\/\/infoecos.com.ar\/wp-content\/uploads\/2024\/03\/cropped-logo.png\",\"contentUrl\":\"https:\/\/infoecos.com.ar\/wp-content\/uploads\/2024\/03\/cropped-logo.png\",\"width\":374,\"height\":90,\"caption\":\"Infoecos\"},\"image\":{\"@id\":\"https:\/\/infoecos.com.ar\/#\/schema\/logo\/image\/\"},\"sameAs\":[\"https:\/\/www.facebook.com\/profile.php?id=100063200290284\",\"https:\/\/x.com\/infoecos\"]},{\"@type\":\"Person\",\"@id\":\"https:\/\/infoecos.com.ar\/#\/schema\/person\/8f5ace5ce73b4b4aac4b7245aee6f191\",\"name\":\"Jorge Matheus\",\"url\":\"https:\/\/infoecos.com.ar\/index.php\/author\/jomatheus\/\"}]}<\/script>\n<!-- \/ Yoast SEO plugin. -->","yoast_head_json":{"title":"Diputado Nacional, Eduardo Falcone, de Libertad Avanza se ocup\u00f3 de la Ruta 5 - Infoecos","robots":{"index":"index","follow":"follow","max-snippet":"max-snippet:-1","max-image-preview":"max-image-preview:large","max-video-preview":"max-video-preview:-1"},"canonical":"https:\/\/infoecos.com.ar\/index.php\/117401\/","og_locale":"es_ES","og_type":"article","og_title":"Diputado Nacional, Eduardo Falcone, de Libertad Avanza se ocup\u00f3 de la Ruta 5 - Infoecos","og_description":"\"El gobierno anterior hizo una licitaci\u00f3n para hacer 20 kil\u00f3metros en tres a\u00f1os y la ruta 5 tiene 600 km. Plantearon 20 kil\u00f3metros en tres a\u00f1os en una obra sencilla t\u00e9cnicamente, imag\u00ednense a ese ritmo cuanto va a tardar para que llegue a Santa Rosa\", se\u00f1al\u00f3","og_url":"https:\/\/infoecos.com.ar\/index.php\/117401\/","og_site_name":"Infoecos","article_publisher":"https:\/\/www.facebook.com\/profile.php?id=100063200290284","article_published_time":"2024-01-14T03:11:14+00:00","article_modified_time":"2024-01-16T03:43:35+00:00","og_image":[{"width":1256,"height":620,"url":"https:\/\/infoecos.com.ar\/wp-content\/uploads\/2023\/10\/ruta5aut6ovi.jpg","type":"image\/jpeg"}],"author":"Jorge Matheus","twitter_card":"summary_large_image","twitter_creator":"@infoecos","twitter_site":"@infoecos","twitter_misc":{"Escrito por":"Jorge Matheus","Tiempo de lectura":"2 minutos"},"schema":{"@context":"https:\/\/schema.org","@graph":[{"@type":"Article","@id":"https:\/\/infoecos.com.ar\/index.php\/117401\/#article","isPartOf":{"@id":"https:\/\/infoecos.com.ar\/index.php\/117401\/"},"author":{"name":"Jorge Matheus","@id":"https:\/\/infoecos.com.ar\/#\/schema\/person\/8f5ace5ce73b4b4aac4b7245aee6f191"},"headline":"Diputado Nacional, Eduardo Falcone, de Libertad Avanza se ocup\u00f3 de la Ruta 5","datePublished":"2024-01-14T03:11:14+00:00","dateModified":"2024-01-16T03:43:35+00:00","mainEntityOfPage":{"@id":"https:\/\/infoecos.com.ar\/index.php\/117401\/"},"wordCount":199,"publisher":{"@id":"https:\/\/infoecos.com.ar\/#organization"},"image":{"@id":"https:\/\/infoecos.com.ar\/index.php\/117401\/#primaryimage"},"thumbnailUrl":"https:\/\/infoecos.com.ar\/wp-content\/uploads\/2023\/10\/ruta5aut6ovi.jpg","keywords":["es oriundo de Chivilcoy"],"articleSection":["Bloque inferior - 2"],"inLanguage":"es"},{"@type":"WebPage","@id":"https:\/\/infoecos.com.ar\/index.php\/117401\/","url":"https:\/\/infoecos.com.ar\/index.php\/117401\/","name":"Diputado Nacional, Eduardo Falcone, de Libertad Avanza se ocup\u00f3 de la Ruta 5 - Infoecos","isPartOf":{"@id":"https:\/\/infoecos.com.ar\/#website"},"primaryImageOfPage":{"@id":"https:\/\/infoecos.com.ar\/index.php\/117401\/#primaryimage"},"image":{"@id":"https:\/\/infoecos.com.ar\/index.php\/117401\/#primaryimage"},"thumbnailUrl":"https:\/\/infoecos.com.ar\/wp-content\/uploads\/2023\/10\/ruta5aut6ovi.jpg","datePublished":"2024-01-14T03:11:14+00:00","dateModified":"2024-01-16T03:43:35+00:00","breadcrumb":{"@id":"https:\/\/infoecos.com.ar\/index.php\/117401\/#breadcrumb"},"inLanguage":"es","potentialAction":[{"@type":"ReadAction","target":["https:\/\/infoecos.com.ar\/index.php\/117401\/"]}]},{"@type":"ImageObject","inLanguage":"es","@id":"https:\/\/infoecos.com.ar\/index.php\/117401\/#primaryimage","url":"https:\/\/infoecos.com.ar\/wp-content\/uploads\/2023\/10\/ruta5aut6ovi.jpg","contentUrl":"https:\/\/infoecos.com.ar\/wp-content\/uploads\/2023\/10\/ruta5aut6ovi.jpg","width":1256,"height":620},{"@type":"BreadcrumbList","@id":"https:\/\/infoecos.com.ar\/index.php\/117401\/#breadcrumb","itemListElement":[{"@type":"ListItem","position":1,"name":"Portada","item":"https:\/\/infoecos.com.ar\/"},{"@type":"ListItem","position":2,"name":"Diputado Nacional, Eduardo Falcone, de Libertad Avanza se ocup\u00f3 de la Ruta 5"}]},{"@type":"WebSite","@id":"https:\/\/infoecos.com.ar\/#website","url":"https:\/\/infoecos.com.ar\/","name":"Infoecos","description":"Noticias de trenque lauquen y la zona","publisher":{"@id":"https:\/\/infoecos.com.ar\/#organization"},"alternateName":"Noticias","potentialAction":[{"@type":"SearchAction","target":{"@type":"EntryPoint","urlTemplate":"https:\/\/infoecos.com.ar\/?s={search_term_string}"},"query-input":{"@type":"PropertyValueSpecification","valueRequired":true,"valueName":"search_term_string"}}],"inLanguage":"es"},{"@type":"Organization","@id":"https:\/\/infoecos.com.ar\/#organization","name":"Infoecos","alternateName":"Noticias","url":"https:\/\/infoecos.com.ar\/","logo":{"@type":"ImageObject","inLanguage":"es","@id":"https:\/\/infoecos.com.ar\/#\/schema\/logo\/image\/","url":"https:\/\/infoecos.com.ar\/wp-content\/uploads\/2024\/03\/cropped-logo.png","contentUrl":"https:\/\/infoecos.com.ar\/wp-content\/uploads\/2024\/03\/cropped-logo.png","width":374,"height":90,"caption":"Infoecos"},"image":{"@id":"https:\/\/infoecos.com.ar\/#\/schema\/logo\/image\/"},"sameAs":["https:\/\/www.facebook.com\/profile.php?id=100063200290284","https:\/\/x.com\/infoecos"]},{"@type":"Person","@id":"https:\/\/infoecos.com.ar\/#\/schema\/person\/8f5ace5ce73b4b4aac4b7245aee6f191","name":"Jorge Matheus","url":"https:\/\/infoecos.com.ar\/index.php\/author\/jomatheus\/"}]}},"featured_image_urls":{"full":["https:\/\/infoecos.com.ar\/wp-content\/uploads\/2023\/10\/ruta5aut6ovi.jpg",1256,620,false],"thumbnail":["https:\/\/infoecos.com.ar\/wp-content\/uploads\/2023\/10\/ruta5aut6ovi-300x150.jpg",300,150,true],"medium":["https:\/\/infoecos.com.ar\/wp-content\/uploads\/2023\/10\/ruta5aut6ovi-800x395.jpg",800,395,true],"medium_large":["https:\/\/infoecos.com.ar\/wp-content\/uploads\/2023\/10\/ruta5aut6ovi-768x379.jpg",640,316,true],"large":["https:\/\/infoecos.com.ar\/wp-content\/uploads\/2023\/10\/ruta5aut6ovi.jpg",640,316,false],"1536x1536":["https:\/\/infoecos.com.ar\/wp-content\/uploads\/2023\/10\/ruta5aut6ovi.jpg",1256,620,false],"2048x2048":["https:\/\/infoecos.com.ar\/wp-content\/uploads\/2023\/10\/ruta5aut6ovi.jpg",1256,620,false],"covernews-slider-full":["https:\/\/infoecos.com.ar\/wp-content\/uploads\/2023\/10\/ruta5aut6ovi.jpg",1115,550,false],"covernews-slider-center":["https:\/\/infoecos.com.ar\/wp-content\/uploads\/2023\/10\/ruta5aut6ovi-936x620.jpg",755,500,true],"covernews-featured":["https:\/\/infoecos.com.ar\/wp-content\/uploads\/2023\/10\/ruta5aut6ovi-1024x505.jpg",1024,505,true],"covernews-medium":["https:\/\/infoecos.com.ar\/wp-content\/uploads\/2023\/10\/ruta5aut6ovi-720x380.jpg",540,285,true],"covernews-medium-square":["https:\/\/infoecos.com.ar\/wp-content\/uploads\/2023\/10\/ruta5aut6ovi-675x450.jpg",375,250,true]},"author_info":{"info":["Jorge Matheus"]},"category_info":"<a href=\"https:\/\/infoecos.com.ar\/index.php\/category\/inferior2\/\" rel=\"category tag\">Bloque inferior - 2<\/a>","tag_info":"Bloque inferior - 2","comment_count":"0","_links":{"self":[{"href":"https:\/\/infoecos.com.ar\/index.php\/wp-json\/wp\/v2\/posts\/117401"}],"collection":[{"href":"https:\/\/infoecos.com.ar\/index.php\/wp-json\/wp\/v2\/posts"}],"about":[{"href":"https:\/\/infoecos.com.ar\/index.php\/wp-json\/wp\/v2\/types\/post"}],"author":[{"embeddable":true,"href":"https:\/\/infoecos.com.ar\/index.php\/wp-json\/wp\/v2\/users\/2"}],"replies":[{"embeddable":true,"href":"https:\/\/infoecos.com.ar\/index.php\/wp-json\/wp\/v2\/comments?post=117401"}],"version-history":[{"count":2,"href":"https:\/\/infoecos.com.ar\/index.php\/wp-json\/wp\/v2\/posts\/117401\/revisions"}],"predecessor-version":[{"id":117431,"href":"https:\/\/infoecos.com.ar\/index.php\/wp-json\/wp\/v2\/posts\/117401\/revisions\/117431"}],"wp:featuredmedia":[{"embeddable":true,"href":"https:\/\/infoecos.com.ar\/index.php\/wp-json\/wp\/v2\/media\/113473"}],"wp:attachment":[{"href":"https:\/\/infoecos.com.ar\/index.php\/wp-json\/wp\/v2\/media?parent=117401"}],"wp:term":[{"taxonomy":"category","embeddable":true,"href":"https:\/\/infoecos.com.ar\/index.php\/wp-json\/wp\/v2\/categories?post=117401"},{"taxonomy":"post_tag","embeddable":true,"href":"https:\/\/infoecos.com.ar\/index.php\/wp-json\/wp\/v2\/tags?post=117401"}],"curies":[{"name":"wp","href":"https:\/\/api.w.org\/{rel}","templated":true}]}}