{"id":117403,"date":"2024-01-14T00:13:14","date_gmt":"2024-01-14T03:13:14","guid":{"rendered":"https:\/\/infoecos.com.ar\/?p=117403"},"modified":"2024-01-16T00:43:11","modified_gmt":"2024-01-16T03:43:11","slug":"117403","status":"publish","type":"post","link":"https:\/\/infoecos.com.ar\/index.php\/117403\/","title":{"rendered":"Se pondr\u00e1 en marcha la Agencia de Recaudaci\u00f3n de Jun\u00edn"},"content":{"rendered":"\n<p>Se pone en marcha la&nbsp;<strong>Agencia de Recaudaci\u00f3n de Jun\u00edn.<\/strong> Fue creada por ordenanza municipal y funcionar\u00e1 transitoriamente de manera transitoria bajo la \u00f3rbita de la secretar\u00eda de Hacienda. <\/p>\n\n\n\n<p>La repartici\u00f3n, se inform\u00f3, tendr\u00e1 la posibilidad de acelerar procesos, eliminar tr\u00e1mites burocr\u00e1ticos, contribuir a mejorar la recaudaci\u00f3n municipal.<\/p>\n\n\n\n<figure class=\"wp-block-image aligncenter size-full is-resized\"><img loading=\"lazy\" decoding=\"async\" src=\"https:\/\/infoecos.com.ar\/wp-content\/uploads\/2024\/01\/image-87.png\" alt=\"\" class=\"wp-image-117427\" width=\"459\" height=\"305\" srcset=\"https:\/\/infoecos.com.ar\/wp-content\/uploads\/2024\/01\/image-87.png 880w, https:\/\/infoecos.com.ar\/wp-content\/uploads\/2024\/01\/image-87-800x533.png 800w, https:\/\/infoecos.com.ar\/wp-content\/uploads\/2024\/01\/image-87-768x511.png 768w, https:\/\/infoecos.com.ar\/wp-content\/uploads\/2024\/01\/image-87-675x450.png 675w\" sizes=\"(max-width: 459px) 100vw, 459px\" \/><figcaption class=\"wp-element-caption\">Boleta \u00danica que circular\u00e1 en Jun\u00edn <\/figcaption><\/figure>\n\n\n\n<p>\u00abHablamos de ser un Municipio m\u00e1s \u00e1gil, m\u00e1s eficiente, de implementar m\u00e1s pol\u00edticas p\u00fablicas din\u00e1micas. Todo esto tiene que ver con ARJUN, la agencia de recaudaci\u00f3n de Jun\u00edn\u00bb, dijo la titular de Finanzas, Contadora Lorena Linguido.&nbsp;<\/p>\n\n\n\n<figure class=\"wp-block-image aligncenter size-full is-resized\"><img loading=\"lazy\" decoding=\"async\" src=\"https:\/\/infoecos.com.ar\/wp-content\/uploads\/2024\/01\/image-88.png\" alt=\"\" class=\"wp-image-117428\" width=\"459\" height=\"260\"\/><figcaption class=\"wp-element-caption\">Contadora Lorena Linguido<\/figcaption><\/figure>\n\n\n\n<p>Ser\u00e1 un ente descentralizado, que depender\u00e1 del Departamento&nbsp;Ejecutivo.<\/p>\n\n\n\n<p><\/p>\n","protected":false},"excerpt":{"rendered":"<p>La repartici\u00f3n, se inform\u00f3, tendr\u00e1 la posibilidad de acelerar procesos, eliminar tr\u00e1mites burocr\u00e1ticos, contribuir a mejorar la recaudaci\u00f3n municipal<\/p>\n","protected":false},"author":2,"featured_media":117428,"comment_status":"closed","ping_status":"open","sticky":false,"template":"","format":"standard","meta":{"footnotes":""},"categories":[40],"tags":[9868],"class_list":["post-117403","post","type-post","status-publish","format-standard","has-post-thumbnail","hentry","category-inferior1","tag-creada-por-ordenanza-municipal"],"yoast_head":"<!-- This site is optimized with the Yoast SEO plugin v23.4 - https:\/\/yoast.com\/wordpress\/plugins\/seo\/ -->\n<title>Se pondr\u00e1 en marcha la Agencia de Recaudaci\u00f3n de Jun\u00edn - Infoecos<\/title>\n<meta name=\"robots\" content=\"index, follow, max-snippet:-1, max-image-preview:large, max-video-preview:-1\" \/>\n<link rel=\"canonical\" href=\"https:\/\/infoecos.com.ar\/index.php\/117403\/\" \/>\n<meta property=\"og:locale\" content=\"es_ES\" \/>\n<meta property=\"og:type\" content=\"article\" \/>\n<meta property=\"og:title\" content=\"Se pondr\u00e1 en marcha la Agencia de Recaudaci\u00f3n de Jun\u00edn - Infoecos\" \/>\n<meta property=\"og:description\" content=\"La repartici\u00f3n, se inform\u00f3, tendr\u00e1 la posibilidad de acelerar procesos, eliminar tr\u00e1mites burocr\u00e1ticos, contribuir a mejorar la recaudaci\u00f3n municipal\" \/>\n<meta property=\"og:url\" content=\"https:\/\/infoecos.com.ar\/index.php\/117403\/\" \/>\n<meta property=\"og:site_name\" content=\"Infoecos\" \/>\n<meta property=\"article:publisher\" content=\"https:\/\/www.facebook.com\/profile.php?id=100063200290284\" \/>\n<meta property=\"article:published_time\" content=\"2024-01-14T03:13:14+00:00\" \/>\n<meta property=\"article:modified_time\" content=\"2024-01-16T03:43:11+00:00\" \/>\n<meta property=\"og:image\" content=\"https:\/\/infoecos.com.ar\/wp-content\/uploads\/2024\/01\/image-88.png\" \/>\n\t<meta property=\"og:image:width\" content=\"730\" \/>\n\t<meta property=\"og:image:height\" content=\"414\" \/>\n\t<meta property=\"og:image:type\" content=\"image\/png\" \/>\n<meta name=\"author\" content=\"Jorge Matheus\" \/>\n<meta name=\"twitter:card\" content=\"summary_large_image\" \/>\n<meta name=\"twitter:creator\" content=\"@infoecos\" \/>\n<meta name=\"twitter:site\" content=\"@infoecos\" \/>\n<meta name=\"twitter:label1\" content=\"Escrito por\" \/>\n\t<meta name=\"twitter:data1\" content=\"Jorge Matheus\" \/>\n\t<meta name=\"twitter:label2\" content=\"Tiempo de lectura\" \/>\n\t<meta name=\"twitter:data2\" content=\"1 minuto\" \/>\n<script type=\"application\/ld+json\" class=\"yoast-schema-graph\">{\"@context\":\"https:\/\/schema.org\",\"@graph\":[{\"@type\":\"Article\",\"@id\":\"https:\/\/infoecos.com.ar\/index.php\/117403\/#article\",\"isPartOf\":{\"@id\":\"https:\/\/infoecos.com.ar\/index.php\/117403\/\"},\"author\":{\"name\":\"Jorge Matheus\",\"@id\":\"https:\/\/infoecos.com.ar\/#\/schema\/person\/8f5ace5ce73b4b4aac4b7245aee6f191\"},\"headline\":\"Se pondr\u00e1 en marcha la Agencia de Recaudaci\u00f3n de Jun\u00edn\",\"datePublished\":\"2024-01-14T03:13:14+00:00\",\"dateModified\":\"2024-01-16T03:43:11+00:00\",\"mainEntityOfPage\":{\"@id\":\"https:\/\/infoecos.com.ar\/index.php\/117403\/\"},\"wordCount\":133,\"publisher\":{\"@id\":\"https:\/\/infoecos.com.ar\/#organization\"},\"image\":{\"@id\":\"https:\/\/infoecos.com.ar\/index.php\/117403\/#primaryimage\"},\"thumbnailUrl\":\"https:\/\/infoecos.com.ar\/wp-content\/uploads\/2024\/01\/image-88.png\",\"keywords\":[\"creada por ordenanza municipal\"],\"articleSection\":[\"Bloque inferior - 1\"],\"inLanguage\":\"es\"},{\"@type\":\"WebPage\",\"@id\":\"https:\/\/infoecos.com.ar\/index.php\/117403\/\",\"url\":\"https:\/\/infoecos.com.ar\/index.php\/117403\/\",\"name\":\"Se pondr\u00e1 en marcha la Agencia de Recaudaci\u00f3n de Jun\u00edn - Infoecos\",\"isPartOf\":{\"@id\":\"https:\/\/infoecos.com.ar\/#website\"},\"primaryImageOfPage\":{\"@id\":\"https:\/\/infoecos.com.ar\/index.php\/117403\/#primaryimage\"},\"image\":{\"@id\":\"https:\/\/infoecos.com.ar\/index.php\/117403\/#primaryimage\"},\"thumbnailUrl\":\"https:\/\/infoecos.com.ar\/wp-content\/uploads\/2024\/01\/image-88.png\",\"datePublished\":\"2024-01-14T03:13:14+00:00\",\"dateModified\":\"2024-01-16T03:43:11+00:00\",\"breadcrumb\":{\"@id\":\"https:\/\/infoecos.com.ar\/index.php\/117403\/#breadcrumb\"},\"inLanguage\":\"es\",\"potentialAction\":[{\"@type\":\"ReadAction\",\"target\":[\"https:\/\/infoecos.com.ar\/index.php\/117403\/\"]}]},{\"@type\":\"ImageObject\",\"inLanguage\":\"es\",\"@id\":\"https:\/\/infoecos.com.ar\/index.php\/117403\/#primaryimage\",\"url\":\"https:\/\/infoecos.com.ar\/wp-content\/uploads\/2024\/01\/image-88.png\",\"contentUrl\":\"https:\/\/infoecos.com.ar\/wp-content\/uploads\/2024\/01\/image-88.png\",\"width\":730,\"height\":414},{\"@type\":\"BreadcrumbList\",\"@id\":\"https:\/\/infoecos.com.ar\/index.php\/117403\/#breadcrumb\",\"itemListElement\":[{\"@type\":\"ListItem\",\"position\":1,\"name\":\"Portada\",\"item\":\"https:\/\/infoecos.com.ar\/\"},{\"@type\":\"ListItem\",\"position\":2,\"name\":\"Se pondr\u00e1 en marcha la Agencia de Recaudaci\u00f3n de Jun\u00edn\"}]},{\"@type\":\"WebSite\",\"@id\":\"https:\/\/infoecos.com.ar\/#website\",\"url\":\"https:\/\/infoecos.com.ar\/\",\"name\":\"Infoecos\",\"description\":\"Noticias de trenque lauquen y la zona\",\"publisher\":{\"@id\":\"https:\/\/infoecos.com.ar\/#organization\"},\"alternateName\":\"Noticias\",\"potentialAction\":[{\"@type\":\"SearchAction\",\"target\":{\"@type\":\"EntryPoint\",\"urlTemplate\":\"https:\/\/infoecos.com.ar\/?s={search_term_string}\"},\"query-input\":{\"@type\":\"PropertyValueSpecification\",\"valueRequired\":true,\"valueName\":\"search_term_string\"}}],\"inLanguage\":\"es\"},{\"@type\":\"Organization\",\"@id\":\"https:\/\/infoecos.com.ar\/#organization\",\"name\":\"Infoecos\",\"alternateName\":\"Noticias\",\"url\":\"https:\/\/infoecos.com.ar\/\",\"logo\":{\"@type\":\"ImageObject\",\"inLanguage\":\"es\",\"@id\":\"https:\/\/infoecos.com.ar\/#\/schema\/logo\/image\/\",\"url\":\"https:\/\/infoecos.com.ar\/wp-content\/uploads\/2024\/03\/cropped-logo.png\",\"contentUrl\":\"https:\/\/infoecos.com.ar\/wp-content\/uploads\/2024\/03\/cropped-logo.png\",\"width\":374,\"height\":90,\"caption\":\"Infoecos\"},\"image\":{\"@id\":\"https:\/\/infoecos.com.ar\/#\/schema\/logo\/image\/\"},\"sameAs\":[\"https:\/\/www.facebook.com\/profile.php?id=100063200290284\",\"https:\/\/x.com\/infoecos\"]},{\"@type\":\"Person\",\"@id\":\"https:\/\/infoecos.com.ar\/#\/schema\/person\/8f5ace5ce73b4b4aac4b7245aee6f191\",\"name\":\"Jorge Matheus\",\"url\":\"https:\/\/infoecos.com.ar\/index.php\/author\/jomatheus\/\"}]}<\/script>\n<!-- \/ Yoast SEO plugin. -->","yoast_head_json":{"title":"Se pondr\u00e1 en marcha la Agencia de Recaudaci\u00f3n de Jun\u00edn - Infoecos","robots":{"index":"index","follow":"follow","max-snippet":"max-snippet:-1","max-image-preview":"max-image-preview:large","max-video-preview":"max-video-preview:-1"},"canonical":"https:\/\/infoecos.com.ar\/index.php\/117403\/","og_locale":"es_ES","og_type":"article","og_title":"Se pondr\u00e1 en marcha la Agencia de Recaudaci\u00f3n de Jun\u00edn - Infoecos","og_description":"La repartici\u00f3n, se inform\u00f3, tendr\u00e1 la posibilidad de acelerar procesos, eliminar tr\u00e1mites burocr\u00e1ticos, contribuir a mejorar la recaudaci\u00f3n municipal","og_url":"https:\/\/infoecos.com.ar\/index.php\/117403\/","og_site_name":"Infoecos","article_publisher":"https:\/\/www.facebook.com\/profile.php?id=100063200290284","article_published_time":"2024-01-14T03:13:14+00:00","article_modified_time":"2024-01-16T03:43:11+00:00","og_image":[{"width":730,"height":414,"url":"https:\/\/infoecos.com.ar\/wp-content\/uploads\/2024\/01\/image-88.png","type":"image\/png"}],"author":"Jorge Matheus","twitter_card":"summary_large_image","twitter_creator":"@infoecos","twitter_site":"@infoecos","twitter_misc":{"Escrito por":"Jorge Matheus","Tiempo de lectura":"1 minuto"},"schema":{"@context":"https:\/\/schema.org","@graph":[{"@type":"Article","@id":"https:\/\/infoecos.com.ar\/index.php\/117403\/#article","isPartOf":{"@id":"https:\/\/infoecos.com.ar\/index.php\/117403\/"},"author":{"name":"Jorge Matheus","@id":"https:\/\/infoecos.com.ar\/#\/schema\/person\/8f5ace5ce73b4b4aac4b7245aee6f191"},"headline":"Se pondr\u00e1 en marcha la Agencia de Recaudaci\u00f3n de Jun\u00edn","datePublished":"2024-01-14T03:13:14+00:00","dateModified":"2024-01-16T03:43:11+00:00","mainEntityOfPage":{"@id":"https:\/\/infoecos.com.ar\/index.php\/117403\/"},"wordCount":133,"publisher":{"@id":"https:\/\/infoecos.com.ar\/#organization"},"image":{"@id":"https:\/\/infoecos.com.ar\/index.php\/117403\/#primaryimage"},"thumbnailUrl":"https:\/\/infoecos.com.ar\/wp-content\/uploads\/2024\/01\/image-88.png","keywords":["creada por ordenanza municipal"],"articleSection":["Bloque inferior - 1"],"inLanguage":"es"},{"@type":"WebPage","@id":"https:\/\/infoecos.com.ar\/index.php\/117403\/","url":"https:\/\/infoecos.com.ar\/index.php\/117403\/","name":"Se pondr\u00e1 en marcha la Agencia de Recaudaci\u00f3n de Jun\u00edn - Infoecos","isPartOf":{"@id":"https:\/\/infoecos.com.ar\/#website"},"primaryImageOfPage":{"@id":"https:\/\/infoecos.com.ar\/index.php\/117403\/#primaryimage"},"image":{"@id":"https:\/\/infoecos.com.ar\/index.php\/117403\/#primaryimage"},"thumbnailUrl":"https:\/\/infoecos.com.ar\/wp-content\/uploads\/2024\/01\/image-88.png","datePublished":"2024-01-14T03:13:14+00:00","dateModified":"2024-01-16T03:43:11+00:00","breadcrumb":{"@id":"https:\/\/infoecos.com.ar\/index.php\/117403\/#breadcrumb"},"inLanguage":"es","potentialAction":[{"@type":"ReadAction","target":["https:\/\/infoecos.com.ar\/index.php\/117403\/"]}]},{"@type":"ImageObject","inLanguage":"es","@id":"https:\/\/infoecos.com.ar\/index.php\/117403\/#primaryimage","url":"https:\/\/infoecos.com.ar\/wp-content\/uploads\/2024\/01\/image-88.png","contentUrl":"https:\/\/infoecos.com.ar\/wp-content\/uploads\/2024\/01\/image-88.png","width":730,"height":414},{"@type":"BreadcrumbList","@id":"https:\/\/infoecos.com.ar\/index.php\/117403\/#breadcrumb","itemListElement":[{"@type":"ListItem","position":1,"name":"Portada","item":"https:\/\/infoecos.com.ar\/"},{"@type":"ListItem","position":2,"name":"Se pondr\u00e1 en marcha la Agencia de Recaudaci\u00f3n de Jun\u00edn"}]},{"@type":"WebSite","@id":"https:\/\/infoecos.com.ar\/#website","url":"https:\/\/infoecos.com.ar\/","name":"Infoecos","description":"Noticias de trenque lauquen y la zona","publisher":{"@id":"https:\/\/infoecos.com.ar\/#organization"},"alternateName":"Noticias","potentialAction":[{"@type":"SearchAction","target":{"@type":"EntryPoint","urlTemplate":"https:\/\/infoecos.com.ar\/?s={search_term_string}"},"query-input":{"@type":"PropertyValueSpecification","valueRequired":true,"valueName":"search_term_string"}}],"inLanguage":"es"},{"@type":"Organization","@id":"https:\/\/infoecos.com.ar\/#organization","name":"Infoecos","alternateName":"Noticias","url":"https:\/\/infoecos.com.ar\/","logo":{"@type":"ImageObject","inLanguage":"es","@id":"https:\/\/infoecos.com.ar\/#\/schema\/logo\/image\/","url":"https:\/\/infoecos.com.ar\/wp-content\/uploads\/2024\/03\/cropped-logo.png","contentUrl":"https:\/\/infoecos.com.ar\/wp-content\/uploads\/2024\/03\/cropped-logo.png","width":374,"height":90,"caption":"Infoecos"},"image":{"@id":"https:\/\/infoecos.com.ar\/#\/schema\/logo\/image\/"},"sameAs":["https:\/\/www.facebook.com\/profile.php?id=100063200290284","https:\/\/x.com\/infoecos"]},{"@type":"Person","@id":"https:\/\/infoecos.com.ar\/#\/schema\/person\/8f5ace5ce73b4b4aac4b7245aee6f191","name":"Jorge Matheus","url":"https:\/\/infoecos.com.ar\/index.php\/author\/jomatheus\/"}]}},"featured_image_urls":{"full":["https:\/\/infoecos.com.ar\/wp-content\/uploads\/2024\/01\/image-88.png",730,414,false],"thumbnail":["https:\/\/infoecos.com.ar\/wp-content\/uploads\/2024\/01\/image-88-300x150.png",300,150,true],"medium":["https:\/\/infoecos.com.ar\/wp-content\/uploads\/2024\/01\/image-88.png",730,414,false],"medium_large":["https:\/\/infoecos.com.ar\/wp-content\/uploads\/2024\/01\/image-88.png",640,363,false],"large":["https:\/\/infoecos.com.ar\/wp-content\/uploads\/2024\/01\/image-88.png",640,363,false],"1536x1536":["https:\/\/infoecos.com.ar\/wp-content\/uploads\/2024\/01\/image-88.png",730,414,false],"2048x2048":["https:\/\/infoecos.com.ar\/wp-content\/uploads\/2024\/01\/image-88.png",730,414,false],"covernews-slider-full":["https:\/\/infoecos.com.ar\/wp-content\/uploads\/2024\/01\/image-88.png",730,414,false],"covernews-slider-center":["https:\/\/infoecos.com.ar\/wp-content\/uploads\/2024\/01\/image-88.png",730,414,false],"covernews-featured":["https:\/\/infoecos.com.ar\/wp-content\/uploads\/2024\/01\/image-88.png",730,414,false],"covernews-medium":["https:\/\/infoecos.com.ar\/wp-content\/uploads\/2024\/01\/image-88-720x380.png",540,285,true],"covernews-medium-square":["https:\/\/infoecos.com.ar\/wp-content\/uploads\/2024\/01\/image-88-675x414.png",400,245,true]},"author_info":{"info":["Jorge Matheus"]},"category_info":"<a href=\"https:\/\/infoecos.com.ar\/index.php\/category\/inferior1\/\" rel=\"category tag\">Bloque inferior - 1<\/a>","tag_info":"Bloque inferior - 1","comment_count":"0","_links":{"self":[{"href":"https:\/\/infoecos.com.ar\/index.php\/wp-json\/wp\/v2\/posts\/117403"}],"collection":[{"href":"https:\/\/infoecos.com.ar\/index.php\/wp-json\/wp\/v2\/posts"}],"about":[{"href":"https:\/\/infoecos.com.ar\/index.php\/wp-json\/wp\/v2\/types\/post"}],"author":[{"embeddable":true,"href":"https:\/\/infoecos.com.ar\/index.php\/wp-json\/wp\/v2\/users\/2"}],"replies":[{"embeddable":true,"href":"https:\/\/infoecos.com.ar\/index.php\/wp-json\/wp\/v2\/comments?post=117403"}],"version-history":[{"count":3,"href":"https:\/\/infoecos.com.ar\/index.php\/wp-json\/wp\/v2\/posts\/117403\/revisions"}],"predecessor-version":[{"id":117538,"href":"https:\/\/infoecos.com.ar\/index.php\/wp-json\/wp\/v2\/posts\/117403\/revisions\/117538"}],"wp:featuredmedia":[{"embeddable":true,"href":"https:\/\/infoecos.com.ar\/index.php\/wp-json\/wp\/v2\/media\/117428"}],"wp:attachment":[{"href":"https:\/\/infoecos.com.ar\/index.php\/wp-json\/wp\/v2\/media?parent=117403"}],"wp:term":[{"taxonomy":"category","embeddable":true,"href":"https:\/\/infoecos.com.ar\/index.php\/wp-json\/wp\/v2\/categories?post=117403"},{"taxonomy":"post_tag","embeddable":true,"href":"https:\/\/infoecos.com.ar\/index.php\/wp-json\/wp\/v2\/tags?post=117403"}],"curies":[{"name":"wp","href":"https:\/\/api.w.org\/{rel}","templated":true}]}}