{"id":117405,"date":"2024-01-14T00:21:27","date_gmt":"2024-01-14T03:21:27","guid":{"rendered":"https:\/\/infoecos.com.ar\/?p=117405"},"modified":"2024-01-14T09:36:02","modified_gmt":"2024-01-14T12:36:02","slug":"117405","status":"publish","type":"post","link":"https:\/\/infoecos.com.ar\/index.php\/117405\/","title":{"rendered":"La baja de la ocupaci\u00f3n tur\u00edstica en Monte Hermoso se estima entre 30 a 35 %"},"content":{"rendered":"\n<figure class=\"wp-block-image alignright size-full is-resized\"><img loading=\"lazy\" decoding=\"async\" src=\"https:\/\/infoecos.com.ar\/wp-content\/uploads\/2024\/01\/image-86.png\" alt=\"\" class=\"wp-image-117424\" width=\"374\" height=\"187\" srcset=\"https:\/\/infoecos.com.ar\/wp-content\/uploads\/2024\/01\/image-86.png 1024w, https:\/\/infoecos.com.ar\/wp-content\/uploads\/2024\/01\/image-86-800x400.png 800w, https:\/\/infoecos.com.ar\/wp-content\/uploads\/2024\/01\/image-86-300x150.png 300w, https:\/\/infoecos.com.ar\/wp-content\/uploads\/2024\/01\/image-86-768x384.png 768w\" sizes=\"(max-width: 374px) 100vw, 374px\" \/><figcaption class=\"wp-element-caption\">Monte Hermoso <\/figcaption><\/figure>\n\n\n\n<p>La temporada de verano en Monte Hermoso se caracteriza por los fines de semana y \u00abescapadas\u00bb, apunta un informe de <a href=\"https:\/\/www.noticiasmontehermoso.com.ar\/check-in-monte-una-plataforma-online-que-facilita-la-busqueda-y-reserva-de-alojamiento-para-vacacionar-en-monte-hermoso\/\" target=\"_blank\" rel=\"noreferrer noopener\">Check In Monte<\/a>\u00a0la \u00fanica\u00a0plataforma de reservas online de alojamiento\u00a0de calidad en Monte Hermoso. <\/p>\n\n\n\n<p>Este a\u00f1o, se\u00f1ala el sitio noticiasmontehermoso.com.ar, se registra una baja en la ocupaci\u00f3n y tambi\u00e9n en los n\u00fameros de la actividad comercial. <\/p>\n\n\n\n<p>En lo que hace al movimiento del mercado de alquileres, en lo que va de enero se registra una ocupaci\u00f3n de 65 por ciento, que significa una merma estimada entre un 30 a 35 % con relaci\u00f3n a la temporada anterior.\u00a0<\/p>\n\n\n\n<p><a href=\"https:\/\/www.noticiasmontehermoso.com.ar\/check-in-monte-una-plataforma-online-que-facilita-la-busqueda-y-reserva-de-alojamiento-para-vacacionar-en-monte-hermoso\/\" target=\"_blank\" rel=\"noreferrer noopener\">Check In Monte<\/a> indica que la\u00a0<strong>procedencia<\/strong>\u00a0<strong>de los visitantes<\/strong>\u00a0es de variados lugares del pa\u00eds: Bah\u00eda Blanca, Gran Buenos Aires, La Pampa, Neuqu\u00e9n, C\u00f3rdoba, Mendoza, Tucum\u00e1n.<\/p>\n\n\n\n<p>La cantidad de d\u00edas de ocupaci\u00f3n tambi\u00e9n experimenta una disminuci\u00f3n respecto a 2023, oscilando entre tres y siete d\u00edas, en promedio, siendo las reservas mayoritarias para cuatro personas.<\/p>\n\n\n\n<p>Con relaci\u00f3n a las&nbsp;<strong>perspectivas para febrero<\/strong>, afirman que por ahora es poco relevante el porcentaje de reservas ya que se ubica en un 30 por ciento de la disponibilidad.<\/p>\n\n\n\n<p><\/p>\n\n\n\n<p><a href=\"https:\/\/www.noticiasmontehermoso.com.ar\/wp-content\/uploads\/2024\/01\/Inicio-de-la-temporada-2024-en-Monte-Hermoso.jpg\"><\/a><\/p>\n","protected":false},"excerpt":{"rendered":"<p>Se\u00f1ala el sitio noticiasmontehermoso.com.ar que las\u00a0perspectivas para febrero es poco relevante con porcentaje de reservas que se ubica en un 30 por ciento de la disponibilidad<\/p>\n","protected":false},"author":2,"featured_media":117424,"comment_status":"closed","ping_status":"open","sticky":false,"template":"","format":"standard","meta":{"footnotes":""},"categories":[46],"tags":[9867],"class_list":["post-117405","post","type-post","status-publish","format-standard","has-post-thumbnail","hentry","category-c2nota2","tag-peores-perspectivas-para-febrero"],"yoast_head":"<!-- This site is optimized with the Yoast SEO plugin v23.4 - https:\/\/yoast.com\/wordpress\/plugins\/seo\/ -->\n<title>La baja de la ocupaci\u00f3n tur\u00edstica en Monte Hermoso se estima entre 30 a 35 % - Infoecos<\/title>\n<meta name=\"robots\" content=\"index, follow, max-snippet:-1, max-image-preview:large, max-video-preview:-1\" \/>\n<link rel=\"canonical\" href=\"https:\/\/infoecos.com.ar\/index.php\/117405\/\" \/>\n<meta property=\"og:locale\" content=\"es_ES\" \/>\n<meta property=\"og:type\" content=\"article\" \/>\n<meta property=\"og:title\" content=\"La baja de la ocupaci\u00f3n tur\u00edstica en Monte Hermoso se estima entre 30 a 35 % - Infoecos\" \/>\n<meta property=\"og:description\" content=\"Se\u00f1ala el sitio noticiasmontehermoso.com.ar que las\u00a0perspectivas para febrero es poco relevante con porcentaje de reservas que se ubica en un 30 por ciento de la disponibilidad\" \/>\n<meta property=\"og:url\" content=\"https:\/\/infoecos.com.ar\/index.php\/117405\/\" \/>\n<meta property=\"og:site_name\" content=\"Infoecos\" \/>\n<meta property=\"article:publisher\" content=\"https:\/\/www.facebook.com\/profile.php?id=100063200290284\" \/>\n<meta property=\"article:published_time\" content=\"2024-01-14T03:21:27+00:00\" \/>\n<meta property=\"article:modified_time\" content=\"2024-01-14T12:36:02+00:00\" \/>\n<meta property=\"og:image\" content=\"https:\/\/infoecos.com.ar\/wp-content\/uploads\/2024\/01\/image-86.png\" \/>\n\t<meta property=\"og:image:width\" content=\"1024\" \/>\n\t<meta property=\"og:image:height\" content=\"512\" \/>\n\t<meta property=\"og:image:type\" content=\"image\/png\" \/>\n<meta name=\"author\" content=\"Jorge Matheus\" \/>\n<meta name=\"twitter:card\" content=\"summary_large_image\" \/>\n<meta name=\"twitter:creator\" content=\"@infoecos\" \/>\n<meta name=\"twitter:site\" content=\"@infoecos\" \/>\n<meta name=\"twitter:label1\" content=\"Escrito por\" \/>\n\t<meta name=\"twitter:data1\" content=\"Jorge Matheus\" \/>\n\t<meta name=\"twitter:label2\" content=\"Tiempo de lectura\" \/>\n\t<meta name=\"twitter:data2\" content=\"2 minutos\" \/>\n<script type=\"application\/ld+json\" class=\"yoast-schema-graph\">{\"@context\":\"https:\/\/schema.org\",\"@graph\":[{\"@type\":\"Article\",\"@id\":\"https:\/\/infoecos.com.ar\/index.php\/117405\/#article\",\"isPartOf\":{\"@id\":\"https:\/\/infoecos.com.ar\/index.php\/117405\/\"},\"author\":{\"name\":\"Jorge Matheus\",\"@id\":\"https:\/\/infoecos.com.ar\/#\/schema\/person\/8f5ace5ce73b4b4aac4b7245aee6f191\"},\"headline\":\"La baja de la ocupaci\u00f3n tur\u00edstica en Monte Hermoso se estima entre 30 a 35 %\",\"datePublished\":\"2024-01-14T03:21:27+00:00\",\"dateModified\":\"2024-01-14T12:36:02+00:00\",\"mainEntityOfPage\":{\"@id\":\"https:\/\/infoecos.com.ar\/index.php\/117405\/\"},\"wordCount\":216,\"publisher\":{\"@id\":\"https:\/\/infoecos.com.ar\/#organization\"},\"image\":{\"@id\":\"https:\/\/infoecos.com.ar\/index.php\/117405\/#primaryimage\"},\"thumbnailUrl\":\"https:\/\/infoecos.com.ar\/wp-content\/uploads\/2024\/01\/image-86.png\",\"keywords\":[\"peores perspectivas para febrero\"],\"articleSection\":[\"C2 N2\"],\"inLanguage\":\"es\"},{\"@type\":\"WebPage\",\"@id\":\"https:\/\/infoecos.com.ar\/index.php\/117405\/\",\"url\":\"https:\/\/infoecos.com.ar\/index.php\/117405\/\",\"name\":\"La baja de la ocupaci\u00f3n tur\u00edstica en Monte Hermoso se estima entre 30 a 35 % - Infoecos\",\"isPartOf\":{\"@id\":\"https:\/\/infoecos.com.ar\/#website\"},\"primaryImageOfPage\":{\"@id\":\"https:\/\/infoecos.com.ar\/index.php\/117405\/#primaryimage\"},\"image\":{\"@id\":\"https:\/\/infoecos.com.ar\/index.php\/117405\/#primaryimage\"},\"thumbnailUrl\":\"https:\/\/infoecos.com.ar\/wp-content\/uploads\/2024\/01\/image-86.png\",\"datePublished\":\"2024-01-14T03:21:27+00:00\",\"dateModified\":\"2024-01-14T12:36:02+00:00\",\"breadcrumb\":{\"@id\":\"https:\/\/infoecos.com.ar\/index.php\/117405\/#breadcrumb\"},\"inLanguage\":\"es\",\"potentialAction\":[{\"@type\":\"ReadAction\",\"target\":[\"https:\/\/infoecos.com.ar\/index.php\/117405\/\"]}]},{\"@type\":\"ImageObject\",\"inLanguage\":\"es\",\"@id\":\"https:\/\/infoecos.com.ar\/index.php\/117405\/#primaryimage\",\"url\":\"https:\/\/infoecos.com.ar\/wp-content\/uploads\/2024\/01\/image-86.png\",\"contentUrl\":\"https:\/\/infoecos.com.ar\/wp-content\/uploads\/2024\/01\/image-86.png\",\"width\":1024,\"height\":512},{\"@type\":\"BreadcrumbList\",\"@id\":\"https:\/\/infoecos.com.ar\/index.php\/117405\/#breadcrumb\",\"itemListElement\":[{\"@type\":\"ListItem\",\"position\":1,\"name\":\"Portada\",\"item\":\"https:\/\/infoecos.com.ar\/\"},{\"@type\":\"ListItem\",\"position\":2,\"name\":\"La baja de la ocupaci\u00f3n tur\u00edstica en Monte Hermoso se estima entre 30 a 35 %\"}]},{\"@type\":\"WebSite\",\"@id\":\"https:\/\/infoecos.com.ar\/#website\",\"url\":\"https:\/\/infoecos.com.ar\/\",\"name\":\"Infoecos\",\"description\":\"Noticias de trenque lauquen y la zona\",\"publisher\":{\"@id\":\"https:\/\/infoecos.com.ar\/#organization\"},\"alternateName\":\"Noticias\",\"potentialAction\":[{\"@type\":\"SearchAction\",\"target\":{\"@type\":\"EntryPoint\",\"urlTemplate\":\"https:\/\/infoecos.com.ar\/?s={search_term_string}\"},\"query-input\":{\"@type\":\"PropertyValueSpecification\",\"valueRequired\":true,\"valueName\":\"search_term_string\"}}],\"inLanguage\":\"es\"},{\"@type\":\"Organization\",\"@id\":\"https:\/\/infoecos.com.ar\/#organization\",\"name\":\"Infoecos\",\"alternateName\":\"Noticias\",\"url\":\"https:\/\/infoecos.com.ar\/\",\"logo\":{\"@type\":\"ImageObject\",\"inLanguage\":\"es\",\"@id\":\"https:\/\/infoecos.com.ar\/#\/schema\/logo\/image\/\",\"url\":\"https:\/\/infoecos.com.ar\/wp-content\/uploads\/2024\/03\/cropped-logo.png\",\"contentUrl\":\"https:\/\/infoecos.com.ar\/wp-content\/uploads\/2024\/03\/cropped-logo.png\",\"width\":374,\"height\":90,\"caption\":\"Infoecos\"},\"image\":{\"@id\":\"https:\/\/infoecos.com.ar\/#\/schema\/logo\/image\/\"},\"sameAs\":[\"https:\/\/www.facebook.com\/profile.php?id=100063200290284\",\"https:\/\/x.com\/infoecos\"]},{\"@type\":\"Person\",\"@id\":\"https:\/\/infoecos.com.ar\/#\/schema\/person\/8f5ace5ce73b4b4aac4b7245aee6f191\",\"name\":\"Jorge Matheus\",\"url\":\"https:\/\/infoecos.com.ar\/index.php\/author\/jomatheus\/\"}]}<\/script>\n<!-- \/ Yoast SEO plugin. -->","yoast_head_json":{"title":"La baja de la ocupaci\u00f3n tur\u00edstica en Monte Hermoso se estima entre 30 a 35 % - Infoecos","robots":{"index":"index","follow":"follow","max-snippet":"max-snippet:-1","max-image-preview":"max-image-preview:large","max-video-preview":"max-video-preview:-1"},"canonical":"https:\/\/infoecos.com.ar\/index.php\/117405\/","og_locale":"es_ES","og_type":"article","og_title":"La baja de la ocupaci\u00f3n tur\u00edstica en Monte Hermoso se estima entre 30 a 35 % - Infoecos","og_description":"Se\u00f1ala el sitio noticiasmontehermoso.com.ar que las\u00a0perspectivas para febrero es poco relevante con porcentaje de reservas que se ubica en un 30 por ciento de la disponibilidad","og_url":"https:\/\/infoecos.com.ar\/index.php\/117405\/","og_site_name":"Infoecos","article_publisher":"https:\/\/www.facebook.com\/profile.php?id=100063200290284","article_published_time":"2024-01-14T03:21:27+00:00","article_modified_time":"2024-01-14T12:36:02+00:00","og_image":[{"width":1024,"height":512,"url":"https:\/\/infoecos.com.ar\/wp-content\/uploads\/2024\/01\/image-86.png","type":"image\/png"}],"author":"Jorge Matheus","twitter_card":"summary_large_image","twitter_creator":"@infoecos","twitter_site":"@infoecos","twitter_misc":{"Escrito por":"Jorge Matheus","Tiempo de lectura":"2 minutos"},"schema":{"@context":"https:\/\/schema.org","@graph":[{"@type":"Article","@id":"https:\/\/infoecos.com.ar\/index.php\/117405\/#article","isPartOf":{"@id":"https:\/\/infoecos.com.ar\/index.php\/117405\/"},"author":{"name":"Jorge Matheus","@id":"https:\/\/infoecos.com.ar\/#\/schema\/person\/8f5ace5ce73b4b4aac4b7245aee6f191"},"headline":"La baja de la ocupaci\u00f3n tur\u00edstica en Monte Hermoso se estima entre 30 a 35 %","datePublished":"2024-01-14T03:21:27+00:00","dateModified":"2024-01-14T12:36:02+00:00","mainEntityOfPage":{"@id":"https:\/\/infoecos.com.ar\/index.php\/117405\/"},"wordCount":216,"publisher":{"@id":"https:\/\/infoecos.com.ar\/#organization"},"image":{"@id":"https:\/\/infoecos.com.ar\/index.php\/117405\/#primaryimage"},"thumbnailUrl":"https:\/\/infoecos.com.ar\/wp-content\/uploads\/2024\/01\/image-86.png","keywords":["peores perspectivas para febrero"],"articleSection":["C2 N2"],"inLanguage":"es"},{"@type":"WebPage","@id":"https:\/\/infoecos.com.ar\/index.php\/117405\/","url":"https:\/\/infoecos.com.ar\/index.php\/117405\/","name":"La baja de la ocupaci\u00f3n tur\u00edstica en Monte Hermoso se estima entre 30 a 35 % - Infoecos","isPartOf":{"@id":"https:\/\/infoecos.com.ar\/#website"},"primaryImageOfPage":{"@id":"https:\/\/infoecos.com.ar\/index.php\/117405\/#primaryimage"},"image":{"@id":"https:\/\/infoecos.com.ar\/index.php\/117405\/#primaryimage"},"thumbnailUrl":"https:\/\/infoecos.com.ar\/wp-content\/uploads\/2024\/01\/image-86.png","datePublished":"2024-01-14T03:21:27+00:00","dateModified":"2024-01-14T12:36:02+00:00","breadcrumb":{"@id":"https:\/\/infoecos.com.ar\/index.php\/117405\/#breadcrumb"},"inLanguage":"es","potentialAction":[{"@type":"ReadAction","target":["https:\/\/infoecos.com.ar\/index.php\/117405\/"]}]},{"@type":"ImageObject","inLanguage":"es","@id":"https:\/\/infoecos.com.ar\/index.php\/117405\/#primaryimage","url":"https:\/\/infoecos.com.ar\/wp-content\/uploads\/2024\/01\/image-86.png","contentUrl":"https:\/\/infoecos.com.ar\/wp-content\/uploads\/2024\/01\/image-86.png","width":1024,"height":512},{"@type":"BreadcrumbList","@id":"https:\/\/infoecos.com.ar\/index.php\/117405\/#breadcrumb","itemListElement":[{"@type":"ListItem","position":1,"name":"Portada","item":"https:\/\/infoecos.com.ar\/"},{"@type":"ListItem","position":2,"name":"La baja de la ocupaci\u00f3n tur\u00edstica en Monte Hermoso se estima entre 30 a 35 %"}]},{"@type":"WebSite","@id":"https:\/\/infoecos.com.ar\/#website","url":"https:\/\/infoecos.com.ar\/","name":"Infoecos","description":"Noticias de trenque lauquen y la zona","publisher":{"@id":"https:\/\/infoecos.com.ar\/#organization"},"alternateName":"Noticias","potentialAction":[{"@type":"SearchAction","target":{"@type":"EntryPoint","urlTemplate":"https:\/\/infoecos.com.ar\/?s={search_term_string}"},"query-input":{"@type":"PropertyValueSpecification","valueRequired":true,"valueName":"search_term_string"}}],"inLanguage":"es"},{"@type":"Organization","@id":"https:\/\/infoecos.com.ar\/#organization","name":"Infoecos","alternateName":"Noticias","url":"https:\/\/infoecos.com.ar\/","logo":{"@type":"ImageObject","inLanguage":"es","@id":"https:\/\/infoecos.com.ar\/#\/schema\/logo\/image\/","url":"https:\/\/infoecos.com.ar\/wp-content\/uploads\/2024\/03\/cropped-logo.png","contentUrl":"https:\/\/infoecos.com.ar\/wp-content\/uploads\/2024\/03\/cropped-logo.png","width":374,"height":90,"caption":"Infoecos"},"image":{"@id":"https:\/\/infoecos.com.ar\/#\/schema\/logo\/image\/"},"sameAs":["https:\/\/www.facebook.com\/profile.php?id=100063200290284","https:\/\/x.com\/infoecos"]},{"@type":"Person","@id":"https:\/\/infoecos.com.ar\/#\/schema\/person\/8f5ace5ce73b4b4aac4b7245aee6f191","name":"Jorge Matheus","url":"https:\/\/infoecos.com.ar\/index.php\/author\/jomatheus\/"}]}},"featured_image_urls":{"full":["https:\/\/infoecos.com.ar\/wp-content\/uploads\/2024\/01\/image-86.png",1024,512,false],"thumbnail":["https:\/\/infoecos.com.ar\/wp-content\/uploads\/2024\/01\/image-86-300x150.png",300,150,true],"medium":["https:\/\/infoecos.com.ar\/wp-content\/uploads\/2024\/01\/image-86-800x400.png",800,400,true],"medium_large":["https:\/\/infoecos.com.ar\/wp-content\/uploads\/2024\/01\/image-86-768x384.png",640,320,true],"large":["https:\/\/infoecos.com.ar\/wp-content\/uploads\/2024\/01\/image-86.png",640,320,false],"1536x1536":["https:\/\/infoecos.com.ar\/wp-content\/uploads\/2024\/01\/image-86.png",1024,512,false],"2048x2048":["https:\/\/infoecos.com.ar\/wp-content\/uploads\/2024\/01\/image-86.png",1024,512,false],"covernews-slider-full":["https:\/\/infoecos.com.ar\/wp-content\/uploads\/2024\/01\/image-86.png",1024,512,false],"covernews-slider-center":["https:\/\/infoecos.com.ar\/wp-content\/uploads\/2024\/01\/image-86-936x512.png",800,438,true],"covernews-featured":["https:\/\/infoecos.com.ar\/wp-content\/uploads\/2024\/01\/image-86.png",1024,512,false],"covernews-medium":["https:\/\/infoecos.com.ar\/wp-content\/uploads\/2024\/01\/image-86-720x380.png",540,285,true],"covernews-medium-square":["https:\/\/infoecos.com.ar\/wp-content\/uploads\/2024\/01\/image-86-675x450.png",375,250,true]},"author_info":{"info":["Jorge Matheus"]},"category_info":"<a href=\"https:\/\/infoecos.com.ar\/index.php\/category\/c2nota2\/\" rel=\"category tag\">C2 N2<\/a>","tag_info":"C2 N2","comment_count":"0","_links":{"self":[{"href":"https:\/\/infoecos.com.ar\/index.php\/wp-json\/wp\/v2\/posts\/117405"}],"collection":[{"href":"https:\/\/infoecos.com.ar\/index.php\/wp-json\/wp\/v2\/posts"}],"about":[{"href":"https:\/\/infoecos.com.ar\/index.php\/wp-json\/wp\/v2\/types\/post"}],"author":[{"embeddable":true,"href":"https:\/\/infoecos.com.ar\/index.php\/wp-json\/wp\/v2\/users\/2"}],"replies":[{"embeddable":true,"href":"https:\/\/infoecos.com.ar\/index.php\/wp-json\/wp\/v2\/comments?post=117405"}],"version-history":[{"count":2,"href":"https:\/\/infoecos.com.ar\/index.php\/wp-json\/wp\/v2\/posts\/117405\/revisions"}],"predecessor-version":[{"id":117425,"href":"https:\/\/infoecos.com.ar\/index.php\/wp-json\/wp\/v2\/posts\/117405\/revisions\/117425"}],"wp:featuredmedia":[{"embeddable":true,"href":"https:\/\/infoecos.com.ar\/index.php\/wp-json\/wp\/v2\/media\/117424"}],"wp:attachment":[{"href":"https:\/\/infoecos.com.ar\/index.php\/wp-json\/wp\/v2\/media?parent=117405"}],"wp:term":[{"taxonomy":"category","embeddable":true,"href":"https:\/\/infoecos.com.ar\/index.php\/wp-json\/wp\/v2\/categories?post=117405"},{"taxonomy":"post_tag","embeddable":true,"href":"https:\/\/infoecos.com.ar\/index.php\/wp-json\/wp\/v2\/tags?post=117405"}],"curies":[{"name":"wp","href":"https:\/\/api.w.org\/{rel}","templated":true}]}}