{"id":117407,"date":"2024-01-14T00:22:15","date_gmt":"2024-01-14T03:22:15","guid":{"rendered":"https:\/\/infoecos.com.ar\/?p=117407"},"modified":"2024-01-14T09:03:52","modified_gmt":"2024-01-14T12:03:52","slug":"117407","status":"publish","type":"post","link":"https:\/\/infoecos.com.ar\/index.php\/117407\/","title":{"rendered":"Peugeot incorporar\u00e1 este a\u00f1o a sus acciones del 2024 al 208 Turbo"},"content":{"rendered":"\n<h1 class=\"wp-block-heading\"><a href=\"https:\/\/impactocastex.com.ar\/wp-content\/uploads\/2024\/01\/casa-rosada-2.png\"><\/a><\/h1>\n\n\n\n<figure class=\"wp-block-image aligncenter\"><a href=\"https:\/\/impactocastex.com.ar\/wp-content\/uploads\/2024\/01\/casa-rosada-2.png\"><img decoding=\"async\" src=\"https:\/\/impactocastex.com.ar\/wp-content\/uploads\/2024\/01\/casa-rosada-2.png\" alt=\"Peugeot confirm\u00f3 sus novedades para 2024\"\/><\/a><\/figure>\n\n\n\n<p>Las marcas de autom\u00f3viles siguen present\u00e1ndose en el marco de las Acciones de Verano 2024 en la Costa Atl\u00e1ntica. En este caso,<strong>\u00a0Peugeot brind\u00f3 una conferencia desde el Summer Car Show<\/strong>, el nuevo predio del Grupo Stellantis que en Ruta 11 km 407 (entre Caril\u00f3 y Villa Gesell).<\/p>\n\n\n\n<p>El director general de Peugeot Argentina, <strong>Gabriel Cordo Miranda<\/strong>, director general de Peugeot Argentina, comparti\u00f3 un resumen del 2023 y coment\u00f3 las expectativas para el 2024.<\/p>\n\n\n\n<figure class=\"wp-block-image aligncenter is-resized\"><img decoding=\"async\" src=\"https:\/\/media.c5n.com\/p\/f44a24c2fe3026aedc7df862fbce2bf1\/adjuntos\/326\/imagenes\/000\/240\/0000240374\/790x0\/smart\/peugeot-208-jpg.jpg\" alt=\"En 2024 Peugeot lanzar\u00e1 el 208 con motor turbo.\" width=\"-117\" height=\"-65\" title=\"En 2024 Peugeot lanzar\u00e1 el 208 con motor turbo.\"\/><\/figure>\n\n\n\n<p>En 2024 Peugeot lanzar\u00e1 el 208 con motor turbo. Este Peugeot 208 equipara el\u00a0<strong>motor de Stellantis T200<\/strong>, 3 cilindros 1.0 litros y entrega 120 caballos y 200 Nm de torque. <\/p>\n\n\n\n<p>Si bien no hay fecha exacta de arribo de la nueva versi\u00f3n del Peugeot 208 con motor turbo, podr\u00eda llegar a ser dentro del primer semestre del a\u00f1o.<\/p>\n","protected":false},"excerpt":{"rendered":"<p>Si bien no hay fecha exacta de arribo de la nueva versi\u00f3n del Peugeot 208 con motor turbo, podr\u00eda llegar a ser dentro del primer semestre del a\u00f1o<\/p>\n","protected":false},"author":2,"featured_media":117421,"comment_status":"closed","ping_status":"open","sticky":false,"template":"","format":"standard","meta":{"footnotes":""},"categories":[28],"tags":[644],"class_list":["post-117407","post","type-post","status-publish","format-standard","has-post-thumbnail","hentry","category-c1nota1","tag-industria-automotriz"],"yoast_head":"<!-- This site is optimized with the Yoast SEO plugin v23.4 - https:\/\/yoast.com\/wordpress\/plugins\/seo\/ -->\n<title>Peugeot incorporar\u00e1 este a\u00f1o a sus acciones del 2024 al 208 Turbo - Infoecos<\/title>\n<meta name=\"robots\" content=\"index, follow, max-snippet:-1, max-image-preview:large, max-video-preview:-1\" \/>\n<link rel=\"canonical\" href=\"https:\/\/infoecos.com.ar\/index.php\/117407\/\" \/>\n<meta property=\"og:locale\" content=\"es_ES\" \/>\n<meta property=\"og:type\" content=\"article\" \/>\n<meta property=\"og:title\" content=\"Peugeot incorporar\u00e1 este a\u00f1o a sus acciones del 2024 al 208 Turbo - Infoecos\" \/>\n<meta property=\"og:description\" content=\"Si bien no hay fecha exacta de arribo de la nueva versi\u00f3n del Peugeot 208 con motor turbo, podr\u00eda llegar a ser dentro del primer semestre del a\u00f1o\" \/>\n<meta property=\"og:url\" content=\"https:\/\/infoecos.com.ar\/index.php\/117407\/\" \/>\n<meta property=\"og:site_name\" content=\"Infoecos\" \/>\n<meta property=\"article:publisher\" content=\"https:\/\/www.facebook.com\/profile.php?id=100063200290284\" \/>\n<meta property=\"article:published_time\" content=\"2024-01-14T03:22:15+00:00\" \/>\n<meta property=\"article:modified_time\" content=\"2024-01-14T12:03:52+00:00\" \/>\n<meta property=\"og:image\" content=\"https:\/\/infoecos.com.ar\/wp-content\/uploads\/2024\/01\/peugeot2108.webp\" \/>\n\t<meta property=\"og:image:width\" content=\"790\" \/>\n\t<meta property=\"og:image:height\" content=\"444\" \/>\n\t<meta property=\"og:image:type\" content=\"image\/webp\" \/>\n<meta name=\"author\" content=\"Jorge Matheus\" \/>\n<meta name=\"twitter:card\" content=\"summary_large_image\" \/>\n<meta name=\"twitter:creator\" content=\"@infoecos\" \/>\n<meta name=\"twitter:site\" content=\"@infoecos\" \/>\n<meta name=\"twitter:label1\" content=\"Escrito por\" \/>\n\t<meta name=\"twitter:data1\" content=\"Jorge Matheus\" \/>\n\t<meta name=\"twitter:label2\" content=\"Tiempo de lectura\" \/>\n\t<meta name=\"twitter:data2\" content=\"2 minutos\" \/>\n<script type=\"application\/ld+json\" class=\"yoast-schema-graph\">{\"@context\":\"https:\/\/schema.org\",\"@graph\":[{\"@type\":\"Article\",\"@id\":\"https:\/\/infoecos.com.ar\/index.php\/117407\/#article\",\"isPartOf\":{\"@id\":\"https:\/\/infoecos.com.ar\/index.php\/117407\/\"},\"author\":{\"name\":\"Jorge Matheus\",\"@id\":\"https:\/\/infoecos.com.ar\/#\/schema\/person\/8f5ace5ce73b4b4aac4b7245aee6f191\"},\"headline\":\"Peugeot incorporar\u00e1 este a\u00f1o a sus acciones del 2024 al 208 Turbo\",\"datePublished\":\"2024-01-14T03:22:15+00:00\",\"dateModified\":\"2024-01-14T12:03:52+00:00\",\"mainEntityOfPage\":{\"@id\":\"https:\/\/infoecos.com.ar\/index.php\/117407\/\"},\"wordCount\":137,\"publisher\":{\"@id\":\"https:\/\/infoecos.com.ar\/#organization\"},\"image\":{\"@id\":\"https:\/\/infoecos.com.ar\/index.php\/117407\/#primaryimage\"},\"thumbnailUrl\":\"https:\/\/infoecos.com.ar\/wp-content\/uploads\/2024\/01\/peugeot2108.webp\",\"keywords\":[\"INDUSTRIA AUTOMOTRIZ\"],\"articleSection\":[\"C1 N1\"],\"inLanguage\":\"es\"},{\"@type\":\"WebPage\",\"@id\":\"https:\/\/infoecos.com.ar\/index.php\/117407\/\",\"url\":\"https:\/\/infoecos.com.ar\/index.php\/117407\/\",\"name\":\"Peugeot incorporar\u00e1 este a\u00f1o a sus acciones del 2024 al 208 Turbo - Infoecos\",\"isPartOf\":{\"@id\":\"https:\/\/infoecos.com.ar\/#website\"},\"primaryImageOfPage\":{\"@id\":\"https:\/\/infoecos.com.ar\/index.php\/117407\/#primaryimage\"},\"image\":{\"@id\":\"https:\/\/infoecos.com.ar\/index.php\/117407\/#primaryimage\"},\"thumbnailUrl\":\"https:\/\/infoecos.com.ar\/wp-content\/uploads\/2024\/01\/peugeot2108.webp\",\"datePublished\":\"2024-01-14T03:22:15+00:00\",\"dateModified\":\"2024-01-14T12:03:52+00:00\",\"breadcrumb\":{\"@id\":\"https:\/\/infoecos.com.ar\/index.php\/117407\/#breadcrumb\"},\"inLanguage\":\"es\",\"potentialAction\":[{\"@type\":\"ReadAction\",\"target\":[\"https:\/\/infoecos.com.ar\/index.php\/117407\/\"]}]},{\"@type\":\"ImageObject\",\"inLanguage\":\"es\",\"@id\":\"https:\/\/infoecos.com.ar\/index.php\/117407\/#primaryimage\",\"url\":\"https:\/\/infoecos.com.ar\/wp-content\/uploads\/2024\/01\/peugeot2108.webp\",\"contentUrl\":\"https:\/\/infoecos.com.ar\/wp-content\/uploads\/2024\/01\/peugeot2108.webp\",\"width\":790,\"height\":444},{\"@type\":\"BreadcrumbList\",\"@id\":\"https:\/\/infoecos.com.ar\/index.php\/117407\/#breadcrumb\",\"itemListElement\":[{\"@type\":\"ListItem\",\"position\":1,\"name\":\"Portada\",\"item\":\"https:\/\/infoecos.com.ar\/\"},{\"@type\":\"ListItem\",\"position\":2,\"name\":\"Peugeot incorporar\u00e1 este a\u00f1o a sus acciones del 2024 al 208 Turbo\"}]},{\"@type\":\"WebSite\",\"@id\":\"https:\/\/infoecos.com.ar\/#website\",\"url\":\"https:\/\/infoecos.com.ar\/\",\"name\":\"Infoecos\",\"description\":\"Noticias de trenque lauquen y la zona\",\"publisher\":{\"@id\":\"https:\/\/infoecos.com.ar\/#organization\"},\"alternateName\":\"Noticias\",\"potentialAction\":[{\"@type\":\"SearchAction\",\"target\":{\"@type\":\"EntryPoint\",\"urlTemplate\":\"https:\/\/infoecos.com.ar\/?s={search_term_string}\"},\"query-input\":{\"@type\":\"PropertyValueSpecification\",\"valueRequired\":true,\"valueName\":\"search_term_string\"}}],\"inLanguage\":\"es\"},{\"@type\":\"Organization\",\"@id\":\"https:\/\/infoecos.com.ar\/#organization\",\"name\":\"Infoecos\",\"alternateName\":\"Noticias\",\"url\":\"https:\/\/infoecos.com.ar\/\",\"logo\":{\"@type\":\"ImageObject\",\"inLanguage\":\"es\",\"@id\":\"https:\/\/infoecos.com.ar\/#\/schema\/logo\/image\/\",\"url\":\"https:\/\/infoecos.com.ar\/wp-content\/uploads\/2024\/03\/cropped-logo.png\",\"contentUrl\":\"https:\/\/infoecos.com.ar\/wp-content\/uploads\/2024\/03\/cropped-logo.png\",\"width\":374,\"height\":90,\"caption\":\"Infoecos\"},\"image\":{\"@id\":\"https:\/\/infoecos.com.ar\/#\/schema\/logo\/image\/\"},\"sameAs\":[\"https:\/\/www.facebook.com\/profile.php?id=100063200290284\",\"https:\/\/x.com\/infoecos\"]},{\"@type\":\"Person\",\"@id\":\"https:\/\/infoecos.com.ar\/#\/schema\/person\/8f5ace5ce73b4b4aac4b7245aee6f191\",\"name\":\"Jorge Matheus\",\"url\":\"https:\/\/infoecos.com.ar\/index.php\/author\/jomatheus\/\"}]}<\/script>\n<!-- \/ Yoast SEO plugin. -->","yoast_head_json":{"title":"Peugeot incorporar\u00e1 este a\u00f1o a sus acciones del 2024 al 208 Turbo - Infoecos","robots":{"index":"index","follow":"follow","max-snippet":"max-snippet:-1","max-image-preview":"max-image-preview:large","max-video-preview":"max-video-preview:-1"},"canonical":"https:\/\/infoecos.com.ar\/index.php\/117407\/","og_locale":"es_ES","og_type":"article","og_title":"Peugeot incorporar\u00e1 este a\u00f1o a sus acciones del 2024 al 208 Turbo - Infoecos","og_description":"Si bien no hay fecha exacta de arribo de la nueva versi\u00f3n del Peugeot 208 con motor turbo, podr\u00eda llegar a ser dentro del primer semestre del a\u00f1o","og_url":"https:\/\/infoecos.com.ar\/index.php\/117407\/","og_site_name":"Infoecos","article_publisher":"https:\/\/www.facebook.com\/profile.php?id=100063200290284","article_published_time":"2024-01-14T03:22:15+00:00","article_modified_time":"2024-01-14T12:03:52+00:00","og_image":[{"width":790,"height":444,"url":"https:\/\/infoecos.com.ar\/wp-content\/uploads\/2024\/01\/peugeot2108.webp","type":"image\/webp"}],"author":"Jorge Matheus","twitter_card":"summary_large_image","twitter_creator":"@infoecos","twitter_site":"@infoecos","twitter_misc":{"Escrito por":"Jorge Matheus","Tiempo de lectura":"2 minutos"},"schema":{"@context":"https:\/\/schema.org","@graph":[{"@type":"Article","@id":"https:\/\/infoecos.com.ar\/index.php\/117407\/#article","isPartOf":{"@id":"https:\/\/infoecos.com.ar\/index.php\/117407\/"},"author":{"name":"Jorge Matheus","@id":"https:\/\/infoecos.com.ar\/#\/schema\/person\/8f5ace5ce73b4b4aac4b7245aee6f191"},"headline":"Peugeot incorporar\u00e1 este a\u00f1o a sus acciones del 2024 al 208 Turbo","datePublished":"2024-01-14T03:22:15+00:00","dateModified":"2024-01-14T12:03:52+00:00","mainEntityOfPage":{"@id":"https:\/\/infoecos.com.ar\/index.php\/117407\/"},"wordCount":137,"publisher":{"@id":"https:\/\/infoecos.com.ar\/#organization"},"image":{"@id":"https:\/\/infoecos.com.ar\/index.php\/117407\/#primaryimage"},"thumbnailUrl":"https:\/\/infoecos.com.ar\/wp-content\/uploads\/2024\/01\/peugeot2108.webp","keywords":["INDUSTRIA AUTOMOTRIZ"],"articleSection":["C1 N1"],"inLanguage":"es"},{"@type":"WebPage","@id":"https:\/\/infoecos.com.ar\/index.php\/117407\/","url":"https:\/\/infoecos.com.ar\/index.php\/117407\/","name":"Peugeot incorporar\u00e1 este a\u00f1o a sus acciones del 2024 al 208 Turbo - Infoecos","isPartOf":{"@id":"https:\/\/infoecos.com.ar\/#website"},"primaryImageOfPage":{"@id":"https:\/\/infoecos.com.ar\/index.php\/117407\/#primaryimage"},"image":{"@id":"https:\/\/infoecos.com.ar\/index.php\/117407\/#primaryimage"},"thumbnailUrl":"https:\/\/infoecos.com.ar\/wp-content\/uploads\/2024\/01\/peugeot2108.webp","datePublished":"2024-01-14T03:22:15+00:00","dateModified":"2024-01-14T12:03:52+00:00","breadcrumb":{"@id":"https:\/\/infoecos.com.ar\/index.php\/117407\/#breadcrumb"},"inLanguage":"es","potentialAction":[{"@type":"ReadAction","target":["https:\/\/infoecos.com.ar\/index.php\/117407\/"]}]},{"@type":"ImageObject","inLanguage":"es","@id":"https:\/\/infoecos.com.ar\/index.php\/117407\/#primaryimage","url":"https:\/\/infoecos.com.ar\/wp-content\/uploads\/2024\/01\/peugeot2108.webp","contentUrl":"https:\/\/infoecos.com.ar\/wp-content\/uploads\/2024\/01\/peugeot2108.webp","width":790,"height":444},{"@type":"BreadcrumbList","@id":"https:\/\/infoecos.com.ar\/index.php\/117407\/#breadcrumb","itemListElement":[{"@type":"ListItem","position":1,"name":"Portada","item":"https:\/\/infoecos.com.ar\/"},{"@type":"ListItem","position":2,"name":"Peugeot incorporar\u00e1 este a\u00f1o a sus acciones del 2024 al 208 Turbo"}]},{"@type":"WebSite","@id":"https:\/\/infoecos.com.ar\/#website","url":"https:\/\/infoecos.com.ar\/","name":"Infoecos","description":"Noticias de trenque lauquen y la zona","publisher":{"@id":"https:\/\/infoecos.com.ar\/#organization"},"alternateName":"Noticias","potentialAction":[{"@type":"SearchAction","target":{"@type":"EntryPoint","urlTemplate":"https:\/\/infoecos.com.ar\/?s={search_term_string}"},"query-input":{"@type":"PropertyValueSpecification","valueRequired":true,"valueName":"search_term_string"}}],"inLanguage":"es"},{"@type":"Organization","@id":"https:\/\/infoecos.com.ar\/#organization","name":"Infoecos","alternateName":"Noticias","url":"https:\/\/infoecos.com.ar\/","logo":{"@type":"ImageObject","inLanguage":"es","@id":"https:\/\/infoecos.com.ar\/#\/schema\/logo\/image\/","url":"https:\/\/infoecos.com.ar\/wp-content\/uploads\/2024\/03\/cropped-logo.png","contentUrl":"https:\/\/infoecos.com.ar\/wp-content\/uploads\/2024\/03\/cropped-logo.png","width":374,"height":90,"caption":"Infoecos"},"image":{"@id":"https:\/\/infoecos.com.ar\/#\/schema\/logo\/image\/"},"sameAs":["https:\/\/www.facebook.com\/profile.php?id=100063200290284","https:\/\/x.com\/infoecos"]},{"@type":"Person","@id":"https:\/\/infoecos.com.ar\/#\/schema\/person\/8f5ace5ce73b4b4aac4b7245aee6f191","name":"Jorge Matheus","url":"https:\/\/infoecos.com.ar\/index.php\/author\/jomatheus\/"}]}},"featured_image_urls":{"full":["https:\/\/infoecos.com.ar\/wp-content\/uploads\/2024\/01\/peugeot2108.webp",790,444,false],"thumbnail":["https:\/\/infoecos.com.ar\/wp-content\/uploads\/2024\/01\/peugeot2108-300x150.webp",300,150,true],"medium":["https:\/\/infoecos.com.ar\/wp-content\/uploads\/2024\/01\/peugeot2108.webp",790,444,false],"medium_large":["https:\/\/infoecos.com.ar\/wp-content\/uploads\/2024\/01\/peugeot2108-768x432.webp",640,360,true],"large":["https:\/\/infoecos.com.ar\/wp-content\/uploads\/2024\/01\/peugeot2108.webp",640,360,false],"1536x1536":["https:\/\/infoecos.com.ar\/wp-content\/uploads\/2024\/01\/peugeot2108.webp",790,444,false],"2048x2048":["https:\/\/infoecos.com.ar\/wp-content\/uploads\/2024\/01\/peugeot2108.webp",790,444,false],"covernews-slider-full":["https:\/\/infoecos.com.ar\/wp-content\/uploads\/2024\/01\/peugeot2108.webp",790,444,false],"covernews-slider-center":["https:\/\/infoecos.com.ar\/wp-content\/uploads\/2024\/01\/peugeot2108.webp",790,444,false],"covernews-featured":["https:\/\/infoecos.com.ar\/wp-content\/uploads\/2024\/01\/peugeot2108.webp",790,444,false],"covernews-medium":["https:\/\/infoecos.com.ar\/wp-content\/uploads\/2024\/01\/peugeot2108-720x380.webp",540,285,true],"covernews-medium-square":["https:\/\/infoecos.com.ar\/wp-content\/uploads\/2024\/01\/peugeot2108-675x444.webp",380,250,true]},"author_info":{"info":["Jorge Matheus"]},"category_info":"<a href=\"https:\/\/infoecos.com.ar\/index.php\/category\/c1nota1\/\" rel=\"category tag\">C1 N1<\/a>","tag_info":"C1 N1","comment_count":"0","_links":{"self":[{"href":"https:\/\/infoecos.com.ar\/index.php\/wp-json\/wp\/v2\/posts\/117407"}],"collection":[{"href":"https:\/\/infoecos.com.ar\/index.php\/wp-json\/wp\/v2\/posts"}],"about":[{"href":"https:\/\/infoecos.com.ar\/index.php\/wp-json\/wp\/v2\/types\/post"}],"author":[{"embeddable":true,"href":"https:\/\/infoecos.com.ar\/index.php\/wp-json\/wp\/v2\/users\/2"}],"replies":[{"embeddable":true,"href":"https:\/\/infoecos.com.ar\/index.php\/wp-json\/wp\/v2\/comments?post=117407"}],"version-history":[{"count":2,"href":"https:\/\/infoecos.com.ar\/index.php\/wp-json\/wp\/v2\/posts\/117407\/revisions"}],"predecessor-version":[{"id":117422,"href":"https:\/\/infoecos.com.ar\/index.php\/wp-json\/wp\/v2\/posts\/117407\/revisions\/117422"}],"wp:featuredmedia":[{"embeddable":true,"href":"https:\/\/infoecos.com.ar\/index.php\/wp-json\/wp\/v2\/media\/117421"}],"wp:attachment":[{"href":"https:\/\/infoecos.com.ar\/index.php\/wp-json\/wp\/v2\/media?parent=117407"}],"wp:term":[{"taxonomy":"category","embeddable":true,"href":"https:\/\/infoecos.com.ar\/index.php\/wp-json\/wp\/v2\/categories?post=117407"},{"taxonomy":"post_tag","embeddable":true,"href":"https:\/\/infoecos.com.ar\/index.php\/wp-json\/wp\/v2\/tags?post=117407"}],"curies":[{"name":"wp","href":"https:\/\/api.w.org\/{rel}","templated":true}]}}