{"id":117444,"date":"2024-01-14T11:12:55","date_gmt":"2024-01-14T14:12:55","guid":{"rendered":"https:\/\/infoecos.com.ar\/?p=117444"},"modified":"2024-01-16T12:14:31","modified_gmt":"2024-01-16T15:14:31","slug":"pampita-celebrara-su-cumpleanos-en-mexico-con-los-hijos-pero-sus-fotos-rompen-redes","status":"publish","type":"post","link":"https:\/\/infoecos.com.ar\/index.php\/pampita-celebrara-su-cumpleanos-en-mexico-con-los-hijos-pero-sus-fotos-rompen-redes\/","title":{"rendered":"Pampita celebrar\u00e1 su cumplea\u00f1os en M\u00e9xico con los hijos, pero sus fotos \u00abrompen\u00bb redes"},"content":{"rendered":"\n<p>Nacida el 17 de enero de 1978,&nbsp;<strong>Carolina \u201cPampita\u201d Ardohain celebrar\u00e1 su cumplea\u00f1os 46 acompa\u00f1ada por sus hijos en Canc\u00fan, M\u00e9xico<\/strong>. En Instagram,&nbsp;modelo poste\u00f3 fotos propias, como as\u00ed tambi\u00e9n el disfrute de sus ni\u00f1os. <\/p>\n\n\n\n<figure class=\"wp-block-gallery has-nested-images columns-default is-cropped wp-block-gallery-1 is-layout-flex wp-block-gallery-is-layout-flex\">\n<figure class=\"wp-block-image size-large\"><img loading=\"lazy\" decoding=\"async\" width=\"1280\" height=\"1600\" data-id=\"117449\" src=\"https:\/\/infoecos.com.ar\/wp-content\/uploads\/2024\/01\/pampitaehij.png\" alt=\"\" class=\"wp-image-117449\" srcset=\"https:\/\/infoecos.com.ar\/wp-content\/uploads\/2024\/01\/pampitaehij.png 1280w, https:\/\/infoecos.com.ar\/wp-content\/uploads\/2024\/01\/pampitaehij-640x800.png 640w, https:\/\/infoecos.com.ar\/wp-content\/uploads\/2024\/01\/pampitaehij-768x960.png 768w, https:\/\/infoecos.com.ar\/wp-content\/uploads\/2024\/01\/pampitaehij-1229x1536.png 1229w, https:\/\/infoecos.com.ar\/wp-content\/uploads\/2024\/01\/pampitaehij-1024x1280.png 1024w\" sizes=\"(max-width: 1280px) 100vw, 1280px\" \/><figcaption class=\"wp-element-caption\">Pampita e hijos<\/figcaption><\/figure>\n\n\n\n<figure class=\"wp-block-image size-large\"><img loading=\"lazy\" decoding=\"async\" width=\"1280\" height=\"1600\" data-id=\"117448\" src=\"https:\/\/infoecos.com.ar\/wp-content\/uploads\/2024\/01\/pampitaehijos.png\" alt=\"\" class=\"wp-image-117448\" srcset=\"https:\/\/infoecos.com.ar\/wp-content\/uploads\/2024\/01\/pampitaehijos.png 1280w, https:\/\/infoecos.com.ar\/wp-content\/uploads\/2024\/01\/pampitaehijos-640x800.png 640w, https:\/\/infoecos.com.ar\/wp-content\/uploads\/2024\/01\/pampitaehijos-768x960.png 768w, https:\/\/infoecos.com.ar\/wp-content\/uploads\/2024\/01\/pampitaehijos-1229x1536.png 1229w, https:\/\/infoecos.com.ar\/wp-content\/uploads\/2024\/01\/pampitaehijos-1024x1280.png 1024w\" sizes=\"(max-width: 1280px) 100vw, 1280px\" \/><figcaption class=\"wp-element-caption\">Pampita e hijos<\/figcaption><\/figure>\n\n\n\n<figure class=\"wp-block-image size-large\"><img loading=\"lazy\" decoding=\"async\" width=\"1280\" height=\"1600\" data-id=\"117450\" src=\"https:\/\/infoecos.com.ar\/wp-content\/uploads\/2024\/01\/pampitaynina.png\" alt=\"\" class=\"wp-image-117450\" srcset=\"https:\/\/infoecos.com.ar\/wp-content\/uploads\/2024\/01\/pampitaynina.png 1280w, https:\/\/infoecos.com.ar\/wp-content\/uploads\/2024\/01\/pampitaynina-640x800.png 640w, https:\/\/infoecos.com.ar\/wp-content\/uploads\/2024\/01\/pampitaynina-768x960.png 768w, https:\/\/infoecos.com.ar\/wp-content\/uploads\/2024\/01\/pampitaynina-1229x1536.png 1229w, https:\/\/infoecos.com.ar\/wp-content\/uploads\/2024\/01\/pampitaynina-1024x1280.png 1024w\" sizes=\"(max-width: 1280px) 100vw, 1280px\" \/><figcaption class=\"wp-element-caption\">Pampita e hijos<\/figcaption><\/figure>\n<\/figure>\n\n\n\n<p>Alojada en un exclusivo resort, Pampita supervisa los juegos de sus hijos en el agua y<strong>&nbsp;registra con divertidos videos cada paso que da Ana, su hija con Morit\u00e1n<\/strong>&nbsp;que ya tiene dos a\u00f1os y medio.<\/p>\n\n\n\n<figure class=\"wp-block-gallery has-nested-images columns-default is-cropped wp-block-gallery-2 is-layout-flex wp-block-gallery-is-layout-flex\">\n<figure class=\"wp-block-image size-large\"><img loading=\"lazy\" decoding=\"async\" width=\"719\" height=\"895\" data-id=\"117451\" src=\"https:\/\/infoecos.com.ar\/wp-content\/uploads\/2024\/01\/pampitainfoecos1.jpg\" alt=\"\" class=\"wp-image-117451\" srcset=\"https:\/\/infoecos.com.ar\/wp-content\/uploads\/2024\/01\/pampitainfoecos1.jpg 719w, https:\/\/infoecos.com.ar\/wp-content\/uploads\/2024\/01\/pampitainfoecos1-643x800.jpg 643w\" sizes=\"(max-width: 719px) 100vw, 719px\" \/><\/figure>\n\n\n\n<figure class=\"wp-block-image size-large\"><img loading=\"lazy\" decoding=\"async\" width=\"720\" height=\"890\" data-id=\"117455\" src=\"https:\/\/infoecos.com.ar\/wp-content\/uploads\/2024\/01\/pampitainfoecos2.jpg\" alt=\"\" class=\"wp-image-117455\" srcset=\"https:\/\/infoecos.com.ar\/wp-content\/uploads\/2024\/01\/pampitainfoecos2.jpg 720w, https:\/\/infoecos.com.ar\/wp-content\/uploads\/2024\/01\/pampitainfoecos2-647x800.jpg 647w\" sizes=\"(max-width: 720px) 100vw, 720px\" \/><\/figure>\n\n\n\n<figure class=\"wp-block-image size-large\"><img loading=\"lazy\" decoding=\"async\" width=\"720\" height=\"885\" data-id=\"117453\" src=\"https:\/\/infoecos.com.ar\/wp-content\/uploads\/2024\/01\/pampitainfoecos3.jpg\" alt=\"\" class=\"wp-image-117453\" srcset=\"https:\/\/infoecos.com.ar\/wp-content\/uploads\/2024\/01\/pampitainfoecos3.jpg 720w, https:\/\/infoecos.com.ar\/wp-content\/uploads\/2024\/01\/pampitainfoecos3-651x800.jpg 651w\" sizes=\"(max-width: 720px) 100vw, 720px\" \/><\/figure>\n\n\n\n<figure class=\"wp-block-image size-large\"><img loading=\"lazy\" decoding=\"async\" width=\"720\" height=\"885\" data-id=\"117452\" src=\"https:\/\/infoecos.com.ar\/wp-content\/uploads\/2024\/01\/pampitainfoecos4.jpg\" alt=\"\" class=\"wp-image-117452\" srcset=\"https:\/\/infoecos.com.ar\/wp-content\/uploads\/2024\/01\/pampitainfoecos4.jpg 720w, https:\/\/infoecos.com.ar\/wp-content\/uploads\/2024\/01\/pampitainfoecos4-651x800.jpg 651w\" sizes=\"(max-width: 720px) 100vw, 720px\" \/><\/figure>\n\n\n\n<figure class=\"wp-block-image size-large\"><img loading=\"lazy\" decoding=\"async\" width=\"720\" height=\"880\" data-id=\"117454\" src=\"https:\/\/infoecos.com.ar\/wp-content\/uploads\/2024\/01\/pampitainfoecosa.jpg\" alt=\"\" class=\"wp-image-117454\" srcset=\"https:\/\/infoecos.com.ar\/wp-content\/uploads\/2024\/01\/pampitainfoecosa.jpg 720w, https:\/\/infoecos.com.ar\/wp-content\/uploads\/2024\/01\/pampitainfoecosa-655x800.jpg 655w\" sizes=\"(max-width: 720px) 100vw, 720px\" \/><\/figure>\n<\/figure>\n\n\n\n<p>La peque\u00f1a Ana Garc\u00eda Morit\u00e1n, Bautista, Beltr\u00e1n y Benicio Vicu\u00f1a, acompa\u00f1ar\u00e1n a su madre en su d\u00eda especial. Por ahora,&nbsp;<strong>el marido de la modelo no tiene planeado viajar como lo hace todos los a\u00f1os.<\/strong><\/p>\n","protected":false},"excerpt":{"rendered":"<p>Dos galer\u00edas de fotos. Alojada en un exclusivo resort, Pampita supervisa los juegos de sus hijos en el agua y\u00a0registra con divertidos videos cada paso que da Ana, su hija con Morit\u00e1n\u00a0que ya tiene dos a\u00f1os y medio<\/p>\n","protected":false},"author":2,"featured_media":117456,"comment_status":"closed","ping_status":"open","sticky":false,"template":"","format":"standard","meta":{"footnotes":""},"categories":[26],"tags":[1831],"class_list":["post-117444","post","type-post","status-publish","format-standard","has-post-thumbnail","hentry","category-inferior6","tag-espectaculos-2"],"yoast_head":"<!-- This site is optimized with the Yoast SEO plugin v23.4 - https:\/\/yoast.com\/wordpress\/plugins\/seo\/ -->\n<title>Pampita celebrar\u00e1 su cumplea\u00f1os en M\u00e9xico con los hijos, pero sus fotos &quot;rompen&quot; redes - Infoecos<\/title>\n<meta name=\"robots\" content=\"index, follow, max-snippet:-1, max-image-preview:large, max-video-preview:-1\" \/>\n<link rel=\"canonical\" href=\"https:\/\/infoecos.com.ar\/index.php\/pampita-celebrara-su-cumpleanos-en-mexico-con-los-hijos-pero-sus-fotos-rompen-redes\/\" \/>\n<meta property=\"og:locale\" content=\"es_ES\" \/>\n<meta property=\"og:type\" content=\"article\" \/>\n<meta property=\"og:title\" content=\"Pampita celebrar\u00e1 su cumplea\u00f1os en M\u00e9xico con los hijos, pero sus fotos &quot;rompen&quot; redes - Infoecos\" \/>\n<meta property=\"og:description\" content=\"Dos galer\u00edas de fotos. Alojada en un exclusivo resort, Pampita supervisa los juegos de sus hijos en el agua y\u00a0registra con divertidos videos cada paso que da Ana, su hija con Morit\u00e1n\u00a0que ya tiene dos a\u00f1os y medio\" \/>\n<meta property=\"og:url\" content=\"https:\/\/infoecos.com.ar\/index.php\/pampita-celebrara-su-cumpleanos-en-mexico-con-los-hijos-pero-sus-fotos-rompen-redes\/\" \/>\n<meta property=\"og:site_name\" content=\"Infoecos\" \/>\n<meta property=\"article:publisher\" content=\"https:\/\/www.facebook.com\/profile.php?id=100063200290284\" \/>\n<meta property=\"article:published_time\" content=\"2024-01-14T14:12:55+00:00\" \/>\n<meta property=\"article:modified_time\" content=\"2024-01-16T15:14:31+00:00\" \/>\n<meta property=\"og:image\" content=\"https:\/\/infoecos.com.ar\/wp-content\/uploads\/2024\/01\/pampitaanteojos.jpg\" \/>\n\t<meta property=\"og:image:width\" content=\"476\" \/>\n\t<meta property=\"og:image:height\" content=\"553\" \/>\n\t<meta property=\"og:image:type\" content=\"image\/jpeg\" \/>\n<meta name=\"author\" content=\"Jorge Matheus\" \/>\n<meta name=\"twitter:card\" content=\"summary_large_image\" \/>\n<meta name=\"twitter:creator\" content=\"@infoecos\" \/>\n<meta name=\"twitter:site\" content=\"@infoecos\" \/>\n<meta name=\"twitter:label1\" content=\"Escrito por\" \/>\n\t<meta name=\"twitter:data1\" content=\"Jorge Matheus\" \/>\n\t<meta name=\"twitter:label2\" content=\"Tiempo de lectura\" \/>\n\t<meta name=\"twitter:data2\" content=\"3 minutos\" \/>\n<script type=\"application\/ld+json\" class=\"yoast-schema-graph\">{\"@context\":\"https:\/\/schema.org\",\"@graph\":[{\"@type\":\"Article\",\"@id\":\"https:\/\/infoecos.com.ar\/index.php\/pampita-celebrara-su-cumpleanos-en-mexico-con-los-hijos-pero-sus-fotos-rompen-redes\/#article\",\"isPartOf\":{\"@id\":\"https:\/\/infoecos.com.ar\/index.php\/pampita-celebrara-su-cumpleanos-en-mexico-con-los-hijos-pero-sus-fotos-rompen-redes\/\"},\"author\":{\"name\":\"Jorge Matheus\",\"@id\":\"https:\/\/infoecos.com.ar\/#\/schema\/person\/8f5ace5ce73b4b4aac4b7245aee6f191\"},\"headline\":\"Pampita celebrar\u00e1 su cumplea\u00f1os en M\u00e9xico con los hijos, pero sus fotos \u00abrompen\u00bb redes\",\"datePublished\":\"2024-01-14T14:12:55+00:00\",\"dateModified\":\"2024-01-16T15:14:31+00:00\",\"mainEntityOfPage\":{\"@id\":\"https:\/\/infoecos.com.ar\/index.php\/pampita-celebrara-su-cumpleanos-en-mexico-con-los-hijos-pero-sus-fotos-rompen-redes\/\"},\"wordCount\":150,\"publisher\":{\"@id\":\"https:\/\/infoecos.com.ar\/#organization\"},\"image\":{\"@id\":\"https:\/\/infoecos.com.ar\/index.php\/pampita-celebrara-su-cumpleanos-en-mexico-con-los-hijos-pero-sus-fotos-rompen-redes\/#primaryimage\"},\"thumbnailUrl\":\"https:\/\/infoecos.com.ar\/wp-content\/uploads\/2024\/01\/pampitaanteojos.jpg\",\"keywords\":[\"espect\u00e1culos\"],\"articleSection\":[\"Bloque inferior - 6\"],\"inLanguage\":\"es\"},{\"@type\":\"WebPage\",\"@id\":\"https:\/\/infoecos.com.ar\/index.php\/pampita-celebrara-su-cumpleanos-en-mexico-con-los-hijos-pero-sus-fotos-rompen-redes\/\",\"url\":\"https:\/\/infoecos.com.ar\/index.php\/pampita-celebrara-su-cumpleanos-en-mexico-con-los-hijos-pero-sus-fotos-rompen-redes\/\",\"name\":\"Pampita celebrar\u00e1 su cumplea\u00f1os en M\u00e9xico con los hijos, pero sus fotos \\\"rompen\\\" redes - Infoecos\",\"isPartOf\":{\"@id\":\"https:\/\/infoecos.com.ar\/#website\"},\"primaryImageOfPage\":{\"@id\":\"https:\/\/infoecos.com.ar\/index.php\/pampita-celebrara-su-cumpleanos-en-mexico-con-los-hijos-pero-sus-fotos-rompen-redes\/#primaryimage\"},\"image\":{\"@id\":\"https:\/\/infoecos.com.ar\/index.php\/pampita-celebrara-su-cumpleanos-en-mexico-con-los-hijos-pero-sus-fotos-rompen-redes\/#primaryimage\"},\"thumbnailUrl\":\"https:\/\/infoecos.com.ar\/wp-content\/uploads\/2024\/01\/pampitaanteojos.jpg\",\"datePublished\":\"2024-01-14T14:12:55+00:00\",\"dateModified\":\"2024-01-16T15:14:31+00:00\",\"breadcrumb\":{\"@id\":\"https:\/\/infoecos.com.ar\/index.php\/pampita-celebrara-su-cumpleanos-en-mexico-con-los-hijos-pero-sus-fotos-rompen-redes\/#breadcrumb\"},\"inLanguage\":\"es\",\"potentialAction\":[{\"@type\":\"ReadAction\",\"target\":[\"https:\/\/infoecos.com.ar\/index.php\/pampita-celebrara-su-cumpleanos-en-mexico-con-los-hijos-pero-sus-fotos-rompen-redes\/\"]}]},{\"@type\":\"ImageObject\",\"inLanguage\":\"es\",\"@id\":\"https:\/\/infoecos.com.ar\/index.php\/pampita-celebrara-su-cumpleanos-en-mexico-con-los-hijos-pero-sus-fotos-rompen-redes\/#primaryimage\",\"url\":\"https:\/\/infoecos.com.ar\/wp-content\/uploads\/2024\/01\/pampitaanteojos.jpg\",\"contentUrl\":\"https:\/\/infoecos.com.ar\/wp-content\/uploads\/2024\/01\/pampitaanteojos.jpg\",\"width\":476,\"height\":553},{\"@type\":\"BreadcrumbList\",\"@id\":\"https:\/\/infoecos.com.ar\/index.php\/pampita-celebrara-su-cumpleanos-en-mexico-con-los-hijos-pero-sus-fotos-rompen-redes\/#breadcrumb\",\"itemListElement\":[{\"@type\":\"ListItem\",\"position\":1,\"name\":\"Portada\",\"item\":\"https:\/\/infoecos.com.ar\/\"},{\"@type\":\"ListItem\",\"position\":2,\"name\":\"Pampita celebrar\u00e1 su cumplea\u00f1os en M\u00e9xico con los hijos, pero sus fotos \u00abrompen\u00bb redes\"}]},{\"@type\":\"WebSite\",\"@id\":\"https:\/\/infoecos.com.ar\/#website\",\"url\":\"https:\/\/infoecos.com.ar\/\",\"name\":\"Infoecos\",\"description\":\"Noticias de trenque lauquen y la zona\",\"publisher\":{\"@id\":\"https:\/\/infoecos.com.ar\/#organization\"},\"alternateName\":\"Noticias\",\"potentialAction\":[{\"@type\":\"SearchAction\",\"target\":{\"@type\":\"EntryPoint\",\"urlTemplate\":\"https:\/\/infoecos.com.ar\/?s={search_term_string}\"},\"query-input\":{\"@type\":\"PropertyValueSpecification\",\"valueRequired\":true,\"valueName\":\"search_term_string\"}}],\"inLanguage\":\"es\"},{\"@type\":\"Organization\",\"@id\":\"https:\/\/infoecos.com.ar\/#organization\",\"name\":\"Infoecos\",\"alternateName\":\"Noticias\",\"url\":\"https:\/\/infoecos.com.ar\/\",\"logo\":{\"@type\":\"ImageObject\",\"inLanguage\":\"es\",\"@id\":\"https:\/\/infoecos.com.ar\/#\/schema\/logo\/image\/\",\"url\":\"https:\/\/infoecos.com.ar\/wp-content\/uploads\/2024\/03\/cropped-logo.png\",\"contentUrl\":\"https:\/\/infoecos.com.ar\/wp-content\/uploads\/2024\/03\/cropped-logo.png\",\"width\":374,\"height\":90,\"caption\":\"Infoecos\"},\"image\":{\"@id\":\"https:\/\/infoecos.com.ar\/#\/schema\/logo\/image\/\"},\"sameAs\":[\"https:\/\/www.facebook.com\/profile.php?id=100063200290284\",\"https:\/\/x.com\/infoecos\"]},{\"@type\":\"Person\",\"@id\":\"https:\/\/infoecos.com.ar\/#\/schema\/person\/8f5ace5ce73b4b4aac4b7245aee6f191\",\"name\":\"Jorge Matheus\",\"url\":\"https:\/\/infoecos.com.ar\/index.php\/author\/jomatheus\/\"}]}<\/script>\n<!-- \/ Yoast SEO plugin. -->","yoast_head_json":{"title":"Pampita celebrar\u00e1 su cumplea\u00f1os en M\u00e9xico con los hijos, pero sus fotos \"rompen\" redes - Infoecos","robots":{"index":"index","follow":"follow","max-snippet":"max-snippet:-1","max-image-preview":"max-image-preview:large","max-video-preview":"max-video-preview:-1"},"canonical":"https:\/\/infoecos.com.ar\/index.php\/pampita-celebrara-su-cumpleanos-en-mexico-con-los-hijos-pero-sus-fotos-rompen-redes\/","og_locale":"es_ES","og_type":"article","og_title":"Pampita celebrar\u00e1 su cumplea\u00f1os en M\u00e9xico con los hijos, pero sus fotos \"rompen\" redes - Infoecos","og_description":"Dos galer\u00edas de fotos. Alojada en un exclusivo resort, Pampita supervisa los juegos de sus hijos en el agua y\u00a0registra con divertidos videos cada paso que da Ana, su hija con Morit\u00e1n\u00a0que ya tiene dos a\u00f1os y medio","og_url":"https:\/\/infoecos.com.ar\/index.php\/pampita-celebrara-su-cumpleanos-en-mexico-con-los-hijos-pero-sus-fotos-rompen-redes\/","og_site_name":"Infoecos","article_publisher":"https:\/\/www.facebook.com\/profile.php?id=100063200290284","article_published_time":"2024-01-14T14:12:55+00:00","article_modified_time":"2024-01-16T15:14:31+00:00","og_image":[{"width":476,"height":553,"url":"https:\/\/infoecos.com.ar\/wp-content\/uploads\/2024\/01\/pampitaanteojos.jpg","type":"image\/jpeg"}],"author":"Jorge Matheus","twitter_card":"summary_large_image","twitter_creator":"@infoecos","twitter_site":"@infoecos","twitter_misc":{"Escrito por":"Jorge Matheus","Tiempo de lectura":"3 minutos"},"schema":{"@context":"https:\/\/schema.org","@graph":[{"@type":"Article","@id":"https:\/\/infoecos.com.ar\/index.php\/pampita-celebrara-su-cumpleanos-en-mexico-con-los-hijos-pero-sus-fotos-rompen-redes\/#article","isPartOf":{"@id":"https:\/\/infoecos.com.ar\/index.php\/pampita-celebrara-su-cumpleanos-en-mexico-con-los-hijos-pero-sus-fotos-rompen-redes\/"},"author":{"name":"Jorge Matheus","@id":"https:\/\/infoecos.com.ar\/#\/schema\/person\/8f5ace5ce73b4b4aac4b7245aee6f191"},"headline":"Pampita celebrar\u00e1 su cumplea\u00f1os en M\u00e9xico con los hijos, pero sus fotos \u00abrompen\u00bb redes","datePublished":"2024-01-14T14:12:55+00:00","dateModified":"2024-01-16T15:14:31+00:00","mainEntityOfPage":{"@id":"https:\/\/infoecos.com.ar\/index.php\/pampita-celebrara-su-cumpleanos-en-mexico-con-los-hijos-pero-sus-fotos-rompen-redes\/"},"wordCount":150,"publisher":{"@id":"https:\/\/infoecos.com.ar\/#organization"},"image":{"@id":"https:\/\/infoecos.com.ar\/index.php\/pampita-celebrara-su-cumpleanos-en-mexico-con-los-hijos-pero-sus-fotos-rompen-redes\/#primaryimage"},"thumbnailUrl":"https:\/\/infoecos.com.ar\/wp-content\/uploads\/2024\/01\/pampitaanteojos.jpg","keywords":["espect\u00e1culos"],"articleSection":["Bloque inferior - 6"],"inLanguage":"es"},{"@type":"WebPage","@id":"https:\/\/infoecos.com.ar\/index.php\/pampita-celebrara-su-cumpleanos-en-mexico-con-los-hijos-pero-sus-fotos-rompen-redes\/","url":"https:\/\/infoecos.com.ar\/index.php\/pampita-celebrara-su-cumpleanos-en-mexico-con-los-hijos-pero-sus-fotos-rompen-redes\/","name":"Pampita celebrar\u00e1 su cumplea\u00f1os en M\u00e9xico con los hijos, pero sus fotos \"rompen\" redes - Infoecos","isPartOf":{"@id":"https:\/\/infoecos.com.ar\/#website"},"primaryImageOfPage":{"@id":"https:\/\/infoecos.com.ar\/index.php\/pampita-celebrara-su-cumpleanos-en-mexico-con-los-hijos-pero-sus-fotos-rompen-redes\/#primaryimage"},"image":{"@id":"https:\/\/infoecos.com.ar\/index.php\/pampita-celebrara-su-cumpleanos-en-mexico-con-los-hijos-pero-sus-fotos-rompen-redes\/#primaryimage"},"thumbnailUrl":"https:\/\/infoecos.com.ar\/wp-content\/uploads\/2024\/01\/pampitaanteojos.jpg","datePublished":"2024-01-14T14:12:55+00:00","dateModified":"2024-01-16T15:14:31+00:00","breadcrumb":{"@id":"https:\/\/infoecos.com.ar\/index.php\/pampita-celebrara-su-cumpleanos-en-mexico-con-los-hijos-pero-sus-fotos-rompen-redes\/#breadcrumb"},"inLanguage":"es","potentialAction":[{"@type":"ReadAction","target":["https:\/\/infoecos.com.ar\/index.php\/pampita-celebrara-su-cumpleanos-en-mexico-con-los-hijos-pero-sus-fotos-rompen-redes\/"]}]},{"@type":"ImageObject","inLanguage":"es","@id":"https:\/\/infoecos.com.ar\/index.php\/pampita-celebrara-su-cumpleanos-en-mexico-con-los-hijos-pero-sus-fotos-rompen-redes\/#primaryimage","url":"https:\/\/infoecos.com.ar\/wp-content\/uploads\/2024\/01\/pampitaanteojos.jpg","contentUrl":"https:\/\/infoecos.com.ar\/wp-content\/uploads\/2024\/01\/pampitaanteojos.jpg","width":476,"height":553},{"@type":"BreadcrumbList","@id":"https:\/\/infoecos.com.ar\/index.php\/pampita-celebrara-su-cumpleanos-en-mexico-con-los-hijos-pero-sus-fotos-rompen-redes\/#breadcrumb","itemListElement":[{"@type":"ListItem","position":1,"name":"Portada","item":"https:\/\/infoecos.com.ar\/"},{"@type":"ListItem","position":2,"name":"Pampita celebrar\u00e1 su cumplea\u00f1os en M\u00e9xico con los hijos, pero sus fotos \u00abrompen\u00bb redes"}]},{"@type":"WebSite","@id":"https:\/\/infoecos.com.ar\/#website","url":"https:\/\/infoecos.com.ar\/","name":"Infoecos","description":"Noticias de trenque lauquen y la zona","publisher":{"@id":"https:\/\/infoecos.com.ar\/#organization"},"alternateName":"Noticias","potentialAction":[{"@type":"SearchAction","target":{"@type":"EntryPoint","urlTemplate":"https:\/\/infoecos.com.ar\/?s={search_term_string}"},"query-input":{"@type":"PropertyValueSpecification","valueRequired":true,"valueName":"search_term_string"}}],"inLanguage":"es"},{"@type":"Organization","@id":"https:\/\/infoecos.com.ar\/#organization","name":"Infoecos","alternateName":"Noticias","url":"https:\/\/infoecos.com.ar\/","logo":{"@type":"ImageObject","inLanguage":"es","@id":"https:\/\/infoecos.com.ar\/#\/schema\/logo\/image\/","url":"https:\/\/infoecos.com.ar\/wp-content\/uploads\/2024\/03\/cropped-logo.png","contentUrl":"https:\/\/infoecos.com.ar\/wp-content\/uploads\/2024\/03\/cropped-logo.png","width":374,"height":90,"caption":"Infoecos"},"image":{"@id":"https:\/\/infoecos.com.ar\/#\/schema\/logo\/image\/"},"sameAs":["https:\/\/www.facebook.com\/profile.php?id=100063200290284","https:\/\/x.com\/infoecos"]},{"@type":"Person","@id":"https:\/\/infoecos.com.ar\/#\/schema\/person\/8f5ace5ce73b4b4aac4b7245aee6f191","name":"Jorge Matheus","url":"https:\/\/infoecos.com.ar\/index.php\/author\/jomatheus\/"}]}},"featured_image_urls":{"full":["https:\/\/infoecos.com.ar\/wp-content\/uploads\/2024\/01\/pampitaanteojos.jpg",476,553,false],"thumbnail":["https:\/\/infoecos.com.ar\/wp-content\/uploads\/2024\/01\/pampitaanteojos-300x150.jpg",300,150,true],"medium":["https:\/\/infoecos.com.ar\/wp-content\/uploads\/2024\/01\/pampitaanteojos.jpg",476,553,false],"medium_large":["https:\/\/infoecos.com.ar\/wp-content\/uploads\/2024\/01\/pampitaanteojos.jpg",476,553,false],"large":["https:\/\/infoecos.com.ar\/wp-content\/uploads\/2024\/01\/pampitaanteojos.jpg",476,553,false],"1536x1536":["https:\/\/infoecos.com.ar\/wp-content\/uploads\/2024\/01\/pampitaanteojos.jpg",476,553,false],"2048x2048":["https:\/\/infoecos.com.ar\/wp-content\/uploads\/2024\/01\/pampitaanteojos.jpg",476,553,false],"covernews-slider-full":["https:\/\/infoecos.com.ar\/wp-content\/uploads\/2024\/01\/pampitaanteojos.jpg",476,553,false],"covernews-slider-center":["https:\/\/infoecos.com.ar\/wp-content\/uploads\/2024\/01\/pampitaanteojos.jpg",430,500,false],"covernews-featured":["https:\/\/infoecos.com.ar\/wp-content\/uploads\/2024\/01\/pampitaanteojos.jpg",476,553,false],"covernews-medium":["https:\/\/infoecos.com.ar\/wp-content\/uploads\/2024\/01\/pampitaanteojos-476x380.jpg",426,340,true],"covernews-medium-square":["https:\/\/infoecos.com.ar\/wp-content\/uploads\/2024\/01\/pampitaanteojos-476x450.jpg",264,250,true]},"author_info":{"info":["Jorge Matheus"]},"category_info":"<a href=\"https:\/\/infoecos.com.ar\/index.php\/category\/inferior6\/\" rel=\"category tag\">Bloque inferior - 6<\/a>","tag_info":"Bloque inferior - 6","comment_count":"0","_links":{"self":[{"href":"https:\/\/infoecos.com.ar\/index.php\/wp-json\/wp\/v2\/posts\/117444"}],"collection":[{"href":"https:\/\/infoecos.com.ar\/index.php\/wp-json\/wp\/v2\/posts"}],"about":[{"href":"https:\/\/infoecos.com.ar\/index.php\/wp-json\/wp\/v2\/types\/post"}],"author":[{"embeddable":true,"href":"https:\/\/infoecos.com.ar\/index.php\/wp-json\/wp\/v2\/users\/2"}],"replies":[{"embeddable":true,"href":"https:\/\/infoecos.com.ar\/index.php\/wp-json\/wp\/v2\/comments?post=117444"}],"version-history":[{"count":2,"href":"https:\/\/infoecos.com.ar\/index.php\/wp-json\/wp\/v2\/posts\/117444\/revisions"}],"predecessor-version":[{"id":117551,"href":"https:\/\/infoecos.com.ar\/index.php\/wp-json\/wp\/v2\/posts\/117444\/revisions\/117551"}],"wp:featuredmedia":[{"embeddable":true,"href":"https:\/\/infoecos.com.ar\/index.php\/wp-json\/wp\/v2\/media\/117456"}],"wp:attachment":[{"href":"https:\/\/infoecos.com.ar\/index.php\/wp-json\/wp\/v2\/media?parent=117444"}],"wp:term":[{"taxonomy":"category","embeddable":true,"href":"https:\/\/infoecos.com.ar\/index.php\/wp-json\/wp\/v2\/categories?post=117444"},{"taxonomy":"post_tag","embeddable":true,"href":"https:\/\/infoecos.com.ar\/index.php\/wp-json\/wp\/v2\/tags?post=117444"}],"curies":[{"name":"wp","href":"https:\/\/api.w.org\/{rel}","templated":true}]}}