{"id":117466,"date":"2024-01-14T13:52:51","date_gmt":"2024-01-14T16:52:51","guid":{"rendered":"https:\/\/infoecos.com.ar\/?p=117466"},"modified":"2024-01-16T13:18:08","modified_gmt":"2024-01-16T16:18:08","slug":"segun-came-los-agroalimentos-se-multiplicaron-por-35-veces-del-campo-a-la-gondola","status":"publish","type":"post","link":"https:\/\/infoecos.com.ar\/index.php\/segun-came-los-agroalimentos-se-multiplicaron-por-35-veces-del-campo-a-la-gondola\/","title":{"rendered":"Seg\u00fan CAME los agroalimentos se multiplicaron por 3,5 veces"},"content":{"rendered":"\n<p>Seg\u00fan el&nbsp;<strong>\u00cdndice de Precios en Origen y Destino (IPOD) elaborado por el sector de Econom\u00edas Regionales de la Confederaci\u00f3n Argentina de la Mediana Empresa (CAME)<\/strong>, en diciembre los precios de los agroalimentos se multiplicaron por 3,5 veces del campo (origen) a la g\u00f3ndola (destino). Es decir, el consumidor pag\u00f3 $ 3,5 por cada $ 1 que recibi\u00f3 el productor.<\/p>\n\n\n\n<p>En promedio, la participaci\u00f3n del productor explic\u00f3 el 26,3% de los precios de venta final. La mayor participaci\u00f3n la tuvieron los productores de&nbsp;<strong>frutilla<\/strong>&nbsp;(52%), mientras que la menor fue para los de&nbsp;<strong>manzana roja<\/strong>&nbsp;(11%).<\/p>\n\n\n\n<figure class=\"wp-block-image aligncenter\"><img decoding=\"async\" src=\"https:\/\/ci3.googleusercontent.com\/meips\/ADKq_NbObtPiFh1BsS9quC0-FriMVvOTrS3iAgbz5cMRm3zn2cA7O_8S4eIdFKGFyRAVPLEhghmbz9VJw9zoPGbtJT6AesDmG9615p3ZtNWave3_KjYmaGXe1c5BS6S8z2B8u76bjyeM3bgnzj9tCRSoZMRmX0nkbKS0UUD-D1Mmcx146s_1SlE=s0-d-e1-ft#https:\/\/mailprensa.came.org.ar\/data\/1899c60d3e88c767f20949a98d5003460b14bf85\/media_files\/665\/original\/image.png\" alt=\"\"\/><\/figure>\n\n\n\n<p><strong>La brecha en los productos frutihort\u00edcolas y en los ganaderos<\/strong><\/p>\n\n\n\n<p><strong>IPOD frutihort\u00edcola:<\/strong>&nbsp;del campo a la g\u00f3ndola, los precios de las 19 frutas y hortalizas que integran la canasta IPOD se multiplicaron por&nbsp;<strong>4,7 veces en diciembre.<\/strong><\/p>\n\n\n\n<p><strong>IPOD ganadero:<\/strong>&nbsp;por los cinco productos y subproductos ganaderos que componen la canasta IPOD el consumidor abon\u00f3&nbsp;<strong>3,1 veces<\/strong>&nbsp;<strong>m\u00e1s<\/strong>&nbsp;de lo que recibi\u00f3 el productor.<\/p>\n\n\n\n<p><strong>Mayores y menores brechas IPOD de diciembre<\/strong><\/p>\n\n\n\n<p><strong>1. Productos con mayores brechas IPOD mensuales.<\/strong><\/p>\n\n\n\n<p>La&nbsp;<strong>manzana roja<\/strong>&nbsp;(9 veces), la&nbsp;<strong>pera<\/strong>&nbsp;(7,2), la&nbsp;<strong>cebolla<\/strong>&nbsp;(6,8), el&nbsp;<strong>zapallito<\/strong>&nbsp;(6,5) y el&nbsp;<strong>lim\u00f3n<\/strong>&nbsp;(6,4) fueron los cinco productos que presentaron mayores diferencias entre los precios de origen y de destino.<\/p>\n\n\n\n<p>La&nbsp;<strong>manzana roja<\/strong>&nbsp;fue el alimento con mayor brecha entre el productor y el consumidor. Sus precios subieron tanto en origen (1,5%) como en destino (20%).<\/p>\n\n\n\n<p>En el caso de la&nbsp;<strong>pera<\/strong>&nbsp;se registr\u00f3 una suba del 55,1% en los precios al productor, mientras que al consumidor se incrementaron un 45%. El aumento en origen se debi\u00f3 a una actualizaci\u00f3n&nbsp;por suba de costos en las c\u00e1maras de fr\u00edo, acopio y log\u00edstica.<\/p>\n\n\n\n<p>La&nbsp;<strong>cebolla<\/strong>&nbsp;present\u00f3 subas en los dos extremos de la cadena de valor: 41,2% en origen, mientras que en destino se increment\u00f3 un 16%. Esta suba de origen se dio por una disminuci\u00f3n en la oferta, en parte por lluvias en pa\u00edses exportadores como Brasil.<\/p>\n\n\n\n<p>Otro fue el caso del&nbsp;<strong>zapallito<\/strong>, donde se observ\u00f3 una suba mensual del 16,7% en origen, mientras que en g\u00f3ndola tuvo una disminuci\u00f3n del 2% por la no convalidaci\u00f3n de los precios por parte de los consumidores.<\/p>\n\n\n\n<p>Por \u00faltimo, el&nbsp;<strong>lim\u00f3n<\/strong>&nbsp;tuvo un aumento del 114,8% al productor&nbsp;\u2212por disminuci\u00f3n de oferta, fin de zafra\u2212&nbsp;y un 80% en g\u00f3ndola por mayores costos de fletes y, sobre todo, por un reacomodamiento de precios en el comercio minorista.<\/p>\n\n\n\n<figure class=\"wp-block-image aligncenter\"><img decoding=\"async\" src=\"https:\/\/ci3.googleusercontent.com\/meips\/ADKq_NYMS1QdJxhPdRLXym2b0ZNJ46uHJ2XgLF6RiMinUFKnoySrkf4F1sHdsgSmd8LXbYvgJMDS27B_aDP4LZZuUR_TzYLcZNCJ5GDoz43XiBLe3xEJTpOmcc22aZPXiIj9JnsXWJg6Ae3-debrmM1lY_huKz4DYUnzJZSDKessEA9w7wyhTno=s0-d-e1-ft#https:\/\/mailprensa.came.org.ar\/data\/1899c60d3e88c767f20949a98d5003460b14bf85\/media_files\/666\/original\/image.png\" alt=\"\"\/><\/figure>\n\n\n\n<p><strong>2. Productos con menores brechas IPOD mensuales.<\/strong><\/p>\n\n\n\n<p>Entre los productos que presentaron menor diferencia entre el precio que recibi\u00f3 el productor y el que pag\u00f3 el consumidor se encuentran cuatro frutihort\u00edcolas y uno de origen animal.<\/p>\n\n\n\n<p>Cabe destacar que los&nbsp;<strong>huevos<\/strong>&nbsp;(2 veces) y el&nbsp;<strong>pollo&nbsp;<\/strong>(2,6) tienen, en general, sistemas de producci\u00f3n integrados<strong>. Eso<\/strong>significa que todos los actores de sus respectivas cadenas de valor son parte del riesgo del negocio. Ambos productos subieron sus precios tanto al productor (27,3% y 50,9%, respectivamente) como al consumidor (18% y 33%, respectivamente).<\/p>\n\n\n\n<p>Por su parte, el&nbsp;<strong>tomate<\/strong>&nbsp;y la<strong>lechuga<\/strong>, los dos con una brecha campo-g\u00f3ndola de 2,8 veces, tuvieron distintos comportamientos. El primero aument\u00f3 su precio en origen (5,9%), mientras que en destino disminuyo 29%. El segundo&nbsp;present\u00f3 subas en los dos extremos de la cadena de valor: 11,4% (origen),&nbsp;\u2212los temporales ocurridos en Santa Fe generaron p\u00e9rdidas en la producci\u00f3n que impactaron en una baja de la oferta\u2212&nbsp;mientras que en destino se increment\u00f3 un 34%.<\/p>\n\n\n\n<p>Para finalizar, la&nbsp;<strong>frutilla<\/strong>&nbsp;(1,9 veces) subi\u00f3 51,7% en origen y 9% en destino, por m\u00e1xima oferta. Se ubic\u00f3 dentro de los productos con menor brecha IPOD mensual.<\/p>\n\n\n\n<figure class=\"wp-block-image\"><img decoding=\"async\" src=\"https:\/\/ci3.googleusercontent.com\/meips\/ADKq_NZcLmQJGIJFrsQ_Q4EXaQqJz_5KqmqgpCZlHeTiocfnJWtLk7T1farZn3SPJ87Bocvyv3BcEMe6UfFYvLdEgNRqflYTqLeX7GSExG3z85Kc4_IRsdf7sRSsMj_3yE7FqjPWtJRpu0kJkK8seyRxlDgy4A1m_FFLy096PIqZZGo2-yYfGCk=s0-d-e1-ft#https:\/\/mailprensa.came.org.ar\/data\/1899c60d3e88c767f20949a98d5003460b14bf85\/media_files\/667\/original\/image.png\" alt=\"\"\/><\/figure>\n\n\n\n<figure class=\"wp-block-image\"><img decoding=\"async\" src=\"https:\/\/ci3.googleusercontent.com\/meips\/ADKq_NaGBR1ffSYKRudlE5b7rboI1h1D02HSq8m3yaALuj3KmA8YY3XF-RFQmnCV_1JsxRykuze6NGIJK_L3OAUOE8943kesiN4OquebLQIBtUEFVc7wAmFbxa-MudAGdA9DiJ02bdr56zOi-VZDc0cW9HbKcPjXlfcessmcUqTxXhkqsGz2j4Y=s0-d-e1-ft#https:\/\/mailprensa.came.org.ar\/data\/1899c60d3e88c767f20949a98d5003460b14bf85\/media_files\/668\/original\/image.png\" alt=\"\"\/><\/figure>\n","protected":false},"excerpt":{"rendered":"<p>En promedio, la participaci\u00f3n del productor explic\u00f3 el 26,3% de los precios de venta final. La mayor participaci\u00f3n la tuvieron los productores de\u00a0frutilla\u00a0(52%), mientras que la menor fue para los de\u00a0manzana roja\u00a0(11%)<\/p>\n","protected":false},"author":2,"featured_media":117471,"comment_status":"closed","ping_status":"open","sticky":false,"template":"","format":"standard","meta":{"footnotes":""},"categories":[200],"tags":[9873],"class_list":["post-117466","post","type-post","status-publish","format-standard","has-post-thumbnail","hentry","category-inferior8","tag-del-campo-a-la-gondola"],"yoast_head":"<!-- This site is optimized with the Yoast SEO plugin v23.4 - https:\/\/yoast.com\/wordpress\/plugins\/seo\/ -->\n<title>Seg\u00fan CAME los agroalimentos se multiplicaron por 3,5 veces - Infoecos<\/title>\n<meta name=\"robots\" content=\"index, follow, max-snippet:-1, max-image-preview:large, max-video-preview:-1\" \/>\n<link rel=\"canonical\" href=\"https:\/\/infoecos.com.ar\/index.php\/segun-came-los-agroalimentos-se-multiplicaron-por-35-veces-del-campo-a-la-gondola\/\" \/>\n<meta property=\"og:locale\" content=\"es_ES\" \/>\n<meta property=\"og:type\" content=\"article\" \/>\n<meta property=\"og:title\" content=\"Seg\u00fan CAME los agroalimentos se multiplicaron por 3,5 veces - Infoecos\" \/>\n<meta property=\"og:description\" content=\"En promedio, la participaci\u00f3n del productor explic\u00f3 el 26,3% de los precios de venta final. La mayor participaci\u00f3n la tuvieron los productores de\u00a0frutilla\u00a0(52%), mientras que la menor fue para los de\u00a0manzana roja\u00a0(11%)\" \/>\n<meta property=\"og:url\" content=\"https:\/\/infoecos.com.ar\/index.php\/segun-came-los-agroalimentos-se-multiplicaron-por-35-veces-del-campo-a-la-gondola\/\" \/>\n<meta property=\"og:site_name\" content=\"Infoecos\" \/>\n<meta property=\"article:publisher\" content=\"https:\/\/www.facebook.com\/profile.php?id=100063200290284\" \/>\n<meta property=\"article:published_time\" content=\"2024-01-14T16:52:51+00:00\" \/>\n<meta property=\"article:modified_time\" content=\"2024-01-16T16:18:08+00:00\" \/>\n<meta property=\"og:image\" content=\"https:\/\/infoecos.com.ar\/wp-content\/uploads\/2024\/01\/manzanaultima.jpg\" \/>\n\t<meta property=\"og:image:width\" content=\"446\" \/>\n\t<meta property=\"og:image:height\" content=\"232\" \/>\n\t<meta property=\"og:image:type\" content=\"image\/jpeg\" \/>\n<meta name=\"author\" content=\"Jorge Matheus\" \/>\n<meta name=\"twitter:card\" content=\"summary_large_image\" \/>\n<meta name=\"twitter:creator\" content=\"@infoecos\" \/>\n<meta name=\"twitter:site\" content=\"@infoecos\" \/>\n<meta name=\"twitter:label1\" content=\"Escrito por\" \/>\n\t<meta name=\"twitter:data1\" content=\"Jorge Matheus\" \/>\n\t<meta name=\"twitter:label2\" content=\"Tiempo de lectura\" \/>\n\t<meta name=\"twitter:data2\" content=\"4 minutos\" \/>\n<script type=\"application\/ld+json\" class=\"yoast-schema-graph\">{\"@context\":\"https:\/\/schema.org\",\"@graph\":[{\"@type\":\"Article\",\"@id\":\"https:\/\/infoecos.com.ar\/index.php\/segun-came-los-agroalimentos-se-multiplicaron-por-35-veces-del-campo-a-la-gondola\/#article\",\"isPartOf\":{\"@id\":\"https:\/\/infoecos.com.ar\/index.php\/segun-came-los-agroalimentos-se-multiplicaron-por-35-veces-del-campo-a-la-gondola\/\"},\"author\":{\"name\":\"Jorge Matheus\",\"@id\":\"https:\/\/infoecos.com.ar\/#\/schema\/person\/8f5ace5ce73b4b4aac4b7245aee6f191\"},\"headline\":\"Seg\u00fan CAME los agroalimentos se multiplicaron por 3,5 veces\",\"datePublished\":\"2024-01-14T16:52:51+00:00\",\"dateModified\":\"2024-01-16T16:18:08+00:00\",\"mainEntityOfPage\":{\"@id\":\"https:\/\/infoecos.com.ar\/index.php\/segun-came-los-agroalimentos-se-multiplicaron-por-35-veces-del-campo-a-la-gondola\/\"},\"wordCount\":634,\"publisher\":{\"@id\":\"https:\/\/infoecos.com.ar\/#organization\"},\"image\":{\"@id\":\"https:\/\/infoecos.com.ar\/index.php\/segun-came-los-agroalimentos-se-multiplicaron-por-35-veces-del-campo-a-la-gondola\/#primaryimage\"},\"thumbnailUrl\":\"https:\/\/infoecos.com.ar\/wp-content\/uploads\/2024\/01\/manzanaultima.jpg\",\"keywords\":[\"del campo a la g\u00f3ndola\"],\"articleSection\":[\"Bloque inferior - 8\"],\"inLanguage\":\"es\"},{\"@type\":\"WebPage\",\"@id\":\"https:\/\/infoecos.com.ar\/index.php\/segun-came-los-agroalimentos-se-multiplicaron-por-35-veces-del-campo-a-la-gondola\/\",\"url\":\"https:\/\/infoecos.com.ar\/index.php\/segun-came-los-agroalimentos-se-multiplicaron-por-35-veces-del-campo-a-la-gondola\/\",\"name\":\"Seg\u00fan CAME los agroalimentos se multiplicaron por 3,5 veces - Infoecos\",\"isPartOf\":{\"@id\":\"https:\/\/infoecos.com.ar\/#website\"},\"primaryImageOfPage\":{\"@id\":\"https:\/\/infoecos.com.ar\/index.php\/segun-came-los-agroalimentos-se-multiplicaron-por-35-veces-del-campo-a-la-gondola\/#primaryimage\"},\"image\":{\"@id\":\"https:\/\/infoecos.com.ar\/index.php\/segun-came-los-agroalimentos-se-multiplicaron-por-35-veces-del-campo-a-la-gondola\/#primaryimage\"},\"thumbnailUrl\":\"https:\/\/infoecos.com.ar\/wp-content\/uploads\/2024\/01\/manzanaultima.jpg\",\"datePublished\":\"2024-01-14T16:52:51+00:00\",\"dateModified\":\"2024-01-16T16:18:08+00:00\",\"breadcrumb\":{\"@id\":\"https:\/\/infoecos.com.ar\/index.php\/segun-came-los-agroalimentos-se-multiplicaron-por-35-veces-del-campo-a-la-gondola\/#breadcrumb\"},\"inLanguage\":\"es\",\"potentialAction\":[{\"@type\":\"ReadAction\",\"target\":[\"https:\/\/infoecos.com.ar\/index.php\/segun-came-los-agroalimentos-se-multiplicaron-por-35-veces-del-campo-a-la-gondola\/\"]}]},{\"@type\":\"ImageObject\",\"inLanguage\":\"es\",\"@id\":\"https:\/\/infoecos.com.ar\/index.php\/segun-came-los-agroalimentos-se-multiplicaron-por-35-veces-del-campo-a-la-gondola\/#primaryimage\",\"url\":\"https:\/\/infoecos.com.ar\/wp-content\/uploads\/2024\/01\/manzanaultima.jpg\",\"contentUrl\":\"https:\/\/infoecos.com.ar\/wp-content\/uploads\/2024\/01\/manzanaultima.jpg\",\"width\":446,\"height\":232},{\"@type\":\"BreadcrumbList\",\"@id\":\"https:\/\/infoecos.com.ar\/index.php\/segun-came-los-agroalimentos-se-multiplicaron-por-35-veces-del-campo-a-la-gondola\/#breadcrumb\",\"itemListElement\":[{\"@type\":\"ListItem\",\"position\":1,\"name\":\"Portada\",\"item\":\"https:\/\/infoecos.com.ar\/\"},{\"@type\":\"ListItem\",\"position\":2,\"name\":\"Seg\u00fan CAME los agroalimentos se multiplicaron por 3,5 veces\"}]},{\"@type\":\"WebSite\",\"@id\":\"https:\/\/infoecos.com.ar\/#website\",\"url\":\"https:\/\/infoecos.com.ar\/\",\"name\":\"Infoecos\",\"description\":\"Noticias de trenque lauquen y la zona\",\"publisher\":{\"@id\":\"https:\/\/infoecos.com.ar\/#organization\"},\"alternateName\":\"Noticias\",\"potentialAction\":[{\"@type\":\"SearchAction\",\"target\":{\"@type\":\"EntryPoint\",\"urlTemplate\":\"https:\/\/infoecos.com.ar\/?s={search_term_string}\"},\"query-input\":{\"@type\":\"PropertyValueSpecification\",\"valueRequired\":true,\"valueName\":\"search_term_string\"}}],\"inLanguage\":\"es\"},{\"@type\":\"Organization\",\"@id\":\"https:\/\/infoecos.com.ar\/#organization\",\"name\":\"Infoecos\",\"alternateName\":\"Noticias\",\"url\":\"https:\/\/infoecos.com.ar\/\",\"logo\":{\"@type\":\"ImageObject\",\"inLanguage\":\"es\",\"@id\":\"https:\/\/infoecos.com.ar\/#\/schema\/logo\/image\/\",\"url\":\"https:\/\/infoecos.com.ar\/wp-content\/uploads\/2024\/03\/cropped-logo.png\",\"contentUrl\":\"https:\/\/infoecos.com.ar\/wp-content\/uploads\/2024\/03\/cropped-logo.png\",\"width\":374,\"height\":90,\"caption\":\"Infoecos\"},\"image\":{\"@id\":\"https:\/\/infoecos.com.ar\/#\/schema\/logo\/image\/\"},\"sameAs\":[\"https:\/\/www.facebook.com\/profile.php?id=100063200290284\",\"https:\/\/x.com\/infoecos\"]},{\"@type\":\"Person\",\"@id\":\"https:\/\/infoecos.com.ar\/#\/schema\/person\/8f5ace5ce73b4b4aac4b7245aee6f191\",\"name\":\"Jorge Matheus\",\"url\":\"https:\/\/infoecos.com.ar\/index.php\/author\/jomatheus\/\"}]}<\/script>\n<!-- \/ Yoast SEO plugin. -->","yoast_head_json":{"title":"Seg\u00fan CAME los agroalimentos se multiplicaron por 3,5 veces - Infoecos","robots":{"index":"index","follow":"follow","max-snippet":"max-snippet:-1","max-image-preview":"max-image-preview:large","max-video-preview":"max-video-preview:-1"},"canonical":"https:\/\/infoecos.com.ar\/index.php\/segun-came-los-agroalimentos-se-multiplicaron-por-35-veces-del-campo-a-la-gondola\/","og_locale":"es_ES","og_type":"article","og_title":"Seg\u00fan CAME los agroalimentos se multiplicaron por 3,5 veces - Infoecos","og_description":"En promedio, la participaci\u00f3n del productor explic\u00f3 el 26,3% de los precios de venta final. La mayor participaci\u00f3n la tuvieron los productores de\u00a0frutilla\u00a0(52%), mientras que la menor fue para los de\u00a0manzana roja\u00a0(11%)","og_url":"https:\/\/infoecos.com.ar\/index.php\/segun-came-los-agroalimentos-se-multiplicaron-por-35-veces-del-campo-a-la-gondola\/","og_site_name":"Infoecos","article_publisher":"https:\/\/www.facebook.com\/profile.php?id=100063200290284","article_published_time":"2024-01-14T16:52:51+00:00","article_modified_time":"2024-01-16T16:18:08+00:00","og_image":[{"width":446,"height":232,"url":"https:\/\/infoecos.com.ar\/wp-content\/uploads\/2024\/01\/manzanaultima.jpg","type":"image\/jpeg"}],"author":"Jorge Matheus","twitter_card":"summary_large_image","twitter_creator":"@infoecos","twitter_site":"@infoecos","twitter_misc":{"Escrito por":"Jorge Matheus","Tiempo de lectura":"4 minutos"},"schema":{"@context":"https:\/\/schema.org","@graph":[{"@type":"Article","@id":"https:\/\/infoecos.com.ar\/index.php\/segun-came-los-agroalimentos-se-multiplicaron-por-35-veces-del-campo-a-la-gondola\/#article","isPartOf":{"@id":"https:\/\/infoecos.com.ar\/index.php\/segun-came-los-agroalimentos-se-multiplicaron-por-35-veces-del-campo-a-la-gondola\/"},"author":{"name":"Jorge Matheus","@id":"https:\/\/infoecos.com.ar\/#\/schema\/person\/8f5ace5ce73b4b4aac4b7245aee6f191"},"headline":"Seg\u00fan CAME los agroalimentos se multiplicaron por 3,5 veces","datePublished":"2024-01-14T16:52:51+00:00","dateModified":"2024-01-16T16:18:08+00:00","mainEntityOfPage":{"@id":"https:\/\/infoecos.com.ar\/index.php\/segun-came-los-agroalimentos-se-multiplicaron-por-35-veces-del-campo-a-la-gondola\/"},"wordCount":634,"publisher":{"@id":"https:\/\/infoecos.com.ar\/#organization"},"image":{"@id":"https:\/\/infoecos.com.ar\/index.php\/segun-came-los-agroalimentos-se-multiplicaron-por-35-veces-del-campo-a-la-gondola\/#primaryimage"},"thumbnailUrl":"https:\/\/infoecos.com.ar\/wp-content\/uploads\/2024\/01\/manzanaultima.jpg","keywords":["del campo a la g\u00f3ndola"],"articleSection":["Bloque inferior - 8"],"inLanguage":"es"},{"@type":"WebPage","@id":"https:\/\/infoecos.com.ar\/index.php\/segun-came-los-agroalimentos-se-multiplicaron-por-35-veces-del-campo-a-la-gondola\/","url":"https:\/\/infoecos.com.ar\/index.php\/segun-came-los-agroalimentos-se-multiplicaron-por-35-veces-del-campo-a-la-gondola\/","name":"Seg\u00fan CAME los agroalimentos se multiplicaron por 3,5 veces - Infoecos","isPartOf":{"@id":"https:\/\/infoecos.com.ar\/#website"},"primaryImageOfPage":{"@id":"https:\/\/infoecos.com.ar\/index.php\/segun-came-los-agroalimentos-se-multiplicaron-por-35-veces-del-campo-a-la-gondola\/#primaryimage"},"image":{"@id":"https:\/\/infoecos.com.ar\/index.php\/segun-came-los-agroalimentos-se-multiplicaron-por-35-veces-del-campo-a-la-gondola\/#primaryimage"},"thumbnailUrl":"https:\/\/infoecos.com.ar\/wp-content\/uploads\/2024\/01\/manzanaultima.jpg","datePublished":"2024-01-14T16:52:51+00:00","dateModified":"2024-01-16T16:18:08+00:00","breadcrumb":{"@id":"https:\/\/infoecos.com.ar\/index.php\/segun-came-los-agroalimentos-se-multiplicaron-por-35-veces-del-campo-a-la-gondola\/#breadcrumb"},"inLanguage":"es","potentialAction":[{"@type":"ReadAction","target":["https:\/\/infoecos.com.ar\/index.php\/segun-came-los-agroalimentos-se-multiplicaron-por-35-veces-del-campo-a-la-gondola\/"]}]},{"@type":"ImageObject","inLanguage":"es","@id":"https:\/\/infoecos.com.ar\/index.php\/segun-came-los-agroalimentos-se-multiplicaron-por-35-veces-del-campo-a-la-gondola\/#primaryimage","url":"https:\/\/infoecos.com.ar\/wp-content\/uploads\/2024\/01\/manzanaultima.jpg","contentUrl":"https:\/\/infoecos.com.ar\/wp-content\/uploads\/2024\/01\/manzanaultima.jpg","width":446,"height":232},{"@type":"BreadcrumbList","@id":"https:\/\/infoecos.com.ar\/index.php\/segun-came-los-agroalimentos-se-multiplicaron-por-35-veces-del-campo-a-la-gondola\/#breadcrumb","itemListElement":[{"@type":"ListItem","position":1,"name":"Portada","item":"https:\/\/infoecos.com.ar\/"},{"@type":"ListItem","position":2,"name":"Seg\u00fan CAME los agroalimentos se multiplicaron por 3,5 veces"}]},{"@type":"WebSite","@id":"https:\/\/infoecos.com.ar\/#website","url":"https:\/\/infoecos.com.ar\/","name":"Infoecos","description":"Noticias de trenque lauquen y la zona","publisher":{"@id":"https:\/\/infoecos.com.ar\/#organization"},"alternateName":"Noticias","potentialAction":[{"@type":"SearchAction","target":{"@type":"EntryPoint","urlTemplate":"https:\/\/infoecos.com.ar\/?s={search_term_string}"},"query-input":{"@type":"PropertyValueSpecification","valueRequired":true,"valueName":"search_term_string"}}],"inLanguage":"es"},{"@type":"Organization","@id":"https:\/\/infoecos.com.ar\/#organization","name":"Infoecos","alternateName":"Noticias","url":"https:\/\/infoecos.com.ar\/","logo":{"@type":"ImageObject","inLanguage":"es","@id":"https:\/\/infoecos.com.ar\/#\/schema\/logo\/image\/","url":"https:\/\/infoecos.com.ar\/wp-content\/uploads\/2024\/03\/cropped-logo.png","contentUrl":"https:\/\/infoecos.com.ar\/wp-content\/uploads\/2024\/03\/cropped-logo.png","width":374,"height":90,"caption":"Infoecos"},"image":{"@id":"https:\/\/infoecos.com.ar\/#\/schema\/logo\/image\/"},"sameAs":["https:\/\/www.facebook.com\/profile.php?id=100063200290284","https:\/\/x.com\/infoecos"]},{"@type":"Person","@id":"https:\/\/infoecos.com.ar\/#\/schema\/person\/8f5ace5ce73b4b4aac4b7245aee6f191","name":"Jorge Matheus","url":"https:\/\/infoecos.com.ar\/index.php\/author\/jomatheus\/"}]}},"featured_image_urls":{"full":["https:\/\/infoecos.com.ar\/wp-content\/uploads\/2024\/01\/manzanaultima.jpg",446,232,false],"thumbnail":["https:\/\/infoecos.com.ar\/wp-content\/uploads\/2024\/01\/manzanaultima-300x150.jpg",300,150,true],"medium":["https:\/\/infoecos.com.ar\/wp-content\/uploads\/2024\/01\/manzanaultima.jpg",446,232,false],"medium_large":["https:\/\/infoecos.com.ar\/wp-content\/uploads\/2024\/01\/manzanaultima.jpg",446,232,false],"large":["https:\/\/infoecos.com.ar\/wp-content\/uploads\/2024\/01\/manzanaultima.jpg",446,232,false],"1536x1536":["https:\/\/infoecos.com.ar\/wp-content\/uploads\/2024\/01\/manzanaultima.jpg",446,232,false],"2048x2048":["https:\/\/infoecos.com.ar\/wp-content\/uploads\/2024\/01\/manzanaultima.jpg",446,232,false],"covernews-slider-full":["https:\/\/infoecos.com.ar\/wp-content\/uploads\/2024\/01\/manzanaultima.jpg",446,232,false],"covernews-slider-center":["https:\/\/infoecos.com.ar\/wp-content\/uploads\/2024\/01\/manzanaultima.jpg",446,232,false],"covernews-featured":["https:\/\/infoecos.com.ar\/wp-content\/uploads\/2024\/01\/manzanaultima.jpg",446,232,false],"covernews-medium":["https:\/\/infoecos.com.ar\/wp-content\/uploads\/2024\/01\/manzanaultima.jpg",446,232,false],"covernews-medium-square":["https:\/\/infoecos.com.ar\/wp-content\/uploads\/2024\/01\/manzanaultima.jpg",400,208,false]},"author_info":{"info":["Jorge Matheus"]},"category_info":"<a href=\"https:\/\/infoecos.com.ar\/index.php\/category\/inferior8\/\" rel=\"category tag\">Bloque inferior - 8<\/a>","tag_info":"Bloque inferior - 8","comment_count":"0","_links":{"self":[{"href":"https:\/\/infoecos.com.ar\/index.php\/wp-json\/wp\/v2\/posts\/117466"}],"collection":[{"href":"https:\/\/infoecos.com.ar\/index.php\/wp-json\/wp\/v2\/posts"}],"about":[{"href":"https:\/\/infoecos.com.ar\/index.php\/wp-json\/wp\/v2\/types\/post"}],"author":[{"embeddable":true,"href":"https:\/\/infoecos.com.ar\/index.php\/wp-json\/wp\/v2\/users\/2"}],"replies":[{"embeddable":true,"href":"https:\/\/infoecos.com.ar\/index.php\/wp-json\/wp\/v2\/comments?post=117466"}],"version-history":[{"count":2,"href":"https:\/\/infoecos.com.ar\/index.php\/wp-json\/wp\/v2\/posts\/117466\/revisions"}],"predecessor-version":[{"id":117469,"href":"https:\/\/infoecos.com.ar\/index.php\/wp-json\/wp\/v2\/posts\/117466\/revisions\/117469"}],"wp:featuredmedia":[{"embeddable":true,"href":"https:\/\/infoecos.com.ar\/index.php\/wp-json\/wp\/v2\/media\/117471"}],"wp:attachment":[{"href":"https:\/\/infoecos.com.ar\/index.php\/wp-json\/wp\/v2\/media?parent=117466"}],"wp:term":[{"taxonomy":"category","embeddable":true,"href":"https:\/\/infoecos.com.ar\/index.php\/wp-json\/wp\/v2\/categories?post=117466"},{"taxonomy":"post_tag","embeddable":true,"href":"https:\/\/infoecos.com.ar\/index.php\/wp-json\/wp\/v2\/tags?post=117466"}],"curies":[{"name":"wp","href":"https:\/\/api.w.org\/{rel}","templated":true}]}}