{"id":117509,"date":"2024-01-15T20:32:38","date_gmt":"2024-01-15T23:32:38","guid":{"rendered":"https:\/\/infoecos.com.ar\/?p=117509"},"modified":"2024-01-18T18:39:52","modified_gmt":"2024-01-18T21:39:52","slug":"recoulat-con-solidez-y-vocacion-de-dialogo-se-refirio-al-primer-mes-de-gestion-en-t-lauquen","status":"publish","type":"post","link":"https:\/\/infoecos.com.ar\/index.php\/recoulat-con-solidez-y-vocacion-de-dialogo-se-refirio-al-primer-mes-de-gestion-en-t-lauquen\/","title":{"rendered":"Recoulat con s\u00f3lidez y vocaci\u00f3n de di\u00e1logo se refiri\u00f3 al primer mes de gesti\u00f3n en T.Lauquen"},"content":{"rendered":"\n<figure class=\"wp-block-image alignright size-full is-resized\"><img loading=\"lazy\" decoding=\"async\" src=\"https:\/\/infoecos.com.ar\/wp-content\/uploads\/2024\/01\/gabinete-francisco-recoulat-intendente.jpeg\" alt=\"\" class=\"wp-image-117510\" width=\"394\" height=\"262\" srcset=\"https:\/\/infoecos.com.ar\/wp-content\/uploads\/2024\/01\/gabinete-francisco-recoulat-intendente.jpeg 1600w, https:\/\/infoecos.com.ar\/wp-content\/uploads\/2024\/01\/gabinete-francisco-recoulat-intendente-800x533.jpeg 800w, https:\/\/infoecos.com.ar\/wp-content\/uploads\/2024\/01\/gabinete-francisco-recoulat-intendente-768x512.jpeg 768w, https:\/\/infoecos.com.ar\/wp-content\/uploads\/2024\/01\/gabinete-francisco-recoulat-intendente-1536x1020.jpeg 1536w, https:\/\/infoecos.com.ar\/wp-content\/uploads\/2024\/01\/gabinete-francisco-recoulat-intendente-1024x682.jpeg 1024w, https:\/\/infoecos.com.ar\/wp-content\/uploads\/2024\/01\/gabinete-francisco-recoulat-intendente-675x450.jpeg 675w\" sizes=\"(max-width: 394px) 100vw, 394px\" \/><figcaption class=\"wp-element-caption\">Recoulat <\/figcaption><\/figure>\n\n\n\n<p>El intendente, Francisco Recoulat, concedi\u00f3 una interesante entrevista a Las Radios de Trenque Lauquen donde abord\u00f3 a poco m\u00e1s de un mes de haber asumido diferentes cuestiones vinculadas con la gesti\u00f3n y la marcha de la misma. Con tono de buena relaci\u00f3n se refiri\u00f3 al v\u00ednculo que mantiene con el gobierno bonaerense y cuales son sus expectativas hacia el futuro en ese sentido. <strong>\u00abDebemos seguir articulando pol\u00edticas con las autoridades de la provincia. Nuestro obligaci\u00f3n es pensar en el futuro del distrito\u00bb<\/strong>, se\u00f1al\u00f3, a la par de destacar los encuentros que mantuvo d\u00edas pasados con algunos ministros, donde estuvo acompa\u00f1ado por Mart\u00edn Borraz\u00e1s y Valent\u00edn Miranda. <\/p>\n\n\n\n<p>Si bien no ten\u00eda buenas noticias sobre el \u00edndice de Coeficientes \u00danicos de Distribuci\u00f3n (CUD) que se utilizan para calcular el reparto de la coparticipaci\u00f3n a los municipios y&nbsp;que tambi\u00e9n se emplea para distribuir fondos especiales ya que se disminuy\u00f3 el porcentaje que Trenque Lauquen ven\u00eda recibiendo en los \u00faltimos cuatro a\u00f1os, lo que significar\u00e1 el ingreso de unos 700 millones de pesos menos en el 2024, el intendente expuso que <strong>\u00abdesde el momento que se conoci\u00f3 la decisi\u00f3n del ministerio de Econom\u00eda de la provincia nos pusimos a trabajar en ajustar otros n\u00fameros para que la expectativa de sostenimiento del municipio, no se vea afectada\u00bb<\/strong>.<\/p>\n\n\n\n<p><mark style=\"background-color:rgba(0, 0, 0, 0)\" class=\"has-inline-color has-vivid-red-color\">(<strong>El CUD est\u00e1 establecido a trav\u00e9s de la Ley 10.559. Rige a partir del 1\u00ba de enero de cada a\u00f1o. Para su confecci\u00f3n, se toma en cuenta indicadores como la poblaci\u00f3n, al caudal tur\u00edstico, a la capacidad potencial absoluta y per c\u00e1pita de los Municipios por la recaudaci\u00f3n de tasas que le son propias y determinados efectores de salud, como la capacidad de internaci\u00f3n de los hospitales municipales<\/strong>)<\/mark><\/p>\n\n\n\n<p>Recoulat se mostr\u00f3 esperanzado que <strong>\u00abde superarse la situaci\u00f3n de emergencia econ\u00f3mica que plante\u00f3 el Gobierno Nacional, se puedan cristalizar obras que estaban presupuestadas para el distrito\u00bb<\/strong>, entre las que destac\u00f3 el edificio para el Instituto Superior de Formaci\u00f3n Docente n\u00famero 40. <\/p>\n\n\n\n<p>Interrogado sobre las viviendas que se tiene previsto entregar en los pr\u00f3ximos d\u00edas, se\u00f1al\u00f3 que <strong>\u00abse demor\u00f3 la terminaci\u00f3n. La empresa que tiene a su cargo la obra determinar\u00e1 la fecha de finalizaci\u00f3n. Ya hemos invitado a las autoridades provinciales para que est\u00e9n presentes\u00bb<\/strong>. El intendente destac\u00f3 algunas bondades del sistema de construcci\u00f3n.<\/p>\n\n\n\n<p>Indic\u00f3 con relaci\u00f3n a terrenos para la construcci\u00f3n de unidades habitacionales la inversi\u00f3n en cuatro hect\u00e1reas en 30 de Agosto y anticip\u00f3 que se habr\u00e1n de incorporar otras 17 hect\u00e1reas m\u00e1s, aleda\u00f1as a la Ampliaci\u00f3n Urbana.<\/p>\n\n\n\n<p>Fue entrevistado al t\u00e9rmino de una reuni\u00f3n que mantuvo con responsables de Camuzzi Gas y en ese sentido manifest\u00f3 que \u00abse avanz\u00f3 en cuestiones relativas a la red para distintos lugares de Trenque Lauquen\u00bb.<\/p>\n\n\n\n<p><\/p>\n","protected":false},"excerpt":{"rendered":"<p>Si bien no ten\u00eda buenas noticias sobre el \u00edndice de Coeficientes \u00danicos de Distribuci\u00f3n (CUD) que se utilizan para calcular el reparto de la coparticipaci\u00f3n a los municipios y\u00a0que tambi\u00e9n se emplea para distribuir fondos especiales ya que se disminuy\u00f3 el porcentaje que Trenque Lauquen ven\u00eda recibiendo en los \u00faltimos cuatro a\u00f1os, lo que significar\u00e1 el ingreso de unos 700 millones de pesos menos en el 2024, el intendente expuso que \u00abdesde el momento que se conoci\u00f3 la decisi\u00f3n del ministerio de Econom\u00eda de la provincia nos pusimos a trabajar en ajustar otros n\u00fameros para que la expectativa de sostenimiento del municipio, no se vea afectada\u00bb<\/p>\n","protected":false},"author":2,"featured_media":117510,"comment_status":"closed","ping_status":"open","sticky":false,"template":"","format":"standard","meta":{"footnotes":""},"categories":[1331],"tags":[9876],"class_list":["post-117509","post","type-post","status-publish","format-standard","has-post-thumbnail","hentry","category-inferior11","tag-este-lunes-por-am-1280"],"yoast_head":"<!-- This site is optimized with the Yoast SEO plugin v23.4 - https:\/\/yoast.com\/wordpress\/plugins\/seo\/ -->\n<title>Recoulat con s\u00f3lidez y vocaci\u00f3n de di\u00e1logo se refiri\u00f3 al primer mes de gesti\u00f3n en T.Lauquen - Infoecos<\/title>\n<meta name=\"robots\" content=\"index, follow, max-snippet:-1, max-image-preview:large, max-video-preview:-1\" \/>\n<link rel=\"canonical\" href=\"https:\/\/infoecos.com.ar\/index.php\/recoulat-con-solidez-y-vocacion-de-dialogo-se-refirio-al-primer-mes-de-gestion-en-t-lauquen\/\" \/>\n<meta property=\"og:locale\" content=\"es_ES\" \/>\n<meta property=\"og:type\" content=\"article\" \/>\n<meta property=\"og:title\" content=\"Recoulat con s\u00f3lidez y vocaci\u00f3n de di\u00e1logo se refiri\u00f3 al primer mes de gesti\u00f3n en T.Lauquen - Infoecos\" \/>\n<meta property=\"og:description\" content=\"Si bien no ten\u00eda buenas noticias sobre el \u00edndice de Coeficientes \u00danicos de Distribuci\u00f3n (CUD) que se utilizan para calcular el reparto de la coparticipaci\u00f3n a los municipios y\u00a0que tambi\u00e9n se emplea para distribuir fondos especiales ya que se disminuy\u00f3 el porcentaje que Trenque Lauquen ven\u00eda recibiendo en los \u00faltimos cuatro a\u00f1os, lo que significar\u00e1 el ingreso de unos 700 millones de pesos menos en el 2024, el intendente expuso que &quot;desde el momento que se conoci\u00f3 la decisi\u00f3n del ministerio de Econom\u00eda de la provincia nos pusimos a trabajar en ajustar otros n\u00fameros para que la expectativa de sostenimiento del municipio, no se vea afectada&quot;\" \/>\n<meta property=\"og:url\" content=\"https:\/\/infoecos.com.ar\/index.php\/recoulat-con-solidez-y-vocacion-de-dialogo-se-refirio-al-primer-mes-de-gestion-en-t-lauquen\/\" \/>\n<meta property=\"og:site_name\" content=\"Infoecos\" \/>\n<meta property=\"article:publisher\" content=\"https:\/\/www.facebook.com\/profile.php?id=100063200290284\" \/>\n<meta property=\"article:published_time\" content=\"2024-01-15T23:32:38+00:00\" \/>\n<meta property=\"article:modified_time\" content=\"2024-01-18T21:39:52+00:00\" \/>\n<meta property=\"og:image\" content=\"https:\/\/infoecos.com.ar\/wp-content\/uploads\/2024\/01\/gabinete-francisco-recoulat-intendente.jpeg\" \/>\n\t<meta property=\"og:image:width\" content=\"1600\" \/>\n\t<meta property=\"og:image:height\" content=\"1066\" \/>\n\t<meta property=\"og:image:type\" content=\"image\/jpeg\" \/>\n<meta name=\"author\" content=\"Jorge Matheus\" \/>\n<meta name=\"twitter:card\" content=\"summary_large_image\" \/>\n<meta name=\"twitter:creator\" content=\"@infoecos\" \/>\n<meta name=\"twitter:site\" content=\"@infoecos\" \/>\n<meta name=\"twitter:label1\" content=\"Escrito por\" \/>\n\t<meta name=\"twitter:data1\" content=\"Jorge Matheus\" \/>\n\t<meta name=\"twitter:label2\" content=\"Tiempo de lectura\" \/>\n\t<meta name=\"twitter:data2\" content=\"3 minutos\" \/>\n<script type=\"application\/ld+json\" class=\"yoast-schema-graph\">{\"@context\":\"https:\/\/schema.org\",\"@graph\":[{\"@type\":\"Article\",\"@id\":\"https:\/\/infoecos.com.ar\/index.php\/recoulat-con-solidez-y-vocacion-de-dialogo-se-refirio-al-primer-mes-de-gestion-en-t-lauquen\/#article\",\"isPartOf\":{\"@id\":\"https:\/\/infoecos.com.ar\/index.php\/recoulat-con-solidez-y-vocacion-de-dialogo-se-refirio-al-primer-mes-de-gestion-en-t-lauquen\/\"},\"author\":{\"name\":\"Jorge Matheus\",\"@id\":\"https:\/\/infoecos.com.ar\/#\/schema\/person\/8f5ace5ce73b4b4aac4b7245aee6f191\"},\"headline\":\"Recoulat con s\u00f3lidez y vocaci\u00f3n de di\u00e1logo se refiri\u00f3 al primer mes de gesti\u00f3n en T.Lauquen\",\"datePublished\":\"2024-01-15T23:32:38+00:00\",\"dateModified\":\"2024-01-18T21:39:52+00:00\",\"mainEntityOfPage\":{\"@id\":\"https:\/\/infoecos.com.ar\/index.php\/recoulat-con-solidez-y-vocacion-de-dialogo-se-refirio-al-primer-mes-de-gestion-en-t-lauquen\/\"},\"wordCount\":513,\"publisher\":{\"@id\":\"https:\/\/infoecos.com.ar\/#organization\"},\"image\":{\"@id\":\"https:\/\/infoecos.com.ar\/index.php\/recoulat-con-solidez-y-vocacion-de-dialogo-se-refirio-al-primer-mes-de-gestion-en-t-lauquen\/#primaryimage\"},\"thumbnailUrl\":\"https:\/\/infoecos.com.ar\/wp-content\/uploads\/2024\/01\/gabinete-francisco-recoulat-intendente.jpeg\",\"keywords\":[\"este lunes por AM 1280\"],\"articleSection\":[\"Bloque inferior - 11\"],\"inLanguage\":\"es\"},{\"@type\":\"WebPage\",\"@id\":\"https:\/\/infoecos.com.ar\/index.php\/recoulat-con-solidez-y-vocacion-de-dialogo-se-refirio-al-primer-mes-de-gestion-en-t-lauquen\/\",\"url\":\"https:\/\/infoecos.com.ar\/index.php\/recoulat-con-solidez-y-vocacion-de-dialogo-se-refirio-al-primer-mes-de-gestion-en-t-lauquen\/\",\"name\":\"Recoulat con s\u00f3lidez y vocaci\u00f3n de di\u00e1logo se refiri\u00f3 al primer mes de gesti\u00f3n en T.Lauquen - Infoecos\",\"isPartOf\":{\"@id\":\"https:\/\/infoecos.com.ar\/#website\"},\"primaryImageOfPage\":{\"@id\":\"https:\/\/infoecos.com.ar\/index.php\/recoulat-con-solidez-y-vocacion-de-dialogo-se-refirio-al-primer-mes-de-gestion-en-t-lauquen\/#primaryimage\"},\"image\":{\"@id\":\"https:\/\/infoecos.com.ar\/index.php\/recoulat-con-solidez-y-vocacion-de-dialogo-se-refirio-al-primer-mes-de-gestion-en-t-lauquen\/#primaryimage\"},\"thumbnailUrl\":\"https:\/\/infoecos.com.ar\/wp-content\/uploads\/2024\/01\/gabinete-francisco-recoulat-intendente.jpeg\",\"datePublished\":\"2024-01-15T23:32:38+00:00\",\"dateModified\":\"2024-01-18T21:39:52+00:00\",\"breadcrumb\":{\"@id\":\"https:\/\/infoecos.com.ar\/index.php\/recoulat-con-solidez-y-vocacion-de-dialogo-se-refirio-al-primer-mes-de-gestion-en-t-lauquen\/#breadcrumb\"},\"inLanguage\":\"es\",\"potentialAction\":[{\"@type\":\"ReadAction\",\"target\":[\"https:\/\/infoecos.com.ar\/index.php\/recoulat-con-solidez-y-vocacion-de-dialogo-se-refirio-al-primer-mes-de-gestion-en-t-lauquen\/\"]}]},{\"@type\":\"ImageObject\",\"inLanguage\":\"es\",\"@id\":\"https:\/\/infoecos.com.ar\/index.php\/recoulat-con-solidez-y-vocacion-de-dialogo-se-refirio-al-primer-mes-de-gestion-en-t-lauquen\/#primaryimage\",\"url\":\"https:\/\/infoecos.com.ar\/wp-content\/uploads\/2024\/01\/gabinete-francisco-recoulat-intendente.jpeg\",\"contentUrl\":\"https:\/\/infoecos.com.ar\/wp-content\/uploads\/2024\/01\/gabinete-francisco-recoulat-intendente.jpeg\",\"width\":1600,\"height\":1066},{\"@type\":\"BreadcrumbList\",\"@id\":\"https:\/\/infoecos.com.ar\/index.php\/recoulat-con-solidez-y-vocacion-de-dialogo-se-refirio-al-primer-mes-de-gestion-en-t-lauquen\/#breadcrumb\",\"itemListElement\":[{\"@type\":\"ListItem\",\"position\":1,\"name\":\"Portada\",\"item\":\"https:\/\/infoecos.com.ar\/\"},{\"@type\":\"ListItem\",\"position\":2,\"name\":\"Recoulat con s\u00f3lidez y vocaci\u00f3n de di\u00e1logo se refiri\u00f3 al primer mes de gesti\u00f3n en T.Lauquen\"}]},{\"@type\":\"WebSite\",\"@id\":\"https:\/\/infoecos.com.ar\/#website\",\"url\":\"https:\/\/infoecos.com.ar\/\",\"name\":\"Infoecos\",\"description\":\"Noticias de trenque lauquen y la zona\",\"publisher\":{\"@id\":\"https:\/\/infoecos.com.ar\/#organization\"},\"alternateName\":\"Noticias\",\"potentialAction\":[{\"@type\":\"SearchAction\",\"target\":{\"@type\":\"EntryPoint\",\"urlTemplate\":\"https:\/\/infoecos.com.ar\/?s={search_term_string}\"},\"query-input\":{\"@type\":\"PropertyValueSpecification\",\"valueRequired\":true,\"valueName\":\"search_term_string\"}}],\"inLanguage\":\"es\"},{\"@type\":\"Organization\",\"@id\":\"https:\/\/infoecos.com.ar\/#organization\",\"name\":\"Infoecos\",\"alternateName\":\"Noticias\",\"url\":\"https:\/\/infoecos.com.ar\/\",\"logo\":{\"@type\":\"ImageObject\",\"inLanguage\":\"es\",\"@id\":\"https:\/\/infoecos.com.ar\/#\/schema\/logo\/image\/\",\"url\":\"https:\/\/infoecos.com.ar\/wp-content\/uploads\/2024\/03\/cropped-logo.png\",\"contentUrl\":\"https:\/\/infoecos.com.ar\/wp-content\/uploads\/2024\/03\/cropped-logo.png\",\"width\":374,\"height\":90,\"caption\":\"Infoecos\"},\"image\":{\"@id\":\"https:\/\/infoecos.com.ar\/#\/schema\/logo\/image\/\"},\"sameAs\":[\"https:\/\/www.facebook.com\/profile.php?id=100063200290284\",\"https:\/\/x.com\/infoecos\"]},{\"@type\":\"Person\",\"@id\":\"https:\/\/infoecos.com.ar\/#\/schema\/person\/8f5ace5ce73b4b4aac4b7245aee6f191\",\"name\":\"Jorge Matheus\",\"url\":\"https:\/\/infoecos.com.ar\/index.php\/author\/jomatheus\/\"}]}<\/script>\n<!-- \/ Yoast SEO plugin. -->","yoast_head_json":{"title":"Recoulat con s\u00f3lidez y vocaci\u00f3n de di\u00e1logo se refiri\u00f3 al primer mes de gesti\u00f3n en T.Lauquen - Infoecos","robots":{"index":"index","follow":"follow","max-snippet":"max-snippet:-1","max-image-preview":"max-image-preview:large","max-video-preview":"max-video-preview:-1"},"canonical":"https:\/\/infoecos.com.ar\/index.php\/recoulat-con-solidez-y-vocacion-de-dialogo-se-refirio-al-primer-mes-de-gestion-en-t-lauquen\/","og_locale":"es_ES","og_type":"article","og_title":"Recoulat con s\u00f3lidez y vocaci\u00f3n de di\u00e1logo se refiri\u00f3 al primer mes de gesti\u00f3n en T.Lauquen - Infoecos","og_description":"Si bien no ten\u00eda buenas noticias sobre el \u00edndice de Coeficientes \u00danicos de Distribuci\u00f3n (CUD) que se utilizan para calcular el reparto de la coparticipaci\u00f3n a los municipios y\u00a0que tambi\u00e9n se emplea para distribuir fondos especiales ya que se disminuy\u00f3 el porcentaje que Trenque Lauquen ven\u00eda recibiendo en los \u00faltimos cuatro a\u00f1os, lo que significar\u00e1 el ingreso de unos 700 millones de pesos menos en el 2024, el intendente expuso que \"desde el momento que se conoci\u00f3 la decisi\u00f3n del ministerio de Econom\u00eda de la provincia nos pusimos a trabajar en ajustar otros n\u00fameros para que la expectativa de sostenimiento del municipio, no se vea afectada\"","og_url":"https:\/\/infoecos.com.ar\/index.php\/recoulat-con-solidez-y-vocacion-de-dialogo-se-refirio-al-primer-mes-de-gestion-en-t-lauquen\/","og_site_name":"Infoecos","article_publisher":"https:\/\/www.facebook.com\/profile.php?id=100063200290284","article_published_time":"2024-01-15T23:32:38+00:00","article_modified_time":"2024-01-18T21:39:52+00:00","og_image":[{"width":1600,"height":1066,"url":"https:\/\/infoecos.com.ar\/wp-content\/uploads\/2024\/01\/gabinete-francisco-recoulat-intendente.jpeg","type":"image\/jpeg"}],"author":"Jorge Matheus","twitter_card":"summary_large_image","twitter_creator":"@infoecos","twitter_site":"@infoecos","twitter_misc":{"Escrito por":"Jorge Matheus","Tiempo de lectura":"3 minutos"},"schema":{"@context":"https:\/\/schema.org","@graph":[{"@type":"Article","@id":"https:\/\/infoecos.com.ar\/index.php\/recoulat-con-solidez-y-vocacion-de-dialogo-se-refirio-al-primer-mes-de-gestion-en-t-lauquen\/#article","isPartOf":{"@id":"https:\/\/infoecos.com.ar\/index.php\/recoulat-con-solidez-y-vocacion-de-dialogo-se-refirio-al-primer-mes-de-gestion-en-t-lauquen\/"},"author":{"name":"Jorge Matheus","@id":"https:\/\/infoecos.com.ar\/#\/schema\/person\/8f5ace5ce73b4b4aac4b7245aee6f191"},"headline":"Recoulat con s\u00f3lidez y vocaci\u00f3n de di\u00e1logo se refiri\u00f3 al primer mes de gesti\u00f3n en T.Lauquen","datePublished":"2024-01-15T23:32:38+00:00","dateModified":"2024-01-18T21:39:52+00:00","mainEntityOfPage":{"@id":"https:\/\/infoecos.com.ar\/index.php\/recoulat-con-solidez-y-vocacion-de-dialogo-se-refirio-al-primer-mes-de-gestion-en-t-lauquen\/"},"wordCount":513,"publisher":{"@id":"https:\/\/infoecos.com.ar\/#organization"},"image":{"@id":"https:\/\/infoecos.com.ar\/index.php\/recoulat-con-solidez-y-vocacion-de-dialogo-se-refirio-al-primer-mes-de-gestion-en-t-lauquen\/#primaryimage"},"thumbnailUrl":"https:\/\/infoecos.com.ar\/wp-content\/uploads\/2024\/01\/gabinete-francisco-recoulat-intendente.jpeg","keywords":["este lunes por AM 1280"],"articleSection":["Bloque inferior - 11"],"inLanguage":"es"},{"@type":"WebPage","@id":"https:\/\/infoecos.com.ar\/index.php\/recoulat-con-solidez-y-vocacion-de-dialogo-se-refirio-al-primer-mes-de-gestion-en-t-lauquen\/","url":"https:\/\/infoecos.com.ar\/index.php\/recoulat-con-solidez-y-vocacion-de-dialogo-se-refirio-al-primer-mes-de-gestion-en-t-lauquen\/","name":"Recoulat con s\u00f3lidez y vocaci\u00f3n de di\u00e1logo se refiri\u00f3 al primer mes de gesti\u00f3n en T.Lauquen - Infoecos","isPartOf":{"@id":"https:\/\/infoecos.com.ar\/#website"},"primaryImageOfPage":{"@id":"https:\/\/infoecos.com.ar\/index.php\/recoulat-con-solidez-y-vocacion-de-dialogo-se-refirio-al-primer-mes-de-gestion-en-t-lauquen\/#primaryimage"},"image":{"@id":"https:\/\/infoecos.com.ar\/index.php\/recoulat-con-solidez-y-vocacion-de-dialogo-se-refirio-al-primer-mes-de-gestion-en-t-lauquen\/#primaryimage"},"thumbnailUrl":"https:\/\/infoecos.com.ar\/wp-content\/uploads\/2024\/01\/gabinete-francisco-recoulat-intendente.jpeg","datePublished":"2024-01-15T23:32:38+00:00","dateModified":"2024-01-18T21:39:52+00:00","breadcrumb":{"@id":"https:\/\/infoecos.com.ar\/index.php\/recoulat-con-solidez-y-vocacion-de-dialogo-se-refirio-al-primer-mes-de-gestion-en-t-lauquen\/#breadcrumb"},"inLanguage":"es","potentialAction":[{"@type":"ReadAction","target":["https:\/\/infoecos.com.ar\/index.php\/recoulat-con-solidez-y-vocacion-de-dialogo-se-refirio-al-primer-mes-de-gestion-en-t-lauquen\/"]}]},{"@type":"ImageObject","inLanguage":"es","@id":"https:\/\/infoecos.com.ar\/index.php\/recoulat-con-solidez-y-vocacion-de-dialogo-se-refirio-al-primer-mes-de-gestion-en-t-lauquen\/#primaryimage","url":"https:\/\/infoecos.com.ar\/wp-content\/uploads\/2024\/01\/gabinete-francisco-recoulat-intendente.jpeg","contentUrl":"https:\/\/infoecos.com.ar\/wp-content\/uploads\/2024\/01\/gabinete-francisco-recoulat-intendente.jpeg","width":1600,"height":1066},{"@type":"BreadcrumbList","@id":"https:\/\/infoecos.com.ar\/index.php\/recoulat-con-solidez-y-vocacion-de-dialogo-se-refirio-al-primer-mes-de-gestion-en-t-lauquen\/#breadcrumb","itemListElement":[{"@type":"ListItem","position":1,"name":"Portada","item":"https:\/\/infoecos.com.ar\/"},{"@type":"ListItem","position":2,"name":"Recoulat con s\u00f3lidez y vocaci\u00f3n de di\u00e1logo se refiri\u00f3 al primer mes de gesti\u00f3n en T.Lauquen"}]},{"@type":"WebSite","@id":"https:\/\/infoecos.com.ar\/#website","url":"https:\/\/infoecos.com.ar\/","name":"Infoecos","description":"Noticias de trenque lauquen y la zona","publisher":{"@id":"https:\/\/infoecos.com.ar\/#organization"},"alternateName":"Noticias","potentialAction":[{"@type":"SearchAction","target":{"@type":"EntryPoint","urlTemplate":"https:\/\/infoecos.com.ar\/?s={search_term_string}"},"query-input":{"@type":"PropertyValueSpecification","valueRequired":true,"valueName":"search_term_string"}}],"inLanguage":"es"},{"@type":"Organization","@id":"https:\/\/infoecos.com.ar\/#organization","name":"Infoecos","alternateName":"Noticias","url":"https:\/\/infoecos.com.ar\/","logo":{"@type":"ImageObject","inLanguage":"es","@id":"https:\/\/infoecos.com.ar\/#\/schema\/logo\/image\/","url":"https:\/\/infoecos.com.ar\/wp-content\/uploads\/2024\/03\/cropped-logo.png","contentUrl":"https:\/\/infoecos.com.ar\/wp-content\/uploads\/2024\/03\/cropped-logo.png","width":374,"height":90,"caption":"Infoecos"},"image":{"@id":"https:\/\/infoecos.com.ar\/#\/schema\/logo\/image\/"},"sameAs":["https:\/\/www.facebook.com\/profile.php?id=100063200290284","https:\/\/x.com\/infoecos"]},{"@type":"Person","@id":"https:\/\/infoecos.com.ar\/#\/schema\/person\/8f5ace5ce73b4b4aac4b7245aee6f191","name":"Jorge Matheus","url":"https:\/\/infoecos.com.ar\/index.php\/author\/jomatheus\/"}]}},"featured_image_urls":{"full":["https:\/\/infoecos.com.ar\/wp-content\/uploads\/2024\/01\/gabinete-francisco-recoulat-intendente.jpeg",1600,1066,false],"thumbnail":["https:\/\/infoecos.com.ar\/wp-content\/uploads\/2024\/01\/gabinete-francisco-recoulat-intendente-300x150.jpeg",300,150,true],"medium":["https:\/\/infoecos.com.ar\/wp-content\/uploads\/2024\/01\/gabinete-francisco-recoulat-intendente-800x533.jpeg",800,533,true],"medium_large":["https:\/\/infoecos.com.ar\/wp-content\/uploads\/2024\/01\/gabinete-francisco-recoulat-intendente-768x512.jpeg",640,427,true],"large":["https:\/\/infoecos.com.ar\/wp-content\/uploads\/2024\/01\/gabinete-francisco-recoulat-intendente.jpeg",640,426,false],"1536x1536":["https:\/\/infoecos.com.ar\/wp-content\/uploads\/2024\/01\/gabinete-francisco-recoulat-intendente-1536x1023.jpeg",1536,1023,true],"2048x2048":["https:\/\/infoecos.com.ar\/wp-content\/uploads\/2024\/01\/gabinete-francisco-recoulat-intendente.jpeg",1600,1066,false],"covernews-slider-full":["https:\/\/infoecos.com.ar\/wp-content\/uploads\/2024\/01\/gabinete-francisco-recoulat-intendente-1536x1020.jpeg",1077,715,true],"covernews-slider-center":["https:\/\/infoecos.com.ar\/wp-content\/uploads\/2024\/01\/gabinete-francisco-recoulat-intendente-936x897.jpeg",522,500,true],"covernews-featured":["https:\/\/infoecos.com.ar\/wp-content\/uploads\/2024\/01\/gabinete-francisco-recoulat-intendente-1024x682.jpeg",1024,682,true],"covernews-medium":["https:\/\/infoecos.com.ar\/wp-content\/uploads\/2024\/01\/gabinete-francisco-recoulat-intendente-720x380.jpeg",540,285,true],"covernews-medium-square":["https:\/\/infoecos.com.ar\/wp-content\/uploads\/2024\/01\/gabinete-francisco-recoulat-intendente-675x450.jpeg",375,250,true]},"author_info":{"info":["Jorge Matheus"]},"category_info":"<a href=\"https:\/\/infoecos.com.ar\/index.php\/category\/inferior11\/\" rel=\"category tag\">Bloque inferior - 11<\/a>","tag_info":"Bloque inferior - 11","comment_count":"0","_links":{"self":[{"href":"https:\/\/infoecos.com.ar\/index.php\/wp-json\/wp\/v2\/posts\/117509"}],"collection":[{"href":"https:\/\/infoecos.com.ar\/index.php\/wp-json\/wp\/v2\/posts"}],"about":[{"href":"https:\/\/infoecos.com.ar\/index.php\/wp-json\/wp\/v2\/types\/post"}],"author":[{"embeddable":true,"href":"https:\/\/infoecos.com.ar\/index.php\/wp-json\/wp\/v2\/users\/2"}],"replies":[{"embeddable":true,"href":"https:\/\/infoecos.com.ar\/index.php\/wp-json\/wp\/v2\/comments?post=117509"}],"version-history":[{"count":2,"href":"https:\/\/infoecos.com.ar\/index.php\/wp-json\/wp\/v2\/posts\/117509\/revisions"}],"predecessor-version":[{"id":117543,"href":"https:\/\/infoecos.com.ar\/index.php\/wp-json\/wp\/v2\/posts\/117509\/revisions\/117543"}],"wp:featuredmedia":[{"embeddable":true,"href":"https:\/\/infoecos.com.ar\/index.php\/wp-json\/wp\/v2\/media\/117510"}],"wp:attachment":[{"href":"https:\/\/infoecos.com.ar\/index.php\/wp-json\/wp\/v2\/media?parent=117509"}],"wp:term":[{"taxonomy":"category","embeddable":true,"href":"https:\/\/infoecos.com.ar\/index.php\/wp-json\/wp\/v2\/categories?post=117509"},{"taxonomy":"post_tag","embeddable":true,"href":"https:\/\/infoecos.com.ar\/index.php\/wp-json\/wp\/v2\/tags?post=117509"}],"curies":[{"name":"wp","href":"https:\/\/api.w.org\/{rel}","templated":true}]}}