{"id":117512,"date":"2024-01-15T21:28:11","date_gmt":"2024-01-16T00:28:11","guid":{"rendered":"https:\/\/infoecos.com.ar\/?p=117512"},"modified":"2024-01-16T13:15:29","modified_gmt":"2024-01-16T16:15:29","slug":"la-seguridad-uno-de-los-temas-prioritarios-de-la-gestion-de-alegre-en-general-villegas","status":"publish","type":"post","link":"https:\/\/infoecos.com.ar\/index.php\/la-seguridad-uno-de-los-temas-prioritarios-de-la-gestion-de-alegre-en-general-villegas\/","title":{"rendered":"La seguridad uno de los temas prioritarios de la gesti\u00f3n de Alegre en General Villegas"},"content":{"rendered":"\n<figure class=\"wp-block-gallery has-nested-images columns-default is-cropped wp-block-gallery-1 is-layout-flex wp-block-gallery-is-layout-flex\">\n<figure class=\"wp-block-image size-large\"><img loading=\"lazy\" decoding=\"async\" width=\"1599\" height=\"1200\" data-id=\"117518\" src=\"https:\/\/infoecos.com.ar\/wp-content\/uploads\/2024\/01\/WhatsApp-Image-2024-01-14-at-19.29.59-1.jpeg\" alt=\"\" class=\"wp-image-117518\" srcset=\"https:\/\/infoecos.com.ar\/wp-content\/uploads\/2024\/01\/WhatsApp-Image-2024-01-14-at-19.29.59-1.jpeg 1599w, https:\/\/infoecos.com.ar\/wp-content\/uploads\/2024\/01\/WhatsApp-Image-2024-01-14-at-19.29.59-1-800x600.jpeg 800w, https:\/\/infoecos.com.ar\/wp-content\/uploads\/2024\/01\/WhatsApp-Image-2024-01-14-at-19.29.59-1-768x576.jpeg 768w, https:\/\/infoecos.com.ar\/wp-content\/uploads\/2024\/01\/WhatsApp-Image-2024-01-14-at-19.29.59-1-1536x1153.jpeg 1536w, https:\/\/infoecos.com.ar\/wp-content\/uploads\/2024\/01\/WhatsApp-Image-2024-01-14-at-19.29.59-1-1024x768.jpeg 1024w\" sizes=\"(max-width: 1599px) 100vw, 1599px\" \/><\/figure>\n\n\n\n<figure class=\"wp-block-image size-large\"><img loading=\"lazy\" decoding=\"async\" width=\"1599\" height=\"1200\" data-id=\"117514\" src=\"https:\/\/infoecos.com.ar\/wp-content\/uploads\/2024\/01\/WhatsApp-Image-2024-01-14-at-19.29.59-2.jpeg\" alt=\"\" class=\"wp-image-117514\" srcset=\"https:\/\/infoecos.com.ar\/wp-content\/uploads\/2024\/01\/WhatsApp-Image-2024-01-14-at-19.29.59-2.jpeg 1599w, https:\/\/infoecos.com.ar\/wp-content\/uploads\/2024\/01\/WhatsApp-Image-2024-01-14-at-19.29.59-2-800x600.jpeg 800w, https:\/\/infoecos.com.ar\/wp-content\/uploads\/2024\/01\/WhatsApp-Image-2024-01-14-at-19.29.59-2-768x576.jpeg 768w, https:\/\/infoecos.com.ar\/wp-content\/uploads\/2024\/01\/WhatsApp-Image-2024-01-14-at-19.29.59-2-1536x1153.jpeg 1536w, https:\/\/infoecos.com.ar\/wp-content\/uploads\/2024\/01\/WhatsApp-Image-2024-01-14-at-19.29.59-2-1024x768.jpeg 1024w\" sizes=\"(max-width: 1599px) 100vw, 1599px\" \/><\/figure>\n\n\n\n<figure class=\"wp-block-image size-large\"><img loading=\"lazy\" decoding=\"async\" width=\"1200\" height=\"1599\" data-id=\"117517\" src=\"https:\/\/infoecos.com.ar\/wp-content\/uploads\/2024\/01\/WhatsApp-Image-2024-01-14-at-19.29.59.jpeg\" alt=\"\" class=\"wp-image-117517\" srcset=\"https:\/\/infoecos.com.ar\/wp-content\/uploads\/2024\/01\/WhatsApp-Image-2024-01-14-at-19.29.59.jpeg 1200w, https:\/\/infoecos.com.ar\/wp-content\/uploads\/2024\/01\/WhatsApp-Image-2024-01-14-at-19.29.59-600x800.jpeg 600w, https:\/\/infoecos.com.ar\/wp-content\/uploads\/2024\/01\/WhatsApp-Image-2024-01-14-at-19.29.59-768x1023.jpeg 768w, https:\/\/infoecos.com.ar\/wp-content\/uploads\/2024\/01\/WhatsApp-Image-2024-01-14-at-19.29.59-1153x1536.jpeg 1153w, https:\/\/infoecos.com.ar\/wp-content\/uploads\/2024\/01\/WhatsApp-Image-2024-01-14-at-19.29.59-1024x1364.jpeg 1024w\" sizes=\"(max-width: 1200px) 100vw, 1200px\" \/><\/figure>\n\n\n\n<figure class=\"wp-block-image size-large\"><img loading=\"lazy\" decoding=\"async\" width=\"1599\" height=\"1200\" data-id=\"117513\" src=\"https:\/\/infoecos.com.ar\/wp-content\/uploads\/2024\/01\/WhatsApp-Image-2024-01-14-at-19.30.00-1.jpeg\" alt=\"\" class=\"wp-image-117513\" srcset=\"https:\/\/infoecos.com.ar\/wp-content\/uploads\/2024\/01\/WhatsApp-Image-2024-01-14-at-19.30.00-1.jpeg 1599w, https:\/\/infoecos.com.ar\/wp-content\/uploads\/2024\/01\/WhatsApp-Image-2024-01-14-at-19.30.00-1-800x600.jpeg 800w, https:\/\/infoecos.com.ar\/wp-content\/uploads\/2024\/01\/WhatsApp-Image-2024-01-14-at-19.30.00-1-768x576.jpeg 768w, https:\/\/infoecos.com.ar\/wp-content\/uploads\/2024\/01\/WhatsApp-Image-2024-01-14-at-19.30.00-1-1536x1153.jpeg 1536w, https:\/\/infoecos.com.ar\/wp-content\/uploads\/2024\/01\/WhatsApp-Image-2024-01-14-at-19.30.00-1-1024x768.jpeg 1024w\" sizes=\"(max-width: 1599px) 100vw, 1599px\" \/><\/figure>\n\n\n\n<figure class=\"wp-block-image size-large\"><img loading=\"lazy\" decoding=\"async\" width=\"1422\" height=\"900\" data-id=\"117515\" src=\"https:\/\/infoecos.com.ar\/wp-content\/uploads\/2024\/01\/WhatsApp-Image-2024-01-14-at-19.30.00-2.jpeg\" alt=\"\" class=\"wp-image-117515\" srcset=\"https:\/\/infoecos.com.ar\/wp-content\/uploads\/2024\/01\/WhatsApp-Image-2024-01-14-at-19.30.00-2.jpeg 1422w, https:\/\/infoecos.com.ar\/wp-content\/uploads\/2024\/01\/WhatsApp-Image-2024-01-14-at-19.30.00-2-800x506.jpeg 800w, https:\/\/infoecos.com.ar\/wp-content\/uploads\/2024\/01\/WhatsApp-Image-2024-01-14-at-19.30.00-2-768x486.jpeg 768w, https:\/\/infoecos.com.ar\/wp-content\/uploads\/2024\/01\/WhatsApp-Image-2024-01-14-at-19.30.00-2-1024x648.jpeg 1024w\" sizes=\"(max-width: 1422px) 100vw, 1422px\" \/><\/figure>\n\n\n\n<figure class=\"wp-block-image size-large\"><img loading=\"lazy\" decoding=\"async\" width=\"1599\" height=\"1200\" data-id=\"117516\" src=\"https:\/\/infoecos.com.ar\/wp-content\/uploads\/2024\/01\/WhatsApp-Image-2024-01-14-at-19.30.00.jpeg\" alt=\"\" class=\"wp-image-117516\" srcset=\"https:\/\/infoecos.com.ar\/wp-content\/uploads\/2024\/01\/WhatsApp-Image-2024-01-14-at-19.30.00.jpeg 1599w, https:\/\/infoecos.com.ar\/wp-content\/uploads\/2024\/01\/WhatsApp-Image-2024-01-14-at-19.30.00-800x600.jpeg 800w, https:\/\/infoecos.com.ar\/wp-content\/uploads\/2024\/01\/WhatsApp-Image-2024-01-14-at-19.30.00-768x576.jpeg 768w, https:\/\/infoecos.com.ar\/wp-content\/uploads\/2024\/01\/WhatsApp-Image-2024-01-14-at-19.30.00-1536x1153.jpeg 1536w, https:\/\/infoecos.com.ar\/wp-content\/uploads\/2024\/01\/WhatsApp-Image-2024-01-14-at-19.30.00-1024x768.jpeg 1024w\" sizes=\"(max-width: 1599px) 100vw, 1599px\" \/><\/figure>\n<\/figure>\n\n\n\n<p>La seguridad es uno de los temas de mayor atenci\u00f3n en el gobierno municipal de General Villegas. En estas horas se inform\u00f3 que se realizan controles de documentaci\u00f3n en distintos puntos de la ciudad cabecera.<\/p>\n\n\n\n<p>En un parte de prensa difundido a nivel regional se indica que la Polic\u00eda Comunal y la Secretar\u00eda de Seguridad Municipal en un trabajo conjunto realizaron distintos controles de tr\u00e1nsito el domingo 14 de enero con los siguientes resultados:<\/p>\n\n\n\n<p>\u00b7&nbsp;&nbsp;&nbsp;&nbsp;&nbsp;&nbsp;&nbsp;&nbsp;&nbsp;<strong>60 personas identificadas<\/strong><\/p>\n\n\n\n<p>\u00b7&nbsp;&nbsp;&nbsp;&nbsp;&nbsp;&nbsp;&nbsp;&nbsp;&nbsp;<strong>1 autom\u00f3vil retenido por falta de documentaci\u00f3n<\/strong><\/p>\n\n\n\n<p>\u00b7&nbsp;&nbsp;&nbsp;&nbsp;&nbsp;&nbsp;&nbsp;&nbsp;&nbsp;<strong>2 motos retenidas por falta de documentaci\u00f3n<\/strong><\/p>\n\n\n\n<p>\u00b7&nbsp;&nbsp;&nbsp;&nbsp;&nbsp;&nbsp;&nbsp;&nbsp;&nbsp;<strong>9 infracciones de tr\u00e1nsito<\/strong><\/p>\n\n\n\n<p>\u00b7&nbsp;&nbsp;&nbsp;&nbsp;&nbsp;&nbsp;&nbsp;&nbsp;&nbsp;<strong>Se labr\u00f3 un acta y clausura en una fiesta privada en predio del Club Eclipse Villegas por no contar con autorizaci\u00f3n correspondiente. Intervienen el juez de paz letrado de Salliquel\u00f3 y el juez de faltas de General Villegas<\/strong><\/p>\n\n\n\n<p>Adem\u00e1s la Guardia Urbana Municipal realiz\u00f3 un operativo especial en el marco del evento deportivo \u201cDoble Elordi\u201d.<\/p>\n","protected":false},"excerpt":{"rendered":"<p>En un parte de prensa difundido a nivel regional se indica que la Polic\u00eda Comunal y la Secretar\u00eda de Seguridad Municipal en un trabajo conjunto realizaron distintos controles de tr\u00e1nsito el domingo 14 de enero <\/p>\n","protected":false},"author":2,"featured_media":117515,"comment_status":"closed","ping_status":"open","sticky":false,"template":"","format":"standard","meta":{"footnotes":""},"categories":[48],"tags":[9877],"class_list":["post-117512","post","type-post","status-publish","format-standard","has-post-thumbnail","hentry","category-c2nota3","tag-operativos-en-la-ciudad-cabecera"],"yoast_head":"<!-- This site is optimized with the Yoast SEO plugin v23.4 - https:\/\/yoast.com\/wordpress\/plugins\/seo\/ -->\n<title>La seguridad uno de los temas prioritarios de la gesti\u00f3n de Alegre en General Villegas - Infoecos<\/title>\n<meta name=\"robots\" content=\"index, follow, max-snippet:-1, max-image-preview:large, max-video-preview:-1\" \/>\n<link rel=\"canonical\" href=\"https:\/\/infoecos.com.ar\/index.php\/la-seguridad-uno-de-los-temas-prioritarios-de-la-gestion-de-alegre-en-general-villegas\/\" \/>\n<meta property=\"og:locale\" content=\"es_ES\" \/>\n<meta property=\"og:type\" content=\"article\" \/>\n<meta property=\"og:title\" content=\"La seguridad uno de los temas prioritarios de la gesti\u00f3n de Alegre en General Villegas - Infoecos\" \/>\n<meta property=\"og:description\" content=\"En un parte de prensa difundido a nivel regional se indica que la Polic\u00eda Comunal y la Secretar\u00eda de Seguridad Municipal en un trabajo conjunto realizaron distintos controles de tr\u00e1nsito el domingo 14 de enero\" \/>\n<meta property=\"og:url\" content=\"https:\/\/infoecos.com.ar\/index.php\/la-seguridad-uno-de-los-temas-prioritarios-de-la-gestion-de-alegre-en-general-villegas\/\" \/>\n<meta property=\"og:site_name\" content=\"Infoecos\" \/>\n<meta property=\"article:publisher\" content=\"https:\/\/www.facebook.com\/profile.php?id=100063200290284\" \/>\n<meta property=\"article:published_time\" content=\"2024-01-16T00:28:11+00:00\" \/>\n<meta property=\"article:modified_time\" content=\"2024-01-16T16:15:29+00:00\" \/>\n<meta property=\"og:image\" content=\"https:\/\/infoecos.com.ar\/wp-content\/uploads\/2024\/01\/WhatsApp-Image-2024-01-14-at-19.30.00-2.jpeg\" \/>\n\t<meta property=\"og:image:width\" content=\"1422\" \/>\n\t<meta property=\"og:image:height\" content=\"900\" \/>\n\t<meta property=\"og:image:type\" content=\"image\/jpeg\" \/>\n<meta name=\"author\" content=\"Jorge Matheus\" \/>\n<meta name=\"twitter:card\" content=\"summary_large_image\" \/>\n<meta name=\"twitter:creator\" content=\"@infoecos\" \/>\n<meta name=\"twitter:site\" content=\"@infoecos\" \/>\n<meta name=\"twitter:label1\" content=\"Escrito por\" \/>\n\t<meta name=\"twitter:data1\" content=\"Jorge Matheus\" \/>\n\t<meta name=\"twitter:label2\" content=\"Tiempo de lectura\" \/>\n\t<meta name=\"twitter:data2\" content=\"2 minutos\" \/>\n<script type=\"application\/ld+json\" class=\"yoast-schema-graph\">{\"@context\":\"https:\/\/schema.org\",\"@graph\":[{\"@type\":\"Article\",\"@id\":\"https:\/\/infoecos.com.ar\/index.php\/la-seguridad-uno-de-los-temas-prioritarios-de-la-gestion-de-alegre-en-general-villegas\/#article\",\"isPartOf\":{\"@id\":\"https:\/\/infoecos.com.ar\/index.php\/la-seguridad-uno-de-los-temas-prioritarios-de-la-gestion-de-alegre-en-general-villegas\/\"},\"author\":{\"name\":\"Jorge Matheus\",\"@id\":\"https:\/\/infoecos.com.ar\/#\/schema\/person\/8f5ace5ce73b4b4aac4b7245aee6f191\"},\"headline\":\"La seguridad uno de los temas prioritarios de la gesti\u00f3n de Alegre en General Villegas\",\"datePublished\":\"2024-01-16T00:28:11+00:00\",\"dateModified\":\"2024-01-16T16:15:29+00:00\",\"mainEntityOfPage\":{\"@id\":\"https:\/\/infoecos.com.ar\/index.php\/la-seguridad-uno-de-los-temas-prioritarios-de-la-gestion-de-alegre-en-general-villegas\/\"},\"wordCount\":217,\"publisher\":{\"@id\":\"https:\/\/infoecos.com.ar\/#organization\"},\"image\":{\"@id\":\"https:\/\/infoecos.com.ar\/index.php\/la-seguridad-uno-de-los-temas-prioritarios-de-la-gestion-de-alegre-en-general-villegas\/#primaryimage\"},\"thumbnailUrl\":\"https:\/\/infoecos.com.ar\/wp-content\/uploads\/2024\/01\/WhatsApp-Image-2024-01-14-at-19.30.00-2.jpeg\",\"keywords\":[\"operativos en la ciudad cabecera\"],\"articleSection\":[\"C2 N3\"],\"inLanguage\":\"es\"},{\"@type\":\"WebPage\",\"@id\":\"https:\/\/infoecos.com.ar\/index.php\/la-seguridad-uno-de-los-temas-prioritarios-de-la-gestion-de-alegre-en-general-villegas\/\",\"url\":\"https:\/\/infoecos.com.ar\/index.php\/la-seguridad-uno-de-los-temas-prioritarios-de-la-gestion-de-alegre-en-general-villegas\/\",\"name\":\"La seguridad uno de los temas prioritarios de la gesti\u00f3n de Alegre en General Villegas - Infoecos\",\"isPartOf\":{\"@id\":\"https:\/\/infoecos.com.ar\/#website\"},\"primaryImageOfPage\":{\"@id\":\"https:\/\/infoecos.com.ar\/index.php\/la-seguridad-uno-de-los-temas-prioritarios-de-la-gestion-de-alegre-en-general-villegas\/#primaryimage\"},\"image\":{\"@id\":\"https:\/\/infoecos.com.ar\/index.php\/la-seguridad-uno-de-los-temas-prioritarios-de-la-gestion-de-alegre-en-general-villegas\/#primaryimage\"},\"thumbnailUrl\":\"https:\/\/infoecos.com.ar\/wp-content\/uploads\/2024\/01\/WhatsApp-Image-2024-01-14-at-19.30.00-2.jpeg\",\"datePublished\":\"2024-01-16T00:28:11+00:00\",\"dateModified\":\"2024-01-16T16:15:29+00:00\",\"breadcrumb\":{\"@id\":\"https:\/\/infoecos.com.ar\/index.php\/la-seguridad-uno-de-los-temas-prioritarios-de-la-gestion-de-alegre-en-general-villegas\/#breadcrumb\"},\"inLanguage\":\"es\",\"potentialAction\":[{\"@type\":\"ReadAction\",\"target\":[\"https:\/\/infoecos.com.ar\/index.php\/la-seguridad-uno-de-los-temas-prioritarios-de-la-gestion-de-alegre-en-general-villegas\/\"]}]},{\"@type\":\"ImageObject\",\"inLanguage\":\"es\",\"@id\":\"https:\/\/infoecos.com.ar\/index.php\/la-seguridad-uno-de-los-temas-prioritarios-de-la-gestion-de-alegre-en-general-villegas\/#primaryimage\",\"url\":\"https:\/\/infoecos.com.ar\/wp-content\/uploads\/2024\/01\/WhatsApp-Image-2024-01-14-at-19.30.00-2.jpeg\",\"contentUrl\":\"https:\/\/infoecos.com.ar\/wp-content\/uploads\/2024\/01\/WhatsApp-Image-2024-01-14-at-19.30.00-2.jpeg\",\"width\":1422,\"height\":900},{\"@type\":\"BreadcrumbList\",\"@id\":\"https:\/\/infoecos.com.ar\/index.php\/la-seguridad-uno-de-los-temas-prioritarios-de-la-gestion-de-alegre-en-general-villegas\/#breadcrumb\",\"itemListElement\":[{\"@type\":\"ListItem\",\"position\":1,\"name\":\"Portada\",\"item\":\"https:\/\/infoecos.com.ar\/\"},{\"@type\":\"ListItem\",\"position\":2,\"name\":\"La seguridad uno de los temas prioritarios de la gesti\u00f3n de Alegre en General Villegas\"}]},{\"@type\":\"WebSite\",\"@id\":\"https:\/\/infoecos.com.ar\/#website\",\"url\":\"https:\/\/infoecos.com.ar\/\",\"name\":\"Infoecos\",\"description\":\"Noticias de trenque lauquen y la zona\",\"publisher\":{\"@id\":\"https:\/\/infoecos.com.ar\/#organization\"},\"alternateName\":\"Noticias\",\"potentialAction\":[{\"@type\":\"SearchAction\",\"target\":{\"@type\":\"EntryPoint\",\"urlTemplate\":\"https:\/\/infoecos.com.ar\/?s={search_term_string}\"},\"query-input\":{\"@type\":\"PropertyValueSpecification\",\"valueRequired\":true,\"valueName\":\"search_term_string\"}}],\"inLanguage\":\"es\"},{\"@type\":\"Organization\",\"@id\":\"https:\/\/infoecos.com.ar\/#organization\",\"name\":\"Infoecos\",\"alternateName\":\"Noticias\",\"url\":\"https:\/\/infoecos.com.ar\/\",\"logo\":{\"@type\":\"ImageObject\",\"inLanguage\":\"es\",\"@id\":\"https:\/\/infoecos.com.ar\/#\/schema\/logo\/image\/\",\"url\":\"https:\/\/infoecos.com.ar\/wp-content\/uploads\/2024\/03\/cropped-logo.png\",\"contentUrl\":\"https:\/\/infoecos.com.ar\/wp-content\/uploads\/2024\/03\/cropped-logo.png\",\"width\":374,\"height\":90,\"caption\":\"Infoecos\"},\"image\":{\"@id\":\"https:\/\/infoecos.com.ar\/#\/schema\/logo\/image\/\"},\"sameAs\":[\"https:\/\/www.facebook.com\/profile.php?id=100063200290284\",\"https:\/\/x.com\/infoecos\"]},{\"@type\":\"Person\",\"@id\":\"https:\/\/infoecos.com.ar\/#\/schema\/person\/8f5ace5ce73b4b4aac4b7245aee6f191\",\"name\":\"Jorge Matheus\",\"url\":\"https:\/\/infoecos.com.ar\/index.php\/author\/jomatheus\/\"}]}<\/script>\n<!-- \/ Yoast SEO plugin. -->","yoast_head_json":{"title":"La seguridad uno de los temas prioritarios de la gesti\u00f3n de Alegre en General Villegas - Infoecos","robots":{"index":"index","follow":"follow","max-snippet":"max-snippet:-1","max-image-preview":"max-image-preview:large","max-video-preview":"max-video-preview:-1"},"canonical":"https:\/\/infoecos.com.ar\/index.php\/la-seguridad-uno-de-los-temas-prioritarios-de-la-gestion-de-alegre-en-general-villegas\/","og_locale":"es_ES","og_type":"article","og_title":"La seguridad uno de los temas prioritarios de la gesti\u00f3n de Alegre en General Villegas - Infoecos","og_description":"En un parte de prensa difundido a nivel regional se indica que la Polic\u00eda Comunal y la Secretar\u00eda de Seguridad Municipal en un trabajo conjunto realizaron distintos controles de tr\u00e1nsito el domingo 14 de enero","og_url":"https:\/\/infoecos.com.ar\/index.php\/la-seguridad-uno-de-los-temas-prioritarios-de-la-gestion-de-alegre-en-general-villegas\/","og_site_name":"Infoecos","article_publisher":"https:\/\/www.facebook.com\/profile.php?id=100063200290284","article_published_time":"2024-01-16T00:28:11+00:00","article_modified_time":"2024-01-16T16:15:29+00:00","og_image":[{"width":1422,"height":900,"url":"https:\/\/infoecos.com.ar\/wp-content\/uploads\/2024\/01\/WhatsApp-Image-2024-01-14-at-19.30.00-2.jpeg","type":"image\/jpeg"}],"author":"Jorge Matheus","twitter_card":"summary_large_image","twitter_creator":"@infoecos","twitter_site":"@infoecos","twitter_misc":{"Escrito por":"Jorge Matheus","Tiempo de lectura":"2 minutos"},"schema":{"@context":"https:\/\/schema.org","@graph":[{"@type":"Article","@id":"https:\/\/infoecos.com.ar\/index.php\/la-seguridad-uno-de-los-temas-prioritarios-de-la-gestion-de-alegre-en-general-villegas\/#article","isPartOf":{"@id":"https:\/\/infoecos.com.ar\/index.php\/la-seguridad-uno-de-los-temas-prioritarios-de-la-gestion-de-alegre-en-general-villegas\/"},"author":{"name":"Jorge Matheus","@id":"https:\/\/infoecos.com.ar\/#\/schema\/person\/8f5ace5ce73b4b4aac4b7245aee6f191"},"headline":"La seguridad uno de los temas prioritarios de la gesti\u00f3n de Alegre en General Villegas","datePublished":"2024-01-16T00:28:11+00:00","dateModified":"2024-01-16T16:15:29+00:00","mainEntityOfPage":{"@id":"https:\/\/infoecos.com.ar\/index.php\/la-seguridad-uno-de-los-temas-prioritarios-de-la-gestion-de-alegre-en-general-villegas\/"},"wordCount":217,"publisher":{"@id":"https:\/\/infoecos.com.ar\/#organization"},"image":{"@id":"https:\/\/infoecos.com.ar\/index.php\/la-seguridad-uno-de-los-temas-prioritarios-de-la-gestion-de-alegre-en-general-villegas\/#primaryimage"},"thumbnailUrl":"https:\/\/infoecos.com.ar\/wp-content\/uploads\/2024\/01\/WhatsApp-Image-2024-01-14-at-19.30.00-2.jpeg","keywords":["operativos en la ciudad cabecera"],"articleSection":["C2 N3"],"inLanguage":"es"},{"@type":"WebPage","@id":"https:\/\/infoecos.com.ar\/index.php\/la-seguridad-uno-de-los-temas-prioritarios-de-la-gestion-de-alegre-en-general-villegas\/","url":"https:\/\/infoecos.com.ar\/index.php\/la-seguridad-uno-de-los-temas-prioritarios-de-la-gestion-de-alegre-en-general-villegas\/","name":"La seguridad uno de los temas prioritarios de la gesti\u00f3n de Alegre en General Villegas - Infoecos","isPartOf":{"@id":"https:\/\/infoecos.com.ar\/#website"},"primaryImageOfPage":{"@id":"https:\/\/infoecos.com.ar\/index.php\/la-seguridad-uno-de-los-temas-prioritarios-de-la-gestion-de-alegre-en-general-villegas\/#primaryimage"},"image":{"@id":"https:\/\/infoecos.com.ar\/index.php\/la-seguridad-uno-de-los-temas-prioritarios-de-la-gestion-de-alegre-en-general-villegas\/#primaryimage"},"thumbnailUrl":"https:\/\/infoecos.com.ar\/wp-content\/uploads\/2024\/01\/WhatsApp-Image-2024-01-14-at-19.30.00-2.jpeg","datePublished":"2024-01-16T00:28:11+00:00","dateModified":"2024-01-16T16:15:29+00:00","breadcrumb":{"@id":"https:\/\/infoecos.com.ar\/index.php\/la-seguridad-uno-de-los-temas-prioritarios-de-la-gestion-de-alegre-en-general-villegas\/#breadcrumb"},"inLanguage":"es","potentialAction":[{"@type":"ReadAction","target":["https:\/\/infoecos.com.ar\/index.php\/la-seguridad-uno-de-los-temas-prioritarios-de-la-gestion-de-alegre-en-general-villegas\/"]}]},{"@type":"ImageObject","inLanguage":"es","@id":"https:\/\/infoecos.com.ar\/index.php\/la-seguridad-uno-de-los-temas-prioritarios-de-la-gestion-de-alegre-en-general-villegas\/#primaryimage","url":"https:\/\/infoecos.com.ar\/wp-content\/uploads\/2024\/01\/WhatsApp-Image-2024-01-14-at-19.30.00-2.jpeg","contentUrl":"https:\/\/infoecos.com.ar\/wp-content\/uploads\/2024\/01\/WhatsApp-Image-2024-01-14-at-19.30.00-2.jpeg","width":1422,"height":900},{"@type":"BreadcrumbList","@id":"https:\/\/infoecos.com.ar\/index.php\/la-seguridad-uno-de-los-temas-prioritarios-de-la-gestion-de-alegre-en-general-villegas\/#breadcrumb","itemListElement":[{"@type":"ListItem","position":1,"name":"Portada","item":"https:\/\/infoecos.com.ar\/"},{"@type":"ListItem","position":2,"name":"La seguridad uno de los temas prioritarios de la gesti\u00f3n de Alegre en General Villegas"}]},{"@type":"WebSite","@id":"https:\/\/infoecos.com.ar\/#website","url":"https:\/\/infoecos.com.ar\/","name":"Infoecos","description":"Noticias de trenque lauquen y la zona","publisher":{"@id":"https:\/\/infoecos.com.ar\/#organization"},"alternateName":"Noticias","potentialAction":[{"@type":"SearchAction","target":{"@type":"EntryPoint","urlTemplate":"https:\/\/infoecos.com.ar\/?s={search_term_string}"},"query-input":{"@type":"PropertyValueSpecification","valueRequired":true,"valueName":"search_term_string"}}],"inLanguage":"es"},{"@type":"Organization","@id":"https:\/\/infoecos.com.ar\/#organization","name":"Infoecos","alternateName":"Noticias","url":"https:\/\/infoecos.com.ar\/","logo":{"@type":"ImageObject","inLanguage":"es","@id":"https:\/\/infoecos.com.ar\/#\/schema\/logo\/image\/","url":"https:\/\/infoecos.com.ar\/wp-content\/uploads\/2024\/03\/cropped-logo.png","contentUrl":"https:\/\/infoecos.com.ar\/wp-content\/uploads\/2024\/03\/cropped-logo.png","width":374,"height":90,"caption":"Infoecos"},"image":{"@id":"https:\/\/infoecos.com.ar\/#\/schema\/logo\/image\/"},"sameAs":["https:\/\/www.facebook.com\/profile.php?id=100063200290284","https:\/\/x.com\/infoecos"]},{"@type":"Person","@id":"https:\/\/infoecos.com.ar\/#\/schema\/person\/8f5ace5ce73b4b4aac4b7245aee6f191","name":"Jorge Matheus","url":"https:\/\/infoecos.com.ar\/index.php\/author\/jomatheus\/"}]}},"featured_image_urls":{"full":["https:\/\/infoecos.com.ar\/wp-content\/uploads\/2024\/01\/WhatsApp-Image-2024-01-14-at-19.30.00-2.jpeg",1422,900,false],"thumbnail":["https:\/\/infoecos.com.ar\/wp-content\/uploads\/2024\/01\/WhatsApp-Image-2024-01-14-at-19.30.00-2-300x150.jpeg",300,150,true],"medium":["https:\/\/infoecos.com.ar\/wp-content\/uploads\/2024\/01\/WhatsApp-Image-2024-01-14-at-19.30.00-2-800x506.jpeg",800,506,true],"medium_large":["https:\/\/infoecos.com.ar\/wp-content\/uploads\/2024\/01\/WhatsApp-Image-2024-01-14-at-19.30.00-2-768x486.jpeg",640,405,true],"large":["https:\/\/infoecos.com.ar\/wp-content\/uploads\/2024\/01\/WhatsApp-Image-2024-01-14-at-19.30.00-2.jpeg",640,405,false],"1536x1536":["https:\/\/infoecos.com.ar\/wp-content\/uploads\/2024\/01\/WhatsApp-Image-2024-01-14-at-19.30.00-2.jpeg",1422,900,false],"2048x2048":["https:\/\/infoecos.com.ar\/wp-content\/uploads\/2024\/01\/WhatsApp-Image-2024-01-14-at-19.30.00-2.jpeg",1422,900,false],"covernews-slider-full":["https:\/\/infoecos.com.ar\/wp-content\/uploads\/2024\/01\/WhatsApp-Image-2024-01-14-at-19.30.00-2.jpeg",1115,706,false],"covernews-slider-center":["https:\/\/infoecos.com.ar\/wp-content\/uploads\/2024\/01\/WhatsApp-Image-2024-01-14-at-19.30.00-2-936x897.jpeg",522,500,true],"covernews-featured":["https:\/\/infoecos.com.ar\/wp-content\/uploads\/2024\/01\/WhatsApp-Image-2024-01-14-at-19.30.00-2-1024x648.jpeg",1024,648,true],"covernews-medium":["https:\/\/infoecos.com.ar\/wp-content\/uploads\/2024\/01\/WhatsApp-Image-2024-01-14-at-19.30.00-2-720x380.jpeg",540,285,true],"covernews-medium-square":["https:\/\/infoecos.com.ar\/wp-content\/uploads\/2024\/01\/WhatsApp-Image-2024-01-14-at-19.30.00-2-675x450.jpeg",375,250,true]},"author_info":{"info":["Jorge Matheus"]},"category_info":"<a href=\"https:\/\/infoecos.com.ar\/index.php\/category\/c2nota3\/\" rel=\"category tag\">C2 N3<\/a>","tag_info":"C2 N3","comment_count":"0","_links":{"self":[{"href":"https:\/\/infoecos.com.ar\/index.php\/wp-json\/wp\/v2\/posts\/117512"}],"collection":[{"href":"https:\/\/infoecos.com.ar\/index.php\/wp-json\/wp\/v2\/posts"}],"about":[{"href":"https:\/\/infoecos.com.ar\/index.php\/wp-json\/wp\/v2\/types\/post"}],"author":[{"embeddable":true,"href":"https:\/\/infoecos.com.ar\/index.php\/wp-json\/wp\/v2\/users\/2"}],"replies":[{"embeddable":true,"href":"https:\/\/infoecos.com.ar\/index.php\/wp-json\/wp\/v2\/comments?post=117512"}],"version-history":[{"count":2,"href":"https:\/\/infoecos.com.ar\/index.php\/wp-json\/wp\/v2\/posts\/117512\/revisions"}],"predecessor-version":[{"id":117549,"href":"https:\/\/infoecos.com.ar\/index.php\/wp-json\/wp\/v2\/posts\/117512\/revisions\/117549"}],"wp:featuredmedia":[{"embeddable":true,"href":"https:\/\/infoecos.com.ar\/index.php\/wp-json\/wp\/v2\/media\/117515"}],"wp:attachment":[{"href":"https:\/\/infoecos.com.ar\/index.php\/wp-json\/wp\/v2\/media?parent=117512"}],"wp:term":[{"taxonomy":"category","embeddable":true,"href":"https:\/\/infoecos.com.ar\/index.php\/wp-json\/wp\/v2\/categories?post=117512"},{"taxonomy":"post_tag","embeddable":true,"href":"https:\/\/infoecos.com.ar\/index.php\/wp-json\/wp\/v2\/tags?post=117512"}],"curies":[{"name":"wp","href":"https:\/\/api.w.org\/{rel}","templated":true}]}}