{"id":117530,"date":"2024-01-16T00:16:17","date_gmt":"2024-01-16T03:16:17","guid":{"rendered":"https:\/\/infoecos.com.ar\/?p=117530"},"modified":"2024-01-16T00:16:18","modified_gmt":"2024-01-16T03:16:18","slug":"la-primera-quincena-registro-una-ocupacion-promedio-del-70-en-monte-hermoso","status":"publish","type":"post","link":"https:\/\/infoecos.com.ar\/index.php\/la-primera-quincena-registro-una-ocupacion-promedio-del-70-en-monte-hermoso\/","title":{"rendered":"La primera quincena registr\u00f3 una ocupaci\u00f3n promedio del 70 % en Monte Hermoso"},"content":{"rendered":"\n<figure class=\"wp-block-image alignright size-full is-resized\"><img loading=\"lazy\" decoding=\"async\" src=\"https:\/\/infoecos.com.ar\/wp-content\/uploads\/2024\/01\/image-101.png\" alt=\"\" class=\"wp-image-117531\" width=\"360\" height=\"203\" srcset=\"https:\/\/infoecos.com.ar\/wp-content\/uploads\/2024\/01\/image-101.png 807w, https:\/\/infoecos.com.ar\/wp-content\/uploads\/2024\/01\/image-101-800x450.png 800w, https:\/\/infoecos.com.ar\/wp-content\/uploads\/2024\/01\/image-101-768x432.png 768w\" sizes=\"(max-width: 360px) 100vw, 360px\" \/><\/figure>\n\n\n\n<p>El final de la primera quincena en Monte Hermoso registr\u00f3 una ocupaci\u00f3n promedio del 70 % seg\u00fan n\u00fameros oficiales de la comuna. Termina siendo entre un 20 y un 25 % m\u00e1s bajo que la ocupaci\u00f3n promedio del mismo per\u00edodo en 2023.<\/p>\n\n\n\n<p>Las cifras corresponde a hoteles y alojamientos registrados. No incluye particulares.<\/p>\n\n\n\n<p>Durante los fines de semana, los porcentajes se incrementaban un 15 %, hasta alcanzar el 85 %.<\/p>\n\n\n\n<p>Los promedios de ocupaci\u00f3n provocaron que muchos propietarios decidieran bajar sus precios, respecto de lo que se ped\u00eda entre fines de noviembre y principios de diciembre.<\/p>\n\n\n\n<p><strong>Fuente: lanueva.com<\/strong><\/p>\n\n\n\n<figure class=\"wp-block-image alignright size-full is-resized\"><img loading=\"lazy\" decoding=\"async\" src=\"https:\/\/infoecos.com.ar\/wp-content\/uploads\/2024\/01\/image-102.png\" alt=\"\" class=\"wp-image-117532\" width=\"361\" height=\"204\" srcset=\"https:\/\/infoecos.com.ar\/wp-content\/uploads\/2024\/01\/image-102.png 1121w, https:\/\/infoecos.com.ar\/wp-content\/uploads\/2024\/01\/image-102-800x452.png 800w, https:\/\/infoecos.com.ar\/wp-content\/uploads\/2024\/01\/image-102-768x434.png 768w, https:\/\/infoecos.com.ar\/wp-content\/uploads\/2024\/01\/image-102-1024x578.png 1024w\" sizes=\"(max-width: 361px) 100vw, 361px\" \/><\/figure>\n\n\n\n<p><strong>Como estar\u00e1 el clima durante esta semana:<\/strong><\/p>\n\n\n\n<h4 class=\"wp-block-heading\">Martes 16<\/h4>\n\n\n\n<p>Temperatura creciendo hasta 32 grados sin descenso pronunciado hacia la noche. Soleado con intervalos nubosos, despejando a la noche.<\/p>\n\n\n\n<p>Vientos de baja intensidad de direcci\u00f3n variable, norte a oeste y sudeste<\/p>\n\n\n\n<h4 class=\"wp-block-heading\">Mi\u00e9rcoles 17<\/h4>\n\n\n\n<p>Caluroso, 33 grados la m\u00e1xima, 24 a la medianoche. Vientos tornando al norte de intensidad baja a media hacia la noche.<\/p>\n\n\n\n<p>Se espera cielo despejado con per\u00edodos de intervalos nubosos, cubri\u00e9ndose en alg\u00fan momento a media tarde.<\/p>\n\n\n\n<p>Hay pron\u00f3sticos contradictorios para los d\u00edas siguientes por lo que actualizaremos el informe cuando haya m\u00e1s certezas.<\/p>\n\n\n\n<p><strong>Fuente: noticiasmontehermoso.com.ar<\/strong><\/p>\n","protected":false},"excerpt":{"rendered":"<p>Los promedios de ocupaci\u00f3n provocaron que muchos propietarios decidieran bajar sus precios, respecto de lo que se ped\u00eda entre fines de noviembre y principios de diciembre<\/p>\n","protected":false},"author":2,"featured_media":117531,"comment_status":"closed","ping_status":"open","sticky":false,"template":"","format":"standard","meta":{"footnotes":""},"categories":[45],"tags":[9879],"class_list":["post-117530","post","type-post","status-publish","format-standard","has-post-thumbnail","hentry","category-c1nota2","tag-hoteles-y-alojamientos"],"yoast_head":"<!-- This site is optimized with the Yoast SEO plugin v23.4 - https:\/\/yoast.com\/wordpress\/plugins\/seo\/ -->\n<title>La primera quincena registr\u00f3 una ocupaci\u00f3n promedio del 70 % en Monte Hermoso - Infoecos<\/title>\n<meta name=\"robots\" content=\"index, follow, max-snippet:-1, max-image-preview:large, max-video-preview:-1\" \/>\n<link rel=\"canonical\" href=\"https:\/\/infoecos.com.ar\/index.php\/la-primera-quincena-registro-una-ocupacion-promedio-del-70-en-monte-hermoso\/\" \/>\n<meta property=\"og:locale\" content=\"es_ES\" \/>\n<meta property=\"og:type\" content=\"article\" \/>\n<meta property=\"og:title\" content=\"La primera quincena registr\u00f3 una ocupaci\u00f3n promedio del 70 % en Monte Hermoso - Infoecos\" \/>\n<meta property=\"og:description\" content=\"Los promedios de ocupaci\u00f3n provocaron que muchos propietarios decidieran bajar sus precios, respecto de lo que se ped\u00eda entre fines de noviembre y principios de diciembre\" \/>\n<meta property=\"og:url\" content=\"https:\/\/infoecos.com.ar\/index.php\/la-primera-quincena-registro-una-ocupacion-promedio-del-70-en-monte-hermoso\/\" \/>\n<meta property=\"og:site_name\" content=\"Infoecos\" \/>\n<meta property=\"article:publisher\" content=\"https:\/\/www.facebook.com\/profile.php?id=100063200290284\" \/>\n<meta property=\"article:published_time\" content=\"2024-01-16T03:16:17+00:00\" \/>\n<meta property=\"article:modified_time\" content=\"2024-01-16T03:16:18+00:00\" \/>\n<meta property=\"og:image\" content=\"https:\/\/infoecos.com.ar\/wp-content\/uploads\/2024\/01\/image-101.png\" \/>\n\t<meta property=\"og:image:width\" content=\"807\" \/>\n\t<meta property=\"og:image:height\" content=\"454\" \/>\n\t<meta property=\"og:image:type\" content=\"image\/png\" \/>\n<meta name=\"author\" content=\"Jorge Matheus\" \/>\n<meta name=\"twitter:card\" content=\"summary_large_image\" \/>\n<meta name=\"twitter:creator\" content=\"@infoecos\" \/>\n<meta name=\"twitter:site\" content=\"@infoecos\" \/>\n<meta name=\"twitter:label1\" content=\"Escrito por\" \/>\n\t<meta name=\"twitter:data1\" content=\"Jorge Matheus\" \/>\n\t<meta name=\"twitter:label2\" content=\"Tiempo de lectura\" \/>\n\t<meta name=\"twitter:data2\" content=\"2 minutos\" \/>\n<script type=\"application\/ld+json\" class=\"yoast-schema-graph\">{\"@context\":\"https:\/\/schema.org\",\"@graph\":[{\"@type\":\"Article\",\"@id\":\"https:\/\/infoecos.com.ar\/index.php\/la-primera-quincena-registro-una-ocupacion-promedio-del-70-en-monte-hermoso\/#article\",\"isPartOf\":{\"@id\":\"https:\/\/infoecos.com.ar\/index.php\/la-primera-quincena-registro-una-ocupacion-promedio-del-70-en-monte-hermoso\/\"},\"author\":{\"name\":\"Jorge Matheus\",\"@id\":\"https:\/\/infoecos.com.ar\/#\/schema\/person\/8f5ace5ce73b4b4aac4b7245aee6f191\"},\"headline\":\"La primera quincena registr\u00f3 una ocupaci\u00f3n promedio del 70 % en Monte Hermoso\",\"datePublished\":\"2024-01-16T03:16:17+00:00\",\"dateModified\":\"2024-01-16T03:16:18+00:00\",\"mainEntityOfPage\":{\"@id\":\"https:\/\/infoecos.com.ar\/index.php\/la-primera-quincena-registro-una-ocupacion-promedio-del-70-en-monte-hermoso\/\"},\"wordCount\":213,\"publisher\":{\"@id\":\"https:\/\/infoecos.com.ar\/#organization\"},\"image\":{\"@id\":\"https:\/\/infoecos.com.ar\/index.php\/la-primera-quincena-registro-una-ocupacion-promedio-del-70-en-monte-hermoso\/#primaryimage\"},\"thumbnailUrl\":\"https:\/\/infoecos.com.ar\/wp-content\/uploads\/2024\/01\/image-101.png\",\"keywords\":[\"Hoteles y alojamientos\"],\"articleSection\":[\"C1 N2\"],\"inLanguage\":\"es\"},{\"@type\":\"WebPage\",\"@id\":\"https:\/\/infoecos.com.ar\/index.php\/la-primera-quincena-registro-una-ocupacion-promedio-del-70-en-monte-hermoso\/\",\"url\":\"https:\/\/infoecos.com.ar\/index.php\/la-primera-quincena-registro-una-ocupacion-promedio-del-70-en-monte-hermoso\/\",\"name\":\"La primera quincena registr\u00f3 una ocupaci\u00f3n promedio del 70 % en Monte Hermoso - Infoecos\",\"isPartOf\":{\"@id\":\"https:\/\/infoecos.com.ar\/#website\"},\"primaryImageOfPage\":{\"@id\":\"https:\/\/infoecos.com.ar\/index.php\/la-primera-quincena-registro-una-ocupacion-promedio-del-70-en-monte-hermoso\/#primaryimage\"},\"image\":{\"@id\":\"https:\/\/infoecos.com.ar\/index.php\/la-primera-quincena-registro-una-ocupacion-promedio-del-70-en-monte-hermoso\/#primaryimage\"},\"thumbnailUrl\":\"https:\/\/infoecos.com.ar\/wp-content\/uploads\/2024\/01\/image-101.png\",\"datePublished\":\"2024-01-16T03:16:17+00:00\",\"dateModified\":\"2024-01-16T03:16:18+00:00\",\"breadcrumb\":{\"@id\":\"https:\/\/infoecos.com.ar\/index.php\/la-primera-quincena-registro-una-ocupacion-promedio-del-70-en-monte-hermoso\/#breadcrumb\"},\"inLanguage\":\"es\",\"potentialAction\":[{\"@type\":\"ReadAction\",\"target\":[\"https:\/\/infoecos.com.ar\/index.php\/la-primera-quincena-registro-una-ocupacion-promedio-del-70-en-monte-hermoso\/\"]}]},{\"@type\":\"ImageObject\",\"inLanguage\":\"es\",\"@id\":\"https:\/\/infoecos.com.ar\/index.php\/la-primera-quincena-registro-una-ocupacion-promedio-del-70-en-monte-hermoso\/#primaryimage\",\"url\":\"https:\/\/infoecos.com.ar\/wp-content\/uploads\/2024\/01\/image-101.png\",\"contentUrl\":\"https:\/\/infoecos.com.ar\/wp-content\/uploads\/2024\/01\/image-101.png\",\"width\":807,\"height\":454},{\"@type\":\"BreadcrumbList\",\"@id\":\"https:\/\/infoecos.com.ar\/index.php\/la-primera-quincena-registro-una-ocupacion-promedio-del-70-en-monte-hermoso\/#breadcrumb\",\"itemListElement\":[{\"@type\":\"ListItem\",\"position\":1,\"name\":\"Portada\",\"item\":\"https:\/\/infoecos.com.ar\/\"},{\"@type\":\"ListItem\",\"position\":2,\"name\":\"La primera quincena registr\u00f3 una ocupaci\u00f3n promedio del 70 % en Monte Hermoso\"}]},{\"@type\":\"WebSite\",\"@id\":\"https:\/\/infoecos.com.ar\/#website\",\"url\":\"https:\/\/infoecos.com.ar\/\",\"name\":\"Infoecos\",\"description\":\"Noticias de trenque lauquen y la zona\",\"publisher\":{\"@id\":\"https:\/\/infoecos.com.ar\/#organization\"},\"alternateName\":\"Noticias\",\"potentialAction\":[{\"@type\":\"SearchAction\",\"target\":{\"@type\":\"EntryPoint\",\"urlTemplate\":\"https:\/\/infoecos.com.ar\/?s={search_term_string}\"},\"query-input\":{\"@type\":\"PropertyValueSpecification\",\"valueRequired\":true,\"valueName\":\"search_term_string\"}}],\"inLanguage\":\"es\"},{\"@type\":\"Organization\",\"@id\":\"https:\/\/infoecos.com.ar\/#organization\",\"name\":\"Infoecos\",\"alternateName\":\"Noticias\",\"url\":\"https:\/\/infoecos.com.ar\/\",\"logo\":{\"@type\":\"ImageObject\",\"inLanguage\":\"es\",\"@id\":\"https:\/\/infoecos.com.ar\/#\/schema\/logo\/image\/\",\"url\":\"https:\/\/infoecos.com.ar\/wp-content\/uploads\/2024\/03\/cropped-logo.png\",\"contentUrl\":\"https:\/\/infoecos.com.ar\/wp-content\/uploads\/2024\/03\/cropped-logo.png\",\"width\":374,\"height\":90,\"caption\":\"Infoecos\"},\"image\":{\"@id\":\"https:\/\/infoecos.com.ar\/#\/schema\/logo\/image\/\"},\"sameAs\":[\"https:\/\/www.facebook.com\/profile.php?id=100063200290284\",\"https:\/\/x.com\/infoecos\"]},{\"@type\":\"Person\",\"@id\":\"https:\/\/infoecos.com.ar\/#\/schema\/person\/8f5ace5ce73b4b4aac4b7245aee6f191\",\"name\":\"Jorge Matheus\",\"url\":\"https:\/\/infoecos.com.ar\/index.php\/author\/jomatheus\/\"}]}<\/script>\n<!-- \/ Yoast SEO plugin. -->","yoast_head_json":{"title":"La primera quincena registr\u00f3 una ocupaci\u00f3n promedio del 70 % en Monte Hermoso - Infoecos","robots":{"index":"index","follow":"follow","max-snippet":"max-snippet:-1","max-image-preview":"max-image-preview:large","max-video-preview":"max-video-preview:-1"},"canonical":"https:\/\/infoecos.com.ar\/index.php\/la-primera-quincena-registro-una-ocupacion-promedio-del-70-en-monte-hermoso\/","og_locale":"es_ES","og_type":"article","og_title":"La primera quincena registr\u00f3 una ocupaci\u00f3n promedio del 70 % en Monte Hermoso - Infoecos","og_description":"Los promedios de ocupaci\u00f3n provocaron que muchos propietarios decidieran bajar sus precios, respecto de lo que se ped\u00eda entre fines de noviembre y principios de diciembre","og_url":"https:\/\/infoecos.com.ar\/index.php\/la-primera-quincena-registro-una-ocupacion-promedio-del-70-en-monte-hermoso\/","og_site_name":"Infoecos","article_publisher":"https:\/\/www.facebook.com\/profile.php?id=100063200290284","article_published_time":"2024-01-16T03:16:17+00:00","article_modified_time":"2024-01-16T03:16:18+00:00","og_image":[{"width":807,"height":454,"url":"https:\/\/infoecos.com.ar\/wp-content\/uploads\/2024\/01\/image-101.png","type":"image\/png"}],"author":"Jorge Matheus","twitter_card":"summary_large_image","twitter_creator":"@infoecos","twitter_site":"@infoecos","twitter_misc":{"Escrito por":"Jorge Matheus","Tiempo de lectura":"2 minutos"},"schema":{"@context":"https:\/\/schema.org","@graph":[{"@type":"Article","@id":"https:\/\/infoecos.com.ar\/index.php\/la-primera-quincena-registro-una-ocupacion-promedio-del-70-en-monte-hermoso\/#article","isPartOf":{"@id":"https:\/\/infoecos.com.ar\/index.php\/la-primera-quincena-registro-una-ocupacion-promedio-del-70-en-monte-hermoso\/"},"author":{"name":"Jorge Matheus","@id":"https:\/\/infoecos.com.ar\/#\/schema\/person\/8f5ace5ce73b4b4aac4b7245aee6f191"},"headline":"La primera quincena registr\u00f3 una ocupaci\u00f3n promedio del 70 % en Monte Hermoso","datePublished":"2024-01-16T03:16:17+00:00","dateModified":"2024-01-16T03:16:18+00:00","mainEntityOfPage":{"@id":"https:\/\/infoecos.com.ar\/index.php\/la-primera-quincena-registro-una-ocupacion-promedio-del-70-en-monte-hermoso\/"},"wordCount":213,"publisher":{"@id":"https:\/\/infoecos.com.ar\/#organization"},"image":{"@id":"https:\/\/infoecos.com.ar\/index.php\/la-primera-quincena-registro-una-ocupacion-promedio-del-70-en-monte-hermoso\/#primaryimage"},"thumbnailUrl":"https:\/\/infoecos.com.ar\/wp-content\/uploads\/2024\/01\/image-101.png","keywords":["Hoteles y alojamientos"],"articleSection":["C1 N2"],"inLanguage":"es"},{"@type":"WebPage","@id":"https:\/\/infoecos.com.ar\/index.php\/la-primera-quincena-registro-una-ocupacion-promedio-del-70-en-monte-hermoso\/","url":"https:\/\/infoecos.com.ar\/index.php\/la-primera-quincena-registro-una-ocupacion-promedio-del-70-en-monte-hermoso\/","name":"La primera quincena registr\u00f3 una ocupaci\u00f3n promedio del 70 % en Monte Hermoso - Infoecos","isPartOf":{"@id":"https:\/\/infoecos.com.ar\/#website"},"primaryImageOfPage":{"@id":"https:\/\/infoecos.com.ar\/index.php\/la-primera-quincena-registro-una-ocupacion-promedio-del-70-en-monte-hermoso\/#primaryimage"},"image":{"@id":"https:\/\/infoecos.com.ar\/index.php\/la-primera-quincena-registro-una-ocupacion-promedio-del-70-en-monte-hermoso\/#primaryimage"},"thumbnailUrl":"https:\/\/infoecos.com.ar\/wp-content\/uploads\/2024\/01\/image-101.png","datePublished":"2024-01-16T03:16:17+00:00","dateModified":"2024-01-16T03:16:18+00:00","breadcrumb":{"@id":"https:\/\/infoecos.com.ar\/index.php\/la-primera-quincena-registro-una-ocupacion-promedio-del-70-en-monte-hermoso\/#breadcrumb"},"inLanguage":"es","potentialAction":[{"@type":"ReadAction","target":["https:\/\/infoecos.com.ar\/index.php\/la-primera-quincena-registro-una-ocupacion-promedio-del-70-en-monte-hermoso\/"]}]},{"@type":"ImageObject","inLanguage":"es","@id":"https:\/\/infoecos.com.ar\/index.php\/la-primera-quincena-registro-una-ocupacion-promedio-del-70-en-monte-hermoso\/#primaryimage","url":"https:\/\/infoecos.com.ar\/wp-content\/uploads\/2024\/01\/image-101.png","contentUrl":"https:\/\/infoecos.com.ar\/wp-content\/uploads\/2024\/01\/image-101.png","width":807,"height":454},{"@type":"BreadcrumbList","@id":"https:\/\/infoecos.com.ar\/index.php\/la-primera-quincena-registro-una-ocupacion-promedio-del-70-en-monte-hermoso\/#breadcrumb","itemListElement":[{"@type":"ListItem","position":1,"name":"Portada","item":"https:\/\/infoecos.com.ar\/"},{"@type":"ListItem","position":2,"name":"La primera quincena registr\u00f3 una ocupaci\u00f3n promedio del 70 % en Monte Hermoso"}]},{"@type":"WebSite","@id":"https:\/\/infoecos.com.ar\/#website","url":"https:\/\/infoecos.com.ar\/","name":"Infoecos","description":"Noticias de trenque lauquen y la zona","publisher":{"@id":"https:\/\/infoecos.com.ar\/#organization"},"alternateName":"Noticias","potentialAction":[{"@type":"SearchAction","target":{"@type":"EntryPoint","urlTemplate":"https:\/\/infoecos.com.ar\/?s={search_term_string}"},"query-input":{"@type":"PropertyValueSpecification","valueRequired":true,"valueName":"search_term_string"}}],"inLanguage":"es"},{"@type":"Organization","@id":"https:\/\/infoecos.com.ar\/#organization","name":"Infoecos","alternateName":"Noticias","url":"https:\/\/infoecos.com.ar\/","logo":{"@type":"ImageObject","inLanguage":"es","@id":"https:\/\/infoecos.com.ar\/#\/schema\/logo\/image\/","url":"https:\/\/infoecos.com.ar\/wp-content\/uploads\/2024\/03\/cropped-logo.png","contentUrl":"https:\/\/infoecos.com.ar\/wp-content\/uploads\/2024\/03\/cropped-logo.png","width":374,"height":90,"caption":"Infoecos"},"image":{"@id":"https:\/\/infoecos.com.ar\/#\/schema\/logo\/image\/"},"sameAs":["https:\/\/www.facebook.com\/profile.php?id=100063200290284","https:\/\/x.com\/infoecos"]},{"@type":"Person","@id":"https:\/\/infoecos.com.ar\/#\/schema\/person\/8f5ace5ce73b4b4aac4b7245aee6f191","name":"Jorge Matheus","url":"https:\/\/infoecos.com.ar\/index.php\/author\/jomatheus\/"}]}},"featured_image_urls":{"full":["https:\/\/infoecos.com.ar\/wp-content\/uploads\/2024\/01\/image-101.png",807,454,false],"thumbnail":["https:\/\/infoecos.com.ar\/wp-content\/uploads\/2024\/01\/image-101-300x150.png",300,150,true],"medium":["https:\/\/infoecos.com.ar\/wp-content\/uploads\/2024\/01\/image-101-800x450.png",800,450,true],"medium_large":["https:\/\/infoecos.com.ar\/wp-content\/uploads\/2024\/01\/image-101-768x432.png",640,360,true],"large":["https:\/\/infoecos.com.ar\/wp-content\/uploads\/2024\/01\/image-101.png",640,360,false],"1536x1536":["https:\/\/infoecos.com.ar\/wp-content\/uploads\/2024\/01\/image-101.png",807,454,false],"2048x2048":["https:\/\/infoecos.com.ar\/wp-content\/uploads\/2024\/01\/image-101.png",807,454,false],"covernews-slider-full":["https:\/\/infoecos.com.ar\/wp-content\/uploads\/2024\/01\/image-101.png",807,454,false],"covernews-slider-center":["https:\/\/infoecos.com.ar\/wp-content\/uploads\/2024\/01\/image-101.png",800,450,false],"covernews-featured":["https:\/\/infoecos.com.ar\/wp-content\/uploads\/2024\/01\/image-101.png",807,454,false],"covernews-medium":["https:\/\/infoecos.com.ar\/wp-content\/uploads\/2024\/01\/image-101-720x380.png",540,285,true],"covernews-medium-square":["https:\/\/infoecos.com.ar\/wp-content\/uploads\/2024\/01\/image-101-675x450.png",375,250,true]},"author_info":{"info":["Jorge Matheus"]},"category_info":"<a href=\"https:\/\/infoecos.com.ar\/index.php\/category\/c1nota2\/\" rel=\"category tag\">C1 N2<\/a>","tag_info":"C1 N2","comment_count":"0","_links":{"self":[{"href":"https:\/\/infoecos.com.ar\/index.php\/wp-json\/wp\/v2\/posts\/117530"}],"collection":[{"href":"https:\/\/infoecos.com.ar\/index.php\/wp-json\/wp\/v2\/posts"}],"about":[{"href":"https:\/\/infoecos.com.ar\/index.php\/wp-json\/wp\/v2\/types\/post"}],"author":[{"embeddable":true,"href":"https:\/\/infoecos.com.ar\/index.php\/wp-json\/wp\/v2\/users\/2"}],"replies":[{"embeddable":true,"href":"https:\/\/infoecos.com.ar\/index.php\/wp-json\/wp\/v2\/comments?post=117530"}],"version-history":[{"count":1,"href":"https:\/\/infoecos.com.ar\/index.php\/wp-json\/wp\/v2\/posts\/117530\/revisions"}],"predecessor-version":[{"id":117533,"href":"https:\/\/infoecos.com.ar\/index.php\/wp-json\/wp\/v2\/posts\/117530\/revisions\/117533"}],"wp:featuredmedia":[{"embeddable":true,"href":"https:\/\/infoecos.com.ar\/index.php\/wp-json\/wp\/v2\/media\/117531"}],"wp:attachment":[{"href":"https:\/\/infoecos.com.ar\/index.php\/wp-json\/wp\/v2\/media?parent=117530"}],"wp:term":[{"taxonomy":"category","embeddable":true,"href":"https:\/\/infoecos.com.ar\/index.php\/wp-json\/wp\/v2\/categories?post=117530"},{"taxonomy":"post_tag","embeddable":true,"href":"https:\/\/infoecos.com.ar\/index.php\/wp-json\/wp\/v2\/tags?post=117530"}],"curies":[{"name":"wp","href":"https:\/\/api.w.org\/{rel}","templated":true}]}}