{"id":117552,"date":"2024-01-16T12:33:31","date_gmt":"2024-01-16T15:33:31","guid":{"rendered":"https:\/\/infoecos.com.ar\/?p=117552"},"modified":"2024-01-17T11:06:05","modified_gmt":"2024-01-17T14:06:05","slug":"la-situacion-economica-actual-y-el-temporal-en-bahia-blanca-afectaron-el-turismo-dijo-arranz","status":"publish","type":"post","link":"https:\/\/infoecos.com.ar\/index.php\/la-situacion-economica-actual-y-el-temporal-en-bahia-blanca-afectaron-el-turismo-dijo-arranz\/","title":{"rendered":"\u00abLa situaci\u00f3n econ\u00f3mica actual y el temporal en Bah\u00eda Blanca afectaron el turismo\u00bb, dijo Arranz"},"content":{"rendered":"\n<p>Hern\u00e1n Arranz, intendente de Monte Hermoso, adujo en declaraciones que formul\u00f3 a<strong> LU 2<\/strong> con relaci\u00f3n a la ca\u00edda de la concurrencia tur\u00edstica a su distrito y que ha provocado mucha preocupaci\u00f3n que \u00aba la situaci\u00f3n econ\u00f3mica actual le agregamos lo que pas\u00f3 en Bah\u00eda Blanca que es nuestro principal centro emisor de turistas y concuerdo con lo que dec\u00edan los dem\u00e1s destinos: el Partido de la Costa, Villa Gesell, Pinamar. Todos hablaban de una baja tur\u00edstica important\u00edsima en el mes de diciembre y en lo que va de enero\u00bb.<\/p>\n\n\n\n<figure class=\"wp-block-image alignright size-full is-resized\"><img loading=\"lazy\" decoding=\"async\" src=\"https:\/\/infoecos.com.ar\/wp-content\/uploads\/2024\/01\/image-103.png\" alt=\"\" class=\"wp-image-117553\" width=\"377\" height=\"213\" srcset=\"https:\/\/infoecos.com.ar\/wp-content\/uploads\/2024\/01\/image-103.png 1121w, https:\/\/infoecos.com.ar\/wp-content\/uploads\/2024\/01\/image-103-800x452.png 800w, https:\/\/infoecos.com.ar\/wp-content\/uploads\/2024\/01\/image-103-768x434.png 768w, https:\/\/infoecos.com.ar\/wp-content\/uploads\/2024\/01\/image-103-1024x578.png 1024w\" sizes=\"(max-width: 377px) 100vw, 377px\" \/><figcaption class=\"wp-element-caption\">Hern\u00e1n Arranz<\/figcaption><\/figure>\n\n\n\n<p>En sus opiniones que son reproducidas por <strong>lanueva.com<\/strong> el mandatario comunal indic\u00f3 que \u00abno se sabe qu\u00e9 va a pasar con el turismo nacional.&nbsp;Se est\u00e1n tomando medidas dr\u00e1sticas y obviamente repercuten&nbsp;directamente en el bolsillo. El turismo es un art\u00edculo de lujo, es lo primero que por ah\u00ed se va a resentir\u00bb, agregando que \u00abfebrero, marzo y abril ser\u00e1n&nbsp;meses de quiebre en los que se ver\u00e1n reflejados los efectos&nbsp;de las medidas del gobierno&nbsp;y su respectivo impacto en la econom\u00eda de la gente\u00bb.&nbsp;<\/p>\n\n\n\n<p>El intendente asegur\u00f3 que&nbsp;en el \u00faltimo tiempo se registraron nuevas bajas en los precios de los alquileres. \u00abMuchos propietarios no se decid\u00edan a alquilar porque quer\u00edan&nbsp;ver qu\u00e9&nbsp;pasaba con las elecciones, y el periodo eleccionario se traslad\u00f3 a noviembre, casi&nbsp;primeros d\u00edas de diciembre. Y hubo una confusi\u00f3n de si se alquilaba en d\u00f3lares, en pesos;&nbsp;qu\u00e9 pasaba con el d\u00f3lar, si se disparaba. Todo eso gener\u00f3&nbsp;incertidumbre\u00bb, se\u00f1al\u00f3.<\/p>\n\n\n\n<p><\/p>\n","protected":false},"excerpt":{"rendered":"<p>El mandatario comunal indic\u00f3 que \u00abno se sabe qu\u00e9 va a pasar con el turismo nacional.\u00a0Se est\u00e1n tomando medidas dr\u00e1sticas y obviamente repercuten\u00a0directamente en el bolsillo\u00bb<\/p>\n","protected":false},"author":2,"featured_media":117553,"comment_status":"closed","ping_status":"open","sticky":false,"template":"","format":"standard","meta":{"footnotes":""},"categories":[50],"tags":[9884],"class_list":["post-117552","post","type-post","status-publish","format-standard","has-post-thumbnail","hentry","category-c1nota4","tag-temporada-en-monte-hermoso"],"yoast_head":"<!-- This site is optimized with the Yoast SEO plugin v23.4 - https:\/\/yoast.com\/wordpress\/plugins\/seo\/ -->\n<title>&quot;La situaci\u00f3n econ\u00f3mica actual y el temporal en Bah\u00eda Blanca afectaron el turismo&quot;, dijo Arranz - Infoecos<\/title>\n<meta name=\"robots\" content=\"index, follow, max-snippet:-1, max-image-preview:large, max-video-preview:-1\" \/>\n<link rel=\"canonical\" href=\"https:\/\/infoecos.com.ar\/index.php\/la-situacion-economica-actual-y-el-temporal-en-bahia-blanca-afectaron-el-turismo-dijo-arranz\/\" \/>\n<meta property=\"og:locale\" content=\"es_ES\" \/>\n<meta property=\"og:type\" content=\"article\" \/>\n<meta property=\"og:title\" content=\"&quot;La situaci\u00f3n econ\u00f3mica actual y el temporal en Bah\u00eda Blanca afectaron el turismo&quot;, dijo Arranz - Infoecos\" \/>\n<meta property=\"og:description\" content=\"El mandatario comunal indic\u00f3 que &quot;no se sabe qu\u00e9 va a pasar con el turismo nacional.\u00a0Se est\u00e1n tomando medidas dr\u00e1sticas y obviamente repercuten\u00a0directamente en el bolsillo&quot;\" \/>\n<meta property=\"og:url\" content=\"https:\/\/infoecos.com.ar\/index.php\/la-situacion-economica-actual-y-el-temporal-en-bahia-blanca-afectaron-el-turismo-dijo-arranz\/\" \/>\n<meta property=\"og:site_name\" content=\"Infoecos\" \/>\n<meta property=\"article:publisher\" content=\"https:\/\/www.facebook.com\/profile.php?id=100063200290284\" \/>\n<meta property=\"article:published_time\" content=\"2024-01-16T15:33:31+00:00\" \/>\n<meta property=\"article:modified_time\" content=\"2024-01-17T14:06:05+00:00\" \/>\n<meta property=\"og:image\" content=\"https:\/\/infoecos.com.ar\/wp-content\/uploads\/2024\/01\/image-103.png\" \/>\n\t<meta property=\"og:image:width\" content=\"1121\" \/>\n\t<meta property=\"og:image:height\" content=\"633\" \/>\n\t<meta property=\"og:image:type\" content=\"image\/png\" \/>\n<meta name=\"author\" content=\"Jorge Matheus\" \/>\n<meta name=\"twitter:card\" content=\"summary_large_image\" \/>\n<meta name=\"twitter:creator\" content=\"@infoecos\" \/>\n<meta name=\"twitter:site\" content=\"@infoecos\" \/>\n<meta name=\"twitter:label1\" content=\"Escrito por\" \/>\n\t<meta name=\"twitter:data1\" content=\"Jorge Matheus\" \/>\n\t<meta name=\"twitter:label2\" content=\"Tiempo de lectura\" \/>\n\t<meta name=\"twitter:data2\" content=\"2 minutos\" \/>\n<script type=\"application\/ld+json\" class=\"yoast-schema-graph\">{\"@context\":\"https:\/\/schema.org\",\"@graph\":[{\"@type\":\"Article\",\"@id\":\"https:\/\/infoecos.com.ar\/index.php\/la-situacion-economica-actual-y-el-temporal-en-bahia-blanca-afectaron-el-turismo-dijo-arranz\/#article\",\"isPartOf\":{\"@id\":\"https:\/\/infoecos.com.ar\/index.php\/la-situacion-economica-actual-y-el-temporal-en-bahia-blanca-afectaron-el-turismo-dijo-arranz\/\"},\"author\":{\"name\":\"Jorge Matheus\",\"@id\":\"https:\/\/infoecos.com.ar\/#\/schema\/person\/8f5ace5ce73b4b4aac4b7245aee6f191\"},\"headline\":\"\u00abLa situaci\u00f3n econ\u00f3mica actual y el temporal en Bah\u00eda Blanca afectaron el turismo\u00bb, dijo Arranz\",\"datePublished\":\"2024-01-16T15:33:31+00:00\",\"dateModified\":\"2024-01-17T14:06:05+00:00\",\"mainEntityOfPage\":{\"@id\":\"https:\/\/infoecos.com.ar\/index.php\/la-situacion-economica-actual-y-el-temporal-en-bahia-blanca-afectaron-el-turismo-dijo-arranz\/\"},\"wordCount\":305,\"publisher\":{\"@id\":\"https:\/\/infoecos.com.ar\/#organization\"},\"image\":{\"@id\":\"https:\/\/infoecos.com.ar\/index.php\/la-situacion-economica-actual-y-el-temporal-en-bahia-blanca-afectaron-el-turismo-dijo-arranz\/#primaryimage\"},\"thumbnailUrl\":\"https:\/\/infoecos.com.ar\/wp-content\/uploads\/2024\/01\/image-103.png\",\"keywords\":[\"temporada en Monte Hermoso\"],\"articleSection\":[\"C1 N4\"],\"inLanguage\":\"es\"},{\"@type\":\"WebPage\",\"@id\":\"https:\/\/infoecos.com.ar\/index.php\/la-situacion-economica-actual-y-el-temporal-en-bahia-blanca-afectaron-el-turismo-dijo-arranz\/\",\"url\":\"https:\/\/infoecos.com.ar\/index.php\/la-situacion-economica-actual-y-el-temporal-en-bahia-blanca-afectaron-el-turismo-dijo-arranz\/\",\"name\":\"\\\"La situaci\u00f3n econ\u00f3mica actual y el temporal en Bah\u00eda Blanca afectaron el turismo\\\", dijo Arranz - Infoecos\",\"isPartOf\":{\"@id\":\"https:\/\/infoecos.com.ar\/#website\"},\"primaryImageOfPage\":{\"@id\":\"https:\/\/infoecos.com.ar\/index.php\/la-situacion-economica-actual-y-el-temporal-en-bahia-blanca-afectaron-el-turismo-dijo-arranz\/#primaryimage\"},\"image\":{\"@id\":\"https:\/\/infoecos.com.ar\/index.php\/la-situacion-economica-actual-y-el-temporal-en-bahia-blanca-afectaron-el-turismo-dijo-arranz\/#primaryimage\"},\"thumbnailUrl\":\"https:\/\/infoecos.com.ar\/wp-content\/uploads\/2024\/01\/image-103.png\",\"datePublished\":\"2024-01-16T15:33:31+00:00\",\"dateModified\":\"2024-01-17T14:06:05+00:00\",\"breadcrumb\":{\"@id\":\"https:\/\/infoecos.com.ar\/index.php\/la-situacion-economica-actual-y-el-temporal-en-bahia-blanca-afectaron-el-turismo-dijo-arranz\/#breadcrumb\"},\"inLanguage\":\"es\",\"potentialAction\":[{\"@type\":\"ReadAction\",\"target\":[\"https:\/\/infoecos.com.ar\/index.php\/la-situacion-economica-actual-y-el-temporal-en-bahia-blanca-afectaron-el-turismo-dijo-arranz\/\"]}]},{\"@type\":\"ImageObject\",\"inLanguage\":\"es\",\"@id\":\"https:\/\/infoecos.com.ar\/index.php\/la-situacion-economica-actual-y-el-temporal-en-bahia-blanca-afectaron-el-turismo-dijo-arranz\/#primaryimage\",\"url\":\"https:\/\/infoecos.com.ar\/wp-content\/uploads\/2024\/01\/image-103.png\",\"contentUrl\":\"https:\/\/infoecos.com.ar\/wp-content\/uploads\/2024\/01\/image-103.png\",\"width\":1121,\"height\":633},{\"@type\":\"BreadcrumbList\",\"@id\":\"https:\/\/infoecos.com.ar\/index.php\/la-situacion-economica-actual-y-el-temporal-en-bahia-blanca-afectaron-el-turismo-dijo-arranz\/#breadcrumb\",\"itemListElement\":[{\"@type\":\"ListItem\",\"position\":1,\"name\":\"Portada\",\"item\":\"https:\/\/infoecos.com.ar\/\"},{\"@type\":\"ListItem\",\"position\":2,\"name\":\"\u00abLa situaci\u00f3n econ\u00f3mica actual y el temporal en Bah\u00eda Blanca afectaron el turismo\u00bb, dijo Arranz\"}]},{\"@type\":\"WebSite\",\"@id\":\"https:\/\/infoecos.com.ar\/#website\",\"url\":\"https:\/\/infoecos.com.ar\/\",\"name\":\"Infoecos\",\"description\":\"Noticias de trenque lauquen y la zona\",\"publisher\":{\"@id\":\"https:\/\/infoecos.com.ar\/#organization\"},\"alternateName\":\"Noticias\",\"potentialAction\":[{\"@type\":\"SearchAction\",\"target\":{\"@type\":\"EntryPoint\",\"urlTemplate\":\"https:\/\/infoecos.com.ar\/?s={search_term_string}\"},\"query-input\":{\"@type\":\"PropertyValueSpecification\",\"valueRequired\":true,\"valueName\":\"search_term_string\"}}],\"inLanguage\":\"es\"},{\"@type\":\"Organization\",\"@id\":\"https:\/\/infoecos.com.ar\/#organization\",\"name\":\"Infoecos\",\"alternateName\":\"Noticias\",\"url\":\"https:\/\/infoecos.com.ar\/\",\"logo\":{\"@type\":\"ImageObject\",\"inLanguage\":\"es\",\"@id\":\"https:\/\/infoecos.com.ar\/#\/schema\/logo\/image\/\",\"url\":\"https:\/\/infoecos.com.ar\/wp-content\/uploads\/2024\/03\/cropped-logo.png\",\"contentUrl\":\"https:\/\/infoecos.com.ar\/wp-content\/uploads\/2024\/03\/cropped-logo.png\",\"width\":374,\"height\":90,\"caption\":\"Infoecos\"},\"image\":{\"@id\":\"https:\/\/infoecos.com.ar\/#\/schema\/logo\/image\/\"},\"sameAs\":[\"https:\/\/www.facebook.com\/profile.php?id=100063200290284\",\"https:\/\/x.com\/infoecos\"]},{\"@type\":\"Person\",\"@id\":\"https:\/\/infoecos.com.ar\/#\/schema\/person\/8f5ace5ce73b4b4aac4b7245aee6f191\",\"name\":\"Jorge Matheus\",\"url\":\"https:\/\/infoecos.com.ar\/index.php\/author\/jomatheus\/\"}]}<\/script>\n<!-- \/ Yoast SEO plugin. -->","yoast_head_json":{"title":"\"La situaci\u00f3n econ\u00f3mica actual y el temporal en Bah\u00eda Blanca afectaron el turismo\", dijo Arranz - Infoecos","robots":{"index":"index","follow":"follow","max-snippet":"max-snippet:-1","max-image-preview":"max-image-preview:large","max-video-preview":"max-video-preview:-1"},"canonical":"https:\/\/infoecos.com.ar\/index.php\/la-situacion-economica-actual-y-el-temporal-en-bahia-blanca-afectaron-el-turismo-dijo-arranz\/","og_locale":"es_ES","og_type":"article","og_title":"\"La situaci\u00f3n econ\u00f3mica actual y el temporal en Bah\u00eda Blanca afectaron el turismo\", dijo Arranz - Infoecos","og_description":"El mandatario comunal indic\u00f3 que \"no se sabe qu\u00e9 va a pasar con el turismo nacional.\u00a0Se est\u00e1n tomando medidas dr\u00e1sticas y obviamente repercuten\u00a0directamente en el bolsillo\"","og_url":"https:\/\/infoecos.com.ar\/index.php\/la-situacion-economica-actual-y-el-temporal-en-bahia-blanca-afectaron-el-turismo-dijo-arranz\/","og_site_name":"Infoecos","article_publisher":"https:\/\/www.facebook.com\/profile.php?id=100063200290284","article_published_time":"2024-01-16T15:33:31+00:00","article_modified_time":"2024-01-17T14:06:05+00:00","og_image":[{"width":1121,"height":633,"url":"https:\/\/infoecos.com.ar\/wp-content\/uploads\/2024\/01\/image-103.png","type":"image\/png"}],"author":"Jorge Matheus","twitter_card":"summary_large_image","twitter_creator":"@infoecos","twitter_site":"@infoecos","twitter_misc":{"Escrito por":"Jorge Matheus","Tiempo de lectura":"2 minutos"},"schema":{"@context":"https:\/\/schema.org","@graph":[{"@type":"Article","@id":"https:\/\/infoecos.com.ar\/index.php\/la-situacion-economica-actual-y-el-temporal-en-bahia-blanca-afectaron-el-turismo-dijo-arranz\/#article","isPartOf":{"@id":"https:\/\/infoecos.com.ar\/index.php\/la-situacion-economica-actual-y-el-temporal-en-bahia-blanca-afectaron-el-turismo-dijo-arranz\/"},"author":{"name":"Jorge Matheus","@id":"https:\/\/infoecos.com.ar\/#\/schema\/person\/8f5ace5ce73b4b4aac4b7245aee6f191"},"headline":"\u00abLa situaci\u00f3n econ\u00f3mica actual y el temporal en Bah\u00eda Blanca afectaron el turismo\u00bb, dijo Arranz","datePublished":"2024-01-16T15:33:31+00:00","dateModified":"2024-01-17T14:06:05+00:00","mainEntityOfPage":{"@id":"https:\/\/infoecos.com.ar\/index.php\/la-situacion-economica-actual-y-el-temporal-en-bahia-blanca-afectaron-el-turismo-dijo-arranz\/"},"wordCount":305,"publisher":{"@id":"https:\/\/infoecos.com.ar\/#organization"},"image":{"@id":"https:\/\/infoecos.com.ar\/index.php\/la-situacion-economica-actual-y-el-temporal-en-bahia-blanca-afectaron-el-turismo-dijo-arranz\/#primaryimage"},"thumbnailUrl":"https:\/\/infoecos.com.ar\/wp-content\/uploads\/2024\/01\/image-103.png","keywords":["temporada en Monte Hermoso"],"articleSection":["C1 N4"],"inLanguage":"es"},{"@type":"WebPage","@id":"https:\/\/infoecos.com.ar\/index.php\/la-situacion-economica-actual-y-el-temporal-en-bahia-blanca-afectaron-el-turismo-dijo-arranz\/","url":"https:\/\/infoecos.com.ar\/index.php\/la-situacion-economica-actual-y-el-temporal-en-bahia-blanca-afectaron-el-turismo-dijo-arranz\/","name":"\"La situaci\u00f3n econ\u00f3mica actual y el temporal en Bah\u00eda Blanca afectaron el turismo\", dijo Arranz - Infoecos","isPartOf":{"@id":"https:\/\/infoecos.com.ar\/#website"},"primaryImageOfPage":{"@id":"https:\/\/infoecos.com.ar\/index.php\/la-situacion-economica-actual-y-el-temporal-en-bahia-blanca-afectaron-el-turismo-dijo-arranz\/#primaryimage"},"image":{"@id":"https:\/\/infoecos.com.ar\/index.php\/la-situacion-economica-actual-y-el-temporal-en-bahia-blanca-afectaron-el-turismo-dijo-arranz\/#primaryimage"},"thumbnailUrl":"https:\/\/infoecos.com.ar\/wp-content\/uploads\/2024\/01\/image-103.png","datePublished":"2024-01-16T15:33:31+00:00","dateModified":"2024-01-17T14:06:05+00:00","breadcrumb":{"@id":"https:\/\/infoecos.com.ar\/index.php\/la-situacion-economica-actual-y-el-temporal-en-bahia-blanca-afectaron-el-turismo-dijo-arranz\/#breadcrumb"},"inLanguage":"es","potentialAction":[{"@type":"ReadAction","target":["https:\/\/infoecos.com.ar\/index.php\/la-situacion-economica-actual-y-el-temporal-en-bahia-blanca-afectaron-el-turismo-dijo-arranz\/"]}]},{"@type":"ImageObject","inLanguage":"es","@id":"https:\/\/infoecos.com.ar\/index.php\/la-situacion-economica-actual-y-el-temporal-en-bahia-blanca-afectaron-el-turismo-dijo-arranz\/#primaryimage","url":"https:\/\/infoecos.com.ar\/wp-content\/uploads\/2024\/01\/image-103.png","contentUrl":"https:\/\/infoecos.com.ar\/wp-content\/uploads\/2024\/01\/image-103.png","width":1121,"height":633},{"@type":"BreadcrumbList","@id":"https:\/\/infoecos.com.ar\/index.php\/la-situacion-economica-actual-y-el-temporal-en-bahia-blanca-afectaron-el-turismo-dijo-arranz\/#breadcrumb","itemListElement":[{"@type":"ListItem","position":1,"name":"Portada","item":"https:\/\/infoecos.com.ar\/"},{"@type":"ListItem","position":2,"name":"\u00abLa situaci\u00f3n econ\u00f3mica actual y el temporal en Bah\u00eda Blanca afectaron el turismo\u00bb, dijo Arranz"}]},{"@type":"WebSite","@id":"https:\/\/infoecos.com.ar\/#website","url":"https:\/\/infoecos.com.ar\/","name":"Infoecos","description":"Noticias de trenque lauquen y la zona","publisher":{"@id":"https:\/\/infoecos.com.ar\/#organization"},"alternateName":"Noticias","potentialAction":[{"@type":"SearchAction","target":{"@type":"EntryPoint","urlTemplate":"https:\/\/infoecos.com.ar\/?s={search_term_string}"},"query-input":{"@type":"PropertyValueSpecification","valueRequired":true,"valueName":"search_term_string"}}],"inLanguage":"es"},{"@type":"Organization","@id":"https:\/\/infoecos.com.ar\/#organization","name":"Infoecos","alternateName":"Noticias","url":"https:\/\/infoecos.com.ar\/","logo":{"@type":"ImageObject","inLanguage":"es","@id":"https:\/\/infoecos.com.ar\/#\/schema\/logo\/image\/","url":"https:\/\/infoecos.com.ar\/wp-content\/uploads\/2024\/03\/cropped-logo.png","contentUrl":"https:\/\/infoecos.com.ar\/wp-content\/uploads\/2024\/03\/cropped-logo.png","width":374,"height":90,"caption":"Infoecos"},"image":{"@id":"https:\/\/infoecos.com.ar\/#\/schema\/logo\/image\/"},"sameAs":["https:\/\/www.facebook.com\/profile.php?id=100063200290284","https:\/\/x.com\/infoecos"]},{"@type":"Person","@id":"https:\/\/infoecos.com.ar\/#\/schema\/person\/8f5ace5ce73b4b4aac4b7245aee6f191","name":"Jorge Matheus","url":"https:\/\/infoecos.com.ar\/index.php\/author\/jomatheus\/"}]}},"featured_image_urls":{"full":["https:\/\/infoecos.com.ar\/wp-content\/uploads\/2024\/01\/image-103.png",1121,633,false],"thumbnail":["https:\/\/infoecos.com.ar\/wp-content\/uploads\/2024\/01\/image-103-300x150.png",300,150,true],"medium":["https:\/\/infoecos.com.ar\/wp-content\/uploads\/2024\/01\/image-103-800x452.png",800,452,true],"medium_large":["https:\/\/infoecos.com.ar\/wp-content\/uploads\/2024\/01\/image-103-768x434.png",640,362,true],"large":["https:\/\/infoecos.com.ar\/wp-content\/uploads\/2024\/01\/image-103.png",640,361,false],"1536x1536":["https:\/\/infoecos.com.ar\/wp-content\/uploads\/2024\/01\/image-103.png",1121,633,false],"2048x2048":["https:\/\/infoecos.com.ar\/wp-content\/uploads\/2024\/01\/image-103.png",1121,633,false],"covernews-slider-full":["https:\/\/infoecos.com.ar\/wp-content\/uploads\/2024\/01\/image-103.png",1115,630,false],"covernews-slider-center":["https:\/\/infoecos.com.ar\/wp-content\/uploads\/2024\/01\/image-103-936x633.png",739,500,true],"covernews-featured":["https:\/\/infoecos.com.ar\/wp-content\/uploads\/2024\/01\/image-103-1024x578.png",1024,578,true],"covernews-medium":["https:\/\/infoecos.com.ar\/wp-content\/uploads\/2024\/01\/image-103-720x380.png",540,285,true],"covernews-medium-square":["https:\/\/infoecos.com.ar\/wp-content\/uploads\/2024\/01\/image-103-675x450.png",375,250,true]},"author_info":{"info":["Jorge Matheus"]},"category_info":"<a href=\"https:\/\/infoecos.com.ar\/index.php\/category\/c1nota4\/\" rel=\"category tag\">C1 N4<\/a>","tag_info":"C1 N4","comment_count":"0","_links":{"self":[{"href":"https:\/\/infoecos.com.ar\/index.php\/wp-json\/wp\/v2\/posts\/117552"}],"collection":[{"href":"https:\/\/infoecos.com.ar\/index.php\/wp-json\/wp\/v2\/posts"}],"about":[{"href":"https:\/\/infoecos.com.ar\/index.php\/wp-json\/wp\/v2\/types\/post"}],"author":[{"embeddable":true,"href":"https:\/\/infoecos.com.ar\/index.php\/wp-json\/wp\/v2\/users\/2"}],"replies":[{"embeddable":true,"href":"https:\/\/infoecos.com.ar\/index.php\/wp-json\/wp\/v2\/comments?post=117552"}],"version-history":[{"count":2,"href":"https:\/\/infoecos.com.ar\/index.php\/wp-json\/wp\/v2\/posts\/117552\/revisions"}],"predecessor-version":[{"id":117593,"href":"https:\/\/infoecos.com.ar\/index.php\/wp-json\/wp\/v2\/posts\/117552\/revisions\/117593"}],"wp:featuredmedia":[{"embeddable":true,"href":"https:\/\/infoecos.com.ar\/index.php\/wp-json\/wp\/v2\/media\/117553"}],"wp:attachment":[{"href":"https:\/\/infoecos.com.ar\/index.php\/wp-json\/wp\/v2\/media?parent=117552"}],"wp:term":[{"taxonomy":"category","embeddable":true,"href":"https:\/\/infoecos.com.ar\/index.php\/wp-json\/wp\/v2\/categories?post=117552"},{"taxonomy":"post_tag","embeddable":true,"href":"https:\/\/infoecos.com.ar\/index.php\/wp-json\/wp\/v2\/tags?post=117552"}],"curies":[{"name":"wp","href":"https:\/\/api.w.org\/{rel}","templated":true}]}}