{"id":117574,"date":"2024-01-17T09:44:38","date_gmt":"2024-01-17T12:44:38","guid":{"rendered":"https:\/\/infoecos.com.ar\/?p=117574"},"modified":"2024-01-17T09:44:39","modified_gmt":"2024-01-17T12:44:39","slug":"el-fin-de-semana-el-carnaval-en-bayauca-y-roberts","status":"publish","type":"post","link":"https:\/\/infoecos.com.ar\/index.php\/el-fin-de-semana-el-carnaval-en-bayauca-y-roberts\/","title":{"rendered":"El fin de semana el carnaval en Bayauca y Roberts"},"content":{"rendered":"\n<figure class=\"wp-block-image alignright size-large is-resized\"><img loading=\"lazy\" decoding=\"async\" src=\"https:\/\/infoecos.com.ar\/wp-content\/uploads\/2024\/01\/IMG_9164-1600x1067.jpg\" alt=\"\" class=\"wp-image-117575\" width=\"349\" height=\"233\" srcset=\"https:\/\/infoecos.com.ar\/wp-content\/uploads\/2024\/01\/IMG_9164-1600x1067.jpg 1600w, https:\/\/infoecos.com.ar\/wp-content\/uploads\/2024\/01\/IMG_9164-800x533.jpg 800w, https:\/\/infoecos.com.ar\/wp-content\/uploads\/2024\/01\/IMG_9164-768x512.jpg 768w, https:\/\/infoecos.com.ar\/wp-content\/uploads\/2024\/01\/IMG_9164-1536x1020.jpg 1536w, https:\/\/infoecos.com.ar\/wp-content\/uploads\/2024\/01\/IMG_9164-2048x1365.jpg 2048w, https:\/\/infoecos.com.ar\/wp-content\/uploads\/2024\/01\/IMG_9164-1024x683.jpg 1024w, https:\/\/infoecos.com.ar\/wp-content\/uploads\/2024\/01\/IMG_9164-675x450.jpg 675w\" sizes=\"(max-width: 349px) 100vw, 349px\" \/><\/figure>\n\n\n\n<p>Mientras va subiendo el inter\u00e9s por el tradicional carnaval en la ciudad cabecera, el fin de semana se mudar\u00e1 el 19 a Bayauca y el 20 a Roberts.<\/p>\n\n\n\n<p>En la primera de las comunidades se presentar\u00e1n Batuke, Samba Samba y La Fusi\u00f3n y el cierre a cargo de D\u00fao Cristal y Juan el \u00danico; mientras que el s\u00e1bado 20 se presentar\u00e1n en t\u00e1ndem Masturbanda y Misterbanda con el cierre de M\u00e1gico Tropical de familia Betbed\u00e9.\u00a0<\/p>\n\n\n\n<p>En tanto, en Roberts el s\u00e1bado 20 se podr\u00e1 disfrutar del carnaval con la presentaci\u00f3n de Unidos do Samba, Fama, La Scalo y La Banda y un cierre bien arriba con la m\u00fasica de grupo Latidos; y el domingo 21 el desfile de Samba Ax\u00e9, nuevamente la presentaci\u00f3n de las tres batucadas roberenses: La Scalo, Fama y La Banda y un gran baile popular de la mano de la mano de Pablo y Lucas.&nbsp;<\/p>\n","protected":false},"excerpt":{"rendered":"<p>El 19 en Bayauca y el 20 en Roberts<\/p>\n","protected":false},"author":2,"featured_media":117575,"comment_status":"closed","ping_status":"open","sticky":false,"template":"","format":"standard","meta":{"footnotes":""},"categories":[24],"tags":[9887],"class_list":["post-117574","post","type-post","status-publish","format-standard","has-post-thumbnail","hentry","category-c1nota3","tag-se-viene-la-fiesta-grande"],"yoast_head":"<!-- This site is optimized with the Yoast SEO plugin v23.4 - https:\/\/yoast.com\/wordpress\/plugins\/seo\/ -->\n<title>El fin de semana el carnaval en Bayauca y Roberts - Infoecos<\/title>\n<meta name=\"robots\" content=\"index, follow, max-snippet:-1, max-image-preview:large, max-video-preview:-1\" \/>\n<link rel=\"canonical\" href=\"https:\/\/infoecos.com.ar\/index.php\/el-fin-de-semana-el-carnaval-en-bayauca-y-roberts\/\" \/>\n<meta property=\"og:locale\" content=\"es_ES\" \/>\n<meta property=\"og:type\" content=\"article\" \/>\n<meta property=\"og:title\" content=\"El fin de semana el carnaval en Bayauca y Roberts - Infoecos\" \/>\n<meta property=\"og:description\" content=\"El 19 en Bayauca y el 20 en Roberts\" \/>\n<meta property=\"og:url\" content=\"https:\/\/infoecos.com.ar\/index.php\/el-fin-de-semana-el-carnaval-en-bayauca-y-roberts\/\" \/>\n<meta property=\"og:site_name\" content=\"Infoecos\" \/>\n<meta property=\"article:publisher\" content=\"https:\/\/www.facebook.com\/profile.php?id=100063200290284\" \/>\n<meta property=\"article:published_time\" content=\"2024-01-17T12:44:38+00:00\" \/>\n<meta property=\"article:modified_time\" content=\"2024-01-17T12:44:39+00:00\" \/>\n<meta property=\"og:image\" content=\"https:\/\/infoecos.com.ar\/wp-content\/uploads\/2024\/01\/IMG_9164-scaled.jpg\" \/>\n\t<meta property=\"og:image:width\" content=\"2560\" \/>\n\t<meta property=\"og:image:height\" content=\"1707\" \/>\n\t<meta property=\"og:image:type\" content=\"image\/jpeg\" \/>\n<meta name=\"author\" content=\"Jorge Matheus\" \/>\n<meta name=\"twitter:card\" content=\"summary_large_image\" \/>\n<meta name=\"twitter:creator\" content=\"@infoecos\" \/>\n<meta name=\"twitter:site\" content=\"@infoecos\" \/>\n<meta name=\"twitter:label1\" content=\"Escrito por\" \/>\n\t<meta name=\"twitter:data1\" content=\"Jorge Matheus\" \/>\n\t<meta name=\"twitter:label2\" content=\"Tiempo de lectura\" \/>\n\t<meta name=\"twitter:data2\" content=\"1 minuto\" \/>\n<script type=\"application\/ld+json\" class=\"yoast-schema-graph\">{\"@context\":\"https:\/\/schema.org\",\"@graph\":[{\"@type\":\"Article\",\"@id\":\"https:\/\/infoecos.com.ar\/index.php\/el-fin-de-semana-el-carnaval-en-bayauca-y-roberts\/#article\",\"isPartOf\":{\"@id\":\"https:\/\/infoecos.com.ar\/index.php\/el-fin-de-semana-el-carnaval-en-bayauca-y-roberts\/\"},\"author\":{\"name\":\"Jorge Matheus\",\"@id\":\"https:\/\/infoecos.com.ar\/#\/schema\/person\/8f5ace5ce73b4b4aac4b7245aee6f191\"},\"headline\":\"El fin de semana el carnaval en Bayauca y Roberts\",\"datePublished\":\"2024-01-17T12:44:38+00:00\",\"dateModified\":\"2024-01-17T12:44:39+00:00\",\"mainEntityOfPage\":{\"@id\":\"https:\/\/infoecos.com.ar\/index.php\/el-fin-de-semana-el-carnaval-en-bayauca-y-roberts\/\"},\"wordCount\":167,\"publisher\":{\"@id\":\"https:\/\/infoecos.com.ar\/#organization\"},\"image\":{\"@id\":\"https:\/\/infoecos.com.ar\/index.php\/el-fin-de-semana-el-carnaval-en-bayauca-y-roberts\/#primaryimage\"},\"thumbnailUrl\":\"https:\/\/infoecos.com.ar\/wp-content\/uploads\/2024\/01\/IMG_9164-scaled.jpg\",\"keywords\":[\"se viene la fiesta grande\"],\"articleSection\":[\"C1 N3\"],\"inLanguage\":\"es\"},{\"@type\":\"WebPage\",\"@id\":\"https:\/\/infoecos.com.ar\/index.php\/el-fin-de-semana-el-carnaval-en-bayauca-y-roberts\/\",\"url\":\"https:\/\/infoecos.com.ar\/index.php\/el-fin-de-semana-el-carnaval-en-bayauca-y-roberts\/\",\"name\":\"El fin de semana el carnaval en Bayauca y Roberts - Infoecos\",\"isPartOf\":{\"@id\":\"https:\/\/infoecos.com.ar\/#website\"},\"primaryImageOfPage\":{\"@id\":\"https:\/\/infoecos.com.ar\/index.php\/el-fin-de-semana-el-carnaval-en-bayauca-y-roberts\/#primaryimage\"},\"image\":{\"@id\":\"https:\/\/infoecos.com.ar\/index.php\/el-fin-de-semana-el-carnaval-en-bayauca-y-roberts\/#primaryimage\"},\"thumbnailUrl\":\"https:\/\/infoecos.com.ar\/wp-content\/uploads\/2024\/01\/IMG_9164-scaled.jpg\",\"datePublished\":\"2024-01-17T12:44:38+00:00\",\"dateModified\":\"2024-01-17T12:44:39+00:00\",\"breadcrumb\":{\"@id\":\"https:\/\/infoecos.com.ar\/index.php\/el-fin-de-semana-el-carnaval-en-bayauca-y-roberts\/#breadcrumb\"},\"inLanguage\":\"es\",\"potentialAction\":[{\"@type\":\"ReadAction\",\"target\":[\"https:\/\/infoecos.com.ar\/index.php\/el-fin-de-semana-el-carnaval-en-bayauca-y-roberts\/\"]}]},{\"@type\":\"ImageObject\",\"inLanguage\":\"es\",\"@id\":\"https:\/\/infoecos.com.ar\/index.php\/el-fin-de-semana-el-carnaval-en-bayauca-y-roberts\/#primaryimage\",\"url\":\"https:\/\/infoecos.com.ar\/wp-content\/uploads\/2024\/01\/IMG_9164-scaled.jpg\",\"contentUrl\":\"https:\/\/infoecos.com.ar\/wp-content\/uploads\/2024\/01\/IMG_9164-scaled.jpg\",\"width\":2560,\"height\":1707},{\"@type\":\"BreadcrumbList\",\"@id\":\"https:\/\/infoecos.com.ar\/index.php\/el-fin-de-semana-el-carnaval-en-bayauca-y-roberts\/#breadcrumb\",\"itemListElement\":[{\"@type\":\"ListItem\",\"position\":1,\"name\":\"Portada\",\"item\":\"https:\/\/infoecos.com.ar\/\"},{\"@type\":\"ListItem\",\"position\":2,\"name\":\"El fin de semana el carnaval en Bayauca y Roberts\"}]},{\"@type\":\"WebSite\",\"@id\":\"https:\/\/infoecos.com.ar\/#website\",\"url\":\"https:\/\/infoecos.com.ar\/\",\"name\":\"Infoecos\",\"description\":\"Noticias de trenque lauquen y la zona\",\"publisher\":{\"@id\":\"https:\/\/infoecos.com.ar\/#organization\"},\"alternateName\":\"Noticias\",\"potentialAction\":[{\"@type\":\"SearchAction\",\"target\":{\"@type\":\"EntryPoint\",\"urlTemplate\":\"https:\/\/infoecos.com.ar\/?s={search_term_string}\"},\"query-input\":{\"@type\":\"PropertyValueSpecification\",\"valueRequired\":true,\"valueName\":\"search_term_string\"}}],\"inLanguage\":\"es\"},{\"@type\":\"Organization\",\"@id\":\"https:\/\/infoecos.com.ar\/#organization\",\"name\":\"Infoecos\",\"alternateName\":\"Noticias\",\"url\":\"https:\/\/infoecos.com.ar\/\",\"logo\":{\"@type\":\"ImageObject\",\"inLanguage\":\"es\",\"@id\":\"https:\/\/infoecos.com.ar\/#\/schema\/logo\/image\/\",\"url\":\"https:\/\/infoecos.com.ar\/wp-content\/uploads\/2024\/03\/cropped-logo.png\",\"contentUrl\":\"https:\/\/infoecos.com.ar\/wp-content\/uploads\/2024\/03\/cropped-logo.png\",\"width\":374,\"height\":90,\"caption\":\"Infoecos\"},\"image\":{\"@id\":\"https:\/\/infoecos.com.ar\/#\/schema\/logo\/image\/\"},\"sameAs\":[\"https:\/\/www.facebook.com\/profile.php?id=100063200290284\",\"https:\/\/x.com\/infoecos\"]},{\"@type\":\"Person\",\"@id\":\"https:\/\/infoecos.com.ar\/#\/schema\/person\/8f5ace5ce73b4b4aac4b7245aee6f191\",\"name\":\"Jorge Matheus\",\"url\":\"https:\/\/infoecos.com.ar\/index.php\/author\/jomatheus\/\"}]}<\/script>\n<!-- \/ Yoast SEO plugin. -->","yoast_head_json":{"title":"El fin de semana el carnaval en Bayauca y Roberts - Infoecos","robots":{"index":"index","follow":"follow","max-snippet":"max-snippet:-1","max-image-preview":"max-image-preview:large","max-video-preview":"max-video-preview:-1"},"canonical":"https:\/\/infoecos.com.ar\/index.php\/el-fin-de-semana-el-carnaval-en-bayauca-y-roberts\/","og_locale":"es_ES","og_type":"article","og_title":"El fin de semana el carnaval en Bayauca y Roberts - Infoecos","og_description":"El 19 en Bayauca y el 20 en Roberts","og_url":"https:\/\/infoecos.com.ar\/index.php\/el-fin-de-semana-el-carnaval-en-bayauca-y-roberts\/","og_site_name":"Infoecos","article_publisher":"https:\/\/www.facebook.com\/profile.php?id=100063200290284","article_published_time":"2024-01-17T12:44:38+00:00","article_modified_time":"2024-01-17T12:44:39+00:00","og_image":[{"width":2560,"height":1707,"url":"https:\/\/infoecos.com.ar\/wp-content\/uploads\/2024\/01\/IMG_9164-scaled.jpg","type":"image\/jpeg"}],"author":"Jorge Matheus","twitter_card":"summary_large_image","twitter_creator":"@infoecos","twitter_site":"@infoecos","twitter_misc":{"Escrito por":"Jorge Matheus","Tiempo de lectura":"1 minuto"},"schema":{"@context":"https:\/\/schema.org","@graph":[{"@type":"Article","@id":"https:\/\/infoecos.com.ar\/index.php\/el-fin-de-semana-el-carnaval-en-bayauca-y-roberts\/#article","isPartOf":{"@id":"https:\/\/infoecos.com.ar\/index.php\/el-fin-de-semana-el-carnaval-en-bayauca-y-roberts\/"},"author":{"name":"Jorge Matheus","@id":"https:\/\/infoecos.com.ar\/#\/schema\/person\/8f5ace5ce73b4b4aac4b7245aee6f191"},"headline":"El fin de semana el carnaval en Bayauca y Roberts","datePublished":"2024-01-17T12:44:38+00:00","dateModified":"2024-01-17T12:44:39+00:00","mainEntityOfPage":{"@id":"https:\/\/infoecos.com.ar\/index.php\/el-fin-de-semana-el-carnaval-en-bayauca-y-roberts\/"},"wordCount":167,"publisher":{"@id":"https:\/\/infoecos.com.ar\/#organization"},"image":{"@id":"https:\/\/infoecos.com.ar\/index.php\/el-fin-de-semana-el-carnaval-en-bayauca-y-roberts\/#primaryimage"},"thumbnailUrl":"https:\/\/infoecos.com.ar\/wp-content\/uploads\/2024\/01\/IMG_9164-scaled.jpg","keywords":["se viene la fiesta grande"],"articleSection":["C1 N3"],"inLanguage":"es"},{"@type":"WebPage","@id":"https:\/\/infoecos.com.ar\/index.php\/el-fin-de-semana-el-carnaval-en-bayauca-y-roberts\/","url":"https:\/\/infoecos.com.ar\/index.php\/el-fin-de-semana-el-carnaval-en-bayauca-y-roberts\/","name":"El fin de semana el carnaval en Bayauca y Roberts - Infoecos","isPartOf":{"@id":"https:\/\/infoecos.com.ar\/#website"},"primaryImageOfPage":{"@id":"https:\/\/infoecos.com.ar\/index.php\/el-fin-de-semana-el-carnaval-en-bayauca-y-roberts\/#primaryimage"},"image":{"@id":"https:\/\/infoecos.com.ar\/index.php\/el-fin-de-semana-el-carnaval-en-bayauca-y-roberts\/#primaryimage"},"thumbnailUrl":"https:\/\/infoecos.com.ar\/wp-content\/uploads\/2024\/01\/IMG_9164-scaled.jpg","datePublished":"2024-01-17T12:44:38+00:00","dateModified":"2024-01-17T12:44:39+00:00","breadcrumb":{"@id":"https:\/\/infoecos.com.ar\/index.php\/el-fin-de-semana-el-carnaval-en-bayauca-y-roberts\/#breadcrumb"},"inLanguage":"es","potentialAction":[{"@type":"ReadAction","target":["https:\/\/infoecos.com.ar\/index.php\/el-fin-de-semana-el-carnaval-en-bayauca-y-roberts\/"]}]},{"@type":"ImageObject","inLanguage":"es","@id":"https:\/\/infoecos.com.ar\/index.php\/el-fin-de-semana-el-carnaval-en-bayauca-y-roberts\/#primaryimage","url":"https:\/\/infoecos.com.ar\/wp-content\/uploads\/2024\/01\/IMG_9164-scaled.jpg","contentUrl":"https:\/\/infoecos.com.ar\/wp-content\/uploads\/2024\/01\/IMG_9164-scaled.jpg","width":2560,"height":1707},{"@type":"BreadcrumbList","@id":"https:\/\/infoecos.com.ar\/index.php\/el-fin-de-semana-el-carnaval-en-bayauca-y-roberts\/#breadcrumb","itemListElement":[{"@type":"ListItem","position":1,"name":"Portada","item":"https:\/\/infoecos.com.ar\/"},{"@type":"ListItem","position":2,"name":"El fin de semana el carnaval en Bayauca y Roberts"}]},{"@type":"WebSite","@id":"https:\/\/infoecos.com.ar\/#website","url":"https:\/\/infoecos.com.ar\/","name":"Infoecos","description":"Noticias de trenque lauquen y la zona","publisher":{"@id":"https:\/\/infoecos.com.ar\/#organization"},"alternateName":"Noticias","potentialAction":[{"@type":"SearchAction","target":{"@type":"EntryPoint","urlTemplate":"https:\/\/infoecos.com.ar\/?s={search_term_string}"},"query-input":{"@type":"PropertyValueSpecification","valueRequired":true,"valueName":"search_term_string"}}],"inLanguage":"es"},{"@type":"Organization","@id":"https:\/\/infoecos.com.ar\/#organization","name":"Infoecos","alternateName":"Noticias","url":"https:\/\/infoecos.com.ar\/","logo":{"@type":"ImageObject","inLanguage":"es","@id":"https:\/\/infoecos.com.ar\/#\/schema\/logo\/image\/","url":"https:\/\/infoecos.com.ar\/wp-content\/uploads\/2024\/03\/cropped-logo.png","contentUrl":"https:\/\/infoecos.com.ar\/wp-content\/uploads\/2024\/03\/cropped-logo.png","width":374,"height":90,"caption":"Infoecos"},"image":{"@id":"https:\/\/infoecos.com.ar\/#\/schema\/logo\/image\/"},"sameAs":["https:\/\/www.facebook.com\/profile.php?id=100063200290284","https:\/\/x.com\/infoecos"]},{"@type":"Person","@id":"https:\/\/infoecos.com.ar\/#\/schema\/person\/8f5ace5ce73b4b4aac4b7245aee6f191","name":"Jorge Matheus","url":"https:\/\/infoecos.com.ar\/index.php\/author\/jomatheus\/"}]}},"featured_image_urls":{"full":["https:\/\/infoecos.com.ar\/wp-content\/uploads\/2024\/01\/IMG_9164-scaled.jpg",2560,1707,false],"thumbnail":["https:\/\/infoecos.com.ar\/wp-content\/uploads\/2024\/01\/IMG_9164-300x150.jpg",300,150,true],"medium":["https:\/\/infoecos.com.ar\/wp-content\/uploads\/2024\/01\/IMG_9164-800x533.jpg",800,533,true],"medium_large":["https:\/\/infoecos.com.ar\/wp-content\/uploads\/2024\/01\/IMG_9164-768x512.jpg",640,427,true],"large":["https:\/\/infoecos.com.ar\/wp-content\/uploads\/2024\/01\/IMG_9164-1600x1067.jpg",640,427,true],"1536x1536":["https:\/\/infoecos.com.ar\/wp-content\/uploads\/2024\/01\/IMG_9164-1536x1024.jpg",1536,1024,true],"2048x2048":["https:\/\/infoecos.com.ar\/wp-content\/uploads\/2024\/01\/IMG_9164-2048x1365.jpg",2048,1365,true],"covernews-slider-full":["https:\/\/infoecos.com.ar\/wp-content\/uploads\/2024\/01\/IMG_9164-1536x1020.jpg",1077,715,true],"covernews-slider-center":["https:\/\/infoecos.com.ar\/wp-content\/uploads\/2024\/01\/IMG_9164-936x897.jpg",522,500,true],"covernews-featured":["https:\/\/infoecos.com.ar\/wp-content\/uploads\/2024\/01\/IMG_9164-1024x683.jpg",1024,683,true],"covernews-medium":["https:\/\/infoecos.com.ar\/wp-content\/uploads\/2024\/01\/IMG_9164-720x380.jpg",540,285,true],"covernews-medium-square":["https:\/\/infoecos.com.ar\/wp-content\/uploads\/2024\/01\/IMG_9164-675x450.jpg",375,250,true]},"author_info":{"info":["Jorge Matheus"]},"category_info":"<a href=\"https:\/\/infoecos.com.ar\/index.php\/category\/c1nota3\/\" rel=\"category tag\">C1 N3<\/a>","tag_info":"C1 N3","comment_count":"0","_links":{"self":[{"href":"https:\/\/infoecos.com.ar\/index.php\/wp-json\/wp\/v2\/posts\/117574"}],"collection":[{"href":"https:\/\/infoecos.com.ar\/index.php\/wp-json\/wp\/v2\/posts"}],"about":[{"href":"https:\/\/infoecos.com.ar\/index.php\/wp-json\/wp\/v2\/types\/post"}],"author":[{"embeddable":true,"href":"https:\/\/infoecos.com.ar\/index.php\/wp-json\/wp\/v2\/users\/2"}],"replies":[{"embeddable":true,"href":"https:\/\/infoecos.com.ar\/index.php\/wp-json\/wp\/v2\/comments?post=117574"}],"version-history":[{"count":1,"href":"https:\/\/infoecos.com.ar\/index.php\/wp-json\/wp\/v2\/posts\/117574\/revisions"}],"predecessor-version":[{"id":117576,"href":"https:\/\/infoecos.com.ar\/index.php\/wp-json\/wp\/v2\/posts\/117574\/revisions\/117576"}],"wp:featuredmedia":[{"embeddable":true,"href":"https:\/\/infoecos.com.ar\/index.php\/wp-json\/wp\/v2\/media\/117575"}],"wp:attachment":[{"href":"https:\/\/infoecos.com.ar\/index.php\/wp-json\/wp\/v2\/media?parent=117574"}],"wp:term":[{"taxonomy":"category","embeddable":true,"href":"https:\/\/infoecos.com.ar\/index.php\/wp-json\/wp\/v2\/categories?post=117574"},{"taxonomy":"post_tag","embeddable":true,"href":"https:\/\/infoecos.com.ar\/index.php\/wp-json\/wp\/v2\/tags?post=117574"}],"curies":[{"name":"wp","href":"https:\/\/api.w.org\/{rel}","templated":true}]}}