{"id":117580,"date":"2024-01-17T10:14:26","date_gmt":"2024-01-17T13:14:26","guid":{"rendered":"https:\/\/infoecos.com.ar\/?p=117580"},"modified":"2024-01-18T18:28:03","modified_gmt":"2024-01-18T21:28:03","slug":"judiciales-y-docentes-bonaerenses-en-desacuerdo-con-el-aumento-del-25","status":"publish","type":"post","link":"https:\/\/infoecos.com.ar\/index.php\/judiciales-y-docentes-bonaerenses-en-desacuerdo-con-el-aumento-del-25\/","title":{"rendered":"Judiciales y docentes bonaerenses en desacuerdo con el aumento del 25%"},"content":{"rendered":"\n<figure class=\"wp-block-image alignright size-full is-resized\"><img loading=\"lazy\" decoding=\"async\" src=\"https:\/\/infoecos.com.ar\/wp-content\/uploads\/descarga5.jpg\" alt=\"Ministerio de Econom\u00eda de Buenos Aires\" class=\"wp-image-22575\" width=\"383\" height=\"246\"\/><figcaption class=\"wp-element-caption\">Ministerio de Econom\u00eda de Buenos Aires<\/figcaption><\/figure>\n\n\n\n<p>Los&nbsp;judiciales&nbsp;y&nbsp;docentes cuestionaron el aumento del 25% otorgado por decreto del gobierno provincial.<\/p>\n\n\n\n<p>Desde el&nbsp;Frente de Unidad Docente Bonaerense&nbsp;(FUDB) afirmaron que el aumento salarial correspondiente a los haberes de diciembre y enero \u201cresulta insuficiente para recuperar plenamente la p\u00e9rdida del poder adquisitivo del salario, provocada por la alta&nbsp;inflaci\u00f3n&nbsp;acumulada durante 2023\u201d. Manifestaron su preocupaci\u00f3n por la fuerte escalada de precios de diciembre que llev\u00f3 a la inflaci\u00f3n interanual a 211%, por lo que cuestionaron las medidas econ\u00f3micas del Gobierno nacional de<strong>&nbsp;Javier Milei<\/strong>, m\u00e1s espec\u00edficamente la \u201cdevaluaci\u00f3n de la moneda\u201d y \u201clas pol\u00edticas de ajuste que dispararon la canasta de alimentos\u201d.<\/p>\n\n\n\n<figure class=\"wp-block-image alignright size-full is-resized\"><img loading=\"lazy\" decoding=\"async\" src=\"https:\/\/infoecos.com.ar\/wp-content\/uploads\/2024\/01\/image-105.png\" alt=\"\" class=\"wp-image-117581\" width=\"390\" height=\"174\"\/><figcaption class=\"wp-element-caption\">Ministerio de Econom\u00eda provincia de Buenos Aires<\/figcaption><\/figure>\n\n\n\n<p>La&nbsp;Asociaci\u00f3n Judicial Bonaerense&nbsp;(AJB) cuestion\u00f3 que la paritaria de 2023 cierra con un incremento acumulado de 153%, \u201cun porcentaje que est\u00e1 muy lejos de la inflaci\u00f3n del periodo comprendido\u201d, expresaron.<\/p>\n\n\n\n<p>\u201cEn breve se formalizar\u00e1 la convocatoria a reuni\u00f3n de&nbsp;Comisi\u00f3n Directiva Provincial<strong>&nbsp;<\/strong>y se organizar\u00e1n asambleas departamentales en los primeros d\u00edas de febrero para analizar la situaci\u00f3n salarial y la continuidad de los reclamos\u201d, a\u00f1adieron desde el gremio.<\/p>\n\n\n\n<p><strong>Fuente: diputadosbsas.com.ar<\/strong><\/p>\n\n\n\n<p><\/p>\n","protected":false},"excerpt":{"rendered":"<p>Manifestaron su preocupaci\u00f3n por la fuerte escalada de precios de diciembre que llev\u00f3 a la inflaci\u00f3n interanual a 211%<\/p>\n","protected":false},"author":2,"featured_media":117581,"comment_status":"closed","ping_status":"open","sticky":false,"template":"","format":"standard","meta":{"footnotes":""},"categories":[25],"tags":[9888],"class_list":["post-117580","post","type-post","status-publish","format-standard","has-post-thumbnail","hentry","category-c3nota1","tag-salarios-estatales"],"yoast_head":"<!-- This site is optimized with the Yoast SEO plugin v23.4 - https:\/\/yoast.com\/wordpress\/plugins\/seo\/ -->\n<title>Judiciales y docentes bonaerenses en desacuerdo con el aumento del 25% - Infoecos<\/title>\n<meta name=\"robots\" content=\"index, follow, max-snippet:-1, max-image-preview:large, max-video-preview:-1\" \/>\n<link rel=\"canonical\" href=\"https:\/\/infoecos.com.ar\/index.php\/judiciales-y-docentes-bonaerenses-en-desacuerdo-con-el-aumento-del-25\/\" \/>\n<meta property=\"og:locale\" content=\"es_ES\" \/>\n<meta property=\"og:type\" content=\"article\" \/>\n<meta property=\"og:title\" content=\"Judiciales y docentes bonaerenses en desacuerdo con el aumento del 25% - Infoecos\" \/>\n<meta property=\"og:description\" content=\"Manifestaron su preocupaci\u00f3n por la fuerte escalada de precios de diciembre que llev\u00f3 a la inflaci\u00f3n interanual a 211%\" \/>\n<meta property=\"og:url\" content=\"https:\/\/infoecos.com.ar\/index.php\/judiciales-y-docentes-bonaerenses-en-desacuerdo-con-el-aumento-del-25\/\" \/>\n<meta property=\"og:site_name\" content=\"Infoecos\" \/>\n<meta property=\"article:publisher\" content=\"https:\/\/www.facebook.com\/profile.php?id=100063200290284\" \/>\n<meta property=\"article:published_time\" content=\"2024-01-17T13:14:26+00:00\" \/>\n<meta property=\"article:modified_time\" content=\"2024-01-18T21:28:03+00:00\" \/>\n<meta property=\"og:image\" content=\"https:\/\/infoecos.com.ar\/wp-content\/uploads\/2024\/01\/image-105.png\" \/>\n\t<meta property=\"og:image:width\" content=\"700\" \/>\n\t<meta property=\"og:image:height\" content=\"312\" \/>\n\t<meta property=\"og:image:type\" content=\"image\/png\" \/>\n<meta name=\"author\" content=\"Jorge Matheus\" \/>\n<meta name=\"twitter:card\" content=\"summary_large_image\" \/>\n<meta name=\"twitter:creator\" content=\"@infoecos\" \/>\n<meta name=\"twitter:site\" content=\"@infoecos\" \/>\n<meta name=\"twitter:label1\" content=\"Escrito por\" \/>\n\t<meta name=\"twitter:data1\" content=\"Jorge Matheus\" \/>\n\t<meta name=\"twitter:label2\" content=\"Tiempo de lectura\" \/>\n\t<meta name=\"twitter:data2\" content=\"2 minutos\" \/>\n<script type=\"application\/ld+json\" class=\"yoast-schema-graph\">{\"@context\":\"https:\/\/schema.org\",\"@graph\":[{\"@type\":\"Article\",\"@id\":\"https:\/\/infoecos.com.ar\/index.php\/judiciales-y-docentes-bonaerenses-en-desacuerdo-con-el-aumento-del-25\/#article\",\"isPartOf\":{\"@id\":\"https:\/\/infoecos.com.ar\/index.php\/judiciales-y-docentes-bonaerenses-en-desacuerdo-con-el-aumento-del-25\/\"},\"author\":{\"name\":\"Jorge Matheus\",\"@id\":\"https:\/\/infoecos.com.ar\/#\/schema\/person\/8f5ace5ce73b4b4aac4b7245aee6f191\"},\"headline\":\"Judiciales y docentes bonaerenses en desacuerdo con el aumento del 25%\",\"datePublished\":\"2024-01-17T13:14:26+00:00\",\"dateModified\":\"2024-01-18T21:28:03+00:00\",\"mainEntityOfPage\":{\"@id\":\"https:\/\/infoecos.com.ar\/index.php\/judiciales-y-docentes-bonaerenses-en-desacuerdo-con-el-aumento-del-25\/\"},\"wordCount\":228,\"publisher\":{\"@id\":\"https:\/\/infoecos.com.ar\/#organization\"},\"image\":{\"@id\":\"https:\/\/infoecos.com.ar\/index.php\/judiciales-y-docentes-bonaerenses-en-desacuerdo-con-el-aumento-del-25\/#primaryimage\"},\"thumbnailUrl\":\"https:\/\/infoecos.com.ar\/wp-content\/uploads\/2024\/01\/image-105.png\",\"keywords\":[\"salarios estatales\"],\"articleSection\":[\"C3 N1\"],\"inLanguage\":\"es\"},{\"@type\":\"WebPage\",\"@id\":\"https:\/\/infoecos.com.ar\/index.php\/judiciales-y-docentes-bonaerenses-en-desacuerdo-con-el-aumento-del-25\/\",\"url\":\"https:\/\/infoecos.com.ar\/index.php\/judiciales-y-docentes-bonaerenses-en-desacuerdo-con-el-aumento-del-25\/\",\"name\":\"Judiciales y docentes bonaerenses en desacuerdo con el aumento del 25% - Infoecos\",\"isPartOf\":{\"@id\":\"https:\/\/infoecos.com.ar\/#website\"},\"primaryImageOfPage\":{\"@id\":\"https:\/\/infoecos.com.ar\/index.php\/judiciales-y-docentes-bonaerenses-en-desacuerdo-con-el-aumento-del-25\/#primaryimage\"},\"image\":{\"@id\":\"https:\/\/infoecos.com.ar\/index.php\/judiciales-y-docentes-bonaerenses-en-desacuerdo-con-el-aumento-del-25\/#primaryimage\"},\"thumbnailUrl\":\"https:\/\/infoecos.com.ar\/wp-content\/uploads\/2024\/01\/image-105.png\",\"datePublished\":\"2024-01-17T13:14:26+00:00\",\"dateModified\":\"2024-01-18T21:28:03+00:00\",\"breadcrumb\":{\"@id\":\"https:\/\/infoecos.com.ar\/index.php\/judiciales-y-docentes-bonaerenses-en-desacuerdo-con-el-aumento-del-25\/#breadcrumb\"},\"inLanguage\":\"es\",\"potentialAction\":[{\"@type\":\"ReadAction\",\"target\":[\"https:\/\/infoecos.com.ar\/index.php\/judiciales-y-docentes-bonaerenses-en-desacuerdo-con-el-aumento-del-25\/\"]}]},{\"@type\":\"ImageObject\",\"inLanguage\":\"es\",\"@id\":\"https:\/\/infoecos.com.ar\/index.php\/judiciales-y-docentes-bonaerenses-en-desacuerdo-con-el-aumento-del-25\/#primaryimage\",\"url\":\"https:\/\/infoecos.com.ar\/wp-content\/uploads\/2024\/01\/image-105.png\",\"contentUrl\":\"https:\/\/infoecos.com.ar\/wp-content\/uploads\/2024\/01\/image-105.png\",\"width\":700,\"height\":312},{\"@type\":\"BreadcrumbList\",\"@id\":\"https:\/\/infoecos.com.ar\/index.php\/judiciales-y-docentes-bonaerenses-en-desacuerdo-con-el-aumento-del-25\/#breadcrumb\",\"itemListElement\":[{\"@type\":\"ListItem\",\"position\":1,\"name\":\"Portada\",\"item\":\"https:\/\/infoecos.com.ar\/\"},{\"@type\":\"ListItem\",\"position\":2,\"name\":\"Judiciales y docentes bonaerenses en desacuerdo con el aumento del 25%\"}]},{\"@type\":\"WebSite\",\"@id\":\"https:\/\/infoecos.com.ar\/#website\",\"url\":\"https:\/\/infoecos.com.ar\/\",\"name\":\"Infoecos\",\"description\":\"Noticias de trenque lauquen y la zona\",\"publisher\":{\"@id\":\"https:\/\/infoecos.com.ar\/#organization\"},\"alternateName\":\"Noticias\",\"potentialAction\":[{\"@type\":\"SearchAction\",\"target\":{\"@type\":\"EntryPoint\",\"urlTemplate\":\"https:\/\/infoecos.com.ar\/?s={search_term_string}\"},\"query-input\":{\"@type\":\"PropertyValueSpecification\",\"valueRequired\":true,\"valueName\":\"search_term_string\"}}],\"inLanguage\":\"es\"},{\"@type\":\"Organization\",\"@id\":\"https:\/\/infoecos.com.ar\/#organization\",\"name\":\"Infoecos\",\"alternateName\":\"Noticias\",\"url\":\"https:\/\/infoecos.com.ar\/\",\"logo\":{\"@type\":\"ImageObject\",\"inLanguage\":\"es\",\"@id\":\"https:\/\/infoecos.com.ar\/#\/schema\/logo\/image\/\",\"url\":\"https:\/\/infoecos.com.ar\/wp-content\/uploads\/2024\/03\/cropped-logo.png\",\"contentUrl\":\"https:\/\/infoecos.com.ar\/wp-content\/uploads\/2024\/03\/cropped-logo.png\",\"width\":374,\"height\":90,\"caption\":\"Infoecos\"},\"image\":{\"@id\":\"https:\/\/infoecos.com.ar\/#\/schema\/logo\/image\/\"},\"sameAs\":[\"https:\/\/www.facebook.com\/profile.php?id=100063200290284\",\"https:\/\/x.com\/infoecos\"]},{\"@type\":\"Person\",\"@id\":\"https:\/\/infoecos.com.ar\/#\/schema\/person\/8f5ace5ce73b4b4aac4b7245aee6f191\",\"name\":\"Jorge Matheus\",\"url\":\"https:\/\/infoecos.com.ar\/index.php\/author\/jomatheus\/\"}]}<\/script>\n<!-- \/ Yoast SEO plugin. -->","yoast_head_json":{"title":"Judiciales y docentes bonaerenses en desacuerdo con el aumento del 25% - Infoecos","robots":{"index":"index","follow":"follow","max-snippet":"max-snippet:-1","max-image-preview":"max-image-preview:large","max-video-preview":"max-video-preview:-1"},"canonical":"https:\/\/infoecos.com.ar\/index.php\/judiciales-y-docentes-bonaerenses-en-desacuerdo-con-el-aumento-del-25\/","og_locale":"es_ES","og_type":"article","og_title":"Judiciales y docentes bonaerenses en desacuerdo con el aumento del 25% - Infoecos","og_description":"Manifestaron su preocupaci\u00f3n por la fuerte escalada de precios de diciembre que llev\u00f3 a la inflaci\u00f3n interanual a 211%","og_url":"https:\/\/infoecos.com.ar\/index.php\/judiciales-y-docentes-bonaerenses-en-desacuerdo-con-el-aumento-del-25\/","og_site_name":"Infoecos","article_publisher":"https:\/\/www.facebook.com\/profile.php?id=100063200290284","article_published_time":"2024-01-17T13:14:26+00:00","article_modified_time":"2024-01-18T21:28:03+00:00","og_image":[{"width":700,"height":312,"url":"https:\/\/infoecos.com.ar\/wp-content\/uploads\/2024\/01\/image-105.png","type":"image\/png"}],"author":"Jorge Matheus","twitter_card":"summary_large_image","twitter_creator":"@infoecos","twitter_site":"@infoecos","twitter_misc":{"Escrito por":"Jorge Matheus","Tiempo de lectura":"2 minutos"},"schema":{"@context":"https:\/\/schema.org","@graph":[{"@type":"Article","@id":"https:\/\/infoecos.com.ar\/index.php\/judiciales-y-docentes-bonaerenses-en-desacuerdo-con-el-aumento-del-25\/#article","isPartOf":{"@id":"https:\/\/infoecos.com.ar\/index.php\/judiciales-y-docentes-bonaerenses-en-desacuerdo-con-el-aumento-del-25\/"},"author":{"name":"Jorge Matheus","@id":"https:\/\/infoecos.com.ar\/#\/schema\/person\/8f5ace5ce73b4b4aac4b7245aee6f191"},"headline":"Judiciales y docentes bonaerenses en desacuerdo con el aumento del 25%","datePublished":"2024-01-17T13:14:26+00:00","dateModified":"2024-01-18T21:28:03+00:00","mainEntityOfPage":{"@id":"https:\/\/infoecos.com.ar\/index.php\/judiciales-y-docentes-bonaerenses-en-desacuerdo-con-el-aumento-del-25\/"},"wordCount":228,"publisher":{"@id":"https:\/\/infoecos.com.ar\/#organization"},"image":{"@id":"https:\/\/infoecos.com.ar\/index.php\/judiciales-y-docentes-bonaerenses-en-desacuerdo-con-el-aumento-del-25\/#primaryimage"},"thumbnailUrl":"https:\/\/infoecos.com.ar\/wp-content\/uploads\/2024\/01\/image-105.png","keywords":["salarios estatales"],"articleSection":["C3 N1"],"inLanguage":"es"},{"@type":"WebPage","@id":"https:\/\/infoecos.com.ar\/index.php\/judiciales-y-docentes-bonaerenses-en-desacuerdo-con-el-aumento-del-25\/","url":"https:\/\/infoecos.com.ar\/index.php\/judiciales-y-docentes-bonaerenses-en-desacuerdo-con-el-aumento-del-25\/","name":"Judiciales y docentes bonaerenses en desacuerdo con el aumento del 25% - Infoecos","isPartOf":{"@id":"https:\/\/infoecos.com.ar\/#website"},"primaryImageOfPage":{"@id":"https:\/\/infoecos.com.ar\/index.php\/judiciales-y-docentes-bonaerenses-en-desacuerdo-con-el-aumento-del-25\/#primaryimage"},"image":{"@id":"https:\/\/infoecos.com.ar\/index.php\/judiciales-y-docentes-bonaerenses-en-desacuerdo-con-el-aumento-del-25\/#primaryimage"},"thumbnailUrl":"https:\/\/infoecos.com.ar\/wp-content\/uploads\/2024\/01\/image-105.png","datePublished":"2024-01-17T13:14:26+00:00","dateModified":"2024-01-18T21:28:03+00:00","breadcrumb":{"@id":"https:\/\/infoecos.com.ar\/index.php\/judiciales-y-docentes-bonaerenses-en-desacuerdo-con-el-aumento-del-25\/#breadcrumb"},"inLanguage":"es","potentialAction":[{"@type":"ReadAction","target":["https:\/\/infoecos.com.ar\/index.php\/judiciales-y-docentes-bonaerenses-en-desacuerdo-con-el-aumento-del-25\/"]}]},{"@type":"ImageObject","inLanguage":"es","@id":"https:\/\/infoecos.com.ar\/index.php\/judiciales-y-docentes-bonaerenses-en-desacuerdo-con-el-aumento-del-25\/#primaryimage","url":"https:\/\/infoecos.com.ar\/wp-content\/uploads\/2024\/01\/image-105.png","contentUrl":"https:\/\/infoecos.com.ar\/wp-content\/uploads\/2024\/01\/image-105.png","width":700,"height":312},{"@type":"BreadcrumbList","@id":"https:\/\/infoecos.com.ar\/index.php\/judiciales-y-docentes-bonaerenses-en-desacuerdo-con-el-aumento-del-25\/#breadcrumb","itemListElement":[{"@type":"ListItem","position":1,"name":"Portada","item":"https:\/\/infoecos.com.ar\/"},{"@type":"ListItem","position":2,"name":"Judiciales y docentes bonaerenses en desacuerdo con el aumento del 25%"}]},{"@type":"WebSite","@id":"https:\/\/infoecos.com.ar\/#website","url":"https:\/\/infoecos.com.ar\/","name":"Infoecos","description":"Noticias de trenque lauquen y la zona","publisher":{"@id":"https:\/\/infoecos.com.ar\/#organization"},"alternateName":"Noticias","potentialAction":[{"@type":"SearchAction","target":{"@type":"EntryPoint","urlTemplate":"https:\/\/infoecos.com.ar\/?s={search_term_string}"},"query-input":{"@type":"PropertyValueSpecification","valueRequired":true,"valueName":"search_term_string"}}],"inLanguage":"es"},{"@type":"Organization","@id":"https:\/\/infoecos.com.ar\/#organization","name":"Infoecos","alternateName":"Noticias","url":"https:\/\/infoecos.com.ar\/","logo":{"@type":"ImageObject","inLanguage":"es","@id":"https:\/\/infoecos.com.ar\/#\/schema\/logo\/image\/","url":"https:\/\/infoecos.com.ar\/wp-content\/uploads\/2024\/03\/cropped-logo.png","contentUrl":"https:\/\/infoecos.com.ar\/wp-content\/uploads\/2024\/03\/cropped-logo.png","width":374,"height":90,"caption":"Infoecos"},"image":{"@id":"https:\/\/infoecos.com.ar\/#\/schema\/logo\/image\/"},"sameAs":["https:\/\/www.facebook.com\/profile.php?id=100063200290284","https:\/\/x.com\/infoecos"]},{"@type":"Person","@id":"https:\/\/infoecos.com.ar\/#\/schema\/person\/8f5ace5ce73b4b4aac4b7245aee6f191","name":"Jorge Matheus","url":"https:\/\/infoecos.com.ar\/index.php\/author\/jomatheus\/"}]}},"featured_image_urls":{"full":["https:\/\/infoecos.com.ar\/wp-content\/uploads\/2024\/01\/image-105.png",700,312,false],"thumbnail":["https:\/\/infoecos.com.ar\/wp-content\/uploads\/2024\/01\/image-105-300x150.png",300,150,true],"medium":["https:\/\/infoecos.com.ar\/wp-content\/uploads\/2024\/01\/image-105.png",700,312,false],"medium_large":["https:\/\/infoecos.com.ar\/wp-content\/uploads\/2024\/01\/image-105.png",640,285,false],"large":["https:\/\/infoecos.com.ar\/wp-content\/uploads\/2024\/01\/image-105.png",640,285,false],"1536x1536":["https:\/\/infoecos.com.ar\/wp-content\/uploads\/2024\/01\/image-105.png",700,312,false],"2048x2048":["https:\/\/infoecos.com.ar\/wp-content\/uploads\/2024\/01\/image-105.png",700,312,false],"covernews-slider-full":["https:\/\/infoecos.com.ar\/wp-content\/uploads\/2024\/01\/image-105.png",700,312,false],"covernews-slider-center":["https:\/\/infoecos.com.ar\/wp-content\/uploads\/2024\/01\/image-105.png",700,312,false],"covernews-featured":["https:\/\/infoecos.com.ar\/wp-content\/uploads\/2024\/01\/image-105.png",700,312,false],"covernews-medium":["https:\/\/infoecos.com.ar\/wp-content\/uploads\/2024\/01\/image-105.png",540,241,false],"covernews-medium-square":["https:\/\/infoecos.com.ar\/wp-content\/uploads\/2024\/01\/image-105-675x312.png",400,185,true]},"author_info":{"info":["Jorge Matheus"]},"category_info":"<a href=\"https:\/\/infoecos.com.ar\/index.php\/category\/c3nota1\/\" rel=\"category tag\">C3 N1<\/a>","tag_info":"C3 N1","comment_count":"0","_links":{"self":[{"href":"https:\/\/infoecos.com.ar\/index.php\/wp-json\/wp\/v2\/posts\/117580"}],"collection":[{"href":"https:\/\/infoecos.com.ar\/index.php\/wp-json\/wp\/v2\/posts"}],"about":[{"href":"https:\/\/infoecos.com.ar\/index.php\/wp-json\/wp\/v2\/types\/post"}],"author":[{"embeddable":true,"href":"https:\/\/infoecos.com.ar\/index.php\/wp-json\/wp\/v2\/users\/2"}],"replies":[{"embeddable":true,"href":"https:\/\/infoecos.com.ar\/index.php\/wp-json\/wp\/v2\/comments?post=117580"}],"version-history":[{"count":2,"href":"https:\/\/infoecos.com.ar\/index.php\/wp-json\/wp\/v2\/posts\/117580\/revisions"}],"predecessor-version":[{"id":117614,"href":"https:\/\/infoecos.com.ar\/index.php\/wp-json\/wp\/v2\/posts\/117580\/revisions\/117614"}],"wp:featuredmedia":[{"embeddable":true,"href":"https:\/\/infoecos.com.ar\/index.php\/wp-json\/wp\/v2\/media\/117581"}],"wp:attachment":[{"href":"https:\/\/infoecos.com.ar\/index.php\/wp-json\/wp\/v2\/media?parent=117580"}],"wp:term":[{"taxonomy":"category","embeddable":true,"href":"https:\/\/infoecos.com.ar\/index.php\/wp-json\/wp\/v2\/categories?post=117580"},{"taxonomy":"post_tag","embeddable":true,"href":"https:\/\/infoecos.com.ar\/index.php\/wp-json\/wp\/v2\/tags?post=117580"}],"curies":[{"name":"wp","href":"https:\/\/api.w.org\/{rel}","templated":true}]}}