{"id":117583,"date":"2024-01-17T10:24:28","date_gmt":"2024-01-17T13:24:28","guid":{"rendered":"https:\/\/infoecos.com.ar\/?p=117583"},"modified":"2024-01-18T18:38:04","modified_gmt":"2024-01-18T21:38:04","slug":"la-asociacion-bancaria-anuncio-que-se-suma-al-paro-general-de-la-cgt","status":"publish","type":"post","link":"https:\/\/infoecos.com.ar\/index.php\/la-asociacion-bancaria-anuncio-que-se-suma-al-paro-general-de-la-cgt\/","title":{"rendered":"La Asociaci\u00f3n Bancaria anunci\u00f3 que se suma al paro general de la CGT"},"content":{"rendered":"\n<figure class=\"wp-block-image alignright size-large is-resized\"><img loading=\"lazy\" decoding=\"async\" src=\"https:\/\/infoecos.com.ar\/wp-content\/uploads\/2021\/02\/asociacionbancaria-920x518.jpg\" alt=\"\" class=\"wp-image-73957\" width=\"358\" height=\"201\" srcset=\"https:\/\/infoecos.com.ar\/wp-content\/uploads\/2021\/02\/asociacionbancaria-920x518.jpg 920w, https:\/\/infoecos.com.ar\/wp-content\/uploads\/2021\/02\/asociacionbancaria-460x259.jpg 460w, https:\/\/infoecos.com.ar\/wp-content\/uploads\/2021\/02\/asociacionbancaria-768x432.jpg 768w, https:\/\/infoecos.com.ar\/wp-content\/uploads\/2021\/02\/asociacionbancaria.jpg 1004w\" sizes=\"(max-width: 358px) 100vw, 358px\" \/><\/figure>\n\n\n\n<p>La Asociaci\u00f3n Bancaria (AB) anunci\u00f3 que se suma al paro general convocado por la Confederaci\u00f3n General del Trabajo (CGT) para el mi\u00e9rcoles 24 de enero con la finalidad de mostrar su rechazo al Decreto de Necesidad y Urgencia (DNU) del presidente Javier Milei.<\/p>\n\n\n\n<p>\u201cPorque no estamos dispuestos a validar un ajuste sin precedentes que recae \u00fanicamente sobre los trabajadores\/as, los jubilados\/as y que afecta al pueblo en su conjunto\u201d, argument\u00f3 en un comunicado el gremio de los trabajadores de los bancos encabezado por Sergio Palazzo.<\/p>\n\n\n\n<p>En ese sentido, explicaron que \u201cconsideramos que el ajuste lo deben pagar los poderosos, el poder real, los grandes grupos econ\u00f3micos, los que siempre e hist\u00f3ricamente fueron los mayores beneficiados en la Argentina y que ahora, en su voraz y desmedido apetito, pretenden siempre m\u00e1s\u201d.<\/p>\n\n\n\n<p>A su vez, remarcaron que \u201cel estado debe garantizar la igualdad y proteger siempre al m\u00e1s d\u00e9bil, para que no se vean cercenados sus derechos\u201d.<\/p>\n","protected":false},"excerpt":{"rendered":"<p>Con la finalidad de mostrar su rechazo al Decreto de Necesidad y Urgencia (DNU) del presidente Javier Milei<\/p>\n","protected":false},"author":2,"featured_media":45979,"comment_status":"closed","ping_status":"open","sticky":false,"template":"","format":"standard","meta":{"footnotes":""},"categories":[201],"tags":[9889],"class_list":["post-117583","post","type-post","status-publish","format-standard","has-post-thumbnail","hentry","category-inferior9","tag-el-24-de-enero"],"yoast_head":"<!-- This site is optimized with the Yoast SEO plugin v23.4 - https:\/\/yoast.com\/wordpress\/plugins\/seo\/ -->\n<title>La Asociaci\u00f3n Bancaria anunci\u00f3 que se suma al paro general de la CGT - Infoecos<\/title>\n<meta name=\"robots\" content=\"index, follow, max-snippet:-1, max-image-preview:large, max-video-preview:-1\" \/>\n<link rel=\"canonical\" href=\"https:\/\/infoecos.com.ar\/index.php\/la-asociacion-bancaria-anuncio-que-se-suma-al-paro-general-de-la-cgt\/\" \/>\n<meta property=\"og:locale\" content=\"es_ES\" \/>\n<meta property=\"og:type\" content=\"article\" \/>\n<meta property=\"og:title\" content=\"La Asociaci\u00f3n Bancaria anunci\u00f3 que se suma al paro general de la CGT - Infoecos\" \/>\n<meta property=\"og:description\" content=\"Con la finalidad de mostrar su rechazo al Decreto de Necesidad y Urgencia (DNU) del presidente Javier Milei\" \/>\n<meta property=\"og:url\" content=\"https:\/\/infoecos.com.ar\/index.php\/la-asociacion-bancaria-anuncio-que-se-suma-al-paro-general-de-la-cgt\/\" \/>\n<meta property=\"og:site_name\" content=\"Infoecos\" \/>\n<meta property=\"article:publisher\" content=\"https:\/\/www.facebook.com\/profile.php?id=100063200290284\" \/>\n<meta property=\"article:published_time\" content=\"2024-01-17T13:24:28+00:00\" \/>\n<meta property=\"article:modified_time\" content=\"2024-01-18T21:38:04+00:00\" \/>\n<meta property=\"og:image\" content=\"https:\/\/infoecos.com.ar\/wp-content\/uploads\/f999x666-342246_437311_0.jpg\" \/>\n\t<meta property=\"og:image:width\" content=\"999\" \/>\n\t<meta property=\"og:image:height\" content=\"666\" \/>\n\t<meta property=\"og:image:type\" content=\"image\/jpeg\" \/>\n<meta name=\"author\" content=\"Jorge Matheus\" \/>\n<meta name=\"twitter:card\" content=\"summary_large_image\" \/>\n<meta name=\"twitter:creator\" content=\"@infoecos\" \/>\n<meta name=\"twitter:site\" content=\"@infoecos\" \/>\n<meta name=\"twitter:label1\" content=\"Escrito por\" \/>\n\t<meta name=\"twitter:data1\" content=\"Jorge Matheus\" \/>\n\t<meta name=\"twitter:label2\" content=\"Tiempo de lectura\" \/>\n\t<meta name=\"twitter:data2\" content=\"1 minuto\" \/>\n<script type=\"application\/ld+json\" class=\"yoast-schema-graph\">{\"@context\":\"https:\/\/schema.org\",\"@graph\":[{\"@type\":\"Article\",\"@id\":\"https:\/\/infoecos.com.ar\/index.php\/la-asociacion-bancaria-anuncio-que-se-suma-al-paro-general-de-la-cgt\/#article\",\"isPartOf\":{\"@id\":\"https:\/\/infoecos.com.ar\/index.php\/la-asociacion-bancaria-anuncio-que-se-suma-al-paro-general-de-la-cgt\/\"},\"author\":{\"name\":\"Jorge Matheus\",\"@id\":\"https:\/\/infoecos.com.ar\/#\/schema\/person\/8f5ace5ce73b4b4aac4b7245aee6f191\"},\"headline\":\"La Asociaci\u00f3n Bancaria anunci\u00f3 que se suma al paro general de la CGT\",\"datePublished\":\"2024-01-17T13:24:28+00:00\",\"dateModified\":\"2024-01-18T21:38:04+00:00\",\"mainEntityOfPage\":{\"@id\":\"https:\/\/infoecos.com.ar\/index.php\/la-asociacion-bancaria-anuncio-que-se-suma-al-paro-general-de-la-cgt\/\"},\"wordCount\":178,\"publisher\":{\"@id\":\"https:\/\/infoecos.com.ar\/#organization\"},\"image\":{\"@id\":\"https:\/\/infoecos.com.ar\/index.php\/la-asociacion-bancaria-anuncio-que-se-suma-al-paro-general-de-la-cgt\/#primaryimage\"},\"thumbnailUrl\":\"\",\"keywords\":[\"el 24 de enero\"],\"articleSection\":[\"Bloque inferior - 9\"],\"inLanguage\":\"es\"},{\"@type\":\"WebPage\",\"@id\":\"https:\/\/infoecos.com.ar\/index.php\/la-asociacion-bancaria-anuncio-que-se-suma-al-paro-general-de-la-cgt\/\",\"url\":\"https:\/\/infoecos.com.ar\/index.php\/la-asociacion-bancaria-anuncio-que-se-suma-al-paro-general-de-la-cgt\/\",\"name\":\"La Asociaci\u00f3n Bancaria anunci\u00f3 que se suma al paro general de la CGT - Infoecos\",\"isPartOf\":{\"@id\":\"https:\/\/infoecos.com.ar\/#website\"},\"primaryImageOfPage\":{\"@id\":\"https:\/\/infoecos.com.ar\/index.php\/la-asociacion-bancaria-anuncio-que-se-suma-al-paro-general-de-la-cgt\/#primaryimage\"},\"image\":{\"@id\":\"https:\/\/infoecos.com.ar\/index.php\/la-asociacion-bancaria-anuncio-que-se-suma-al-paro-general-de-la-cgt\/#primaryimage\"},\"thumbnailUrl\":\"\",\"datePublished\":\"2024-01-17T13:24:28+00:00\",\"dateModified\":\"2024-01-18T21:38:04+00:00\",\"breadcrumb\":{\"@id\":\"https:\/\/infoecos.com.ar\/index.php\/la-asociacion-bancaria-anuncio-que-se-suma-al-paro-general-de-la-cgt\/#breadcrumb\"},\"inLanguage\":\"es\",\"potentialAction\":[{\"@type\":\"ReadAction\",\"target\":[\"https:\/\/infoecos.com.ar\/index.php\/la-asociacion-bancaria-anuncio-que-se-suma-al-paro-general-de-la-cgt\/\"]}]},{\"@type\":\"ImageObject\",\"inLanguage\":\"es\",\"@id\":\"https:\/\/infoecos.com.ar\/index.php\/la-asociacion-bancaria-anuncio-que-se-suma-al-paro-general-de-la-cgt\/#primaryimage\",\"url\":\"\",\"contentUrl\":\"\"},{\"@type\":\"BreadcrumbList\",\"@id\":\"https:\/\/infoecos.com.ar\/index.php\/la-asociacion-bancaria-anuncio-que-se-suma-al-paro-general-de-la-cgt\/#breadcrumb\",\"itemListElement\":[{\"@type\":\"ListItem\",\"position\":1,\"name\":\"Portada\",\"item\":\"https:\/\/infoecos.com.ar\/\"},{\"@type\":\"ListItem\",\"position\":2,\"name\":\"La Asociaci\u00f3n Bancaria anunci\u00f3 que se suma al paro general de la CGT\"}]},{\"@type\":\"WebSite\",\"@id\":\"https:\/\/infoecos.com.ar\/#website\",\"url\":\"https:\/\/infoecos.com.ar\/\",\"name\":\"Infoecos\",\"description\":\"Noticias de trenque lauquen y la zona\",\"publisher\":{\"@id\":\"https:\/\/infoecos.com.ar\/#organization\"},\"alternateName\":\"Noticias\",\"potentialAction\":[{\"@type\":\"SearchAction\",\"target\":{\"@type\":\"EntryPoint\",\"urlTemplate\":\"https:\/\/infoecos.com.ar\/?s={search_term_string}\"},\"query-input\":{\"@type\":\"PropertyValueSpecification\",\"valueRequired\":true,\"valueName\":\"search_term_string\"}}],\"inLanguage\":\"es\"},{\"@type\":\"Organization\",\"@id\":\"https:\/\/infoecos.com.ar\/#organization\",\"name\":\"Infoecos\",\"alternateName\":\"Noticias\",\"url\":\"https:\/\/infoecos.com.ar\/\",\"logo\":{\"@type\":\"ImageObject\",\"inLanguage\":\"es\",\"@id\":\"https:\/\/infoecos.com.ar\/#\/schema\/logo\/image\/\",\"url\":\"https:\/\/infoecos.com.ar\/wp-content\/uploads\/2024\/03\/cropped-logo.png\",\"contentUrl\":\"https:\/\/infoecos.com.ar\/wp-content\/uploads\/2024\/03\/cropped-logo.png\",\"width\":374,\"height\":90,\"caption\":\"Infoecos\"},\"image\":{\"@id\":\"https:\/\/infoecos.com.ar\/#\/schema\/logo\/image\/\"},\"sameAs\":[\"https:\/\/www.facebook.com\/profile.php?id=100063200290284\",\"https:\/\/x.com\/infoecos\"]},{\"@type\":\"Person\",\"@id\":\"https:\/\/infoecos.com.ar\/#\/schema\/person\/8f5ace5ce73b4b4aac4b7245aee6f191\",\"name\":\"Jorge Matheus\",\"url\":\"https:\/\/infoecos.com.ar\/index.php\/author\/jomatheus\/\"}]}<\/script>\n<!-- \/ Yoast SEO plugin. -->","yoast_head_json":{"title":"La Asociaci\u00f3n Bancaria anunci\u00f3 que se suma al paro general de la CGT - Infoecos","robots":{"index":"index","follow":"follow","max-snippet":"max-snippet:-1","max-image-preview":"max-image-preview:large","max-video-preview":"max-video-preview:-1"},"canonical":"https:\/\/infoecos.com.ar\/index.php\/la-asociacion-bancaria-anuncio-que-se-suma-al-paro-general-de-la-cgt\/","og_locale":"es_ES","og_type":"article","og_title":"La Asociaci\u00f3n Bancaria anunci\u00f3 que se suma al paro general de la CGT - Infoecos","og_description":"Con la finalidad de mostrar su rechazo al Decreto de Necesidad y Urgencia (DNU) del presidente Javier Milei","og_url":"https:\/\/infoecos.com.ar\/index.php\/la-asociacion-bancaria-anuncio-que-se-suma-al-paro-general-de-la-cgt\/","og_site_name":"Infoecos","article_publisher":"https:\/\/www.facebook.com\/profile.php?id=100063200290284","article_published_time":"2024-01-17T13:24:28+00:00","article_modified_time":"2024-01-18T21:38:04+00:00","og_image":[{"width":999,"height":666,"url":"https:\/\/infoecos.com.ar\/wp-content\/uploads\/f999x666-342246_437311_0.jpg","type":"image\/jpeg"}],"author":"Jorge Matheus","twitter_card":"summary_large_image","twitter_creator":"@infoecos","twitter_site":"@infoecos","twitter_misc":{"Escrito por":"Jorge Matheus","Tiempo de lectura":"1 minuto"},"schema":{"@context":"https:\/\/schema.org","@graph":[{"@type":"Article","@id":"https:\/\/infoecos.com.ar\/index.php\/la-asociacion-bancaria-anuncio-que-se-suma-al-paro-general-de-la-cgt\/#article","isPartOf":{"@id":"https:\/\/infoecos.com.ar\/index.php\/la-asociacion-bancaria-anuncio-que-se-suma-al-paro-general-de-la-cgt\/"},"author":{"name":"Jorge Matheus","@id":"https:\/\/infoecos.com.ar\/#\/schema\/person\/8f5ace5ce73b4b4aac4b7245aee6f191"},"headline":"La Asociaci\u00f3n Bancaria anunci\u00f3 que se suma al paro general de la CGT","datePublished":"2024-01-17T13:24:28+00:00","dateModified":"2024-01-18T21:38:04+00:00","mainEntityOfPage":{"@id":"https:\/\/infoecos.com.ar\/index.php\/la-asociacion-bancaria-anuncio-que-se-suma-al-paro-general-de-la-cgt\/"},"wordCount":178,"publisher":{"@id":"https:\/\/infoecos.com.ar\/#organization"},"image":{"@id":"https:\/\/infoecos.com.ar\/index.php\/la-asociacion-bancaria-anuncio-que-se-suma-al-paro-general-de-la-cgt\/#primaryimage"},"thumbnailUrl":"","keywords":["el 24 de enero"],"articleSection":["Bloque inferior - 9"],"inLanguage":"es"},{"@type":"WebPage","@id":"https:\/\/infoecos.com.ar\/index.php\/la-asociacion-bancaria-anuncio-que-se-suma-al-paro-general-de-la-cgt\/","url":"https:\/\/infoecos.com.ar\/index.php\/la-asociacion-bancaria-anuncio-que-se-suma-al-paro-general-de-la-cgt\/","name":"La Asociaci\u00f3n Bancaria anunci\u00f3 que se suma al paro general de la CGT - Infoecos","isPartOf":{"@id":"https:\/\/infoecos.com.ar\/#website"},"primaryImageOfPage":{"@id":"https:\/\/infoecos.com.ar\/index.php\/la-asociacion-bancaria-anuncio-que-se-suma-al-paro-general-de-la-cgt\/#primaryimage"},"image":{"@id":"https:\/\/infoecos.com.ar\/index.php\/la-asociacion-bancaria-anuncio-que-se-suma-al-paro-general-de-la-cgt\/#primaryimage"},"thumbnailUrl":"","datePublished":"2024-01-17T13:24:28+00:00","dateModified":"2024-01-18T21:38:04+00:00","breadcrumb":{"@id":"https:\/\/infoecos.com.ar\/index.php\/la-asociacion-bancaria-anuncio-que-se-suma-al-paro-general-de-la-cgt\/#breadcrumb"},"inLanguage":"es","potentialAction":[{"@type":"ReadAction","target":["https:\/\/infoecos.com.ar\/index.php\/la-asociacion-bancaria-anuncio-que-se-suma-al-paro-general-de-la-cgt\/"]}]},{"@type":"ImageObject","inLanguage":"es","@id":"https:\/\/infoecos.com.ar\/index.php\/la-asociacion-bancaria-anuncio-que-se-suma-al-paro-general-de-la-cgt\/#primaryimage","url":"","contentUrl":""},{"@type":"BreadcrumbList","@id":"https:\/\/infoecos.com.ar\/index.php\/la-asociacion-bancaria-anuncio-que-se-suma-al-paro-general-de-la-cgt\/#breadcrumb","itemListElement":[{"@type":"ListItem","position":1,"name":"Portada","item":"https:\/\/infoecos.com.ar\/"},{"@type":"ListItem","position":2,"name":"La Asociaci\u00f3n Bancaria anunci\u00f3 que se suma al paro general de la CGT"}]},{"@type":"WebSite","@id":"https:\/\/infoecos.com.ar\/#website","url":"https:\/\/infoecos.com.ar\/","name":"Infoecos","description":"Noticias de trenque lauquen y la zona","publisher":{"@id":"https:\/\/infoecos.com.ar\/#organization"},"alternateName":"Noticias","potentialAction":[{"@type":"SearchAction","target":{"@type":"EntryPoint","urlTemplate":"https:\/\/infoecos.com.ar\/?s={search_term_string}"},"query-input":{"@type":"PropertyValueSpecification","valueRequired":true,"valueName":"search_term_string"}}],"inLanguage":"es"},{"@type":"Organization","@id":"https:\/\/infoecos.com.ar\/#organization","name":"Infoecos","alternateName":"Noticias","url":"https:\/\/infoecos.com.ar\/","logo":{"@type":"ImageObject","inLanguage":"es","@id":"https:\/\/infoecos.com.ar\/#\/schema\/logo\/image\/","url":"https:\/\/infoecos.com.ar\/wp-content\/uploads\/2024\/03\/cropped-logo.png","contentUrl":"https:\/\/infoecos.com.ar\/wp-content\/uploads\/2024\/03\/cropped-logo.png","width":374,"height":90,"caption":"Infoecos"},"image":{"@id":"https:\/\/infoecos.com.ar\/#\/schema\/logo\/image\/"},"sameAs":["https:\/\/www.facebook.com\/profile.php?id=100063200290284","https:\/\/x.com\/infoecos"]},{"@type":"Person","@id":"https:\/\/infoecos.com.ar\/#\/schema\/person\/8f5ace5ce73b4b4aac4b7245aee6f191","name":"Jorge Matheus","url":"https:\/\/infoecos.com.ar\/index.php\/author\/jomatheus\/"}]}},"featured_image_urls":{"full":"","thumbnail":"","medium":"","medium_large":"","large":"","1536x1536":"","2048x2048":"","covernews-slider-full":"","covernews-slider-center":"","covernews-featured":"","covernews-medium":"","covernews-medium-square":""},"author_info":{"info":["Jorge Matheus"]},"category_info":"<a href=\"https:\/\/infoecos.com.ar\/index.php\/category\/inferior9\/\" rel=\"category tag\">Bloque inferior - 9<\/a>","tag_info":"Bloque inferior - 9","comment_count":"0","_links":{"self":[{"href":"https:\/\/infoecos.com.ar\/index.php\/wp-json\/wp\/v2\/posts\/117583"}],"collection":[{"href":"https:\/\/infoecos.com.ar\/index.php\/wp-json\/wp\/v2\/posts"}],"about":[{"href":"https:\/\/infoecos.com.ar\/index.php\/wp-json\/wp\/v2\/types\/post"}],"author":[{"embeddable":true,"href":"https:\/\/infoecos.com.ar\/index.php\/wp-json\/wp\/v2\/users\/2"}],"replies":[{"embeddable":true,"href":"https:\/\/infoecos.com.ar\/index.php\/wp-json\/wp\/v2\/comments?post=117583"}],"version-history":[{"count":1,"href":"https:\/\/infoecos.com.ar\/index.php\/wp-json\/wp\/v2\/posts\/117583\/revisions"}],"predecessor-version":[{"id":117584,"href":"https:\/\/infoecos.com.ar\/index.php\/wp-json\/wp\/v2\/posts\/117583\/revisions\/117584"}],"wp:featuredmedia":[{"embeddable":true,"href":"https:\/\/infoecos.com.ar\/index.php\/wp-json\/"}],"wp:attachment":[{"href":"https:\/\/infoecos.com.ar\/index.php\/wp-json\/wp\/v2\/media?parent=117583"}],"wp:term":[{"taxonomy":"category","embeddable":true,"href":"https:\/\/infoecos.com.ar\/index.php\/wp-json\/wp\/v2\/categories?post=117583"},{"taxonomy":"post_tag","embeddable":true,"href":"https:\/\/infoecos.com.ar\/index.php\/wp-json\/wp\/v2\/tags?post=117583"}],"curies":[{"name":"wp","href":"https:\/\/api.w.org\/{rel}","templated":true}]}}