{"id":117595,"date":"2024-01-18T11:25:29","date_gmt":"2024-01-18T14:25:29","guid":{"rendered":"https:\/\/infoecos.com.ar\/?p=117595"},"modified":"2024-01-19T00:22:09","modified_gmt":"2024-01-19T03:22:09","slug":"adriana-velazquez-habria-sido-designada-titular-de-la-oficina-t-lauquen-del-anses","status":"publish","type":"post","link":"https:\/\/infoecos.com.ar\/index.php\/adriana-velazquez-habria-sido-designada-titular-de-la-oficina-t-lauquen-del-anses\/","title":{"rendered":"Adriana Vel\u00e1zquez ser\u00eda designada titular de la oficina T.Lauquen del ANSES"},"content":{"rendered":"\n<p>La Libertad Avanza le pagar\u00eda al PRO trenquelauquense.<\/p>\n\n\n\n<figure class=\"wp-block-image alignright size-full is-resized\"><img loading=\"lazy\" decoding=\"async\" src=\"https:\/\/infoecos.com.ar\/wp-content\/uploads\/2024\/01\/image-109.png\" alt=\"\" class=\"wp-image-117597\" width=\"330\" height=\"247\" srcset=\"https:\/\/infoecos.com.ar\/wp-content\/uploads\/2024\/01\/image-109.png 960w, https:\/\/infoecos.com.ar\/wp-content\/uploads\/2024\/01\/image-109-800x600.png 800w, https:\/\/infoecos.com.ar\/wp-content\/uploads\/2024\/01\/image-109-768x576.png 768w\" sizes=\"(max-width: 330px) 100vw, 330px\" \/><\/figure>\n\n\n\n<p>Adriana Vel\u00e1zquez, ex concejal y ex precandidata a intendente que fue derrotada por el sector de Francisco Recoulat actual mandatario comunal en las PASO, alineada con Horacio Rodr\u00edguez Larreta, habr\u00eda sido designada titular de la oficina local del ANSES, en reemplazo de Leticia Badino.<\/p>\n\n\n\n<p>La dirigente se encontrar\u00eda de vacaciones y asumir\u00eda una vez que se designen los cargos regionales.<\/p>\n\n\n\n<p>La noticia a confirmar, en principio sorprende porque no habr\u00edan existido influencias del gobierno comunal, que a trav\u00e9s de algunos de sus principales exponentes suelen destacar los conctactos de qui\u00e9n este sitio considera un \u00abimpresentable\u00bb funcionario, el periodista devenido a pol\u00edtico, Secretario General.<\/p>\n\n\n\n<p>La ex concejal se comunic\u00f3 v\u00eda whatsapp.com se\u00f1alando lo siguiente:<\/p>\n\n\n\n<p><mark style=\"background-color:rgba(0, 0, 0, 0)\" class=\"has-inline-color has-vivid-red-color\">[12:10, 18\/1\/2024] Adriana Vel\u00e1zquez<\/mark>: <strong>Te estoy llamando por la.nota que sacaste en Infoecos<\/strong><br><mark style=\"background-color:rgba(0, 0, 0, 0)\" class=\"has-inline-color has-vivid-red-color\">[12:11, 18\/1\/2024] Adriana Vel\u00e1zquez<\/mark>: <strong>No se quien te informo porque es todo mentira<\/strong><br><mark style=\"background-color:rgba(0, 0, 0, 0)\" class=\"has-inline-color has-vivid-red-color\">[12:11, 18\/1\/2024] Adriana Vel\u00e1zquez<\/mark>: <strong>Lo unico cierto de la nota es que estoy de vacaciones<\/strong><br><mark style=\"background-color:rgba(0, 0, 0, 0)\" class=\"has-inline-color has-vivid-red-color\">[12:12, 18\/1\/2024] Adriana Vel\u00e1zquez<\/mark>: <strong>Al.menos me hubieras llamado<\/strong><\/p>\n\n\n\n<p>Nunca revelamos las fuentes, lo que suele ser com\u00fan en estas comunidades relativamente peque\u00f1as. En torno a la sugerencia sobre <strong>Al menos me hubieras llamado<\/strong>, nuestra respuesta:<\/p>\n\n\n\n<p><strong>no lo hago habitualmente. Esta es mi v\u00eda de comunicaci\u00f3n. Tu sector jam\u00e1s lo hizo conmigo, pero no me manejo con esos rencores propios de lo que fue mi laburo y hoy es una buena manera de no estar desconectado de la realidad.<\/strong> <strong>Agregar\u00e9 una desmentida, de todas maneras<\/strong>, <mark style=\"background-color:rgba(0, 0, 0, 0)\" class=\"has-inline-color has-vivid-red-color\"><strong>lo que no ocurri\u00f3 por ninguna v\u00eda<\/strong><\/mark><mark style=\"background-color:rgba(0, 0, 0, 0)\" class=\"has-inline-color has-black-color\"><strong>. <\/strong><\/mark><\/p>\n\n\n\n<p>NdR: la nota est\u00e1 escrita en potencial. No hay aseveraci\u00f3n.<\/p>\n\n\n\n<p><\/p>\n","protected":false},"excerpt":{"rendered":"<p>La dirigente se encontrar\u00eda de vacaciones y asumir\u00eda una vez que se designen los cargos regionales<\/p>\n","protected":false},"author":2,"featured_media":117597,"comment_status":"closed","ping_status":"open","sticky":false,"template":"","format":"standard","meta":{"footnotes":""},"categories":[29],"tags":[9892],"class_list":["post-117595","post","type-post","status-publish","format-standard","has-post-thumbnail","hentry","category-c2nota1","tag-lo-desmintio"],"yoast_head":"<!-- This site is optimized with the Yoast SEO plugin v23.4 - https:\/\/yoast.com\/wordpress\/plugins\/seo\/ -->\n<title>Adriana Vel\u00e1zquez ser\u00eda designada titular de la oficina T.Lauquen del ANSES - Infoecos<\/title>\n<meta name=\"robots\" content=\"index, follow, max-snippet:-1, max-image-preview:large, max-video-preview:-1\" \/>\n<link rel=\"canonical\" href=\"https:\/\/infoecos.com.ar\/index.php\/adriana-velazquez-habria-sido-designada-titular-de-la-oficina-t-lauquen-del-anses\/\" \/>\n<meta property=\"og:locale\" content=\"es_ES\" \/>\n<meta property=\"og:type\" content=\"article\" \/>\n<meta property=\"og:title\" content=\"Adriana Vel\u00e1zquez ser\u00eda designada titular de la oficina T.Lauquen del ANSES - Infoecos\" \/>\n<meta property=\"og:description\" content=\"La dirigente se encontrar\u00eda de vacaciones y asumir\u00eda una vez que se designen los cargos regionales\" \/>\n<meta property=\"og:url\" content=\"https:\/\/infoecos.com.ar\/index.php\/adriana-velazquez-habria-sido-designada-titular-de-la-oficina-t-lauquen-del-anses\/\" \/>\n<meta property=\"og:site_name\" content=\"Infoecos\" \/>\n<meta property=\"article:publisher\" content=\"https:\/\/www.facebook.com\/profile.php?id=100063200290284\" \/>\n<meta property=\"article:published_time\" content=\"2024-01-18T14:25:29+00:00\" \/>\n<meta property=\"article:modified_time\" content=\"2024-01-19T03:22:09+00:00\" \/>\n<meta property=\"og:image\" content=\"https:\/\/infoecos.com.ar\/wp-content\/uploads\/2024\/01\/image-109.png\" \/>\n\t<meta property=\"og:image:width\" content=\"960\" \/>\n\t<meta property=\"og:image:height\" content=\"720\" \/>\n\t<meta property=\"og:image:type\" content=\"image\/png\" \/>\n<meta name=\"author\" content=\"Jorge Matheus\" \/>\n<meta name=\"twitter:card\" content=\"summary_large_image\" \/>\n<meta name=\"twitter:creator\" content=\"@infoecos\" \/>\n<meta name=\"twitter:site\" content=\"@infoecos\" \/>\n<meta name=\"twitter:label1\" content=\"Escrito por\" \/>\n\t<meta name=\"twitter:data1\" content=\"Jorge Matheus\" \/>\n\t<meta name=\"twitter:label2\" content=\"Tiempo de lectura\" \/>\n\t<meta name=\"twitter:data2\" content=\"2 minutos\" \/>\n<script type=\"application\/ld+json\" class=\"yoast-schema-graph\">{\"@context\":\"https:\/\/schema.org\",\"@graph\":[{\"@type\":\"Article\",\"@id\":\"https:\/\/infoecos.com.ar\/index.php\/adriana-velazquez-habria-sido-designada-titular-de-la-oficina-t-lauquen-del-anses\/#article\",\"isPartOf\":{\"@id\":\"https:\/\/infoecos.com.ar\/index.php\/adriana-velazquez-habria-sido-designada-titular-de-la-oficina-t-lauquen-del-anses\/\"},\"author\":{\"name\":\"Jorge Matheus\",\"@id\":\"https:\/\/infoecos.com.ar\/#\/schema\/person\/8f5ace5ce73b4b4aac4b7245aee6f191\"},\"headline\":\"Adriana Vel\u00e1zquez ser\u00eda designada titular de la oficina T.Lauquen del ANSES\",\"datePublished\":\"2024-01-18T14:25:29+00:00\",\"dateModified\":\"2024-01-19T03:22:09+00:00\",\"mainEntityOfPage\":{\"@id\":\"https:\/\/infoecos.com.ar\/index.php\/adriana-velazquez-habria-sido-designada-titular-de-la-oficina-t-lauquen-del-anses\/\"},\"wordCount\":295,\"publisher\":{\"@id\":\"https:\/\/infoecos.com.ar\/#organization\"},\"image\":{\"@id\":\"https:\/\/infoecos.com.ar\/index.php\/adriana-velazquez-habria-sido-designada-titular-de-la-oficina-t-lauquen-del-anses\/#primaryimage\"},\"thumbnailUrl\":\"https:\/\/infoecos.com.ar\/wp-content\/uploads\/2024\/01\/image-109.png\",\"keywords\":[\"LO DESMINTI\u00d3\"],\"articleSection\":[\"C2 nota 1\"],\"inLanguage\":\"es\"},{\"@type\":\"WebPage\",\"@id\":\"https:\/\/infoecos.com.ar\/index.php\/adriana-velazquez-habria-sido-designada-titular-de-la-oficina-t-lauquen-del-anses\/\",\"url\":\"https:\/\/infoecos.com.ar\/index.php\/adriana-velazquez-habria-sido-designada-titular-de-la-oficina-t-lauquen-del-anses\/\",\"name\":\"Adriana Vel\u00e1zquez ser\u00eda designada titular de la oficina T.Lauquen del ANSES - Infoecos\",\"isPartOf\":{\"@id\":\"https:\/\/infoecos.com.ar\/#website\"},\"primaryImageOfPage\":{\"@id\":\"https:\/\/infoecos.com.ar\/index.php\/adriana-velazquez-habria-sido-designada-titular-de-la-oficina-t-lauquen-del-anses\/#primaryimage\"},\"image\":{\"@id\":\"https:\/\/infoecos.com.ar\/index.php\/adriana-velazquez-habria-sido-designada-titular-de-la-oficina-t-lauquen-del-anses\/#primaryimage\"},\"thumbnailUrl\":\"https:\/\/infoecos.com.ar\/wp-content\/uploads\/2024\/01\/image-109.png\",\"datePublished\":\"2024-01-18T14:25:29+00:00\",\"dateModified\":\"2024-01-19T03:22:09+00:00\",\"breadcrumb\":{\"@id\":\"https:\/\/infoecos.com.ar\/index.php\/adriana-velazquez-habria-sido-designada-titular-de-la-oficina-t-lauquen-del-anses\/#breadcrumb\"},\"inLanguage\":\"es\",\"potentialAction\":[{\"@type\":\"ReadAction\",\"target\":[\"https:\/\/infoecos.com.ar\/index.php\/adriana-velazquez-habria-sido-designada-titular-de-la-oficina-t-lauquen-del-anses\/\"]}]},{\"@type\":\"ImageObject\",\"inLanguage\":\"es\",\"@id\":\"https:\/\/infoecos.com.ar\/index.php\/adriana-velazquez-habria-sido-designada-titular-de-la-oficina-t-lauquen-del-anses\/#primaryimage\",\"url\":\"https:\/\/infoecos.com.ar\/wp-content\/uploads\/2024\/01\/image-109.png\",\"contentUrl\":\"https:\/\/infoecos.com.ar\/wp-content\/uploads\/2024\/01\/image-109.png\",\"width\":960,\"height\":720},{\"@type\":\"BreadcrumbList\",\"@id\":\"https:\/\/infoecos.com.ar\/index.php\/adriana-velazquez-habria-sido-designada-titular-de-la-oficina-t-lauquen-del-anses\/#breadcrumb\",\"itemListElement\":[{\"@type\":\"ListItem\",\"position\":1,\"name\":\"Portada\",\"item\":\"https:\/\/infoecos.com.ar\/\"},{\"@type\":\"ListItem\",\"position\":2,\"name\":\"Adriana Vel\u00e1zquez ser\u00eda designada titular de la oficina T.Lauquen del ANSES\"}]},{\"@type\":\"WebSite\",\"@id\":\"https:\/\/infoecos.com.ar\/#website\",\"url\":\"https:\/\/infoecos.com.ar\/\",\"name\":\"Infoecos\",\"description\":\"Noticias de trenque lauquen y la zona\",\"publisher\":{\"@id\":\"https:\/\/infoecos.com.ar\/#organization\"},\"alternateName\":\"Noticias\",\"potentialAction\":[{\"@type\":\"SearchAction\",\"target\":{\"@type\":\"EntryPoint\",\"urlTemplate\":\"https:\/\/infoecos.com.ar\/?s={search_term_string}\"},\"query-input\":{\"@type\":\"PropertyValueSpecification\",\"valueRequired\":true,\"valueName\":\"search_term_string\"}}],\"inLanguage\":\"es\"},{\"@type\":\"Organization\",\"@id\":\"https:\/\/infoecos.com.ar\/#organization\",\"name\":\"Infoecos\",\"alternateName\":\"Noticias\",\"url\":\"https:\/\/infoecos.com.ar\/\",\"logo\":{\"@type\":\"ImageObject\",\"inLanguage\":\"es\",\"@id\":\"https:\/\/infoecos.com.ar\/#\/schema\/logo\/image\/\",\"url\":\"https:\/\/infoecos.com.ar\/wp-content\/uploads\/2024\/03\/cropped-logo.png\",\"contentUrl\":\"https:\/\/infoecos.com.ar\/wp-content\/uploads\/2024\/03\/cropped-logo.png\",\"width\":374,\"height\":90,\"caption\":\"Infoecos\"},\"image\":{\"@id\":\"https:\/\/infoecos.com.ar\/#\/schema\/logo\/image\/\"},\"sameAs\":[\"https:\/\/www.facebook.com\/profile.php?id=100063200290284\",\"https:\/\/x.com\/infoecos\"]},{\"@type\":\"Person\",\"@id\":\"https:\/\/infoecos.com.ar\/#\/schema\/person\/8f5ace5ce73b4b4aac4b7245aee6f191\",\"name\":\"Jorge Matheus\",\"url\":\"https:\/\/infoecos.com.ar\/index.php\/author\/jomatheus\/\"}]}<\/script>\n<!-- \/ Yoast SEO plugin. -->","yoast_head_json":{"title":"Adriana Vel\u00e1zquez ser\u00eda designada titular de la oficina T.Lauquen del ANSES - Infoecos","robots":{"index":"index","follow":"follow","max-snippet":"max-snippet:-1","max-image-preview":"max-image-preview:large","max-video-preview":"max-video-preview:-1"},"canonical":"https:\/\/infoecos.com.ar\/index.php\/adriana-velazquez-habria-sido-designada-titular-de-la-oficina-t-lauquen-del-anses\/","og_locale":"es_ES","og_type":"article","og_title":"Adriana Vel\u00e1zquez ser\u00eda designada titular de la oficina T.Lauquen del ANSES - Infoecos","og_description":"La dirigente se encontrar\u00eda de vacaciones y asumir\u00eda una vez que se designen los cargos regionales","og_url":"https:\/\/infoecos.com.ar\/index.php\/adriana-velazquez-habria-sido-designada-titular-de-la-oficina-t-lauquen-del-anses\/","og_site_name":"Infoecos","article_publisher":"https:\/\/www.facebook.com\/profile.php?id=100063200290284","article_published_time":"2024-01-18T14:25:29+00:00","article_modified_time":"2024-01-19T03:22:09+00:00","og_image":[{"width":960,"height":720,"url":"https:\/\/infoecos.com.ar\/wp-content\/uploads\/2024\/01\/image-109.png","type":"image\/png"}],"author":"Jorge Matheus","twitter_card":"summary_large_image","twitter_creator":"@infoecos","twitter_site":"@infoecos","twitter_misc":{"Escrito por":"Jorge Matheus","Tiempo de lectura":"2 minutos"},"schema":{"@context":"https:\/\/schema.org","@graph":[{"@type":"Article","@id":"https:\/\/infoecos.com.ar\/index.php\/adriana-velazquez-habria-sido-designada-titular-de-la-oficina-t-lauquen-del-anses\/#article","isPartOf":{"@id":"https:\/\/infoecos.com.ar\/index.php\/adriana-velazquez-habria-sido-designada-titular-de-la-oficina-t-lauquen-del-anses\/"},"author":{"name":"Jorge Matheus","@id":"https:\/\/infoecos.com.ar\/#\/schema\/person\/8f5ace5ce73b4b4aac4b7245aee6f191"},"headline":"Adriana Vel\u00e1zquez ser\u00eda designada titular de la oficina T.Lauquen del ANSES","datePublished":"2024-01-18T14:25:29+00:00","dateModified":"2024-01-19T03:22:09+00:00","mainEntityOfPage":{"@id":"https:\/\/infoecos.com.ar\/index.php\/adriana-velazquez-habria-sido-designada-titular-de-la-oficina-t-lauquen-del-anses\/"},"wordCount":295,"publisher":{"@id":"https:\/\/infoecos.com.ar\/#organization"},"image":{"@id":"https:\/\/infoecos.com.ar\/index.php\/adriana-velazquez-habria-sido-designada-titular-de-la-oficina-t-lauquen-del-anses\/#primaryimage"},"thumbnailUrl":"https:\/\/infoecos.com.ar\/wp-content\/uploads\/2024\/01\/image-109.png","keywords":["LO DESMINTI\u00d3"],"articleSection":["C2 nota 1"],"inLanguage":"es"},{"@type":"WebPage","@id":"https:\/\/infoecos.com.ar\/index.php\/adriana-velazquez-habria-sido-designada-titular-de-la-oficina-t-lauquen-del-anses\/","url":"https:\/\/infoecos.com.ar\/index.php\/adriana-velazquez-habria-sido-designada-titular-de-la-oficina-t-lauquen-del-anses\/","name":"Adriana Vel\u00e1zquez ser\u00eda designada titular de la oficina T.Lauquen del ANSES - Infoecos","isPartOf":{"@id":"https:\/\/infoecos.com.ar\/#website"},"primaryImageOfPage":{"@id":"https:\/\/infoecos.com.ar\/index.php\/adriana-velazquez-habria-sido-designada-titular-de-la-oficina-t-lauquen-del-anses\/#primaryimage"},"image":{"@id":"https:\/\/infoecos.com.ar\/index.php\/adriana-velazquez-habria-sido-designada-titular-de-la-oficina-t-lauquen-del-anses\/#primaryimage"},"thumbnailUrl":"https:\/\/infoecos.com.ar\/wp-content\/uploads\/2024\/01\/image-109.png","datePublished":"2024-01-18T14:25:29+00:00","dateModified":"2024-01-19T03:22:09+00:00","breadcrumb":{"@id":"https:\/\/infoecos.com.ar\/index.php\/adriana-velazquez-habria-sido-designada-titular-de-la-oficina-t-lauquen-del-anses\/#breadcrumb"},"inLanguage":"es","potentialAction":[{"@type":"ReadAction","target":["https:\/\/infoecos.com.ar\/index.php\/adriana-velazquez-habria-sido-designada-titular-de-la-oficina-t-lauquen-del-anses\/"]}]},{"@type":"ImageObject","inLanguage":"es","@id":"https:\/\/infoecos.com.ar\/index.php\/adriana-velazquez-habria-sido-designada-titular-de-la-oficina-t-lauquen-del-anses\/#primaryimage","url":"https:\/\/infoecos.com.ar\/wp-content\/uploads\/2024\/01\/image-109.png","contentUrl":"https:\/\/infoecos.com.ar\/wp-content\/uploads\/2024\/01\/image-109.png","width":960,"height":720},{"@type":"BreadcrumbList","@id":"https:\/\/infoecos.com.ar\/index.php\/adriana-velazquez-habria-sido-designada-titular-de-la-oficina-t-lauquen-del-anses\/#breadcrumb","itemListElement":[{"@type":"ListItem","position":1,"name":"Portada","item":"https:\/\/infoecos.com.ar\/"},{"@type":"ListItem","position":2,"name":"Adriana Vel\u00e1zquez ser\u00eda designada titular de la oficina T.Lauquen del ANSES"}]},{"@type":"WebSite","@id":"https:\/\/infoecos.com.ar\/#website","url":"https:\/\/infoecos.com.ar\/","name":"Infoecos","description":"Noticias de trenque lauquen y la zona","publisher":{"@id":"https:\/\/infoecos.com.ar\/#organization"},"alternateName":"Noticias","potentialAction":[{"@type":"SearchAction","target":{"@type":"EntryPoint","urlTemplate":"https:\/\/infoecos.com.ar\/?s={search_term_string}"},"query-input":{"@type":"PropertyValueSpecification","valueRequired":true,"valueName":"search_term_string"}}],"inLanguage":"es"},{"@type":"Organization","@id":"https:\/\/infoecos.com.ar\/#organization","name":"Infoecos","alternateName":"Noticias","url":"https:\/\/infoecos.com.ar\/","logo":{"@type":"ImageObject","inLanguage":"es","@id":"https:\/\/infoecos.com.ar\/#\/schema\/logo\/image\/","url":"https:\/\/infoecos.com.ar\/wp-content\/uploads\/2024\/03\/cropped-logo.png","contentUrl":"https:\/\/infoecos.com.ar\/wp-content\/uploads\/2024\/03\/cropped-logo.png","width":374,"height":90,"caption":"Infoecos"},"image":{"@id":"https:\/\/infoecos.com.ar\/#\/schema\/logo\/image\/"},"sameAs":["https:\/\/www.facebook.com\/profile.php?id=100063200290284","https:\/\/x.com\/infoecos"]},{"@type":"Person","@id":"https:\/\/infoecos.com.ar\/#\/schema\/person\/8f5ace5ce73b4b4aac4b7245aee6f191","name":"Jorge Matheus","url":"https:\/\/infoecos.com.ar\/index.php\/author\/jomatheus\/"}]}},"featured_image_urls":{"full":["https:\/\/infoecos.com.ar\/wp-content\/uploads\/2024\/01\/image-109.png",960,720,false],"thumbnail":["https:\/\/infoecos.com.ar\/wp-content\/uploads\/2024\/01\/image-109-300x150.png",300,150,true],"medium":["https:\/\/infoecos.com.ar\/wp-content\/uploads\/2024\/01\/image-109-800x600.png",800,600,true],"medium_large":["https:\/\/infoecos.com.ar\/wp-content\/uploads\/2024\/01\/image-109-768x576.png",640,480,true],"large":["https:\/\/infoecos.com.ar\/wp-content\/uploads\/2024\/01\/image-109.png",640,480,false],"1536x1536":["https:\/\/infoecos.com.ar\/wp-content\/uploads\/2024\/01\/image-109.png",960,720,false],"2048x2048":["https:\/\/infoecos.com.ar\/wp-content\/uploads\/2024\/01\/image-109.png",960,720,false],"covernews-slider-full":["https:\/\/infoecos.com.ar\/wp-content\/uploads\/2024\/01\/image-109.png",953,715,false],"covernews-slider-center":["https:\/\/infoecos.com.ar\/wp-content\/uploads\/2024\/01\/image-109-936x720.png",650,500,true],"covernews-featured":["https:\/\/infoecos.com.ar\/wp-content\/uploads\/2024\/01\/image-109.png",960,720,false],"covernews-medium":["https:\/\/infoecos.com.ar\/wp-content\/uploads\/2024\/01\/image-109-720x380.png",540,285,true],"covernews-medium-square":["https:\/\/infoecos.com.ar\/wp-content\/uploads\/2024\/01\/image-109-675x450.png",375,250,true]},"author_info":{"info":["Jorge Matheus"]},"category_info":"<a href=\"https:\/\/infoecos.com.ar\/index.php\/category\/c2nota1\/\" rel=\"category tag\">C2 nota 1<\/a>","tag_info":"C2 nota 1","comment_count":"0","_links":{"self":[{"href":"https:\/\/infoecos.com.ar\/index.php\/wp-json\/wp\/v2\/posts\/117595"}],"collection":[{"href":"https:\/\/infoecos.com.ar\/index.php\/wp-json\/wp\/v2\/posts"}],"about":[{"href":"https:\/\/infoecos.com.ar\/index.php\/wp-json\/wp\/v2\/types\/post"}],"author":[{"embeddable":true,"href":"https:\/\/infoecos.com.ar\/index.php\/wp-json\/wp\/v2\/users\/2"}],"replies":[{"embeddable":true,"href":"https:\/\/infoecos.com.ar\/index.php\/wp-json\/wp\/v2\/comments?post=117595"}],"version-history":[{"count":4,"href":"https:\/\/infoecos.com.ar\/index.php\/wp-json\/wp\/v2\/posts\/117595\/revisions"}],"predecessor-version":[{"id":117605,"href":"https:\/\/infoecos.com.ar\/index.php\/wp-json\/wp\/v2\/posts\/117595\/revisions\/117605"}],"wp:featuredmedia":[{"embeddable":true,"href":"https:\/\/infoecos.com.ar\/index.php\/wp-json\/wp\/v2\/media\/117597"}],"wp:attachment":[{"href":"https:\/\/infoecos.com.ar\/index.php\/wp-json\/wp\/v2\/media?parent=117595"}],"wp:term":[{"taxonomy":"category","embeddable":true,"href":"https:\/\/infoecos.com.ar\/index.php\/wp-json\/wp\/v2\/categories?post=117595"},{"taxonomy":"post_tag","embeddable":true,"href":"https:\/\/infoecos.com.ar\/index.php\/wp-json\/wp\/v2\/tags?post=117595"}],"curies":[{"name":"wp","href":"https:\/\/api.w.org\/{rel}","templated":true}]}}