{"id":117621,"date":"2024-01-19T22:15:49","date_gmt":"2024-01-20T01:15:49","guid":{"rendered":"https:\/\/infoecos.com.ar\/?p=117621"},"modified":"2024-01-20T07:41:40","modified_gmt":"2024-01-20T10:41:40","slug":"el-pronostico-del-tiempo-para-monte-hermoso-y-sauce-grande","status":"publish","type":"post","link":"https:\/\/infoecos.com.ar\/index.php\/el-pronostico-del-tiempo-para-monte-hermoso-y-sauce-grande\/","title":{"rendered":"El pron\u00f3stico del tiempo para Monte Hermoso y Sauce Grande"},"content":{"rendered":"\n<figure class=\"wp-block-image alignright size-full is-resized\"><img loading=\"lazy\" decoding=\"async\" src=\"https:\/\/infoecos.com.ar\/wp-content\/uploads\/2024\/01\/image-101.png\" alt=\"\" class=\"wp-image-117531\" width=\"268\" height=\"151\" srcset=\"https:\/\/infoecos.com.ar\/wp-content\/uploads\/2024\/01\/image-101.png 807w, https:\/\/infoecos.com.ar\/wp-content\/uploads\/2024\/01\/image-101-800x450.png 800w, https:\/\/infoecos.com.ar\/wp-content\/uploads\/2024\/01\/image-101-768x432.png 768w\" sizes=\"(max-width: 268px) 100vw, 268px\" \/><\/figure>\n\n\n\n<p><strong><mark style=\"background-color:rgba(0, 0, 0, 0)\" class=\"has-inline-color has-vivid-red-color\">S\u00e1bado 20<\/mark><\/strong><\/p>\n\n\n\n<p><strong>Cielos despejados, aumento de las marcas t\u00e9rmicas y vientos medios, estacion\u00e1ndose del sector norte.<\/strong><\/p>\n\n\n\n<p><strong>Prev\u00e9n 31 grados de temperatura m\u00e1xima con lento descenso a la noche<\/strong>.<\/p>\n\n\n\n<figure class=\"wp-block-image alignright size-full is-resized\"><img loading=\"lazy\" decoding=\"async\" src=\"https:\/\/infoecos.com.ar\/wp-content\/uploads\/2024\/01\/image-114.png\" alt=\"\" class=\"wp-image-117622\" width=\"268\" height=\"134\" srcset=\"https:\/\/infoecos.com.ar\/wp-content\/uploads\/2024\/01\/image-114.png 750w, https:\/\/infoecos.com.ar\/wp-content\/uploads\/2024\/01\/image-114-300x150.png 300w\" sizes=\"(max-width: 268px) 100vw, 268px\" \/><\/figure>\n\n\n\n<p><strong><mark style=\"background-color:rgba(0, 0, 0, 0)\" class=\"has-inline-color has-vivid-red-color\">Domingo 21<\/mark><\/strong><\/p>\n\n\n\n<h4 class=\"wp-block-heading\"><strong>Anuncian factible aumento de nubosidad a medida que avance el d\u00eda con temperatura hasta 33 grados sin descenso pronunciado a la noche.<\/strong><\/h4>\n\n\n\n<p><strong>Continuidad de vientos de intensidad media mayormente del norte<\/strong>.<\/p>\n\n\n\n<p><mark style=\"background-color:rgba(0, 0, 0, 0)\" class=\"has-inline-color has-vivid-red-color\"><strong>Fuente: noticiasmontehermoso.com.ar<\/strong><\/mark><\/p>\n","protected":false},"excerpt":{"rendered":"<p>Este s\u00e1bado: Cielos despejados, aumento de las marcas t\u00e9rmicas y vientos medios estacion\u00e1ndose del sector norte.<\/p>\n","protected":false},"author":2,"featured_media":117149,"comment_status":"closed","ping_status":"open","sticky":false,"template":"","format":"standard","meta":{"footnotes":""},"categories":[25],"tags":[7653],"class_list":["post-117621","post","type-post","status-publish","format-standard","has-post-thumbnail","hentry","category-c3nota1","tag-sabado-y-domingo-2"],"yoast_head":"<!-- This site is optimized with the Yoast SEO plugin v23.4 - https:\/\/yoast.com\/wordpress\/plugins\/seo\/ -->\n<title>El pron\u00f3stico del tiempo para Monte Hermoso y Sauce Grande - Infoecos<\/title>\n<meta name=\"robots\" content=\"index, follow, max-snippet:-1, max-image-preview:large, max-video-preview:-1\" \/>\n<link rel=\"canonical\" href=\"https:\/\/infoecos.com.ar\/index.php\/el-pronostico-del-tiempo-para-monte-hermoso-y-sauce-grande\/\" \/>\n<meta property=\"og:locale\" content=\"es_ES\" \/>\n<meta property=\"og:type\" content=\"article\" \/>\n<meta property=\"og:title\" content=\"El pron\u00f3stico del tiempo para Monte Hermoso y Sauce Grande - Infoecos\" \/>\n<meta property=\"og:description\" content=\"Este s\u00e1bado: Cielos despejados, aumento de las marcas t\u00e9rmicas y vientos medios estacion\u00e1ndose del sector norte.\" \/>\n<meta property=\"og:url\" content=\"https:\/\/infoecos.com.ar\/index.php\/el-pronostico-del-tiempo-para-monte-hermoso-y-sauce-grande\/\" \/>\n<meta property=\"og:site_name\" content=\"Infoecos\" \/>\n<meta property=\"article:publisher\" content=\"https:\/\/www.facebook.com\/profile.php?id=100063200290284\" \/>\n<meta property=\"article:published_time\" content=\"2024-01-20T01:15:49+00:00\" \/>\n<meta property=\"article:modified_time\" content=\"2024-01-20T10:41:40+00:00\" \/>\n<meta property=\"og:image\" content=\"https:\/\/infoecos.com.ar\/wp-content\/uploads\/2024\/01\/image-28.png\" \/>\n\t<meta property=\"og:image:width\" content=\"750\" \/>\n\t<meta property=\"og:image:height\" content=\"375\" \/>\n\t<meta property=\"og:image:type\" content=\"image\/png\" \/>\n<meta name=\"author\" content=\"Jorge Matheus\" \/>\n<meta name=\"twitter:card\" content=\"summary_large_image\" \/>\n<meta name=\"twitter:creator\" content=\"@infoecos\" \/>\n<meta name=\"twitter:site\" content=\"@infoecos\" \/>\n<meta name=\"twitter:label1\" content=\"Escrito por\" \/>\n\t<meta name=\"twitter:data1\" content=\"Jorge Matheus\" \/>\n\t<meta name=\"twitter:label2\" content=\"Tiempo de lectura\" \/>\n\t<meta name=\"twitter:data2\" content=\"1 minuto\" \/>\n<script type=\"application\/ld+json\" class=\"yoast-schema-graph\">{\"@context\":\"https:\/\/schema.org\",\"@graph\":[{\"@type\":\"Article\",\"@id\":\"https:\/\/infoecos.com.ar\/index.php\/el-pronostico-del-tiempo-para-monte-hermoso-y-sauce-grande\/#article\",\"isPartOf\":{\"@id\":\"https:\/\/infoecos.com.ar\/index.php\/el-pronostico-del-tiempo-para-monte-hermoso-y-sauce-grande\/\"},\"author\":{\"name\":\"Jorge Matheus\",\"@id\":\"https:\/\/infoecos.com.ar\/#\/schema\/person\/8f5ace5ce73b4b4aac4b7245aee6f191\"},\"headline\":\"El pron\u00f3stico del tiempo para Monte Hermoso y Sauce Grande\",\"datePublished\":\"2024-01-20T01:15:49+00:00\",\"dateModified\":\"2024-01-20T10:41:40+00:00\",\"mainEntityOfPage\":{\"@id\":\"https:\/\/infoecos.com.ar\/index.php\/el-pronostico-del-tiempo-para-monte-hermoso-y-sauce-grande\/\"},\"wordCount\":78,\"publisher\":{\"@id\":\"https:\/\/infoecos.com.ar\/#organization\"},\"image\":{\"@id\":\"https:\/\/infoecos.com.ar\/index.php\/el-pronostico-del-tiempo-para-monte-hermoso-y-sauce-grande\/#primaryimage\"},\"thumbnailUrl\":\"https:\/\/infoecos.com.ar\/wp-content\/uploads\/2024\/01\/image-28.png\",\"keywords\":[\"s\u00e1bado y domingo\"],\"articleSection\":[\"C3 N1\"],\"inLanguage\":\"es\"},{\"@type\":\"WebPage\",\"@id\":\"https:\/\/infoecos.com.ar\/index.php\/el-pronostico-del-tiempo-para-monte-hermoso-y-sauce-grande\/\",\"url\":\"https:\/\/infoecos.com.ar\/index.php\/el-pronostico-del-tiempo-para-monte-hermoso-y-sauce-grande\/\",\"name\":\"El pron\u00f3stico del tiempo para Monte Hermoso y Sauce Grande - Infoecos\",\"isPartOf\":{\"@id\":\"https:\/\/infoecos.com.ar\/#website\"},\"primaryImageOfPage\":{\"@id\":\"https:\/\/infoecos.com.ar\/index.php\/el-pronostico-del-tiempo-para-monte-hermoso-y-sauce-grande\/#primaryimage\"},\"image\":{\"@id\":\"https:\/\/infoecos.com.ar\/index.php\/el-pronostico-del-tiempo-para-monte-hermoso-y-sauce-grande\/#primaryimage\"},\"thumbnailUrl\":\"https:\/\/infoecos.com.ar\/wp-content\/uploads\/2024\/01\/image-28.png\",\"datePublished\":\"2024-01-20T01:15:49+00:00\",\"dateModified\":\"2024-01-20T10:41:40+00:00\",\"breadcrumb\":{\"@id\":\"https:\/\/infoecos.com.ar\/index.php\/el-pronostico-del-tiempo-para-monte-hermoso-y-sauce-grande\/#breadcrumb\"},\"inLanguage\":\"es\",\"potentialAction\":[{\"@type\":\"ReadAction\",\"target\":[\"https:\/\/infoecos.com.ar\/index.php\/el-pronostico-del-tiempo-para-monte-hermoso-y-sauce-grande\/\"]}]},{\"@type\":\"ImageObject\",\"inLanguage\":\"es\",\"@id\":\"https:\/\/infoecos.com.ar\/index.php\/el-pronostico-del-tiempo-para-monte-hermoso-y-sauce-grande\/#primaryimage\",\"url\":\"https:\/\/infoecos.com.ar\/wp-content\/uploads\/2024\/01\/image-28.png\",\"contentUrl\":\"https:\/\/infoecos.com.ar\/wp-content\/uploads\/2024\/01\/image-28.png\",\"width\":750,\"height\":375},{\"@type\":\"BreadcrumbList\",\"@id\":\"https:\/\/infoecos.com.ar\/index.php\/el-pronostico-del-tiempo-para-monte-hermoso-y-sauce-grande\/#breadcrumb\",\"itemListElement\":[{\"@type\":\"ListItem\",\"position\":1,\"name\":\"Portada\",\"item\":\"https:\/\/infoecos.com.ar\/\"},{\"@type\":\"ListItem\",\"position\":2,\"name\":\"El pron\u00f3stico del tiempo para Monte Hermoso y Sauce Grande\"}]},{\"@type\":\"WebSite\",\"@id\":\"https:\/\/infoecos.com.ar\/#website\",\"url\":\"https:\/\/infoecos.com.ar\/\",\"name\":\"Infoecos\",\"description\":\"Noticias de trenque lauquen y la zona\",\"publisher\":{\"@id\":\"https:\/\/infoecos.com.ar\/#organization\"},\"alternateName\":\"Noticias\",\"potentialAction\":[{\"@type\":\"SearchAction\",\"target\":{\"@type\":\"EntryPoint\",\"urlTemplate\":\"https:\/\/infoecos.com.ar\/?s={search_term_string}\"},\"query-input\":{\"@type\":\"PropertyValueSpecification\",\"valueRequired\":true,\"valueName\":\"search_term_string\"}}],\"inLanguage\":\"es\"},{\"@type\":\"Organization\",\"@id\":\"https:\/\/infoecos.com.ar\/#organization\",\"name\":\"Infoecos\",\"alternateName\":\"Noticias\",\"url\":\"https:\/\/infoecos.com.ar\/\",\"logo\":{\"@type\":\"ImageObject\",\"inLanguage\":\"es\",\"@id\":\"https:\/\/infoecos.com.ar\/#\/schema\/logo\/image\/\",\"url\":\"https:\/\/infoecos.com.ar\/wp-content\/uploads\/2024\/03\/cropped-logo.png\",\"contentUrl\":\"https:\/\/infoecos.com.ar\/wp-content\/uploads\/2024\/03\/cropped-logo.png\",\"width\":374,\"height\":90,\"caption\":\"Infoecos\"},\"image\":{\"@id\":\"https:\/\/infoecos.com.ar\/#\/schema\/logo\/image\/\"},\"sameAs\":[\"https:\/\/www.facebook.com\/profile.php?id=100063200290284\",\"https:\/\/x.com\/infoecos\"]},{\"@type\":\"Person\",\"@id\":\"https:\/\/infoecos.com.ar\/#\/schema\/person\/8f5ace5ce73b4b4aac4b7245aee6f191\",\"name\":\"Jorge Matheus\",\"url\":\"https:\/\/infoecos.com.ar\/index.php\/author\/jomatheus\/\"}]}<\/script>\n<!-- \/ Yoast SEO plugin. -->","yoast_head_json":{"title":"El pron\u00f3stico del tiempo para Monte Hermoso y Sauce Grande - Infoecos","robots":{"index":"index","follow":"follow","max-snippet":"max-snippet:-1","max-image-preview":"max-image-preview:large","max-video-preview":"max-video-preview:-1"},"canonical":"https:\/\/infoecos.com.ar\/index.php\/el-pronostico-del-tiempo-para-monte-hermoso-y-sauce-grande\/","og_locale":"es_ES","og_type":"article","og_title":"El pron\u00f3stico del tiempo para Monte Hermoso y Sauce Grande - Infoecos","og_description":"Este s\u00e1bado: Cielos despejados, aumento de las marcas t\u00e9rmicas y vientos medios estacion\u00e1ndose del sector norte.","og_url":"https:\/\/infoecos.com.ar\/index.php\/el-pronostico-del-tiempo-para-monte-hermoso-y-sauce-grande\/","og_site_name":"Infoecos","article_publisher":"https:\/\/www.facebook.com\/profile.php?id=100063200290284","article_published_time":"2024-01-20T01:15:49+00:00","article_modified_time":"2024-01-20T10:41:40+00:00","og_image":[{"width":750,"height":375,"url":"https:\/\/infoecos.com.ar\/wp-content\/uploads\/2024\/01\/image-28.png","type":"image\/png"}],"author":"Jorge Matheus","twitter_card":"summary_large_image","twitter_creator":"@infoecos","twitter_site":"@infoecos","twitter_misc":{"Escrito por":"Jorge Matheus","Tiempo de lectura":"1 minuto"},"schema":{"@context":"https:\/\/schema.org","@graph":[{"@type":"Article","@id":"https:\/\/infoecos.com.ar\/index.php\/el-pronostico-del-tiempo-para-monte-hermoso-y-sauce-grande\/#article","isPartOf":{"@id":"https:\/\/infoecos.com.ar\/index.php\/el-pronostico-del-tiempo-para-monte-hermoso-y-sauce-grande\/"},"author":{"name":"Jorge Matheus","@id":"https:\/\/infoecos.com.ar\/#\/schema\/person\/8f5ace5ce73b4b4aac4b7245aee6f191"},"headline":"El pron\u00f3stico del tiempo para Monte Hermoso y Sauce Grande","datePublished":"2024-01-20T01:15:49+00:00","dateModified":"2024-01-20T10:41:40+00:00","mainEntityOfPage":{"@id":"https:\/\/infoecos.com.ar\/index.php\/el-pronostico-del-tiempo-para-monte-hermoso-y-sauce-grande\/"},"wordCount":78,"publisher":{"@id":"https:\/\/infoecos.com.ar\/#organization"},"image":{"@id":"https:\/\/infoecos.com.ar\/index.php\/el-pronostico-del-tiempo-para-monte-hermoso-y-sauce-grande\/#primaryimage"},"thumbnailUrl":"https:\/\/infoecos.com.ar\/wp-content\/uploads\/2024\/01\/image-28.png","keywords":["s\u00e1bado y domingo"],"articleSection":["C3 N1"],"inLanguage":"es"},{"@type":"WebPage","@id":"https:\/\/infoecos.com.ar\/index.php\/el-pronostico-del-tiempo-para-monte-hermoso-y-sauce-grande\/","url":"https:\/\/infoecos.com.ar\/index.php\/el-pronostico-del-tiempo-para-monte-hermoso-y-sauce-grande\/","name":"El pron\u00f3stico del tiempo para Monte Hermoso y Sauce Grande - Infoecos","isPartOf":{"@id":"https:\/\/infoecos.com.ar\/#website"},"primaryImageOfPage":{"@id":"https:\/\/infoecos.com.ar\/index.php\/el-pronostico-del-tiempo-para-monte-hermoso-y-sauce-grande\/#primaryimage"},"image":{"@id":"https:\/\/infoecos.com.ar\/index.php\/el-pronostico-del-tiempo-para-monte-hermoso-y-sauce-grande\/#primaryimage"},"thumbnailUrl":"https:\/\/infoecos.com.ar\/wp-content\/uploads\/2024\/01\/image-28.png","datePublished":"2024-01-20T01:15:49+00:00","dateModified":"2024-01-20T10:41:40+00:00","breadcrumb":{"@id":"https:\/\/infoecos.com.ar\/index.php\/el-pronostico-del-tiempo-para-monte-hermoso-y-sauce-grande\/#breadcrumb"},"inLanguage":"es","potentialAction":[{"@type":"ReadAction","target":["https:\/\/infoecos.com.ar\/index.php\/el-pronostico-del-tiempo-para-monte-hermoso-y-sauce-grande\/"]}]},{"@type":"ImageObject","inLanguage":"es","@id":"https:\/\/infoecos.com.ar\/index.php\/el-pronostico-del-tiempo-para-monte-hermoso-y-sauce-grande\/#primaryimage","url":"https:\/\/infoecos.com.ar\/wp-content\/uploads\/2024\/01\/image-28.png","contentUrl":"https:\/\/infoecos.com.ar\/wp-content\/uploads\/2024\/01\/image-28.png","width":750,"height":375},{"@type":"BreadcrumbList","@id":"https:\/\/infoecos.com.ar\/index.php\/el-pronostico-del-tiempo-para-monte-hermoso-y-sauce-grande\/#breadcrumb","itemListElement":[{"@type":"ListItem","position":1,"name":"Portada","item":"https:\/\/infoecos.com.ar\/"},{"@type":"ListItem","position":2,"name":"El pron\u00f3stico del tiempo para Monte Hermoso y Sauce Grande"}]},{"@type":"WebSite","@id":"https:\/\/infoecos.com.ar\/#website","url":"https:\/\/infoecos.com.ar\/","name":"Infoecos","description":"Noticias de trenque lauquen y la zona","publisher":{"@id":"https:\/\/infoecos.com.ar\/#organization"},"alternateName":"Noticias","potentialAction":[{"@type":"SearchAction","target":{"@type":"EntryPoint","urlTemplate":"https:\/\/infoecos.com.ar\/?s={search_term_string}"},"query-input":{"@type":"PropertyValueSpecification","valueRequired":true,"valueName":"search_term_string"}}],"inLanguage":"es"},{"@type":"Organization","@id":"https:\/\/infoecos.com.ar\/#organization","name":"Infoecos","alternateName":"Noticias","url":"https:\/\/infoecos.com.ar\/","logo":{"@type":"ImageObject","inLanguage":"es","@id":"https:\/\/infoecos.com.ar\/#\/schema\/logo\/image\/","url":"https:\/\/infoecos.com.ar\/wp-content\/uploads\/2024\/03\/cropped-logo.png","contentUrl":"https:\/\/infoecos.com.ar\/wp-content\/uploads\/2024\/03\/cropped-logo.png","width":374,"height":90,"caption":"Infoecos"},"image":{"@id":"https:\/\/infoecos.com.ar\/#\/schema\/logo\/image\/"},"sameAs":["https:\/\/www.facebook.com\/profile.php?id=100063200290284","https:\/\/x.com\/infoecos"]},{"@type":"Person","@id":"https:\/\/infoecos.com.ar\/#\/schema\/person\/8f5ace5ce73b4b4aac4b7245aee6f191","name":"Jorge Matheus","url":"https:\/\/infoecos.com.ar\/index.php\/author\/jomatheus\/"}]}},"featured_image_urls":{"full":["https:\/\/infoecos.com.ar\/wp-content\/uploads\/2024\/01\/image-28.png",750,375,false],"thumbnail":["https:\/\/infoecos.com.ar\/wp-content\/uploads\/2024\/01\/image-28-300x150.png",300,150,true],"medium":["https:\/\/infoecos.com.ar\/wp-content\/uploads\/2024\/01\/image-28.png",750,375,false],"medium_large":["https:\/\/infoecos.com.ar\/wp-content\/uploads\/2024\/01\/image-28.png",640,320,false],"large":["https:\/\/infoecos.com.ar\/wp-content\/uploads\/2024\/01\/image-28.png",640,320,false],"1536x1536":["https:\/\/infoecos.com.ar\/wp-content\/uploads\/2024\/01\/image-28.png",750,375,false],"2048x2048":["https:\/\/infoecos.com.ar\/wp-content\/uploads\/2024\/01\/image-28.png",750,375,false],"covernews-slider-full":["https:\/\/infoecos.com.ar\/wp-content\/uploads\/2024\/01\/image-28.png",750,375,false],"covernews-slider-center":["https:\/\/infoecos.com.ar\/wp-content\/uploads\/2024\/01\/image-28.png",750,375,false],"covernews-featured":["https:\/\/infoecos.com.ar\/wp-content\/uploads\/2024\/01\/image-28.png",750,375,false],"covernews-medium":["https:\/\/infoecos.com.ar\/wp-content\/uploads\/2024\/01\/image-28-720x375.png",540,281,true],"covernews-medium-square":["https:\/\/infoecos.com.ar\/wp-content\/uploads\/2024\/01\/image-28-675x375.png",400,222,true]},"author_info":{"info":["Jorge Matheus"]},"category_info":"<a href=\"https:\/\/infoecos.com.ar\/index.php\/category\/c3nota1\/\" rel=\"category tag\">C3 N1<\/a>","tag_info":"C3 N1","comment_count":"0","_links":{"self":[{"href":"https:\/\/infoecos.com.ar\/index.php\/wp-json\/wp\/v2\/posts\/117621"}],"collection":[{"href":"https:\/\/infoecos.com.ar\/index.php\/wp-json\/wp\/v2\/posts"}],"about":[{"href":"https:\/\/infoecos.com.ar\/index.php\/wp-json\/wp\/v2\/types\/post"}],"author":[{"embeddable":true,"href":"https:\/\/infoecos.com.ar\/index.php\/wp-json\/wp\/v2\/users\/2"}],"replies":[{"embeddable":true,"href":"https:\/\/infoecos.com.ar\/index.php\/wp-json\/wp\/v2\/comments?post=117621"}],"version-history":[{"count":2,"href":"https:\/\/infoecos.com.ar\/index.php\/wp-json\/wp\/v2\/posts\/117621\/revisions"}],"predecessor-version":[{"id":117641,"href":"https:\/\/infoecos.com.ar\/index.php\/wp-json\/wp\/v2\/posts\/117621\/revisions\/117641"}],"wp:featuredmedia":[{"embeddable":true,"href":"https:\/\/infoecos.com.ar\/index.php\/wp-json\/wp\/v2\/media\/117149"}],"wp:attachment":[{"href":"https:\/\/infoecos.com.ar\/index.php\/wp-json\/wp\/v2\/media?parent=117621"}],"wp:term":[{"taxonomy":"category","embeddable":true,"href":"https:\/\/infoecos.com.ar\/index.php\/wp-json\/wp\/v2\/categories?post=117621"},{"taxonomy":"post_tag","embeddable":true,"href":"https:\/\/infoecos.com.ar\/index.php\/wp-json\/wp\/v2\/tags?post=117621"}],"curies":[{"name":"wp","href":"https:\/\/api.w.org\/{rel}","templated":true}]}}