{"id":117634,"date":"2024-01-20T00:34:03","date_gmt":"2024-01-20T03:34:03","guid":{"rendered":"https:\/\/infoecos.com.ar\/?p=117634"},"modified":"2024-01-24T13:38:02","modified_gmt":"2024-01-24T16:38:02","slug":"el-presidente-de-la-ucr-bonaerense-respaldo-la-gestion-de-sofia-gambier-en-pellegrini","status":"publish","type":"post","link":"https:\/\/infoecos.com.ar\/index.php\/el-presidente-de-la-ucr-bonaerense-respaldo-la-gestion-de-sofia-gambier-en-pellegrini\/","title":{"rendered":"El presidente de la UCR bonaerense respald\u00f3 la gesti\u00f3n de Sof\u00eda Gambier en Pellegrini"},"content":{"rendered":"\n<figure class=\"wp-block-image alignright size-full is-resized\"><img loading=\"lazy\" decoding=\"async\" src=\"https:\/\/infoecos.com.ar\/wp-content\/uploads\/2023\/01\/image-116.png\" alt=\"\" class=\"wp-image-100253\" width=\"361\" height=\"202\" srcset=\"https:\/\/infoecos.com.ar\/wp-content\/uploads\/2023\/01\/image-116.png 900w, https:\/\/infoecos.com.ar\/wp-content\/uploads\/2023\/01\/image-116-800x449.png 800w, https:\/\/infoecos.com.ar\/wp-content\/uploads\/2023\/01\/image-116-768x431.png 768w\" sizes=\"(max-width: 361px) 100vw, 361px\" \/><\/figure>\n\n\n\n<p>El presidente de la Uni\u00f3n C\u00edvica Radical de la provincia de Buenos Aires (UCR), Maximiliano Abad,  respald\u00f3 a la intendenta de Pellegrini, Sofia Gambier, en relaci\u00f3n con las recientes noticias&nbsp;difundidas sobre el estado de la salud p\u00fablica en el distrito. <\/p>\n\n\n\n<p>Abad, senador nacional por la provincia de Buenos Aires, se\u00f1al\u00f3 que \u00aben las \u00faltimas horas, y a trav\u00e9s de fuentes informativas ligadas al Gobierno provincial, se difundieron falsas noticias sobre el estado de la salud p\u00fablica en la localidad de Pellegrini, en nuestra Provincia\u00bb. Denunci\u00f3, adem\u00e1s, la intencionalidad pol\u00edtica detr\u00e1s de estas difamaciones, calific\u00e1ndolas como \u00abpr\u00e1cticas oscurantistas\u00bb destinadas a perjudicar la gesti\u00f3n de la intendenta Gambier y a distorsionar la calidad de la prestaci\u00f3n del Hospital Municipal \u00abDr. Guillermo Soldato\u00bb.<\/p>\n\n\n\n<p>En consonancia con lo expresado por quienes se han manifestado respaldando la pol\u00edtica de salud en el distrito, el dirigente se\u00f1al\u00f3 que \u00abbajo ning\u00fan punto de vista se cambiaron los par\u00e1metros de acceso irrestricto y gratuito al servicio de salud\u00bb en el hospital local. Asimismo, explic\u00f3 que la Ordenanza aprobada solo actualiz\u00f3 los valores de los servicios que presta el hospital, manteniendo un sistema solidario donde las obras sociales o aquellos con recursos econ\u00f3micos contribuyen con un canon para garantizar una prestaci\u00f3n gratuita y de calidad para toda la comunidad\u00bb.<\/p>\n\n\n\n<p><strong>Fuente: avantipellegrini.com.ar<\/strong><\/p>\n","protected":false},"excerpt":{"rendered":"<p>Se\u00f1al\u00f3 que \u00abbajo ning\u00fan punto de vista se cambiaron los par\u00e1metros de acceso irrestricto y gratuito al servicio de salud\u00bb<\/p>\n","protected":false},"author":2,"featured_media":100253,"comment_status":"closed","ping_status":"open","sticky":false,"template":"","format":"standard","meta":{"footnotes":""},"categories":[1333],"tags":[9897],"class_list":["post-117634","post","type-post","status-publish","format-standard","has-post-thumbnail","hentry","category-inferior13","tag-salud-publica-en-el-distrito"],"yoast_head":"<!-- This site is optimized with the Yoast SEO plugin v23.4 - https:\/\/yoast.com\/wordpress\/plugins\/seo\/ -->\n<title>El presidente de la UCR bonaerense respald\u00f3 la gesti\u00f3n de Sof\u00eda Gambier en Pellegrini - Infoecos<\/title>\n<meta name=\"robots\" content=\"index, follow, max-snippet:-1, max-image-preview:large, max-video-preview:-1\" \/>\n<link rel=\"canonical\" href=\"https:\/\/infoecos.com.ar\/index.php\/el-presidente-de-la-ucr-bonaerense-respaldo-la-gestion-de-sofia-gambier-en-pellegrini\/\" \/>\n<meta property=\"og:locale\" content=\"es_ES\" \/>\n<meta property=\"og:type\" content=\"article\" \/>\n<meta property=\"og:title\" content=\"El presidente de la UCR bonaerense respald\u00f3 la gesti\u00f3n de Sof\u00eda Gambier en Pellegrini - Infoecos\" \/>\n<meta property=\"og:description\" content=\"Se\u00f1al\u00f3 que &quot;bajo ning\u00fan punto de vista se cambiaron los par\u00e1metros de acceso irrestricto y gratuito al servicio de salud&quot;\" \/>\n<meta property=\"og:url\" content=\"https:\/\/infoecos.com.ar\/index.php\/el-presidente-de-la-ucr-bonaerense-respaldo-la-gestion-de-sofia-gambier-en-pellegrini\/\" \/>\n<meta property=\"og:site_name\" content=\"Infoecos\" \/>\n<meta property=\"article:publisher\" content=\"https:\/\/www.facebook.com\/profile.php?id=100063200290284\" \/>\n<meta property=\"article:published_time\" content=\"2024-01-20T03:34:03+00:00\" \/>\n<meta property=\"article:modified_time\" content=\"2024-01-24T16:38:02+00:00\" \/>\n<meta property=\"og:image\" content=\"https:\/\/infoecos.com.ar\/wp-content\/uploads\/2023\/01\/image-116.png\" \/>\n\t<meta property=\"og:image:width\" content=\"900\" \/>\n\t<meta property=\"og:image:height\" content=\"505\" \/>\n\t<meta property=\"og:image:type\" content=\"image\/png\" \/>\n<meta name=\"author\" content=\"Jorge Matheus\" \/>\n<meta name=\"twitter:card\" content=\"summary_large_image\" \/>\n<meta name=\"twitter:creator\" content=\"@infoecos\" \/>\n<meta name=\"twitter:site\" content=\"@infoecos\" \/>\n<meta name=\"twitter:label1\" content=\"Escrito por\" \/>\n\t<meta name=\"twitter:data1\" content=\"Jorge Matheus\" \/>\n\t<meta name=\"twitter:label2\" content=\"Tiempo de lectura\" \/>\n\t<meta name=\"twitter:data2\" content=\"2 minutos\" \/>\n<script type=\"application\/ld+json\" class=\"yoast-schema-graph\">{\"@context\":\"https:\/\/schema.org\",\"@graph\":[{\"@type\":\"Article\",\"@id\":\"https:\/\/infoecos.com.ar\/index.php\/el-presidente-de-la-ucr-bonaerense-respaldo-la-gestion-de-sofia-gambier-en-pellegrini\/#article\",\"isPartOf\":{\"@id\":\"https:\/\/infoecos.com.ar\/index.php\/el-presidente-de-la-ucr-bonaerense-respaldo-la-gestion-de-sofia-gambier-en-pellegrini\/\"},\"author\":{\"name\":\"Jorge Matheus\",\"@id\":\"https:\/\/infoecos.com.ar\/#\/schema\/person\/8f5ace5ce73b4b4aac4b7245aee6f191\"},\"headline\":\"El presidente de la UCR bonaerense respald\u00f3 la gesti\u00f3n de Sof\u00eda Gambier en Pellegrini\",\"datePublished\":\"2024-01-20T03:34:03+00:00\",\"dateModified\":\"2024-01-24T16:38:02+00:00\",\"mainEntityOfPage\":{\"@id\":\"https:\/\/infoecos.com.ar\/index.php\/el-presidente-de-la-ucr-bonaerense-respaldo-la-gestion-de-sofia-gambier-en-pellegrini\/\"},\"wordCount\":252,\"publisher\":{\"@id\":\"https:\/\/infoecos.com.ar\/#organization\"},\"image\":{\"@id\":\"https:\/\/infoecos.com.ar\/index.php\/el-presidente-de-la-ucr-bonaerense-respaldo-la-gestion-de-sofia-gambier-en-pellegrini\/#primaryimage\"},\"thumbnailUrl\":\"https:\/\/infoecos.com.ar\/wp-content\/uploads\/2023\/01\/image-116.png\",\"keywords\":[\"salud p\u00fablica en el distrito\"],\"articleSection\":[\"Bloque inferior - 13\"],\"inLanguage\":\"es\"},{\"@type\":\"WebPage\",\"@id\":\"https:\/\/infoecos.com.ar\/index.php\/el-presidente-de-la-ucr-bonaerense-respaldo-la-gestion-de-sofia-gambier-en-pellegrini\/\",\"url\":\"https:\/\/infoecos.com.ar\/index.php\/el-presidente-de-la-ucr-bonaerense-respaldo-la-gestion-de-sofia-gambier-en-pellegrini\/\",\"name\":\"El presidente de la UCR bonaerense respald\u00f3 la gesti\u00f3n de Sof\u00eda Gambier en Pellegrini - Infoecos\",\"isPartOf\":{\"@id\":\"https:\/\/infoecos.com.ar\/#website\"},\"primaryImageOfPage\":{\"@id\":\"https:\/\/infoecos.com.ar\/index.php\/el-presidente-de-la-ucr-bonaerense-respaldo-la-gestion-de-sofia-gambier-en-pellegrini\/#primaryimage\"},\"image\":{\"@id\":\"https:\/\/infoecos.com.ar\/index.php\/el-presidente-de-la-ucr-bonaerense-respaldo-la-gestion-de-sofia-gambier-en-pellegrini\/#primaryimage\"},\"thumbnailUrl\":\"https:\/\/infoecos.com.ar\/wp-content\/uploads\/2023\/01\/image-116.png\",\"datePublished\":\"2024-01-20T03:34:03+00:00\",\"dateModified\":\"2024-01-24T16:38:02+00:00\",\"breadcrumb\":{\"@id\":\"https:\/\/infoecos.com.ar\/index.php\/el-presidente-de-la-ucr-bonaerense-respaldo-la-gestion-de-sofia-gambier-en-pellegrini\/#breadcrumb\"},\"inLanguage\":\"es\",\"potentialAction\":[{\"@type\":\"ReadAction\",\"target\":[\"https:\/\/infoecos.com.ar\/index.php\/el-presidente-de-la-ucr-bonaerense-respaldo-la-gestion-de-sofia-gambier-en-pellegrini\/\"]}]},{\"@type\":\"ImageObject\",\"inLanguage\":\"es\",\"@id\":\"https:\/\/infoecos.com.ar\/index.php\/el-presidente-de-la-ucr-bonaerense-respaldo-la-gestion-de-sofia-gambier-en-pellegrini\/#primaryimage\",\"url\":\"https:\/\/infoecos.com.ar\/wp-content\/uploads\/2023\/01\/image-116.png\",\"contentUrl\":\"https:\/\/infoecos.com.ar\/wp-content\/uploads\/2023\/01\/image-116.png\",\"width\":900,\"height\":505},{\"@type\":\"BreadcrumbList\",\"@id\":\"https:\/\/infoecos.com.ar\/index.php\/el-presidente-de-la-ucr-bonaerense-respaldo-la-gestion-de-sofia-gambier-en-pellegrini\/#breadcrumb\",\"itemListElement\":[{\"@type\":\"ListItem\",\"position\":1,\"name\":\"Portada\",\"item\":\"https:\/\/infoecos.com.ar\/\"},{\"@type\":\"ListItem\",\"position\":2,\"name\":\"El presidente de la UCR bonaerense respald\u00f3 la gesti\u00f3n de Sof\u00eda Gambier en Pellegrini\"}]},{\"@type\":\"WebSite\",\"@id\":\"https:\/\/infoecos.com.ar\/#website\",\"url\":\"https:\/\/infoecos.com.ar\/\",\"name\":\"Infoecos\",\"description\":\"Noticias de trenque lauquen y la zona\",\"publisher\":{\"@id\":\"https:\/\/infoecos.com.ar\/#organization\"},\"alternateName\":\"Noticias\",\"potentialAction\":[{\"@type\":\"SearchAction\",\"target\":{\"@type\":\"EntryPoint\",\"urlTemplate\":\"https:\/\/infoecos.com.ar\/?s={search_term_string}\"},\"query-input\":{\"@type\":\"PropertyValueSpecification\",\"valueRequired\":true,\"valueName\":\"search_term_string\"}}],\"inLanguage\":\"es\"},{\"@type\":\"Organization\",\"@id\":\"https:\/\/infoecos.com.ar\/#organization\",\"name\":\"Infoecos\",\"alternateName\":\"Noticias\",\"url\":\"https:\/\/infoecos.com.ar\/\",\"logo\":{\"@type\":\"ImageObject\",\"inLanguage\":\"es\",\"@id\":\"https:\/\/infoecos.com.ar\/#\/schema\/logo\/image\/\",\"url\":\"https:\/\/infoecos.com.ar\/wp-content\/uploads\/2024\/03\/cropped-logo.png\",\"contentUrl\":\"https:\/\/infoecos.com.ar\/wp-content\/uploads\/2024\/03\/cropped-logo.png\",\"width\":374,\"height\":90,\"caption\":\"Infoecos\"},\"image\":{\"@id\":\"https:\/\/infoecos.com.ar\/#\/schema\/logo\/image\/\"},\"sameAs\":[\"https:\/\/www.facebook.com\/profile.php?id=100063200290284\",\"https:\/\/x.com\/infoecos\"]},{\"@type\":\"Person\",\"@id\":\"https:\/\/infoecos.com.ar\/#\/schema\/person\/8f5ace5ce73b4b4aac4b7245aee6f191\",\"name\":\"Jorge Matheus\",\"url\":\"https:\/\/infoecos.com.ar\/index.php\/author\/jomatheus\/\"}]}<\/script>\n<!-- \/ Yoast SEO plugin. -->","yoast_head_json":{"title":"El presidente de la UCR bonaerense respald\u00f3 la gesti\u00f3n de Sof\u00eda Gambier en Pellegrini - Infoecos","robots":{"index":"index","follow":"follow","max-snippet":"max-snippet:-1","max-image-preview":"max-image-preview:large","max-video-preview":"max-video-preview:-1"},"canonical":"https:\/\/infoecos.com.ar\/index.php\/el-presidente-de-la-ucr-bonaerense-respaldo-la-gestion-de-sofia-gambier-en-pellegrini\/","og_locale":"es_ES","og_type":"article","og_title":"El presidente de la UCR bonaerense respald\u00f3 la gesti\u00f3n de Sof\u00eda Gambier en Pellegrini - Infoecos","og_description":"Se\u00f1al\u00f3 que \"bajo ning\u00fan punto de vista se cambiaron los par\u00e1metros de acceso irrestricto y gratuito al servicio de salud\"","og_url":"https:\/\/infoecos.com.ar\/index.php\/el-presidente-de-la-ucr-bonaerense-respaldo-la-gestion-de-sofia-gambier-en-pellegrini\/","og_site_name":"Infoecos","article_publisher":"https:\/\/www.facebook.com\/profile.php?id=100063200290284","article_published_time":"2024-01-20T03:34:03+00:00","article_modified_time":"2024-01-24T16:38:02+00:00","og_image":[{"width":900,"height":505,"url":"https:\/\/infoecos.com.ar\/wp-content\/uploads\/2023\/01\/image-116.png","type":"image\/png"}],"author":"Jorge Matheus","twitter_card":"summary_large_image","twitter_creator":"@infoecos","twitter_site":"@infoecos","twitter_misc":{"Escrito por":"Jorge Matheus","Tiempo de lectura":"2 minutos"},"schema":{"@context":"https:\/\/schema.org","@graph":[{"@type":"Article","@id":"https:\/\/infoecos.com.ar\/index.php\/el-presidente-de-la-ucr-bonaerense-respaldo-la-gestion-de-sofia-gambier-en-pellegrini\/#article","isPartOf":{"@id":"https:\/\/infoecos.com.ar\/index.php\/el-presidente-de-la-ucr-bonaerense-respaldo-la-gestion-de-sofia-gambier-en-pellegrini\/"},"author":{"name":"Jorge Matheus","@id":"https:\/\/infoecos.com.ar\/#\/schema\/person\/8f5ace5ce73b4b4aac4b7245aee6f191"},"headline":"El presidente de la UCR bonaerense respald\u00f3 la gesti\u00f3n de Sof\u00eda Gambier en Pellegrini","datePublished":"2024-01-20T03:34:03+00:00","dateModified":"2024-01-24T16:38:02+00:00","mainEntityOfPage":{"@id":"https:\/\/infoecos.com.ar\/index.php\/el-presidente-de-la-ucr-bonaerense-respaldo-la-gestion-de-sofia-gambier-en-pellegrini\/"},"wordCount":252,"publisher":{"@id":"https:\/\/infoecos.com.ar\/#organization"},"image":{"@id":"https:\/\/infoecos.com.ar\/index.php\/el-presidente-de-la-ucr-bonaerense-respaldo-la-gestion-de-sofia-gambier-en-pellegrini\/#primaryimage"},"thumbnailUrl":"https:\/\/infoecos.com.ar\/wp-content\/uploads\/2023\/01\/image-116.png","keywords":["salud p\u00fablica en el distrito"],"articleSection":["Bloque inferior - 13"],"inLanguage":"es"},{"@type":"WebPage","@id":"https:\/\/infoecos.com.ar\/index.php\/el-presidente-de-la-ucr-bonaerense-respaldo-la-gestion-de-sofia-gambier-en-pellegrini\/","url":"https:\/\/infoecos.com.ar\/index.php\/el-presidente-de-la-ucr-bonaerense-respaldo-la-gestion-de-sofia-gambier-en-pellegrini\/","name":"El presidente de la UCR bonaerense respald\u00f3 la gesti\u00f3n de Sof\u00eda Gambier en Pellegrini - Infoecos","isPartOf":{"@id":"https:\/\/infoecos.com.ar\/#website"},"primaryImageOfPage":{"@id":"https:\/\/infoecos.com.ar\/index.php\/el-presidente-de-la-ucr-bonaerense-respaldo-la-gestion-de-sofia-gambier-en-pellegrini\/#primaryimage"},"image":{"@id":"https:\/\/infoecos.com.ar\/index.php\/el-presidente-de-la-ucr-bonaerense-respaldo-la-gestion-de-sofia-gambier-en-pellegrini\/#primaryimage"},"thumbnailUrl":"https:\/\/infoecos.com.ar\/wp-content\/uploads\/2023\/01\/image-116.png","datePublished":"2024-01-20T03:34:03+00:00","dateModified":"2024-01-24T16:38:02+00:00","breadcrumb":{"@id":"https:\/\/infoecos.com.ar\/index.php\/el-presidente-de-la-ucr-bonaerense-respaldo-la-gestion-de-sofia-gambier-en-pellegrini\/#breadcrumb"},"inLanguage":"es","potentialAction":[{"@type":"ReadAction","target":["https:\/\/infoecos.com.ar\/index.php\/el-presidente-de-la-ucr-bonaerense-respaldo-la-gestion-de-sofia-gambier-en-pellegrini\/"]}]},{"@type":"ImageObject","inLanguage":"es","@id":"https:\/\/infoecos.com.ar\/index.php\/el-presidente-de-la-ucr-bonaerense-respaldo-la-gestion-de-sofia-gambier-en-pellegrini\/#primaryimage","url":"https:\/\/infoecos.com.ar\/wp-content\/uploads\/2023\/01\/image-116.png","contentUrl":"https:\/\/infoecos.com.ar\/wp-content\/uploads\/2023\/01\/image-116.png","width":900,"height":505},{"@type":"BreadcrumbList","@id":"https:\/\/infoecos.com.ar\/index.php\/el-presidente-de-la-ucr-bonaerense-respaldo-la-gestion-de-sofia-gambier-en-pellegrini\/#breadcrumb","itemListElement":[{"@type":"ListItem","position":1,"name":"Portada","item":"https:\/\/infoecos.com.ar\/"},{"@type":"ListItem","position":2,"name":"El presidente de la UCR bonaerense respald\u00f3 la gesti\u00f3n de Sof\u00eda Gambier en Pellegrini"}]},{"@type":"WebSite","@id":"https:\/\/infoecos.com.ar\/#website","url":"https:\/\/infoecos.com.ar\/","name":"Infoecos","description":"Noticias de trenque lauquen y la zona","publisher":{"@id":"https:\/\/infoecos.com.ar\/#organization"},"alternateName":"Noticias","potentialAction":[{"@type":"SearchAction","target":{"@type":"EntryPoint","urlTemplate":"https:\/\/infoecos.com.ar\/?s={search_term_string}"},"query-input":{"@type":"PropertyValueSpecification","valueRequired":true,"valueName":"search_term_string"}}],"inLanguage":"es"},{"@type":"Organization","@id":"https:\/\/infoecos.com.ar\/#organization","name":"Infoecos","alternateName":"Noticias","url":"https:\/\/infoecos.com.ar\/","logo":{"@type":"ImageObject","inLanguage":"es","@id":"https:\/\/infoecos.com.ar\/#\/schema\/logo\/image\/","url":"https:\/\/infoecos.com.ar\/wp-content\/uploads\/2024\/03\/cropped-logo.png","contentUrl":"https:\/\/infoecos.com.ar\/wp-content\/uploads\/2024\/03\/cropped-logo.png","width":374,"height":90,"caption":"Infoecos"},"image":{"@id":"https:\/\/infoecos.com.ar\/#\/schema\/logo\/image\/"},"sameAs":["https:\/\/www.facebook.com\/profile.php?id=100063200290284","https:\/\/x.com\/infoecos"]},{"@type":"Person","@id":"https:\/\/infoecos.com.ar\/#\/schema\/person\/8f5ace5ce73b4b4aac4b7245aee6f191","name":"Jorge Matheus","url":"https:\/\/infoecos.com.ar\/index.php\/author\/jomatheus\/"}]}},"featured_image_urls":{"full":["https:\/\/infoecos.com.ar\/wp-content\/uploads\/2023\/01\/image-116.png",900,505,false],"thumbnail":["https:\/\/infoecos.com.ar\/wp-content\/uploads\/2023\/01\/image-116-300x150.png",300,150,true],"medium":["https:\/\/infoecos.com.ar\/wp-content\/uploads\/2023\/01\/image-116-800x449.png",800,449,true],"medium_large":["https:\/\/infoecos.com.ar\/wp-content\/uploads\/2023\/01\/image-116-768x431.png",640,359,true],"large":["https:\/\/infoecos.com.ar\/wp-content\/uploads\/2023\/01\/image-116.png",640,359,false],"1536x1536":["https:\/\/infoecos.com.ar\/wp-content\/uploads\/2023\/01\/image-116.png",900,505,false],"2048x2048":["https:\/\/infoecos.com.ar\/wp-content\/uploads\/2023\/01\/image-116.png",900,505,false],"covernews-slider-full":["https:\/\/infoecos.com.ar\/wp-content\/uploads\/2023\/01\/image-116.png",900,505,false],"covernews-slider-center":["https:\/\/infoecos.com.ar\/wp-content\/uploads\/2023\/01\/image-116.png",800,449,false],"covernews-featured":["https:\/\/infoecos.com.ar\/wp-content\/uploads\/2023\/01\/image-116.png",900,505,false],"covernews-medium":["https:\/\/infoecos.com.ar\/wp-content\/uploads\/2023\/01\/image-116-720x380.png",540,285,true],"covernews-medium-square":["https:\/\/infoecos.com.ar\/wp-content\/uploads\/2023\/01\/image-116-675x450.png",375,250,true]},"author_info":{"info":["Jorge Matheus"]},"category_info":"<a href=\"https:\/\/infoecos.com.ar\/index.php\/category\/inferior13\/\" rel=\"category tag\">Bloque inferior - 13<\/a>","tag_info":"Bloque inferior - 13","comment_count":"0","_links":{"self":[{"href":"https:\/\/infoecos.com.ar\/index.php\/wp-json\/wp\/v2\/posts\/117634"}],"collection":[{"href":"https:\/\/infoecos.com.ar\/index.php\/wp-json\/wp\/v2\/posts"}],"about":[{"href":"https:\/\/infoecos.com.ar\/index.php\/wp-json\/wp\/v2\/types\/post"}],"author":[{"embeddable":true,"href":"https:\/\/infoecos.com.ar\/index.php\/wp-json\/wp\/v2\/users\/2"}],"replies":[{"embeddable":true,"href":"https:\/\/infoecos.com.ar\/index.php\/wp-json\/wp\/v2\/comments?post=117634"}],"version-history":[{"count":2,"href":"https:\/\/infoecos.com.ar\/index.php\/wp-json\/wp\/v2\/posts\/117634\/revisions"}],"predecessor-version":[{"id":117770,"href":"https:\/\/infoecos.com.ar\/index.php\/wp-json\/wp\/v2\/posts\/117634\/revisions\/117770"}],"wp:featuredmedia":[{"embeddable":true,"href":"https:\/\/infoecos.com.ar\/index.php\/wp-json\/wp\/v2\/media\/100253"}],"wp:attachment":[{"href":"https:\/\/infoecos.com.ar\/index.php\/wp-json\/wp\/v2\/media?parent=117634"}],"wp:term":[{"taxonomy":"category","embeddable":true,"href":"https:\/\/infoecos.com.ar\/index.php\/wp-json\/wp\/v2\/categories?post=117634"},{"taxonomy":"post_tag","embeddable":true,"href":"https:\/\/infoecos.com.ar\/index.php\/wp-json\/wp\/v2\/tags?post=117634"}],"curies":[{"name":"wp","href":"https:\/\/api.w.org\/{rel}","templated":true}]}}