{"id":117660,"date":"2024-01-22T00:32:43","date_gmt":"2024-01-22T03:32:43","guid":{"rendered":"https:\/\/infoecos.com.ar\/?p=117660"},"modified":"2024-01-23T13:06:34","modified_gmt":"2024-01-23T16:06:34","slug":"vuelco-en-la-ruta-provincial-20-de-la-pampa-un-muerto","status":"publish","type":"post","link":"https:\/\/infoecos.com.ar\/index.php\/vuelco-en-la-ruta-provincial-20-de-la-pampa-un-muerto\/","title":{"rendered":"Vuelco en la ruta provincial 20 de La Pampa: un muerto"},"content":{"rendered":"\n<figure class=\"wp-block-image alignright size-full is-resized\"><img loading=\"lazy\" decoding=\"async\" src=\"https:\/\/infoecos.com.ar\/wp-content\/uploads\/2024\/01\/image-124.png\" alt=\"\" class=\"wp-image-117661\" width=\"325\" height=\"171\" srcset=\"https:\/\/infoecos.com.ar\/wp-content\/uploads\/2024\/01\/image-124.png 860w, https:\/\/infoecos.com.ar\/wp-content\/uploads\/2024\/01\/image-124-800x420.png 800w, https:\/\/infoecos.com.ar\/wp-content\/uploads\/2024\/01\/image-124-768x404.png 768w, https:\/\/infoecos.com.ar\/wp-content\/uploads\/2024\/01\/image-124-720x380.png 720w\" sizes=\"(max-width: 325px) 100vw, 325px\" \/><figcaption class=\"wp-element-caption\">La Pampa accidente ruta 20<\/figcaption><\/figure>\n\n\n\n<p>Un hombre perdi\u00f3 la vida al ser despedido cuando el veh\u00edculo en el que transitaba volc\u00f3 en la Ruta Provincial 20 de La Pampa a 5 kil\u00f3metros de su intersecci\u00f3n con la Ruta Nacional 152.<\/p>\n\n\n\n<p>El hecho ocurri\u00f3 cuando una Peugeot Partner Confort, que transitaba desde Pacheco, Tigre, Buenos Aires, con destino a Bariloche, Provincia de R\u00edo Negro, se vio involucrado en un fatal vuelco.<\/p>\n\n\n\n<p>De acuerdo a la informaci\u00f3n brindada desde la comisar\u00eda de General Acha, el autom\u00f3vil, conducido por una mujer adulta originaria de Pacheco, Buenos Aires, habr\u00eda perdido el control tras morder la banquina, resultando en un dram\u00e1tico vuelco en la banquina lateral norte de la ruta. <\/p>\n\n\n\n<p>El acompa\u00f1ante fue despedido del veh\u00edculo y  falleci\u00f3 en el acto, La conductora sufri\u00f3 lesiones de car\u00e1cter grave.<\/p>\n","protected":false},"excerpt":{"rendered":"<p>A 5 kil\u00f3metros de la Ruta Nacional 152<\/p>\n","protected":false},"author":2,"featured_media":117661,"comment_status":"closed","ping_status":"open","sticky":false,"template":"","format":"standard","meta":{"footnotes":""},"categories":[44],"tags":[9903],"class_list":["post-117660","post","type-post","status-publish","format-standard","has-post-thumbnail","hentry","category-inferior5","tag-mordio-la-banquina"],"yoast_head":"<!-- This site is optimized with the Yoast SEO plugin v23.4 - https:\/\/yoast.com\/wordpress\/plugins\/seo\/ -->\n<title>Vuelco en la ruta provincial 20 de La Pampa: un muerto - Infoecos<\/title>\n<meta name=\"robots\" content=\"index, follow, max-snippet:-1, max-image-preview:large, max-video-preview:-1\" \/>\n<link rel=\"canonical\" href=\"https:\/\/infoecos.com.ar\/index.php\/vuelco-en-la-ruta-provincial-20-de-la-pampa-un-muerto\/\" \/>\n<meta property=\"og:locale\" content=\"es_ES\" \/>\n<meta property=\"og:type\" content=\"article\" \/>\n<meta property=\"og:title\" content=\"Vuelco en la ruta provincial 20 de La Pampa: un muerto - Infoecos\" \/>\n<meta property=\"og:description\" content=\"A 5 kil\u00f3metros de la Ruta Nacional 152\" \/>\n<meta property=\"og:url\" content=\"https:\/\/infoecos.com.ar\/index.php\/vuelco-en-la-ruta-provincial-20-de-la-pampa-un-muerto\/\" \/>\n<meta property=\"og:site_name\" content=\"Infoecos\" \/>\n<meta property=\"article:publisher\" content=\"https:\/\/www.facebook.com\/profile.php?id=100063200290284\" \/>\n<meta property=\"article:published_time\" content=\"2024-01-22T03:32:43+00:00\" \/>\n<meta property=\"article:modified_time\" content=\"2024-01-23T16:06:34+00:00\" \/>\n<meta property=\"og:image\" content=\"https:\/\/infoecos.com.ar\/wp-content\/uploads\/2024\/01\/image-124.png\" \/>\n\t<meta property=\"og:image:width\" content=\"860\" \/>\n\t<meta property=\"og:image:height\" content=\"452\" \/>\n\t<meta property=\"og:image:type\" content=\"image\/png\" \/>\n<meta name=\"author\" content=\"Jorge Matheus\" \/>\n<meta name=\"twitter:card\" content=\"summary_large_image\" \/>\n<meta name=\"twitter:creator\" content=\"@infoecos\" \/>\n<meta name=\"twitter:site\" content=\"@infoecos\" \/>\n<meta name=\"twitter:label1\" content=\"Escrito por\" \/>\n\t<meta name=\"twitter:data1\" content=\"Jorge Matheus\" \/>\n\t<meta name=\"twitter:label2\" content=\"Tiempo de lectura\" \/>\n\t<meta name=\"twitter:data2\" content=\"1 minuto\" \/>\n<script type=\"application\/ld+json\" class=\"yoast-schema-graph\">{\"@context\":\"https:\/\/schema.org\",\"@graph\":[{\"@type\":\"Article\",\"@id\":\"https:\/\/infoecos.com.ar\/index.php\/vuelco-en-la-ruta-provincial-20-de-la-pampa-un-muerto\/#article\",\"isPartOf\":{\"@id\":\"https:\/\/infoecos.com.ar\/index.php\/vuelco-en-la-ruta-provincial-20-de-la-pampa-un-muerto\/\"},\"author\":{\"name\":\"Jorge Matheus\",\"@id\":\"https:\/\/infoecos.com.ar\/#\/schema\/person\/8f5ace5ce73b4b4aac4b7245aee6f191\"},\"headline\":\"Vuelco en la ruta provincial 20 de La Pampa: un muerto\",\"datePublished\":\"2024-01-22T03:32:43+00:00\",\"dateModified\":\"2024-01-23T16:06:34+00:00\",\"mainEntityOfPage\":{\"@id\":\"https:\/\/infoecos.com.ar\/index.php\/vuelco-en-la-ruta-provincial-20-de-la-pampa-un-muerto\/\"},\"wordCount\":151,\"publisher\":{\"@id\":\"https:\/\/infoecos.com.ar\/#organization\"},\"image\":{\"@id\":\"https:\/\/infoecos.com.ar\/index.php\/vuelco-en-la-ruta-provincial-20-de-la-pampa-un-muerto\/#primaryimage\"},\"thumbnailUrl\":\"https:\/\/infoecos.com.ar\/wp-content\/uploads\/2024\/01\/image-124.png\",\"keywords\":[\"mordi\u00f3 la banquina\"],\"articleSection\":[\"Bloque inferior - 5\"],\"inLanguage\":\"es\"},{\"@type\":\"WebPage\",\"@id\":\"https:\/\/infoecos.com.ar\/index.php\/vuelco-en-la-ruta-provincial-20-de-la-pampa-un-muerto\/\",\"url\":\"https:\/\/infoecos.com.ar\/index.php\/vuelco-en-la-ruta-provincial-20-de-la-pampa-un-muerto\/\",\"name\":\"Vuelco en la ruta provincial 20 de La Pampa: un muerto - Infoecos\",\"isPartOf\":{\"@id\":\"https:\/\/infoecos.com.ar\/#website\"},\"primaryImageOfPage\":{\"@id\":\"https:\/\/infoecos.com.ar\/index.php\/vuelco-en-la-ruta-provincial-20-de-la-pampa-un-muerto\/#primaryimage\"},\"image\":{\"@id\":\"https:\/\/infoecos.com.ar\/index.php\/vuelco-en-la-ruta-provincial-20-de-la-pampa-un-muerto\/#primaryimage\"},\"thumbnailUrl\":\"https:\/\/infoecos.com.ar\/wp-content\/uploads\/2024\/01\/image-124.png\",\"datePublished\":\"2024-01-22T03:32:43+00:00\",\"dateModified\":\"2024-01-23T16:06:34+00:00\",\"breadcrumb\":{\"@id\":\"https:\/\/infoecos.com.ar\/index.php\/vuelco-en-la-ruta-provincial-20-de-la-pampa-un-muerto\/#breadcrumb\"},\"inLanguage\":\"es\",\"potentialAction\":[{\"@type\":\"ReadAction\",\"target\":[\"https:\/\/infoecos.com.ar\/index.php\/vuelco-en-la-ruta-provincial-20-de-la-pampa-un-muerto\/\"]}]},{\"@type\":\"ImageObject\",\"inLanguage\":\"es\",\"@id\":\"https:\/\/infoecos.com.ar\/index.php\/vuelco-en-la-ruta-provincial-20-de-la-pampa-un-muerto\/#primaryimage\",\"url\":\"https:\/\/infoecos.com.ar\/wp-content\/uploads\/2024\/01\/image-124.png\",\"contentUrl\":\"https:\/\/infoecos.com.ar\/wp-content\/uploads\/2024\/01\/image-124.png\",\"width\":860,\"height\":452},{\"@type\":\"BreadcrumbList\",\"@id\":\"https:\/\/infoecos.com.ar\/index.php\/vuelco-en-la-ruta-provincial-20-de-la-pampa-un-muerto\/#breadcrumb\",\"itemListElement\":[{\"@type\":\"ListItem\",\"position\":1,\"name\":\"Portada\",\"item\":\"https:\/\/infoecos.com.ar\/\"},{\"@type\":\"ListItem\",\"position\":2,\"name\":\"Vuelco en la ruta provincial 20 de La Pampa: un muerto\"}]},{\"@type\":\"WebSite\",\"@id\":\"https:\/\/infoecos.com.ar\/#website\",\"url\":\"https:\/\/infoecos.com.ar\/\",\"name\":\"Infoecos\",\"description\":\"Noticias de trenque lauquen y la zona\",\"publisher\":{\"@id\":\"https:\/\/infoecos.com.ar\/#organization\"},\"alternateName\":\"Noticias\",\"potentialAction\":[{\"@type\":\"SearchAction\",\"target\":{\"@type\":\"EntryPoint\",\"urlTemplate\":\"https:\/\/infoecos.com.ar\/?s={search_term_string}\"},\"query-input\":{\"@type\":\"PropertyValueSpecification\",\"valueRequired\":true,\"valueName\":\"search_term_string\"}}],\"inLanguage\":\"es\"},{\"@type\":\"Organization\",\"@id\":\"https:\/\/infoecos.com.ar\/#organization\",\"name\":\"Infoecos\",\"alternateName\":\"Noticias\",\"url\":\"https:\/\/infoecos.com.ar\/\",\"logo\":{\"@type\":\"ImageObject\",\"inLanguage\":\"es\",\"@id\":\"https:\/\/infoecos.com.ar\/#\/schema\/logo\/image\/\",\"url\":\"https:\/\/infoecos.com.ar\/wp-content\/uploads\/2024\/03\/cropped-logo.png\",\"contentUrl\":\"https:\/\/infoecos.com.ar\/wp-content\/uploads\/2024\/03\/cropped-logo.png\",\"width\":374,\"height\":90,\"caption\":\"Infoecos\"},\"image\":{\"@id\":\"https:\/\/infoecos.com.ar\/#\/schema\/logo\/image\/\"},\"sameAs\":[\"https:\/\/www.facebook.com\/profile.php?id=100063200290284\",\"https:\/\/x.com\/infoecos\"]},{\"@type\":\"Person\",\"@id\":\"https:\/\/infoecos.com.ar\/#\/schema\/person\/8f5ace5ce73b4b4aac4b7245aee6f191\",\"name\":\"Jorge Matheus\",\"url\":\"https:\/\/infoecos.com.ar\/index.php\/author\/jomatheus\/\"}]}<\/script>\n<!-- \/ Yoast SEO plugin. -->","yoast_head_json":{"title":"Vuelco en la ruta provincial 20 de La Pampa: un muerto - Infoecos","robots":{"index":"index","follow":"follow","max-snippet":"max-snippet:-1","max-image-preview":"max-image-preview:large","max-video-preview":"max-video-preview:-1"},"canonical":"https:\/\/infoecos.com.ar\/index.php\/vuelco-en-la-ruta-provincial-20-de-la-pampa-un-muerto\/","og_locale":"es_ES","og_type":"article","og_title":"Vuelco en la ruta provincial 20 de La Pampa: un muerto - Infoecos","og_description":"A 5 kil\u00f3metros de la Ruta Nacional 152","og_url":"https:\/\/infoecos.com.ar\/index.php\/vuelco-en-la-ruta-provincial-20-de-la-pampa-un-muerto\/","og_site_name":"Infoecos","article_publisher":"https:\/\/www.facebook.com\/profile.php?id=100063200290284","article_published_time":"2024-01-22T03:32:43+00:00","article_modified_time":"2024-01-23T16:06:34+00:00","og_image":[{"width":860,"height":452,"url":"https:\/\/infoecos.com.ar\/wp-content\/uploads\/2024\/01\/image-124.png","type":"image\/png"}],"author":"Jorge Matheus","twitter_card":"summary_large_image","twitter_creator":"@infoecos","twitter_site":"@infoecos","twitter_misc":{"Escrito por":"Jorge Matheus","Tiempo de lectura":"1 minuto"},"schema":{"@context":"https:\/\/schema.org","@graph":[{"@type":"Article","@id":"https:\/\/infoecos.com.ar\/index.php\/vuelco-en-la-ruta-provincial-20-de-la-pampa-un-muerto\/#article","isPartOf":{"@id":"https:\/\/infoecos.com.ar\/index.php\/vuelco-en-la-ruta-provincial-20-de-la-pampa-un-muerto\/"},"author":{"name":"Jorge Matheus","@id":"https:\/\/infoecos.com.ar\/#\/schema\/person\/8f5ace5ce73b4b4aac4b7245aee6f191"},"headline":"Vuelco en la ruta provincial 20 de La Pampa: un muerto","datePublished":"2024-01-22T03:32:43+00:00","dateModified":"2024-01-23T16:06:34+00:00","mainEntityOfPage":{"@id":"https:\/\/infoecos.com.ar\/index.php\/vuelco-en-la-ruta-provincial-20-de-la-pampa-un-muerto\/"},"wordCount":151,"publisher":{"@id":"https:\/\/infoecos.com.ar\/#organization"},"image":{"@id":"https:\/\/infoecos.com.ar\/index.php\/vuelco-en-la-ruta-provincial-20-de-la-pampa-un-muerto\/#primaryimage"},"thumbnailUrl":"https:\/\/infoecos.com.ar\/wp-content\/uploads\/2024\/01\/image-124.png","keywords":["mordi\u00f3 la banquina"],"articleSection":["Bloque inferior - 5"],"inLanguage":"es"},{"@type":"WebPage","@id":"https:\/\/infoecos.com.ar\/index.php\/vuelco-en-la-ruta-provincial-20-de-la-pampa-un-muerto\/","url":"https:\/\/infoecos.com.ar\/index.php\/vuelco-en-la-ruta-provincial-20-de-la-pampa-un-muerto\/","name":"Vuelco en la ruta provincial 20 de La Pampa: un muerto - Infoecos","isPartOf":{"@id":"https:\/\/infoecos.com.ar\/#website"},"primaryImageOfPage":{"@id":"https:\/\/infoecos.com.ar\/index.php\/vuelco-en-la-ruta-provincial-20-de-la-pampa-un-muerto\/#primaryimage"},"image":{"@id":"https:\/\/infoecos.com.ar\/index.php\/vuelco-en-la-ruta-provincial-20-de-la-pampa-un-muerto\/#primaryimage"},"thumbnailUrl":"https:\/\/infoecos.com.ar\/wp-content\/uploads\/2024\/01\/image-124.png","datePublished":"2024-01-22T03:32:43+00:00","dateModified":"2024-01-23T16:06:34+00:00","breadcrumb":{"@id":"https:\/\/infoecos.com.ar\/index.php\/vuelco-en-la-ruta-provincial-20-de-la-pampa-un-muerto\/#breadcrumb"},"inLanguage":"es","potentialAction":[{"@type":"ReadAction","target":["https:\/\/infoecos.com.ar\/index.php\/vuelco-en-la-ruta-provincial-20-de-la-pampa-un-muerto\/"]}]},{"@type":"ImageObject","inLanguage":"es","@id":"https:\/\/infoecos.com.ar\/index.php\/vuelco-en-la-ruta-provincial-20-de-la-pampa-un-muerto\/#primaryimage","url":"https:\/\/infoecos.com.ar\/wp-content\/uploads\/2024\/01\/image-124.png","contentUrl":"https:\/\/infoecos.com.ar\/wp-content\/uploads\/2024\/01\/image-124.png","width":860,"height":452},{"@type":"BreadcrumbList","@id":"https:\/\/infoecos.com.ar\/index.php\/vuelco-en-la-ruta-provincial-20-de-la-pampa-un-muerto\/#breadcrumb","itemListElement":[{"@type":"ListItem","position":1,"name":"Portada","item":"https:\/\/infoecos.com.ar\/"},{"@type":"ListItem","position":2,"name":"Vuelco en la ruta provincial 20 de La Pampa: un muerto"}]},{"@type":"WebSite","@id":"https:\/\/infoecos.com.ar\/#website","url":"https:\/\/infoecos.com.ar\/","name":"Infoecos","description":"Noticias de trenque lauquen y la zona","publisher":{"@id":"https:\/\/infoecos.com.ar\/#organization"},"alternateName":"Noticias","potentialAction":[{"@type":"SearchAction","target":{"@type":"EntryPoint","urlTemplate":"https:\/\/infoecos.com.ar\/?s={search_term_string}"},"query-input":{"@type":"PropertyValueSpecification","valueRequired":true,"valueName":"search_term_string"}}],"inLanguage":"es"},{"@type":"Organization","@id":"https:\/\/infoecos.com.ar\/#organization","name":"Infoecos","alternateName":"Noticias","url":"https:\/\/infoecos.com.ar\/","logo":{"@type":"ImageObject","inLanguage":"es","@id":"https:\/\/infoecos.com.ar\/#\/schema\/logo\/image\/","url":"https:\/\/infoecos.com.ar\/wp-content\/uploads\/2024\/03\/cropped-logo.png","contentUrl":"https:\/\/infoecos.com.ar\/wp-content\/uploads\/2024\/03\/cropped-logo.png","width":374,"height":90,"caption":"Infoecos"},"image":{"@id":"https:\/\/infoecos.com.ar\/#\/schema\/logo\/image\/"},"sameAs":["https:\/\/www.facebook.com\/profile.php?id=100063200290284","https:\/\/x.com\/infoecos"]},{"@type":"Person","@id":"https:\/\/infoecos.com.ar\/#\/schema\/person\/8f5ace5ce73b4b4aac4b7245aee6f191","name":"Jorge Matheus","url":"https:\/\/infoecos.com.ar\/index.php\/author\/jomatheus\/"}]}},"featured_image_urls":{"full":["https:\/\/infoecos.com.ar\/wp-content\/uploads\/2024\/01\/image-124.png",860,452,false],"thumbnail":["https:\/\/infoecos.com.ar\/wp-content\/uploads\/2024\/01\/image-124-300x150.png",300,150,true],"medium":["https:\/\/infoecos.com.ar\/wp-content\/uploads\/2024\/01\/image-124-800x420.png",800,420,true],"medium_large":["https:\/\/infoecos.com.ar\/wp-content\/uploads\/2024\/01\/image-124-768x404.png",640,337,true],"large":["https:\/\/infoecos.com.ar\/wp-content\/uploads\/2024\/01\/image-124.png",640,336,false],"1536x1536":["https:\/\/infoecos.com.ar\/wp-content\/uploads\/2024\/01\/image-124.png",860,452,false],"2048x2048":["https:\/\/infoecos.com.ar\/wp-content\/uploads\/2024\/01\/image-124.png",860,452,false],"covernews-slider-full":["https:\/\/infoecos.com.ar\/wp-content\/uploads\/2024\/01\/image-124.png",860,452,false],"covernews-slider-center":["https:\/\/infoecos.com.ar\/wp-content\/uploads\/2024\/01\/image-124.png",800,420,false],"covernews-featured":["https:\/\/infoecos.com.ar\/wp-content\/uploads\/2024\/01\/image-124.png",860,452,false],"covernews-medium":["https:\/\/infoecos.com.ar\/wp-content\/uploads\/2024\/01\/image-124-720x380.png",540,285,true],"covernews-medium-square":["https:\/\/infoecos.com.ar\/wp-content\/uploads\/2024\/01\/image-124-675x450.png",375,250,true]},"author_info":{"info":["Jorge Matheus"]},"category_info":"<a href=\"https:\/\/infoecos.com.ar\/index.php\/category\/inferior5\/\" rel=\"category tag\">Bloque inferior - 5<\/a>","tag_info":"Bloque inferior - 5","comment_count":"0","_links":{"self":[{"href":"https:\/\/infoecos.com.ar\/index.php\/wp-json\/wp\/v2\/posts\/117660"}],"collection":[{"href":"https:\/\/infoecos.com.ar\/index.php\/wp-json\/wp\/v2\/posts"}],"about":[{"href":"https:\/\/infoecos.com.ar\/index.php\/wp-json\/wp\/v2\/types\/post"}],"author":[{"embeddable":true,"href":"https:\/\/infoecos.com.ar\/index.php\/wp-json\/wp\/v2\/users\/2"}],"replies":[{"embeddable":true,"href":"https:\/\/infoecos.com.ar\/index.php\/wp-json\/wp\/v2\/comments?post=117660"}],"version-history":[{"count":1,"href":"https:\/\/infoecos.com.ar\/index.php\/wp-json\/wp\/v2\/posts\/117660\/revisions"}],"predecessor-version":[{"id":117662,"href":"https:\/\/infoecos.com.ar\/index.php\/wp-json\/wp\/v2\/posts\/117660\/revisions\/117662"}],"wp:featuredmedia":[{"embeddable":true,"href":"https:\/\/infoecos.com.ar\/index.php\/wp-json\/wp\/v2\/media\/117661"}],"wp:attachment":[{"href":"https:\/\/infoecos.com.ar\/index.php\/wp-json\/wp\/v2\/media?parent=117660"}],"wp:term":[{"taxonomy":"category","embeddable":true,"href":"https:\/\/infoecos.com.ar\/index.php\/wp-json\/wp\/v2\/categories?post=117660"},{"taxonomy":"post_tag","embeddable":true,"href":"https:\/\/infoecos.com.ar\/index.php\/wp-json\/wp\/v2\/tags?post=117660"}],"curies":[{"name":"wp","href":"https:\/\/api.w.org\/{rel}","templated":true}]}}