{"id":117694,"date":"2024-01-22T14:10:33","date_gmt":"2024-01-22T17:10:33","guid":{"rendered":"https:\/\/infoecos.com.ar\/?p=117694"},"modified":"2024-01-23T13:03:17","modified_gmt":"2024-01-23T16:03:17","slug":"autoridades-de-t-lauquen-acuerda-con-los-municipales-fortalecer-los-salarios","status":"publish","type":"post","link":"https:\/\/infoecos.com.ar\/index.php\/autoridades-de-t-lauquen-acuerda-con-los-municipales-fortalecer-los-salarios\/","title":{"rendered":"Autoridades de T.Lauquen acuerdan con los municipales fortalecer los salarios"},"content":{"rendered":"\n<figure class=\"wp-block-image alignright size-full is-resized\"><img loading=\"lazy\" decoding=\"async\" src=\"https:\/\/infoecos.com.ar\/wp-content\/uploads\/2023\/10\/image-180.png\" alt=\"\" class=\"wp-image-114638\" width=\"332\" height=\"220\" srcset=\"https:\/\/infoecos.com.ar\/wp-content\/uploads\/2023\/10\/image-180.png 902w, https:\/\/infoecos.com.ar\/wp-content\/uploads\/2023\/10\/image-180-800x532.png 800w, https:\/\/infoecos.com.ar\/wp-content\/uploads\/2023\/10\/image-180-768x511.png 768w, https:\/\/infoecos.com.ar\/wp-content\/uploads\/2023\/10\/image-180-675x450.png 675w\" sizes=\"(max-width: 332px) 100vw, 332px\" \/><\/figure>\n\n\n\n<p>El Departamento Ejecutivo otorg\u00f3 100 mil pesos en concepto de bono, 50.000 a cobrar el pr\u00f3ximo viernes  26 junto con el sueldo de enero y los otros 50.000 el 15 del mes que viene, y un aumento del 25 por ciento sobre el salario de febrero del personal, seg\u00fan acord\u00f3 en una reuni\u00f3n mantenida con el Sindicato de Trabajadores Municipales de Trenque Lauquen (STMTL) y la Asociaci\u00f3n de Trabajadores del Estado (ATE).<\/p>\n\n\n\n<p>Encabezado por el intendente Francisco Recoulat, el encuentro se realiz\u00f3 en el Palacio Municipal. Por el Departamento Ejecutivo participaron, adem\u00e1s, el secretario de Hacienda, Alfredo Zambiasio, el director de Recursos Humanos, Rom\u00e1n Larrubia, y el Dr. Jonathan Bevilacqua, del \u00e1rea de Asuntos Legales, en tanto que Mariela Carena, Gast\u00f3n Villarreal y el abogado Jer\u00f3nimo Torres lo hicieron en nombre de ATE Trenque Lauquen y M\u00f3nica Baretta, Antonio Covino, Amelia Matilde Cando y Lorena Rodr\u00edguez, por el STMTL.<\/p>\n\n\n\n<p>En 2023, que finaliz\u00f3 hace menos de un mes, la recomposici\u00f3n salarial anual fue de 183,81 por ciento, las m\u00e1s alta entre los municipios de la provincia de Buenos Aires, sin incluir all\u00ed el Bono Navide\u00f1o de 50.000 pesos que pag\u00f3 junto a los salarios y el medio aguinaldo de diciembre y otro bono no remunerativo que se hab\u00eda abonado a comienzos de a\u00f1o de 20.000 pesos, se\u00f1ala el parte de prensa.<\/p>\n\n\n\n<p>A la escala salarial se\u00f1alada tambi\u00e9n corresponde sumar el premio por el d\u00eda del Empleado Municipal, que se efectiviz\u00f3 en octubre.<\/p>\n","protected":false},"excerpt":{"rendered":"<p>El Departamento Ejecutivo otorg\u00f3 100 mil pesos en concepto de bono, 50.000 a cobrar el pr\u00f3ximo viernes  26 junto con el sueldo de enero y los otros 50.000 el 15 del mes que viene, y un aumento del 25 por ciento sobre el salario de febrero del personal<\/p>\n","protected":false},"author":2,"featured_media":114638,"comment_status":"closed","ping_status":"open","sticky":false,"template":"","format":"standard","meta":{"footnotes":""},"categories":[28],"tags":[9907],"class_list":["post-117694","post","type-post","status-publish","format-standard","has-post-thumbnail","hentry","category-c1nota1","tag-bono-de-100-mil-pesos-y-25-aumento"],"yoast_head":"<!-- This site is optimized with the Yoast SEO plugin v23.4 - https:\/\/yoast.com\/wordpress\/plugins\/seo\/ -->\n<title>Autoridades de T.Lauquen acuerdan con los municipales fortalecer los salarios - Infoecos<\/title>\n<meta name=\"robots\" content=\"index, follow, max-snippet:-1, max-image-preview:large, max-video-preview:-1\" \/>\n<link rel=\"canonical\" href=\"https:\/\/infoecos.com.ar\/index.php\/autoridades-de-t-lauquen-acuerda-con-los-municipales-fortalecer-los-salarios\/\" \/>\n<meta property=\"og:locale\" content=\"es_ES\" \/>\n<meta property=\"og:type\" content=\"article\" \/>\n<meta property=\"og:title\" content=\"Autoridades de T.Lauquen acuerdan con los municipales fortalecer los salarios - Infoecos\" \/>\n<meta property=\"og:description\" content=\"El Departamento Ejecutivo otorg\u00f3 100 mil pesos en concepto de bono, 50.000 a cobrar el pr\u00f3ximo viernes 26 junto con el sueldo de enero y los otros 50.000 el 15 del mes que viene, y un aumento del 25 por ciento sobre el salario de febrero del personal\" \/>\n<meta property=\"og:url\" content=\"https:\/\/infoecos.com.ar\/index.php\/autoridades-de-t-lauquen-acuerda-con-los-municipales-fortalecer-los-salarios\/\" \/>\n<meta property=\"og:site_name\" content=\"Infoecos\" \/>\n<meta property=\"article:publisher\" content=\"https:\/\/www.facebook.com\/profile.php?id=100063200290284\" \/>\n<meta property=\"article:published_time\" content=\"2024-01-22T17:10:33+00:00\" \/>\n<meta property=\"article:modified_time\" content=\"2024-01-23T16:03:17+00:00\" \/>\n<meta property=\"og:image\" content=\"https:\/\/infoecos.com.ar\/wp-content\/uploads\/2023\/10\/image-180.png\" \/>\n\t<meta property=\"og:image:width\" content=\"902\" \/>\n\t<meta property=\"og:image:height\" content=\"600\" \/>\n\t<meta property=\"og:image:type\" content=\"image\/png\" \/>\n<meta name=\"author\" content=\"Jorge Matheus\" \/>\n<meta name=\"twitter:card\" content=\"summary_large_image\" \/>\n<meta name=\"twitter:creator\" content=\"@infoecos\" \/>\n<meta name=\"twitter:site\" content=\"@infoecos\" \/>\n<meta name=\"twitter:label1\" content=\"Escrito por\" \/>\n\t<meta name=\"twitter:data1\" content=\"Jorge Matheus\" \/>\n\t<meta name=\"twitter:label2\" content=\"Tiempo de lectura\" \/>\n\t<meta name=\"twitter:data2\" content=\"2 minutos\" \/>\n<script type=\"application\/ld+json\" class=\"yoast-schema-graph\">{\"@context\":\"https:\/\/schema.org\",\"@graph\":[{\"@type\":\"Article\",\"@id\":\"https:\/\/infoecos.com.ar\/index.php\/autoridades-de-t-lauquen-acuerda-con-los-municipales-fortalecer-los-salarios\/#article\",\"isPartOf\":{\"@id\":\"https:\/\/infoecos.com.ar\/index.php\/autoridades-de-t-lauquen-acuerda-con-los-municipales-fortalecer-los-salarios\/\"},\"author\":{\"name\":\"Jorge Matheus\",\"@id\":\"https:\/\/infoecos.com.ar\/#\/schema\/person\/8f5ace5ce73b4b4aac4b7245aee6f191\"},\"headline\":\"Autoridades de T.Lauquen acuerdan con los municipales fortalecer los salarios\",\"datePublished\":\"2024-01-22T17:10:33+00:00\",\"dateModified\":\"2024-01-23T16:03:17+00:00\",\"mainEntityOfPage\":{\"@id\":\"https:\/\/infoecos.com.ar\/index.php\/autoridades-de-t-lauquen-acuerda-con-los-municipales-fortalecer-los-salarios\/\"},\"wordCount\":262,\"publisher\":{\"@id\":\"https:\/\/infoecos.com.ar\/#organization\"},\"image\":{\"@id\":\"https:\/\/infoecos.com.ar\/index.php\/autoridades-de-t-lauquen-acuerda-con-los-municipales-fortalecer-los-salarios\/#primaryimage\"},\"thumbnailUrl\":\"https:\/\/infoecos.com.ar\/wp-content\/uploads\/2023\/10\/image-180.png\",\"keywords\":[\"bono de 100 mil pesos y 25 % aumento\"],\"articleSection\":[\"C1 N1\"],\"inLanguage\":\"es\"},{\"@type\":\"WebPage\",\"@id\":\"https:\/\/infoecos.com.ar\/index.php\/autoridades-de-t-lauquen-acuerda-con-los-municipales-fortalecer-los-salarios\/\",\"url\":\"https:\/\/infoecos.com.ar\/index.php\/autoridades-de-t-lauquen-acuerda-con-los-municipales-fortalecer-los-salarios\/\",\"name\":\"Autoridades de T.Lauquen acuerdan con los municipales fortalecer los salarios - Infoecos\",\"isPartOf\":{\"@id\":\"https:\/\/infoecos.com.ar\/#website\"},\"primaryImageOfPage\":{\"@id\":\"https:\/\/infoecos.com.ar\/index.php\/autoridades-de-t-lauquen-acuerda-con-los-municipales-fortalecer-los-salarios\/#primaryimage\"},\"image\":{\"@id\":\"https:\/\/infoecos.com.ar\/index.php\/autoridades-de-t-lauquen-acuerda-con-los-municipales-fortalecer-los-salarios\/#primaryimage\"},\"thumbnailUrl\":\"https:\/\/infoecos.com.ar\/wp-content\/uploads\/2023\/10\/image-180.png\",\"datePublished\":\"2024-01-22T17:10:33+00:00\",\"dateModified\":\"2024-01-23T16:03:17+00:00\",\"breadcrumb\":{\"@id\":\"https:\/\/infoecos.com.ar\/index.php\/autoridades-de-t-lauquen-acuerda-con-los-municipales-fortalecer-los-salarios\/#breadcrumb\"},\"inLanguage\":\"es\",\"potentialAction\":[{\"@type\":\"ReadAction\",\"target\":[\"https:\/\/infoecos.com.ar\/index.php\/autoridades-de-t-lauquen-acuerda-con-los-municipales-fortalecer-los-salarios\/\"]}]},{\"@type\":\"ImageObject\",\"inLanguage\":\"es\",\"@id\":\"https:\/\/infoecos.com.ar\/index.php\/autoridades-de-t-lauquen-acuerda-con-los-municipales-fortalecer-los-salarios\/#primaryimage\",\"url\":\"https:\/\/infoecos.com.ar\/wp-content\/uploads\/2023\/10\/image-180.png\",\"contentUrl\":\"https:\/\/infoecos.com.ar\/wp-content\/uploads\/2023\/10\/image-180.png\",\"width\":902,\"height\":600},{\"@type\":\"BreadcrumbList\",\"@id\":\"https:\/\/infoecos.com.ar\/index.php\/autoridades-de-t-lauquen-acuerda-con-los-municipales-fortalecer-los-salarios\/#breadcrumb\",\"itemListElement\":[{\"@type\":\"ListItem\",\"position\":1,\"name\":\"Portada\",\"item\":\"https:\/\/infoecos.com.ar\/\"},{\"@type\":\"ListItem\",\"position\":2,\"name\":\"Autoridades de T.Lauquen acuerdan con los municipales fortalecer los salarios\"}]},{\"@type\":\"WebSite\",\"@id\":\"https:\/\/infoecos.com.ar\/#website\",\"url\":\"https:\/\/infoecos.com.ar\/\",\"name\":\"Infoecos\",\"description\":\"Noticias de trenque lauquen y la zona\",\"publisher\":{\"@id\":\"https:\/\/infoecos.com.ar\/#organization\"},\"alternateName\":\"Noticias\",\"potentialAction\":[{\"@type\":\"SearchAction\",\"target\":{\"@type\":\"EntryPoint\",\"urlTemplate\":\"https:\/\/infoecos.com.ar\/?s={search_term_string}\"},\"query-input\":{\"@type\":\"PropertyValueSpecification\",\"valueRequired\":true,\"valueName\":\"search_term_string\"}}],\"inLanguage\":\"es\"},{\"@type\":\"Organization\",\"@id\":\"https:\/\/infoecos.com.ar\/#organization\",\"name\":\"Infoecos\",\"alternateName\":\"Noticias\",\"url\":\"https:\/\/infoecos.com.ar\/\",\"logo\":{\"@type\":\"ImageObject\",\"inLanguage\":\"es\",\"@id\":\"https:\/\/infoecos.com.ar\/#\/schema\/logo\/image\/\",\"url\":\"https:\/\/infoecos.com.ar\/wp-content\/uploads\/2024\/03\/cropped-logo.png\",\"contentUrl\":\"https:\/\/infoecos.com.ar\/wp-content\/uploads\/2024\/03\/cropped-logo.png\",\"width\":374,\"height\":90,\"caption\":\"Infoecos\"},\"image\":{\"@id\":\"https:\/\/infoecos.com.ar\/#\/schema\/logo\/image\/\"},\"sameAs\":[\"https:\/\/www.facebook.com\/profile.php?id=100063200290284\",\"https:\/\/x.com\/infoecos\"]},{\"@type\":\"Person\",\"@id\":\"https:\/\/infoecos.com.ar\/#\/schema\/person\/8f5ace5ce73b4b4aac4b7245aee6f191\",\"name\":\"Jorge Matheus\",\"url\":\"https:\/\/infoecos.com.ar\/index.php\/author\/jomatheus\/\"}]}<\/script>\n<!-- \/ Yoast SEO plugin. -->","yoast_head_json":{"title":"Autoridades de T.Lauquen acuerdan con los municipales fortalecer los salarios - Infoecos","robots":{"index":"index","follow":"follow","max-snippet":"max-snippet:-1","max-image-preview":"max-image-preview:large","max-video-preview":"max-video-preview:-1"},"canonical":"https:\/\/infoecos.com.ar\/index.php\/autoridades-de-t-lauquen-acuerda-con-los-municipales-fortalecer-los-salarios\/","og_locale":"es_ES","og_type":"article","og_title":"Autoridades de T.Lauquen acuerdan con los municipales fortalecer los salarios - Infoecos","og_description":"El Departamento Ejecutivo otorg\u00f3 100 mil pesos en concepto de bono, 50.000 a cobrar el pr\u00f3ximo viernes 26 junto con el sueldo de enero y los otros 50.000 el 15 del mes que viene, y un aumento del 25 por ciento sobre el salario de febrero del personal","og_url":"https:\/\/infoecos.com.ar\/index.php\/autoridades-de-t-lauquen-acuerda-con-los-municipales-fortalecer-los-salarios\/","og_site_name":"Infoecos","article_publisher":"https:\/\/www.facebook.com\/profile.php?id=100063200290284","article_published_time":"2024-01-22T17:10:33+00:00","article_modified_time":"2024-01-23T16:03:17+00:00","og_image":[{"width":902,"height":600,"url":"https:\/\/infoecos.com.ar\/wp-content\/uploads\/2023\/10\/image-180.png","type":"image\/png"}],"author":"Jorge Matheus","twitter_card":"summary_large_image","twitter_creator":"@infoecos","twitter_site":"@infoecos","twitter_misc":{"Escrito por":"Jorge Matheus","Tiempo de lectura":"2 minutos"},"schema":{"@context":"https:\/\/schema.org","@graph":[{"@type":"Article","@id":"https:\/\/infoecos.com.ar\/index.php\/autoridades-de-t-lauquen-acuerda-con-los-municipales-fortalecer-los-salarios\/#article","isPartOf":{"@id":"https:\/\/infoecos.com.ar\/index.php\/autoridades-de-t-lauquen-acuerda-con-los-municipales-fortalecer-los-salarios\/"},"author":{"name":"Jorge Matheus","@id":"https:\/\/infoecos.com.ar\/#\/schema\/person\/8f5ace5ce73b4b4aac4b7245aee6f191"},"headline":"Autoridades de T.Lauquen acuerdan con los municipales fortalecer los salarios","datePublished":"2024-01-22T17:10:33+00:00","dateModified":"2024-01-23T16:03:17+00:00","mainEntityOfPage":{"@id":"https:\/\/infoecos.com.ar\/index.php\/autoridades-de-t-lauquen-acuerda-con-los-municipales-fortalecer-los-salarios\/"},"wordCount":262,"publisher":{"@id":"https:\/\/infoecos.com.ar\/#organization"},"image":{"@id":"https:\/\/infoecos.com.ar\/index.php\/autoridades-de-t-lauquen-acuerda-con-los-municipales-fortalecer-los-salarios\/#primaryimage"},"thumbnailUrl":"https:\/\/infoecos.com.ar\/wp-content\/uploads\/2023\/10\/image-180.png","keywords":["bono de 100 mil pesos y 25 % aumento"],"articleSection":["C1 N1"],"inLanguage":"es"},{"@type":"WebPage","@id":"https:\/\/infoecos.com.ar\/index.php\/autoridades-de-t-lauquen-acuerda-con-los-municipales-fortalecer-los-salarios\/","url":"https:\/\/infoecos.com.ar\/index.php\/autoridades-de-t-lauquen-acuerda-con-los-municipales-fortalecer-los-salarios\/","name":"Autoridades de T.Lauquen acuerdan con los municipales fortalecer los salarios - Infoecos","isPartOf":{"@id":"https:\/\/infoecos.com.ar\/#website"},"primaryImageOfPage":{"@id":"https:\/\/infoecos.com.ar\/index.php\/autoridades-de-t-lauquen-acuerda-con-los-municipales-fortalecer-los-salarios\/#primaryimage"},"image":{"@id":"https:\/\/infoecos.com.ar\/index.php\/autoridades-de-t-lauquen-acuerda-con-los-municipales-fortalecer-los-salarios\/#primaryimage"},"thumbnailUrl":"https:\/\/infoecos.com.ar\/wp-content\/uploads\/2023\/10\/image-180.png","datePublished":"2024-01-22T17:10:33+00:00","dateModified":"2024-01-23T16:03:17+00:00","breadcrumb":{"@id":"https:\/\/infoecos.com.ar\/index.php\/autoridades-de-t-lauquen-acuerda-con-los-municipales-fortalecer-los-salarios\/#breadcrumb"},"inLanguage":"es","potentialAction":[{"@type":"ReadAction","target":["https:\/\/infoecos.com.ar\/index.php\/autoridades-de-t-lauquen-acuerda-con-los-municipales-fortalecer-los-salarios\/"]}]},{"@type":"ImageObject","inLanguage":"es","@id":"https:\/\/infoecos.com.ar\/index.php\/autoridades-de-t-lauquen-acuerda-con-los-municipales-fortalecer-los-salarios\/#primaryimage","url":"https:\/\/infoecos.com.ar\/wp-content\/uploads\/2023\/10\/image-180.png","contentUrl":"https:\/\/infoecos.com.ar\/wp-content\/uploads\/2023\/10\/image-180.png","width":902,"height":600},{"@type":"BreadcrumbList","@id":"https:\/\/infoecos.com.ar\/index.php\/autoridades-de-t-lauquen-acuerda-con-los-municipales-fortalecer-los-salarios\/#breadcrumb","itemListElement":[{"@type":"ListItem","position":1,"name":"Portada","item":"https:\/\/infoecos.com.ar\/"},{"@type":"ListItem","position":2,"name":"Autoridades de T.Lauquen acuerdan con los municipales fortalecer los salarios"}]},{"@type":"WebSite","@id":"https:\/\/infoecos.com.ar\/#website","url":"https:\/\/infoecos.com.ar\/","name":"Infoecos","description":"Noticias de trenque lauquen y la zona","publisher":{"@id":"https:\/\/infoecos.com.ar\/#organization"},"alternateName":"Noticias","potentialAction":[{"@type":"SearchAction","target":{"@type":"EntryPoint","urlTemplate":"https:\/\/infoecos.com.ar\/?s={search_term_string}"},"query-input":{"@type":"PropertyValueSpecification","valueRequired":true,"valueName":"search_term_string"}}],"inLanguage":"es"},{"@type":"Organization","@id":"https:\/\/infoecos.com.ar\/#organization","name":"Infoecos","alternateName":"Noticias","url":"https:\/\/infoecos.com.ar\/","logo":{"@type":"ImageObject","inLanguage":"es","@id":"https:\/\/infoecos.com.ar\/#\/schema\/logo\/image\/","url":"https:\/\/infoecos.com.ar\/wp-content\/uploads\/2024\/03\/cropped-logo.png","contentUrl":"https:\/\/infoecos.com.ar\/wp-content\/uploads\/2024\/03\/cropped-logo.png","width":374,"height":90,"caption":"Infoecos"},"image":{"@id":"https:\/\/infoecos.com.ar\/#\/schema\/logo\/image\/"},"sameAs":["https:\/\/www.facebook.com\/profile.php?id=100063200290284","https:\/\/x.com\/infoecos"]},{"@type":"Person","@id":"https:\/\/infoecos.com.ar\/#\/schema\/person\/8f5ace5ce73b4b4aac4b7245aee6f191","name":"Jorge Matheus","url":"https:\/\/infoecos.com.ar\/index.php\/author\/jomatheus\/"}]}},"featured_image_urls":{"full":["https:\/\/infoecos.com.ar\/wp-content\/uploads\/2023\/10\/image-180.png",902,600,false],"thumbnail":["https:\/\/infoecos.com.ar\/wp-content\/uploads\/2023\/10\/image-180-300x150.png",300,150,true],"medium":["https:\/\/infoecos.com.ar\/wp-content\/uploads\/2023\/10\/image-180-800x532.png",800,532,true],"medium_large":["https:\/\/infoecos.com.ar\/wp-content\/uploads\/2023\/10\/image-180-768x511.png",640,426,true],"large":["https:\/\/infoecos.com.ar\/wp-content\/uploads\/2023\/10\/image-180.png",640,426,false],"1536x1536":["https:\/\/infoecos.com.ar\/wp-content\/uploads\/2023\/10\/image-180.png",902,600,false],"2048x2048":["https:\/\/infoecos.com.ar\/wp-content\/uploads\/2023\/10\/image-180.png",902,600,false],"covernews-slider-full":["https:\/\/infoecos.com.ar\/wp-content\/uploads\/2023\/10\/image-180.png",902,600,false],"covernews-slider-center":["https:\/\/infoecos.com.ar\/wp-content\/uploads\/2023\/10\/image-180.png",752,500,false],"covernews-featured":["https:\/\/infoecos.com.ar\/wp-content\/uploads\/2023\/10\/image-180.png",902,600,false],"covernews-medium":["https:\/\/infoecos.com.ar\/wp-content\/uploads\/2023\/10\/image-180-720x380.png",540,285,true],"covernews-medium-square":["https:\/\/infoecos.com.ar\/wp-content\/uploads\/2023\/10\/image-180-675x450.png",375,250,true]},"author_info":{"info":["Jorge Matheus"]},"category_info":"<a href=\"https:\/\/infoecos.com.ar\/index.php\/category\/c1nota1\/\" rel=\"category tag\">C1 N1<\/a>","tag_info":"C1 N1","comment_count":"0","_links":{"self":[{"href":"https:\/\/infoecos.com.ar\/index.php\/wp-json\/wp\/v2\/posts\/117694"}],"collection":[{"href":"https:\/\/infoecos.com.ar\/index.php\/wp-json\/wp\/v2\/posts"}],"about":[{"href":"https:\/\/infoecos.com.ar\/index.php\/wp-json\/wp\/v2\/types\/post"}],"author":[{"embeddable":true,"href":"https:\/\/infoecos.com.ar\/index.php\/wp-json\/wp\/v2\/users\/2"}],"replies":[{"embeddable":true,"href":"https:\/\/infoecos.com.ar\/index.php\/wp-json\/wp\/v2\/comments?post=117694"}],"version-history":[{"count":2,"href":"https:\/\/infoecos.com.ar\/index.php\/wp-json\/wp\/v2\/posts\/117694\/revisions"}],"predecessor-version":[{"id":117696,"href":"https:\/\/infoecos.com.ar\/index.php\/wp-json\/wp\/v2\/posts\/117694\/revisions\/117696"}],"wp:featuredmedia":[{"embeddable":true,"href":"https:\/\/infoecos.com.ar\/index.php\/wp-json\/wp\/v2\/media\/114638"}],"wp:attachment":[{"href":"https:\/\/infoecos.com.ar\/index.php\/wp-json\/wp\/v2\/media?parent=117694"}],"wp:term":[{"taxonomy":"category","embeddable":true,"href":"https:\/\/infoecos.com.ar\/index.php\/wp-json\/wp\/v2\/categories?post=117694"},{"taxonomy":"post_tag","embeddable":true,"href":"https:\/\/infoecos.com.ar\/index.php\/wp-json\/wp\/v2\/tags?post=117694"}],"curies":[{"name":"wp","href":"https:\/\/api.w.org\/{rel}","templated":true}]}}