{"id":117711,"date":"2024-01-23T19:30:03","date_gmt":"2024-01-23T22:30:03","guid":{"rendered":"https:\/\/infoecos.com.ar\/?p=117711"},"modified":"2024-01-25T19:18:54","modified_gmt":"2024-01-25T22:18:54","slug":"el-frente-renovador-se-manifesto-en-total-desacuerdo-con-la-reposicion-de-ganancias","status":"publish","type":"post","link":"https:\/\/infoecos.com.ar\/index.php\/el-frente-renovador-se-manifesto-en-total-desacuerdo-con-la-reposicion-de-ganancias\/","title":{"rendered":"El Frente Renovador se manifest\u00f3 en total desacuerdo con la reposici\u00f3n de Ganancias"},"content":{"rendered":"\n<p>Sergio Massa, exministro de Econom\u00eda y excandidato presidencial de Uni\u00f3n por la Patria,&nbsp;critic\u00f3 este martes la pol\u00edtica impositiva del Gobierno de Javier Milei, que beneficia a los evasores y perjudica a los trabajadores, luego de que se conociera que el Ejecutivo manda al Congreso un proyecto de ley para volver a instalar el Impuesto a las Ganancias.<\/p>\n\n\n\n<figure class=\"wp-block-image alignright size-full is-resized\"><img loading=\"lazy\" decoding=\"async\" src=\"https:\/\/infoecos.com.ar\/wp-content\/uploads\/2024\/01\/809831-geidgetasaaq0lu-0.webp\" alt=\"\" class=\"wp-image-117712\" width=\"331\" height=\"331\" srcset=\"https:\/\/infoecos.com.ar\/wp-content\/uploads\/2024\/01\/809831-geidgetasaaq0lu-0.webp 960w, https:\/\/infoecos.com.ar\/wp-content\/uploads\/2024\/01\/809831-geidgetasaaq0lu-0-800x800.webp 800w, https:\/\/infoecos.com.ar\/wp-content\/uploads\/2024\/01\/809831-geidgetasaaq0lu-0-768x768.webp 768w\" sizes=\"(max-width: 331px) 100vw, 331px\" \/><\/figure>\n\n\n\n<p>\u00abMientras se llevan al Tesoro Nacional 0.76 puntos del PIB aumentando el Impuesto PAIS y trasladando el costo a precios;<strong>&nbsp;<\/strong>le sacan a la gente la devoluci\u00f3n de IVA, 0.25 del PIB\u00bb, advirti\u00f3 Massa en un comunicado difundido por el Frente Renovador.<\/p>\n\n\n\n<p>Adem\u00e1s, sigui\u00f3 el exfuncionario, \u00abmientras se llevan por supercosecha, devaluaci\u00f3n y aumento de retenciones al Tesoro 1.3 del PIB,<strong>&nbsp;<\/strong>le devuelven a los m\u00e1s ricos del pa\u00eds en bienes personales 0.23 del PIB\u00bb.<\/p>\n\n\n\n<p>Y agreg\u00f3, mostrando la doble vara de la pol\u00edtica impositiva que implementa La Libertad Avanza: \u00abmientras regalan en el blanqueo 1.4 del PIB en impuestos a los que evadieron, restituyen ganancias para darle una limosna a los gobernadores (0.17 del PIB) perjudicando as\u00ed a 823 MIL trabajadores. Rarezas de la libertad. El salario No es Ganancia\u00bb, concluy\u00f3.<\/p>\n\n\n\n<p>En los \u00faltimos meses de su gesti\u00f3n frente al Palacio de Hacienda,<strong>&nbsp;<\/strong>Massa envi\u00f3 un proyecto de ley para eliminar la cuarta categor\u00eda del Impuesto a las Ganancias<strong>&nbsp;<\/strong>y que solo paguen el gravamen aquellos que cobren por encima de los 15 salarios m\u00ednimos.&nbsp;<\/p>\n\n\n\n<p>El proyecto del l\u00edder del Frente Renovador obtuvo media sanci\u00f3n en Diputados el 20 de septiembre, con 135 votos positivos, 103 negativos y 0 abstenciones, y fue convertido en ley por el Senado &nbsp;el 28 de septiembre,&nbsp;con 38 votos afirmativos y 27 negativos.<\/p>\n\n\n\n<p>Entre los votos positivos que permitieron que el proyecto se convirtiera en ley estuvieron los de Javier Milei y Victoria Villarruel<strong>,<\/strong>&nbsp;entonces diputados del Congreso por La Libertad Avanza. De all\u00ed que varios sectores le cuestionen que ahora sea \u00e9l quien, a cargo del Poder Ejecutivo, env\u00ede un proyecto para volver a instalar el Impuesto a las Ganancias para salarios de m\u00e1s de $ 1.350.000 (en bruto).&nbsp;<\/p>\n","protected":false},"excerpt":{"rendered":"<p>Comunicado de la corriente pol\u00edtica firmada por Sergio Massa, ex ministro de Econom\u00eda y ex candidato presidencial de Uni\u00f3n por la Patria <\/p>\n","protected":false},"author":2,"featured_media":108982,"comment_status":"closed","ping_status":"open","sticky":false,"template":"","format":"standard","meta":{"footnotes":""},"categories":[200],"tags":[6268],"class_list":["post-117711","post","type-post","status-publish","format-standard","has-post-thumbnail","hentry","category-inferior8","tag-economia-y-politica-4"],"yoast_head":"<!-- This site is optimized with the Yoast SEO plugin v23.4 - https:\/\/yoast.com\/wordpress\/plugins\/seo\/ -->\n<title>El Frente Renovador se manifest\u00f3 en total desacuerdo con la reposici\u00f3n de Ganancias - Infoecos<\/title>\n<meta name=\"robots\" content=\"index, follow, max-snippet:-1, max-image-preview:large, max-video-preview:-1\" \/>\n<link rel=\"canonical\" href=\"https:\/\/infoecos.com.ar\/index.php\/el-frente-renovador-se-manifesto-en-total-desacuerdo-con-la-reposicion-de-ganancias\/\" \/>\n<meta property=\"og:locale\" content=\"es_ES\" \/>\n<meta property=\"og:type\" content=\"article\" \/>\n<meta property=\"og:title\" content=\"El Frente Renovador se manifest\u00f3 en total desacuerdo con la reposici\u00f3n de Ganancias - Infoecos\" \/>\n<meta property=\"og:description\" content=\"Comunicado de la corriente pol\u00edtica firmada por Sergio Massa, ex ministro de Econom\u00eda y ex candidato presidencial de Uni\u00f3n por la Patria\" \/>\n<meta property=\"og:url\" content=\"https:\/\/infoecos.com.ar\/index.php\/el-frente-renovador-se-manifesto-en-total-desacuerdo-con-la-reposicion-de-ganancias\/\" \/>\n<meta property=\"og:site_name\" content=\"Infoecos\" \/>\n<meta property=\"article:publisher\" content=\"https:\/\/www.facebook.com\/profile.php?id=100063200290284\" \/>\n<meta property=\"article:published_time\" content=\"2024-01-23T22:30:03+00:00\" \/>\n<meta property=\"article:modified_time\" content=\"2024-01-25T22:18:54+00:00\" \/>\n<meta property=\"og:image\" content=\"https:\/\/infoecos.com.ar\/wp-content\/uploads\/2023\/08\/image-10.png\" \/>\n\t<meta property=\"og:image:width\" content=\"880\" \/>\n\t<meta property=\"og:image:height\" content=\"586\" \/>\n\t<meta property=\"og:image:type\" content=\"image\/png\" \/>\n<meta name=\"author\" content=\"Jorge Matheus\" \/>\n<meta name=\"twitter:card\" content=\"summary_large_image\" \/>\n<meta name=\"twitter:creator\" content=\"@infoecos\" \/>\n<meta name=\"twitter:site\" content=\"@infoecos\" \/>\n<meta name=\"twitter:label1\" content=\"Escrito por\" \/>\n\t<meta name=\"twitter:data1\" content=\"Jorge Matheus\" \/>\n\t<meta name=\"twitter:label2\" content=\"Tiempo de lectura\" \/>\n\t<meta name=\"twitter:data2\" content=\"2 minutos\" \/>\n<script type=\"application\/ld+json\" class=\"yoast-schema-graph\">{\"@context\":\"https:\/\/schema.org\",\"@graph\":[{\"@type\":\"Article\",\"@id\":\"https:\/\/infoecos.com.ar\/index.php\/el-frente-renovador-se-manifesto-en-total-desacuerdo-con-la-reposicion-de-ganancias\/#article\",\"isPartOf\":{\"@id\":\"https:\/\/infoecos.com.ar\/index.php\/el-frente-renovador-se-manifesto-en-total-desacuerdo-con-la-reposicion-de-ganancias\/\"},\"author\":{\"name\":\"Jorge Matheus\",\"@id\":\"https:\/\/infoecos.com.ar\/#\/schema\/person\/8f5ace5ce73b4b4aac4b7245aee6f191\"},\"headline\":\"El Frente Renovador se manifest\u00f3 en total desacuerdo con la reposici\u00f3n de Ganancias\",\"datePublished\":\"2024-01-23T22:30:03+00:00\",\"dateModified\":\"2024-01-25T22:18:54+00:00\",\"mainEntityOfPage\":{\"@id\":\"https:\/\/infoecos.com.ar\/index.php\/el-frente-renovador-se-manifesto-en-total-desacuerdo-con-la-reposicion-de-ganancias\/\"},\"wordCount\":368,\"publisher\":{\"@id\":\"https:\/\/infoecos.com.ar\/#organization\"},\"image\":{\"@id\":\"https:\/\/infoecos.com.ar\/index.php\/el-frente-renovador-se-manifesto-en-total-desacuerdo-con-la-reposicion-de-ganancias\/#primaryimage\"},\"thumbnailUrl\":\"https:\/\/infoecos.com.ar\/wp-content\/uploads\/2023\/08\/image-10.png\",\"keywords\":[\"econom\u00eda y pol\u00edtica\"],\"articleSection\":[\"Bloque inferior - 8\"],\"inLanguage\":\"es\"},{\"@type\":\"WebPage\",\"@id\":\"https:\/\/infoecos.com.ar\/index.php\/el-frente-renovador-se-manifesto-en-total-desacuerdo-con-la-reposicion-de-ganancias\/\",\"url\":\"https:\/\/infoecos.com.ar\/index.php\/el-frente-renovador-se-manifesto-en-total-desacuerdo-con-la-reposicion-de-ganancias\/\",\"name\":\"El Frente Renovador se manifest\u00f3 en total desacuerdo con la reposici\u00f3n de Ganancias - Infoecos\",\"isPartOf\":{\"@id\":\"https:\/\/infoecos.com.ar\/#website\"},\"primaryImageOfPage\":{\"@id\":\"https:\/\/infoecos.com.ar\/index.php\/el-frente-renovador-se-manifesto-en-total-desacuerdo-con-la-reposicion-de-ganancias\/#primaryimage\"},\"image\":{\"@id\":\"https:\/\/infoecos.com.ar\/index.php\/el-frente-renovador-se-manifesto-en-total-desacuerdo-con-la-reposicion-de-ganancias\/#primaryimage\"},\"thumbnailUrl\":\"https:\/\/infoecos.com.ar\/wp-content\/uploads\/2023\/08\/image-10.png\",\"datePublished\":\"2024-01-23T22:30:03+00:00\",\"dateModified\":\"2024-01-25T22:18:54+00:00\",\"breadcrumb\":{\"@id\":\"https:\/\/infoecos.com.ar\/index.php\/el-frente-renovador-se-manifesto-en-total-desacuerdo-con-la-reposicion-de-ganancias\/#breadcrumb\"},\"inLanguage\":\"es\",\"potentialAction\":[{\"@type\":\"ReadAction\",\"target\":[\"https:\/\/infoecos.com.ar\/index.php\/el-frente-renovador-se-manifesto-en-total-desacuerdo-con-la-reposicion-de-ganancias\/\"]}]},{\"@type\":\"ImageObject\",\"inLanguage\":\"es\",\"@id\":\"https:\/\/infoecos.com.ar\/index.php\/el-frente-renovador-se-manifesto-en-total-desacuerdo-con-la-reposicion-de-ganancias\/#primaryimage\",\"url\":\"https:\/\/infoecos.com.ar\/wp-content\/uploads\/2023\/08\/image-10.png\",\"contentUrl\":\"https:\/\/infoecos.com.ar\/wp-content\/uploads\/2023\/08\/image-10.png\",\"width\":880,\"height\":586},{\"@type\":\"BreadcrumbList\",\"@id\":\"https:\/\/infoecos.com.ar\/index.php\/el-frente-renovador-se-manifesto-en-total-desacuerdo-con-la-reposicion-de-ganancias\/#breadcrumb\",\"itemListElement\":[{\"@type\":\"ListItem\",\"position\":1,\"name\":\"Portada\",\"item\":\"https:\/\/infoecos.com.ar\/\"},{\"@type\":\"ListItem\",\"position\":2,\"name\":\"El Frente Renovador se manifest\u00f3 en total desacuerdo con la reposici\u00f3n de Ganancias\"}]},{\"@type\":\"WebSite\",\"@id\":\"https:\/\/infoecos.com.ar\/#website\",\"url\":\"https:\/\/infoecos.com.ar\/\",\"name\":\"Infoecos\",\"description\":\"Noticias de trenque lauquen y la zona\",\"publisher\":{\"@id\":\"https:\/\/infoecos.com.ar\/#organization\"},\"alternateName\":\"Noticias\",\"potentialAction\":[{\"@type\":\"SearchAction\",\"target\":{\"@type\":\"EntryPoint\",\"urlTemplate\":\"https:\/\/infoecos.com.ar\/?s={search_term_string}\"},\"query-input\":{\"@type\":\"PropertyValueSpecification\",\"valueRequired\":true,\"valueName\":\"search_term_string\"}}],\"inLanguage\":\"es\"},{\"@type\":\"Organization\",\"@id\":\"https:\/\/infoecos.com.ar\/#organization\",\"name\":\"Infoecos\",\"alternateName\":\"Noticias\",\"url\":\"https:\/\/infoecos.com.ar\/\",\"logo\":{\"@type\":\"ImageObject\",\"inLanguage\":\"es\",\"@id\":\"https:\/\/infoecos.com.ar\/#\/schema\/logo\/image\/\",\"url\":\"https:\/\/infoecos.com.ar\/wp-content\/uploads\/2024\/03\/cropped-logo.png\",\"contentUrl\":\"https:\/\/infoecos.com.ar\/wp-content\/uploads\/2024\/03\/cropped-logo.png\",\"width\":374,\"height\":90,\"caption\":\"Infoecos\"},\"image\":{\"@id\":\"https:\/\/infoecos.com.ar\/#\/schema\/logo\/image\/\"},\"sameAs\":[\"https:\/\/www.facebook.com\/profile.php?id=100063200290284\",\"https:\/\/x.com\/infoecos\"]},{\"@type\":\"Person\",\"@id\":\"https:\/\/infoecos.com.ar\/#\/schema\/person\/8f5ace5ce73b4b4aac4b7245aee6f191\",\"name\":\"Jorge Matheus\",\"url\":\"https:\/\/infoecos.com.ar\/index.php\/author\/jomatheus\/\"}]}<\/script>\n<!-- \/ Yoast SEO plugin. -->","yoast_head_json":{"title":"El Frente Renovador se manifest\u00f3 en total desacuerdo con la reposici\u00f3n de Ganancias - Infoecos","robots":{"index":"index","follow":"follow","max-snippet":"max-snippet:-1","max-image-preview":"max-image-preview:large","max-video-preview":"max-video-preview:-1"},"canonical":"https:\/\/infoecos.com.ar\/index.php\/el-frente-renovador-se-manifesto-en-total-desacuerdo-con-la-reposicion-de-ganancias\/","og_locale":"es_ES","og_type":"article","og_title":"El Frente Renovador se manifest\u00f3 en total desacuerdo con la reposici\u00f3n de Ganancias - Infoecos","og_description":"Comunicado de la corriente pol\u00edtica firmada por Sergio Massa, ex ministro de Econom\u00eda y ex candidato presidencial de Uni\u00f3n por la Patria","og_url":"https:\/\/infoecos.com.ar\/index.php\/el-frente-renovador-se-manifesto-en-total-desacuerdo-con-la-reposicion-de-ganancias\/","og_site_name":"Infoecos","article_publisher":"https:\/\/www.facebook.com\/profile.php?id=100063200290284","article_published_time":"2024-01-23T22:30:03+00:00","article_modified_time":"2024-01-25T22:18:54+00:00","og_image":[{"width":880,"height":586,"url":"https:\/\/infoecos.com.ar\/wp-content\/uploads\/2023\/08\/image-10.png","type":"image\/png"}],"author":"Jorge Matheus","twitter_card":"summary_large_image","twitter_creator":"@infoecos","twitter_site":"@infoecos","twitter_misc":{"Escrito por":"Jorge Matheus","Tiempo de lectura":"2 minutos"},"schema":{"@context":"https:\/\/schema.org","@graph":[{"@type":"Article","@id":"https:\/\/infoecos.com.ar\/index.php\/el-frente-renovador-se-manifesto-en-total-desacuerdo-con-la-reposicion-de-ganancias\/#article","isPartOf":{"@id":"https:\/\/infoecos.com.ar\/index.php\/el-frente-renovador-se-manifesto-en-total-desacuerdo-con-la-reposicion-de-ganancias\/"},"author":{"name":"Jorge Matheus","@id":"https:\/\/infoecos.com.ar\/#\/schema\/person\/8f5ace5ce73b4b4aac4b7245aee6f191"},"headline":"El Frente Renovador se manifest\u00f3 en total desacuerdo con la reposici\u00f3n de Ganancias","datePublished":"2024-01-23T22:30:03+00:00","dateModified":"2024-01-25T22:18:54+00:00","mainEntityOfPage":{"@id":"https:\/\/infoecos.com.ar\/index.php\/el-frente-renovador-se-manifesto-en-total-desacuerdo-con-la-reposicion-de-ganancias\/"},"wordCount":368,"publisher":{"@id":"https:\/\/infoecos.com.ar\/#organization"},"image":{"@id":"https:\/\/infoecos.com.ar\/index.php\/el-frente-renovador-se-manifesto-en-total-desacuerdo-con-la-reposicion-de-ganancias\/#primaryimage"},"thumbnailUrl":"https:\/\/infoecos.com.ar\/wp-content\/uploads\/2023\/08\/image-10.png","keywords":["econom\u00eda y pol\u00edtica"],"articleSection":["Bloque inferior - 8"],"inLanguage":"es"},{"@type":"WebPage","@id":"https:\/\/infoecos.com.ar\/index.php\/el-frente-renovador-se-manifesto-en-total-desacuerdo-con-la-reposicion-de-ganancias\/","url":"https:\/\/infoecos.com.ar\/index.php\/el-frente-renovador-se-manifesto-en-total-desacuerdo-con-la-reposicion-de-ganancias\/","name":"El Frente Renovador se manifest\u00f3 en total desacuerdo con la reposici\u00f3n de Ganancias - Infoecos","isPartOf":{"@id":"https:\/\/infoecos.com.ar\/#website"},"primaryImageOfPage":{"@id":"https:\/\/infoecos.com.ar\/index.php\/el-frente-renovador-se-manifesto-en-total-desacuerdo-con-la-reposicion-de-ganancias\/#primaryimage"},"image":{"@id":"https:\/\/infoecos.com.ar\/index.php\/el-frente-renovador-se-manifesto-en-total-desacuerdo-con-la-reposicion-de-ganancias\/#primaryimage"},"thumbnailUrl":"https:\/\/infoecos.com.ar\/wp-content\/uploads\/2023\/08\/image-10.png","datePublished":"2024-01-23T22:30:03+00:00","dateModified":"2024-01-25T22:18:54+00:00","breadcrumb":{"@id":"https:\/\/infoecos.com.ar\/index.php\/el-frente-renovador-se-manifesto-en-total-desacuerdo-con-la-reposicion-de-ganancias\/#breadcrumb"},"inLanguage":"es","potentialAction":[{"@type":"ReadAction","target":["https:\/\/infoecos.com.ar\/index.php\/el-frente-renovador-se-manifesto-en-total-desacuerdo-con-la-reposicion-de-ganancias\/"]}]},{"@type":"ImageObject","inLanguage":"es","@id":"https:\/\/infoecos.com.ar\/index.php\/el-frente-renovador-se-manifesto-en-total-desacuerdo-con-la-reposicion-de-ganancias\/#primaryimage","url":"https:\/\/infoecos.com.ar\/wp-content\/uploads\/2023\/08\/image-10.png","contentUrl":"https:\/\/infoecos.com.ar\/wp-content\/uploads\/2023\/08\/image-10.png","width":880,"height":586},{"@type":"BreadcrumbList","@id":"https:\/\/infoecos.com.ar\/index.php\/el-frente-renovador-se-manifesto-en-total-desacuerdo-con-la-reposicion-de-ganancias\/#breadcrumb","itemListElement":[{"@type":"ListItem","position":1,"name":"Portada","item":"https:\/\/infoecos.com.ar\/"},{"@type":"ListItem","position":2,"name":"El Frente Renovador se manifest\u00f3 en total desacuerdo con la reposici\u00f3n de Ganancias"}]},{"@type":"WebSite","@id":"https:\/\/infoecos.com.ar\/#website","url":"https:\/\/infoecos.com.ar\/","name":"Infoecos","description":"Noticias de trenque lauquen y la zona","publisher":{"@id":"https:\/\/infoecos.com.ar\/#organization"},"alternateName":"Noticias","potentialAction":[{"@type":"SearchAction","target":{"@type":"EntryPoint","urlTemplate":"https:\/\/infoecos.com.ar\/?s={search_term_string}"},"query-input":{"@type":"PropertyValueSpecification","valueRequired":true,"valueName":"search_term_string"}}],"inLanguage":"es"},{"@type":"Organization","@id":"https:\/\/infoecos.com.ar\/#organization","name":"Infoecos","alternateName":"Noticias","url":"https:\/\/infoecos.com.ar\/","logo":{"@type":"ImageObject","inLanguage":"es","@id":"https:\/\/infoecos.com.ar\/#\/schema\/logo\/image\/","url":"https:\/\/infoecos.com.ar\/wp-content\/uploads\/2024\/03\/cropped-logo.png","contentUrl":"https:\/\/infoecos.com.ar\/wp-content\/uploads\/2024\/03\/cropped-logo.png","width":374,"height":90,"caption":"Infoecos"},"image":{"@id":"https:\/\/infoecos.com.ar\/#\/schema\/logo\/image\/"},"sameAs":["https:\/\/www.facebook.com\/profile.php?id=100063200290284","https:\/\/x.com\/infoecos"]},{"@type":"Person","@id":"https:\/\/infoecos.com.ar\/#\/schema\/person\/8f5ace5ce73b4b4aac4b7245aee6f191","name":"Jorge Matheus","url":"https:\/\/infoecos.com.ar\/index.php\/author\/jomatheus\/"}]}},"featured_image_urls":{"full":["https:\/\/infoecos.com.ar\/wp-content\/uploads\/2023\/08\/image-10.png",880,586,false],"thumbnail":["https:\/\/infoecos.com.ar\/wp-content\/uploads\/2023\/08\/image-10-300x150.png",300,150,true],"medium":["https:\/\/infoecos.com.ar\/wp-content\/uploads\/2023\/08\/image-10-800x533.png",800,533,true],"medium_large":["https:\/\/infoecos.com.ar\/wp-content\/uploads\/2023\/08\/image-10-768x511.png",640,426,true],"large":["https:\/\/infoecos.com.ar\/wp-content\/uploads\/2023\/08\/image-10.png",640,426,false],"1536x1536":["https:\/\/infoecos.com.ar\/wp-content\/uploads\/2023\/08\/image-10.png",880,586,false],"2048x2048":["https:\/\/infoecos.com.ar\/wp-content\/uploads\/2023\/08\/image-10.png",880,586,false],"covernews-slider-full":["https:\/\/infoecos.com.ar\/wp-content\/uploads\/2023\/08\/image-10.png",880,586,false],"covernews-slider-center":["https:\/\/infoecos.com.ar\/wp-content\/uploads\/2023\/08\/image-10.png",751,500,false],"covernews-featured":["https:\/\/infoecos.com.ar\/wp-content\/uploads\/2023\/08\/image-10.png",880,586,false],"covernews-medium":["https:\/\/infoecos.com.ar\/wp-content\/uploads\/2023\/08\/image-10-720x380.png",540,285,true],"covernews-medium-square":["https:\/\/infoecos.com.ar\/wp-content\/uploads\/2023\/08\/image-10-675x450.png",375,250,true]},"author_info":{"info":["Jorge Matheus"]},"category_info":"<a href=\"https:\/\/infoecos.com.ar\/index.php\/category\/inferior8\/\" rel=\"category tag\">Bloque inferior - 8<\/a>","tag_info":"Bloque inferior - 8","comment_count":"0","_links":{"self":[{"href":"https:\/\/infoecos.com.ar\/index.php\/wp-json\/wp\/v2\/posts\/117711"}],"collection":[{"href":"https:\/\/infoecos.com.ar\/index.php\/wp-json\/wp\/v2\/posts"}],"about":[{"href":"https:\/\/infoecos.com.ar\/index.php\/wp-json\/wp\/v2\/types\/post"}],"author":[{"embeddable":true,"href":"https:\/\/infoecos.com.ar\/index.php\/wp-json\/wp\/v2\/users\/2"}],"replies":[{"embeddable":true,"href":"https:\/\/infoecos.com.ar\/index.php\/wp-json\/wp\/v2\/comments?post=117711"}],"version-history":[{"count":2,"href":"https:\/\/infoecos.com.ar\/index.php\/wp-json\/wp\/v2\/posts\/117711\/revisions"}],"predecessor-version":[{"id":117742,"href":"https:\/\/infoecos.com.ar\/index.php\/wp-json\/wp\/v2\/posts\/117711\/revisions\/117742"}],"wp:featuredmedia":[{"embeddable":true,"href":"https:\/\/infoecos.com.ar\/index.php\/wp-json\/wp\/v2\/media\/108982"}],"wp:attachment":[{"href":"https:\/\/infoecos.com.ar\/index.php\/wp-json\/wp\/v2\/media?parent=117711"}],"wp:term":[{"taxonomy":"category","embeddable":true,"href":"https:\/\/infoecos.com.ar\/index.php\/wp-json\/wp\/v2\/categories?post=117711"},{"taxonomy":"post_tag","embeddable":true,"href":"https:\/\/infoecos.com.ar\/index.php\/wp-json\/wp\/v2\/tags?post=117711"}],"curies":[{"name":"wp","href":"https:\/\/api.w.org\/{rel}","templated":true}]}}