{"id":117730,"date":"2024-01-24T10:12:28","date_gmt":"2024-01-24T13:12:28","guid":{"rendered":"https:\/\/infoecos.com.ar\/?p=117730"},"modified":"2024-01-24T13:33:16","modified_gmt":"2024-01-24T16:33:16","slug":"temperaturas-muy-elevadas-para-lo-que-resta-de-la-semana-y-el-domingo","status":"publish","type":"post","link":"https:\/\/infoecos.com.ar\/index.php\/temperaturas-muy-elevadas-para-lo-que-resta-de-la-semana-y-el-domingo\/","title":{"rendered":"Temperaturas muy elevadas para lo que resta de la semana y el domingo"},"content":{"rendered":"\n<p>El pron\u00f3stico del tiempo para esta regi\u00f3n de la provincia de Buenos Aires no tiene estimaci\u00f3n de lluvia para estos d\u00edas. Las temperaturas seguir\u00e1n siendo elevadas, superando las registradas en lo que va de esta semana.<\/p>\n\n\n\n<p>Servicio Meteorol\u00f3gico Nacional.<\/p>\n\n\n\n<figure class=\"wp-block-image size-full\"><img loading=\"lazy\" decoding=\"async\" width=\"948\" height=\"324\" src=\"https:\/\/infoecos.com.ar\/wp-content\/uploads\/2024\/01\/image-138.png\" alt=\"\" class=\"wp-image-117731\" srcset=\"https:\/\/infoecos.com.ar\/wp-content\/uploads\/2024\/01\/image-138.png 948w, https:\/\/infoecos.com.ar\/wp-content\/uploads\/2024\/01\/image-138-800x273.png 800w, https:\/\/infoecos.com.ar\/wp-content\/uploads\/2024\/01\/image-138-768x262.png 768w\" sizes=\"(max-width: 948px) 100vw, 948px\" \/><\/figure>\n\n\n\n<p>La temperatura m\u00e1xima del mi\u00e9rcoles en Trenque Lauquen lleg\u00f3 a los 34.1\u00b0. Se registr\u00f3 a las 15.00 horas.<\/p>\n\n\n\n<figure class=\"wp-block-image aligncenter size-full\"><img loading=\"lazy\" decoding=\"async\" width=\"479\" height=\"223\" src=\"https:\/\/infoecos.com.ar\/wp-content\/uploads\/2024\/01\/image-139.png\" alt=\"\" class=\"wp-image-117732\"\/><\/figure>\n","protected":false},"excerpt":{"rendered":"<p>No hay estimaci\u00f3n de lluvias para lo que resta de la semana <\/p>\n","protected":false},"author":2,"featured_media":33111,"comment_status":"closed","ping_status":"open","sticky":false,"template":"","format":"standard","meta":{"footnotes":""},"categories":[47],"tags":[8702],"class_list":["post-117730","post","type-post","status-publish","format-standard","has-post-thumbnail","hentry","category-c3nota2","tag-clima-trenque-lauquen-y-zona-2"],"yoast_head":"<!-- This site is optimized with the Yoast SEO plugin v23.4 - https:\/\/yoast.com\/wordpress\/plugins\/seo\/ -->\n<title>Temperaturas muy elevadas para lo que resta de la semana y el domingo - Infoecos<\/title>\n<meta name=\"robots\" content=\"index, follow, max-snippet:-1, max-image-preview:large, max-video-preview:-1\" \/>\n<link rel=\"canonical\" href=\"https:\/\/infoecos.com.ar\/index.php\/temperaturas-muy-elevadas-para-lo-que-resta-de-la-semana-y-el-domingo\/\" \/>\n<meta property=\"og:locale\" content=\"es_ES\" \/>\n<meta property=\"og:type\" content=\"article\" \/>\n<meta property=\"og:title\" content=\"Temperaturas muy elevadas para lo que resta de la semana y el domingo - Infoecos\" \/>\n<meta property=\"og:description\" content=\"No hay estimaci\u00f3n de lluvias para lo que resta de la semana\" \/>\n<meta property=\"og:url\" content=\"https:\/\/infoecos.com.ar\/index.php\/temperaturas-muy-elevadas-para-lo-que-resta-de-la-semana-y-el-domingo\/\" \/>\n<meta property=\"og:site_name\" content=\"Infoecos\" \/>\n<meta property=\"article:publisher\" content=\"https:\/\/www.facebook.com\/profile.php?id=100063200290284\" \/>\n<meta property=\"article:published_time\" content=\"2024-01-24T13:12:28+00:00\" \/>\n<meta property=\"article:modified_time\" content=\"2024-01-24T16:33:16+00:00\" \/>\n<meta property=\"og:image\" content=\"https:\/\/infoecos.com.ar\/wp-content\/uploads\/images-4.jpg\" \/>\n\t<meta property=\"og:image:width\" content=\"225\" \/>\n\t<meta property=\"og:image:height\" content=\"225\" \/>\n\t<meta property=\"og:image:type\" content=\"image\/jpeg\" \/>\n<meta name=\"author\" content=\"Jorge Matheus\" \/>\n<meta name=\"twitter:card\" content=\"summary_large_image\" \/>\n<meta name=\"twitter:creator\" content=\"@infoecos\" \/>\n<meta name=\"twitter:site\" content=\"@infoecos\" \/>\n<meta name=\"twitter:label1\" content=\"Escrito por\" \/>\n\t<meta name=\"twitter:data1\" content=\"Jorge Matheus\" \/>\n\t<meta name=\"twitter:label2\" content=\"Tiempo de lectura\" \/>\n\t<meta name=\"twitter:data2\" content=\"1 minuto\" \/>\n<script type=\"application\/ld+json\" class=\"yoast-schema-graph\">{\"@context\":\"https:\/\/schema.org\",\"@graph\":[{\"@type\":\"Article\",\"@id\":\"https:\/\/infoecos.com.ar\/index.php\/temperaturas-muy-elevadas-para-lo-que-resta-de-la-semana-y-el-domingo\/#article\",\"isPartOf\":{\"@id\":\"https:\/\/infoecos.com.ar\/index.php\/temperaturas-muy-elevadas-para-lo-que-resta-de-la-semana-y-el-domingo\/\"},\"author\":{\"name\":\"Jorge Matheus\",\"@id\":\"https:\/\/infoecos.com.ar\/#\/schema\/person\/8f5ace5ce73b4b4aac4b7245aee6f191\"},\"headline\":\"Temperaturas muy elevadas para lo que resta de la semana y el domingo\",\"datePublished\":\"2024-01-24T13:12:28+00:00\",\"dateModified\":\"2024-01-24T16:33:16+00:00\",\"mainEntityOfPage\":{\"@id\":\"https:\/\/infoecos.com.ar\/index.php\/temperaturas-muy-elevadas-para-lo-que-resta-de-la-semana-y-el-domingo\/\"},\"wordCount\":76,\"publisher\":{\"@id\":\"https:\/\/infoecos.com.ar\/#organization\"},\"image\":{\"@id\":\"https:\/\/infoecos.com.ar\/index.php\/temperaturas-muy-elevadas-para-lo-que-resta-de-la-semana-y-el-domingo\/#primaryimage\"},\"thumbnailUrl\":\"\",\"keywords\":[\"CLIMA TRENQUE LAUQUEN Y ZONA\"],\"articleSection\":[\"C3 N2\"],\"inLanguage\":\"es\"},{\"@type\":\"WebPage\",\"@id\":\"https:\/\/infoecos.com.ar\/index.php\/temperaturas-muy-elevadas-para-lo-que-resta-de-la-semana-y-el-domingo\/\",\"url\":\"https:\/\/infoecos.com.ar\/index.php\/temperaturas-muy-elevadas-para-lo-que-resta-de-la-semana-y-el-domingo\/\",\"name\":\"Temperaturas muy elevadas para lo que resta de la semana y el domingo - Infoecos\",\"isPartOf\":{\"@id\":\"https:\/\/infoecos.com.ar\/#website\"},\"primaryImageOfPage\":{\"@id\":\"https:\/\/infoecos.com.ar\/index.php\/temperaturas-muy-elevadas-para-lo-que-resta-de-la-semana-y-el-domingo\/#primaryimage\"},\"image\":{\"@id\":\"https:\/\/infoecos.com.ar\/index.php\/temperaturas-muy-elevadas-para-lo-que-resta-de-la-semana-y-el-domingo\/#primaryimage\"},\"thumbnailUrl\":\"\",\"datePublished\":\"2024-01-24T13:12:28+00:00\",\"dateModified\":\"2024-01-24T16:33:16+00:00\",\"breadcrumb\":{\"@id\":\"https:\/\/infoecos.com.ar\/index.php\/temperaturas-muy-elevadas-para-lo-que-resta-de-la-semana-y-el-domingo\/#breadcrumb\"},\"inLanguage\":\"es\",\"potentialAction\":[{\"@type\":\"ReadAction\",\"target\":[\"https:\/\/infoecos.com.ar\/index.php\/temperaturas-muy-elevadas-para-lo-que-resta-de-la-semana-y-el-domingo\/\"]}]},{\"@type\":\"ImageObject\",\"inLanguage\":\"es\",\"@id\":\"https:\/\/infoecos.com.ar\/index.php\/temperaturas-muy-elevadas-para-lo-que-resta-de-la-semana-y-el-domingo\/#primaryimage\",\"url\":\"\",\"contentUrl\":\"\"},{\"@type\":\"BreadcrumbList\",\"@id\":\"https:\/\/infoecos.com.ar\/index.php\/temperaturas-muy-elevadas-para-lo-que-resta-de-la-semana-y-el-domingo\/#breadcrumb\",\"itemListElement\":[{\"@type\":\"ListItem\",\"position\":1,\"name\":\"Portada\",\"item\":\"https:\/\/infoecos.com.ar\/\"},{\"@type\":\"ListItem\",\"position\":2,\"name\":\"Temperaturas muy elevadas para lo que resta de la semana y el domingo\"}]},{\"@type\":\"WebSite\",\"@id\":\"https:\/\/infoecos.com.ar\/#website\",\"url\":\"https:\/\/infoecos.com.ar\/\",\"name\":\"Infoecos\",\"description\":\"Noticias de trenque lauquen y la zona\",\"publisher\":{\"@id\":\"https:\/\/infoecos.com.ar\/#organization\"},\"alternateName\":\"Noticias\",\"potentialAction\":[{\"@type\":\"SearchAction\",\"target\":{\"@type\":\"EntryPoint\",\"urlTemplate\":\"https:\/\/infoecos.com.ar\/?s={search_term_string}\"},\"query-input\":{\"@type\":\"PropertyValueSpecification\",\"valueRequired\":true,\"valueName\":\"search_term_string\"}}],\"inLanguage\":\"es\"},{\"@type\":\"Organization\",\"@id\":\"https:\/\/infoecos.com.ar\/#organization\",\"name\":\"Infoecos\",\"alternateName\":\"Noticias\",\"url\":\"https:\/\/infoecos.com.ar\/\",\"logo\":{\"@type\":\"ImageObject\",\"inLanguage\":\"es\",\"@id\":\"https:\/\/infoecos.com.ar\/#\/schema\/logo\/image\/\",\"url\":\"https:\/\/infoecos.com.ar\/wp-content\/uploads\/2024\/03\/cropped-logo.png\",\"contentUrl\":\"https:\/\/infoecos.com.ar\/wp-content\/uploads\/2024\/03\/cropped-logo.png\",\"width\":374,\"height\":90,\"caption\":\"Infoecos\"},\"image\":{\"@id\":\"https:\/\/infoecos.com.ar\/#\/schema\/logo\/image\/\"},\"sameAs\":[\"https:\/\/www.facebook.com\/profile.php?id=100063200290284\",\"https:\/\/x.com\/infoecos\"]},{\"@type\":\"Person\",\"@id\":\"https:\/\/infoecos.com.ar\/#\/schema\/person\/8f5ace5ce73b4b4aac4b7245aee6f191\",\"name\":\"Jorge Matheus\",\"url\":\"https:\/\/infoecos.com.ar\/index.php\/author\/jomatheus\/\"}]}<\/script>\n<!-- \/ Yoast SEO plugin. -->","yoast_head_json":{"title":"Temperaturas muy elevadas para lo que resta de la semana y el domingo - Infoecos","robots":{"index":"index","follow":"follow","max-snippet":"max-snippet:-1","max-image-preview":"max-image-preview:large","max-video-preview":"max-video-preview:-1"},"canonical":"https:\/\/infoecos.com.ar\/index.php\/temperaturas-muy-elevadas-para-lo-que-resta-de-la-semana-y-el-domingo\/","og_locale":"es_ES","og_type":"article","og_title":"Temperaturas muy elevadas para lo que resta de la semana y el domingo - Infoecos","og_description":"No hay estimaci\u00f3n de lluvias para lo que resta de la semana","og_url":"https:\/\/infoecos.com.ar\/index.php\/temperaturas-muy-elevadas-para-lo-que-resta-de-la-semana-y-el-domingo\/","og_site_name":"Infoecos","article_publisher":"https:\/\/www.facebook.com\/profile.php?id=100063200290284","article_published_time":"2024-01-24T13:12:28+00:00","article_modified_time":"2024-01-24T16:33:16+00:00","og_image":[{"width":225,"height":225,"url":"https:\/\/infoecos.com.ar\/wp-content\/uploads\/images-4.jpg","type":"image\/jpeg"}],"author":"Jorge Matheus","twitter_card":"summary_large_image","twitter_creator":"@infoecos","twitter_site":"@infoecos","twitter_misc":{"Escrito por":"Jorge Matheus","Tiempo de lectura":"1 minuto"},"schema":{"@context":"https:\/\/schema.org","@graph":[{"@type":"Article","@id":"https:\/\/infoecos.com.ar\/index.php\/temperaturas-muy-elevadas-para-lo-que-resta-de-la-semana-y-el-domingo\/#article","isPartOf":{"@id":"https:\/\/infoecos.com.ar\/index.php\/temperaturas-muy-elevadas-para-lo-que-resta-de-la-semana-y-el-domingo\/"},"author":{"name":"Jorge Matheus","@id":"https:\/\/infoecos.com.ar\/#\/schema\/person\/8f5ace5ce73b4b4aac4b7245aee6f191"},"headline":"Temperaturas muy elevadas para lo que resta de la semana y el domingo","datePublished":"2024-01-24T13:12:28+00:00","dateModified":"2024-01-24T16:33:16+00:00","mainEntityOfPage":{"@id":"https:\/\/infoecos.com.ar\/index.php\/temperaturas-muy-elevadas-para-lo-que-resta-de-la-semana-y-el-domingo\/"},"wordCount":76,"publisher":{"@id":"https:\/\/infoecos.com.ar\/#organization"},"image":{"@id":"https:\/\/infoecos.com.ar\/index.php\/temperaturas-muy-elevadas-para-lo-que-resta-de-la-semana-y-el-domingo\/#primaryimage"},"thumbnailUrl":"","keywords":["CLIMA TRENQUE LAUQUEN Y ZONA"],"articleSection":["C3 N2"],"inLanguage":"es"},{"@type":"WebPage","@id":"https:\/\/infoecos.com.ar\/index.php\/temperaturas-muy-elevadas-para-lo-que-resta-de-la-semana-y-el-domingo\/","url":"https:\/\/infoecos.com.ar\/index.php\/temperaturas-muy-elevadas-para-lo-que-resta-de-la-semana-y-el-domingo\/","name":"Temperaturas muy elevadas para lo que resta de la semana y el domingo - Infoecos","isPartOf":{"@id":"https:\/\/infoecos.com.ar\/#website"},"primaryImageOfPage":{"@id":"https:\/\/infoecos.com.ar\/index.php\/temperaturas-muy-elevadas-para-lo-que-resta-de-la-semana-y-el-domingo\/#primaryimage"},"image":{"@id":"https:\/\/infoecos.com.ar\/index.php\/temperaturas-muy-elevadas-para-lo-que-resta-de-la-semana-y-el-domingo\/#primaryimage"},"thumbnailUrl":"","datePublished":"2024-01-24T13:12:28+00:00","dateModified":"2024-01-24T16:33:16+00:00","breadcrumb":{"@id":"https:\/\/infoecos.com.ar\/index.php\/temperaturas-muy-elevadas-para-lo-que-resta-de-la-semana-y-el-domingo\/#breadcrumb"},"inLanguage":"es","potentialAction":[{"@type":"ReadAction","target":["https:\/\/infoecos.com.ar\/index.php\/temperaturas-muy-elevadas-para-lo-que-resta-de-la-semana-y-el-domingo\/"]}]},{"@type":"ImageObject","inLanguage":"es","@id":"https:\/\/infoecos.com.ar\/index.php\/temperaturas-muy-elevadas-para-lo-que-resta-de-la-semana-y-el-domingo\/#primaryimage","url":"","contentUrl":""},{"@type":"BreadcrumbList","@id":"https:\/\/infoecos.com.ar\/index.php\/temperaturas-muy-elevadas-para-lo-que-resta-de-la-semana-y-el-domingo\/#breadcrumb","itemListElement":[{"@type":"ListItem","position":1,"name":"Portada","item":"https:\/\/infoecos.com.ar\/"},{"@type":"ListItem","position":2,"name":"Temperaturas muy elevadas para lo que resta de la semana y el domingo"}]},{"@type":"WebSite","@id":"https:\/\/infoecos.com.ar\/#website","url":"https:\/\/infoecos.com.ar\/","name":"Infoecos","description":"Noticias de trenque lauquen y la zona","publisher":{"@id":"https:\/\/infoecos.com.ar\/#organization"},"alternateName":"Noticias","potentialAction":[{"@type":"SearchAction","target":{"@type":"EntryPoint","urlTemplate":"https:\/\/infoecos.com.ar\/?s={search_term_string}"},"query-input":{"@type":"PropertyValueSpecification","valueRequired":true,"valueName":"search_term_string"}}],"inLanguage":"es"},{"@type":"Organization","@id":"https:\/\/infoecos.com.ar\/#organization","name":"Infoecos","alternateName":"Noticias","url":"https:\/\/infoecos.com.ar\/","logo":{"@type":"ImageObject","inLanguage":"es","@id":"https:\/\/infoecos.com.ar\/#\/schema\/logo\/image\/","url":"https:\/\/infoecos.com.ar\/wp-content\/uploads\/2024\/03\/cropped-logo.png","contentUrl":"https:\/\/infoecos.com.ar\/wp-content\/uploads\/2024\/03\/cropped-logo.png","width":374,"height":90,"caption":"Infoecos"},"image":{"@id":"https:\/\/infoecos.com.ar\/#\/schema\/logo\/image\/"},"sameAs":["https:\/\/www.facebook.com\/profile.php?id=100063200290284","https:\/\/x.com\/infoecos"]},{"@type":"Person","@id":"https:\/\/infoecos.com.ar\/#\/schema\/person\/8f5ace5ce73b4b4aac4b7245aee6f191","name":"Jorge Matheus","url":"https:\/\/infoecos.com.ar\/index.php\/author\/jomatheus\/"}]}},"featured_image_urls":{"full":"","thumbnail":"","medium":"","medium_large":"","large":"","1536x1536":"","2048x2048":"","covernews-slider-full":"","covernews-slider-center":"","covernews-featured":"","covernews-medium":"","covernews-medium-square":""},"author_info":{"info":["Jorge Matheus"]},"category_info":"<a href=\"https:\/\/infoecos.com.ar\/index.php\/category\/c3nota2\/\" rel=\"category tag\">C3 N2<\/a>","tag_info":"C3 N2","comment_count":"0","_links":{"self":[{"href":"https:\/\/infoecos.com.ar\/index.php\/wp-json\/wp\/v2\/posts\/117730"}],"collection":[{"href":"https:\/\/infoecos.com.ar\/index.php\/wp-json\/wp\/v2\/posts"}],"about":[{"href":"https:\/\/infoecos.com.ar\/index.php\/wp-json\/wp\/v2\/types\/post"}],"author":[{"embeddable":true,"href":"https:\/\/infoecos.com.ar\/index.php\/wp-json\/wp\/v2\/users\/2"}],"replies":[{"embeddable":true,"href":"https:\/\/infoecos.com.ar\/index.php\/wp-json\/wp\/v2\/comments?post=117730"}],"version-history":[{"count":1,"href":"https:\/\/infoecos.com.ar\/index.php\/wp-json\/wp\/v2\/posts\/117730\/revisions"}],"predecessor-version":[{"id":117733,"href":"https:\/\/infoecos.com.ar\/index.php\/wp-json\/wp\/v2\/posts\/117730\/revisions\/117733"}],"wp:featuredmedia":[{"embeddable":true,"href":"https:\/\/infoecos.com.ar\/index.php\/wp-json\/"}],"wp:attachment":[{"href":"https:\/\/infoecos.com.ar\/index.php\/wp-json\/wp\/v2\/media?parent=117730"}],"wp:term":[{"taxonomy":"category","embeddable":true,"href":"https:\/\/infoecos.com.ar\/index.php\/wp-json\/wp\/v2\/categories?post=117730"},{"taxonomy":"post_tag","embeddable":true,"href":"https:\/\/infoecos.com.ar\/index.php\/wp-json\/wp\/v2\/tags?post=117730"}],"curies":[{"name":"wp","href":"https:\/\/api.w.org\/{rel}","templated":true}]}}