{"id":117781,"date":"2024-01-25T00:56:10","date_gmt":"2024-01-25T03:56:10","guid":{"rendered":"https:\/\/infoecos.com.ar\/?p=117781"},"modified":"2024-01-25T14:52:32","modified_gmt":"2024-01-25T17:52:32","slug":"el-intendente-de-salliquelo-ariel-sucurro-se-sumo-a-la-movilizacion-en-su-distrito","status":"publish","type":"post","link":"https:\/\/infoecos.com.ar\/index.php\/el-intendente-de-salliquelo-ariel-sucurro-se-sumo-a-la-movilizacion-en-su-distrito\/","title":{"rendered":"El intendente de Salliquel\u00f3, Ariel Sucurro, se sum\u00f3 a la movilizaci\u00f3n en su distrito"},"content":{"rendered":"\n<figure class=\"wp-block-image alignright size-full is-resized\"><img loading=\"lazy\" decoding=\"async\" src=\"https:\/\/infoecos.com.ar\/wp-content\/uploads\/2024\/01\/image-143.png\" alt=\"\" class=\"wp-image-117782\" width=\"468\" height=\"302\"\/><figcaption class=\"wp-element-caption\">Foto Veradia.com. Plaza princial Salliquel\u00f3 <\/figcaption><\/figure>\n\n\n\n<p>En el distrito de Salliquel\u00f3 el rechazo a la Ley \u00d3mnibus y el DNU fue organizado por una Multisindical, integrada por ATE, STM, UPCN, Luz y Fuerza, ATILRA Seccional Trenque Lauquen y Seccional Bah\u00eda Blanca, La Bancaria, FEB y SUTEBA. <\/p>\n\n\n\n<p>Se realiz\u00f3 una concentraci\u00f3n en la plaza principal de la ciudad cabecera, hubo una marcha alrededor de la misma y se ley\u00f3 un documento.<\/p>\n\n\n\n<p>El intendente municipal, Ariel Sucurro acompa\u00f1\u00f3 esta expresi\u00f3n, acompa\u00f1ado por funcionarios de su equipo. Habl\u00f3 en la oportunidad, felicitando a las diferentes organizaciones convocantes, se\u00f1alando que desde el bloque oficialista (UxP) se impuls\u00f3 en el Concejo Deliberante un proyecto para repudiar la Ley \u00d3mnibus y el DNU. <\/p>\n\n\n\n<p>El Jefe Comunal enfatiz\u00f3 que institucionalmente y en la calle apoya el paro e hizo hincapi\u00e9 en que las pol\u00edticas del gobierno nacional constituyen una amenaza. <\/p>\n\n\n\n<p>Finalmente mostr\u00f3 su preocupaci\u00f3n por la situaci\u00f3n de comerciantes comerciantes y emprendedores, que en muchos casos se han dirigido al municipio transmitiendo incertidumbre ante la devaluaci\u00f3n y los pr\u00f3ximos aumentos de tarifas. <\/p>\n\n\n\n<p><strong>Fuente y foto: veradia.com<\/strong><\/p>\n","protected":false},"excerpt":{"rendered":"<p>Se realiz\u00f3 una concentraci\u00f3n en la plaza principal de la ciudad cabecera, hubo una marcha alrededor de la misma y se ley\u00f3 un documento<\/p>\n","protected":false},"author":2,"featured_media":117782,"comment_status":"closed","ping_status":"open","sticky":false,"template":"","format":"standard","meta":{"footnotes":""},"categories":[48],"tags":[9925],"class_list":["post-117781","post","type-post","status-publish","format-standard","has-post-thumbnail","hentry","category-c2nota3","tag-contra-la-ley-omnibus-y-el-dnu"],"yoast_head":"<!-- This site is optimized with the Yoast SEO plugin v23.4 - https:\/\/yoast.com\/wordpress\/plugins\/seo\/ -->\n<title>El intendente de Salliquel\u00f3, Ariel Sucurro, se sum\u00f3 a la movilizaci\u00f3n en su distrito - Infoecos<\/title>\n<meta name=\"robots\" content=\"index, follow, max-snippet:-1, max-image-preview:large, max-video-preview:-1\" \/>\n<link rel=\"canonical\" href=\"https:\/\/infoecos.com.ar\/index.php\/el-intendente-de-salliquelo-ariel-sucurro-se-sumo-a-la-movilizacion-en-su-distrito\/\" \/>\n<meta property=\"og:locale\" content=\"es_ES\" \/>\n<meta property=\"og:type\" content=\"article\" \/>\n<meta property=\"og:title\" content=\"El intendente de Salliquel\u00f3, Ariel Sucurro, se sum\u00f3 a la movilizaci\u00f3n en su distrito - Infoecos\" \/>\n<meta property=\"og:description\" content=\"Se realiz\u00f3 una concentraci\u00f3n en la plaza principal de la ciudad cabecera, hubo una marcha alrededor de la misma y se ley\u00f3 un documento\" \/>\n<meta property=\"og:url\" content=\"https:\/\/infoecos.com.ar\/index.php\/el-intendente-de-salliquelo-ariel-sucurro-se-sumo-a-la-movilizacion-en-su-distrito\/\" \/>\n<meta property=\"og:site_name\" content=\"Infoecos\" \/>\n<meta property=\"article:publisher\" content=\"https:\/\/www.facebook.com\/profile.php?id=100063200290284\" \/>\n<meta property=\"article:published_time\" content=\"2024-01-25T03:56:10+00:00\" \/>\n<meta property=\"article:modified_time\" content=\"2024-01-25T17:52:32+00:00\" \/>\n<meta property=\"og:image\" content=\"https:\/\/infoecos.com.ar\/wp-content\/uploads\/2024\/01\/image-143.png\" \/>\n\t<meta property=\"og:image:width\" content=\"690\" \/>\n\t<meta property=\"og:image:height\" content=\"446\" \/>\n\t<meta property=\"og:image:type\" content=\"image\/png\" \/>\n<meta name=\"author\" content=\"Jorge Matheus\" \/>\n<meta name=\"twitter:card\" content=\"summary_large_image\" \/>\n<meta name=\"twitter:creator\" content=\"@infoecos\" \/>\n<meta name=\"twitter:site\" content=\"@infoecos\" \/>\n<meta name=\"twitter:label1\" content=\"Escrito por\" \/>\n\t<meta name=\"twitter:data1\" content=\"Jorge Matheus\" \/>\n\t<meta name=\"twitter:label2\" content=\"Tiempo de lectura\" \/>\n\t<meta name=\"twitter:data2\" content=\"2 minutos\" \/>\n<script type=\"application\/ld+json\" class=\"yoast-schema-graph\">{\"@context\":\"https:\/\/schema.org\",\"@graph\":[{\"@type\":\"Article\",\"@id\":\"https:\/\/infoecos.com.ar\/index.php\/el-intendente-de-salliquelo-ariel-sucurro-se-sumo-a-la-movilizacion-en-su-distrito\/#article\",\"isPartOf\":{\"@id\":\"https:\/\/infoecos.com.ar\/index.php\/el-intendente-de-salliquelo-ariel-sucurro-se-sumo-a-la-movilizacion-en-su-distrito\/\"},\"author\":{\"name\":\"Jorge Matheus\",\"@id\":\"https:\/\/infoecos.com.ar\/#\/schema\/person\/8f5ace5ce73b4b4aac4b7245aee6f191\"},\"headline\":\"El intendente de Salliquel\u00f3, Ariel Sucurro, se sum\u00f3 a la movilizaci\u00f3n en su distrito\",\"datePublished\":\"2024-01-25T03:56:10+00:00\",\"dateModified\":\"2024-01-25T17:52:32+00:00\",\"mainEntityOfPage\":{\"@id\":\"https:\/\/infoecos.com.ar\/index.php\/el-intendente-de-salliquelo-ariel-sucurro-se-sumo-a-la-movilizacion-en-su-distrito\/\"},\"wordCount\":205,\"publisher\":{\"@id\":\"https:\/\/infoecos.com.ar\/#organization\"},\"image\":{\"@id\":\"https:\/\/infoecos.com.ar\/index.php\/el-intendente-de-salliquelo-ariel-sucurro-se-sumo-a-la-movilizacion-en-su-distrito\/#primaryimage\"},\"thumbnailUrl\":\"https:\/\/infoecos.com.ar\/wp-content\/uploads\/2024\/01\/image-143.png\",\"keywords\":[\"contra LA LEY \u00d3MNIBUS Y EL DNU\"],\"articleSection\":[\"C2 N3\"],\"inLanguage\":\"es\"},{\"@type\":\"WebPage\",\"@id\":\"https:\/\/infoecos.com.ar\/index.php\/el-intendente-de-salliquelo-ariel-sucurro-se-sumo-a-la-movilizacion-en-su-distrito\/\",\"url\":\"https:\/\/infoecos.com.ar\/index.php\/el-intendente-de-salliquelo-ariel-sucurro-se-sumo-a-la-movilizacion-en-su-distrito\/\",\"name\":\"El intendente de Salliquel\u00f3, Ariel Sucurro, se sum\u00f3 a la movilizaci\u00f3n en su distrito - Infoecos\",\"isPartOf\":{\"@id\":\"https:\/\/infoecos.com.ar\/#website\"},\"primaryImageOfPage\":{\"@id\":\"https:\/\/infoecos.com.ar\/index.php\/el-intendente-de-salliquelo-ariel-sucurro-se-sumo-a-la-movilizacion-en-su-distrito\/#primaryimage\"},\"image\":{\"@id\":\"https:\/\/infoecos.com.ar\/index.php\/el-intendente-de-salliquelo-ariel-sucurro-se-sumo-a-la-movilizacion-en-su-distrito\/#primaryimage\"},\"thumbnailUrl\":\"https:\/\/infoecos.com.ar\/wp-content\/uploads\/2024\/01\/image-143.png\",\"datePublished\":\"2024-01-25T03:56:10+00:00\",\"dateModified\":\"2024-01-25T17:52:32+00:00\",\"breadcrumb\":{\"@id\":\"https:\/\/infoecos.com.ar\/index.php\/el-intendente-de-salliquelo-ariel-sucurro-se-sumo-a-la-movilizacion-en-su-distrito\/#breadcrumb\"},\"inLanguage\":\"es\",\"potentialAction\":[{\"@type\":\"ReadAction\",\"target\":[\"https:\/\/infoecos.com.ar\/index.php\/el-intendente-de-salliquelo-ariel-sucurro-se-sumo-a-la-movilizacion-en-su-distrito\/\"]}]},{\"@type\":\"ImageObject\",\"inLanguage\":\"es\",\"@id\":\"https:\/\/infoecos.com.ar\/index.php\/el-intendente-de-salliquelo-ariel-sucurro-se-sumo-a-la-movilizacion-en-su-distrito\/#primaryimage\",\"url\":\"https:\/\/infoecos.com.ar\/wp-content\/uploads\/2024\/01\/image-143.png\",\"contentUrl\":\"https:\/\/infoecos.com.ar\/wp-content\/uploads\/2024\/01\/image-143.png\",\"width\":690,\"height\":446},{\"@type\":\"BreadcrumbList\",\"@id\":\"https:\/\/infoecos.com.ar\/index.php\/el-intendente-de-salliquelo-ariel-sucurro-se-sumo-a-la-movilizacion-en-su-distrito\/#breadcrumb\",\"itemListElement\":[{\"@type\":\"ListItem\",\"position\":1,\"name\":\"Portada\",\"item\":\"https:\/\/infoecos.com.ar\/\"},{\"@type\":\"ListItem\",\"position\":2,\"name\":\"El intendente de Salliquel\u00f3, Ariel Sucurro, se sum\u00f3 a la movilizaci\u00f3n en su distrito\"}]},{\"@type\":\"WebSite\",\"@id\":\"https:\/\/infoecos.com.ar\/#website\",\"url\":\"https:\/\/infoecos.com.ar\/\",\"name\":\"Infoecos\",\"description\":\"Noticias de trenque lauquen y la zona\",\"publisher\":{\"@id\":\"https:\/\/infoecos.com.ar\/#organization\"},\"alternateName\":\"Noticias\",\"potentialAction\":[{\"@type\":\"SearchAction\",\"target\":{\"@type\":\"EntryPoint\",\"urlTemplate\":\"https:\/\/infoecos.com.ar\/?s={search_term_string}\"},\"query-input\":{\"@type\":\"PropertyValueSpecification\",\"valueRequired\":true,\"valueName\":\"search_term_string\"}}],\"inLanguage\":\"es\"},{\"@type\":\"Organization\",\"@id\":\"https:\/\/infoecos.com.ar\/#organization\",\"name\":\"Infoecos\",\"alternateName\":\"Noticias\",\"url\":\"https:\/\/infoecos.com.ar\/\",\"logo\":{\"@type\":\"ImageObject\",\"inLanguage\":\"es\",\"@id\":\"https:\/\/infoecos.com.ar\/#\/schema\/logo\/image\/\",\"url\":\"https:\/\/infoecos.com.ar\/wp-content\/uploads\/2024\/03\/cropped-logo.png\",\"contentUrl\":\"https:\/\/infoecos.com.ar\/wp-content\/uploads\/2024\/03\/cropped-logo.png\",\"width\":374,\"height\":90,\"caption\":\"Infoecos\"},\"image\":{\"@id\":\"https:\/\/infoecos.com.ar\/#\/schema\/logo\/image\/\"},\"sameAs\":[\"https:\/\/www.facebook.com\/profile.php?id=100063200290284\",\"https:\/\/x.com\/infoecos\"]},{\"@type\":\"Person\",\"@id\":\"https:\/\/infoecos.com.ar\/#\/schema\/person\/8f5ace5ce73b4b4aac4b7245aee6f191\",\"name\":\"Jorge Matheus\",\"url\":\"https:\/\/infoecos.com.ar\/index.php\/author\/jomatheus\/\"}]}<\/script>\n<!-- \/ Yoast SEO plugin. -->","yoast_head_json":{"title":"El intendente de Salliquel\u00f3, Ariel Sucurro, se sum\u00f3 a la movilizaci\u00f3n en su distrito - Infoecos","robots":{"index":"index","follow":"follow","max-snippet":"max-snippet:-1","max-image-preview":"max-image-preview:large","max-video-preview":"max-video-preview:-1"},"canonical":"https:\/\/infoecos.com.ar\/index.php\/el-intendente-de-salliquelo-ariel-sucurro-se-sumo-a-la-movilizacion-en-su-distrito\/","og_locale":"es_ES","og_type":"article","og_title":"El intendente de Salliquel\u00f3, Ariel Sucurro, se sum\u00f3 a la movilizaci\u00f3n en su distrito - Infoecos","og_description":"Se realiz\u00f3 una concentraci\u00f3n en la plaza principal de la ciudad cabecera, hubo una marcha alrededor de la misma y se ley\u00f3 un documento","og_url":"https:\/\/infoecos.com.ar\/index.php\/el-intendente-de-salliquelo-ariel-sucurro-se-sumo-a-la-movilizacion-en-su-distrito\/","og_site_name":"Infoecos","article_publisher":"https:\/\/www.facebook.com\/profile.php?id=100063200290284","article_published_time":"2024-01-25T03:56:10+00:00","article_modified_time":"2024-01-25T17:52:32+00:00","og_image":[{"width":690,"height":446,"url":"https:\/\/infoecos.com.ar\/wp-content\/uploads\/2024\/01\/image-143.png","type":"image\/png"}],"author":"Jorge Matheus","twitter_card":"summary_large_image","twitter_creator":"@infoecos","twitter_site":"@infoecos","twitter_misc":{"Escrito por":"Jorge Matheus","Tiempo de lectura":"2 minutos"},"schema":{"@context":"https:\/\/schema.org","@graph":[{"@type":"Article","@id":"https:\/\/infoecos.com.ar\/index.php\/el-intendente-de-salliquelo-ariel-sucurro-se-sumo-a-la-movilizacion-en-su-distrito\/#article","isPartOf":{"@id":"https:\/\/infoecos.com.ar\/index.php\/el-intendente-de-salliquelo-ariel-sucurro-se-sumo-a-la-movilizacion-en-su-distrito\/"},"author":{"name":"Jorge Matheus","@id":"https:\/\/infoecos.com.ar\/#\/schema\/person\/8f5ace5ce73b4b4aac4b7245aee6f191"},"headline":"El intendente de Salliquel\u00f3, Ariel Sucurro, se sum\u00f3 a la movilizaci\u00f3n en su distrito","datePublished":"2024-01-25T03:56:10+00:00","dateModified":"2024-01-25T17:52:32+00:00","mainEntityOfPage":{"@id":"https:\/\/infoecos.com.ar\/index.php\/el-intendente-de-salliquelo-ariel-sucurro-se-sumo-a-la-movilizacion-en-su-distrito\/"},"wordCount":205,"publisher":{"@id":"https:\/\/infoecos.com.ar\/#organization"},"image":{"@id":"https:\/\/infoecos.com.ar\/index.php\/el-intendente-de-salliquelo-ariel-sucurro-se-sumo-a-la-movilizacion-en-su-distrito\/#primaryimage"},"thumbnailUrl":"https:\/\/infoecos.com.ar\/wp-content\/uploads\/2024\/01\/image-143.png","keywords":["contra LA LEY \u00d3MNIBUS Y EL DNU"],"articleSection":["C2 N3"],"inLanguage":"es"},{"@type":"WebPage","@id":"https:\/\/infoecos.com.ar\/index.php\/el-intendente-de-salliquelo-ariel-sucurro-se-sumo-a-la-movilizacion-en-su-distrito\/","url":"https:\/\/infoecos.com.ar\/index.php\/el-intendente-de-salliquelo-ariel-sucurro-se-sumo-a-la-movilizacion-en-su-distrito\/","name":"El intendente de Salliquel\u00f3, Ariel Sucurro, se sum\u00f3 a la movilizaci\u00f3n en su distrito - Infoecos","isPartOf":{"@id":"https:\/\/infoecos.com.ar\/#website"},"primaryImageOfPage":{"@id":"https:\/\/infoecos.com.ar\/index.php\/el-intendente-de-salliquelo-ariel-sucurro-se-sumo-a-la-movilizacion-en-su-distrito\/#primaryimage"},"image":{"@id":"https:\/\/infoecos.com.ar\/index.php\/el-intendente-de-salliquelo-ariel-sucurro-se-sumo-a-la-movilizacion-en-su-distrito\/#primaryimage"},"thumbnailUrl":"https:\/\/infoecos.com.ar\/wp-content\/uploads\/2024\/01\/image-143.png","datePublished":"2024-01-25T03:56:10+00:00","dateModified":"2024-01-25T17:52:32+00:00","breadcrumb":{"@id":"https:\/\/infoecos.com.ar\/index.php\/el-intendente-de-salliquelo-ariel-sucurro-se-sumo-a-la-movilizacion-en-su-distrito\/#breadcrumb"},"inLanguage":"es","potentialAction":[{"@type":"ReadAction","target":["https:\/\/infoecos.com.ar\/index.php\/el-intendente-de-salliquelo-ariel-sucurro-se-sumo-a-la-movilizacion-en-su-distrito\/"]}]},{"@type":"ImageObject","inLanguage":"es","@id":"https:\/\/infoecos.com.ar\/index.php\/el-intendente-de-salliquelo-ariel-sucurro-se-sumo-a-la-movilizacion-en-su-distrito\/#primaryimage","url":"https:\/\/infoecos.com.ar\/wp-content\/uploads\/2024\/01\/image-143.png","contentUrl":"https:\/\/infoecos.com.ar\/wp-content\/uploads\/2024\/01\/image-143.png","width":690,"height":446},{"@type":"BreadcrumbList","@id":"https:\/\/infoecos.com.ar\/index.php\/el-intendente-de-salliquelo-ariel-sucurro-se-sumo-a-la-movilizacion-en-su-distrito\/#breadcrumb","itemListElement":[{"@type":"ListItem","position":1,"name":"Portada","item":"https:\/\/infoecos.com.ar\/"},{"@type":"ListItem","position":2,"name":"El intendente de Salliquel\u00f3, Ariel Sucurro, se sum\u00f3 a la movilizaci\u00f3n en su distrito"}]},{"@type":"WebSite","@id":"https:\/\/infoecos.com.ar\/#website","url":"https:\/\/infoecos.com.ar\/","name":"Infoecos","description":"Noticias de trenque lauquen y la zona","publisher":{"@id":"https:\/\/infoecos.com.ar\/#organization"},"alternateName":"Noticias","potentialAction":[{"@type":"SearchAction","target":{"@type":"EntryPoint","urlTemplate":"https:\/\/infoecos.com.ar\/?s={search_term_string}"},"query-input":{"@type":"PropertyValueSpecification","valueRequired":true,"valueName":"search_term_string"}}],"inLanguage":"es"},{"@type":"Organization","@id":"https:\/\/infoecos.com.ar\/#organization","name":"Infoecos","alternateName":"Noticias","url":"https:\/\/infoecos.com.ar\/","logo":{"@type":"ImageObject","inLanguage":"es","@id":"https:\/\/infoecos.com.ar\/#\/schema\/logo\/image\/","url":"https:\/\/infoecos.com.ar\/wp-content\/uploads\/2024\/03\/cropped-logo.png","contentUrl":"https:\/\/infoecos.com.ar\/wp-content\/uploads\/2024\/03\/cropped-logo.png","width":374,"height":90,"caption":"Infoecos"},"image":{"@id":"https:\/\/infoecos.com.ar\/#\/schema\/logo\/image\/"},"sameAs":["https:\/\/www.facebook.com\/profile.php?id=100063200290284","https:\/\/x.com\/infoecos"]},{"@type":"Person","@id":"https:\/\/infoecos.com.ar\/#\/schema\/person\/8f5ace5ce73b4b4aac4b7245aee6f191","name":"Jorge Matheus","url":"https:\/\/infoecos.com.ar\/index.php\/author\/jomatheus\/"}]}},"featured_image_urls":{"full":["https:\/\/infoecos.com.ar\/wp-content\/uploads\/2024\/01\/image-143.png",690,446,false],"thumbnail":["https:\/\/infoecos.com.ar\/wp-content\/uploads\/2024\/01\/image-143-300x150.png",300,150,true],"medium":["https:\/\/infoecos.com.ar\/wp-content\/uploads\/2024\/01\/image-143.png",690,446,false],"medium_large":["https:\/\/infoecos.com.ar\/wp-content\/uploads\/2024\/01\/image-143.png",640,414,false],"large":["https:\/\/infoecos.com.ar\/wp-content\/uploads\/2024\/01\/image-143.png",640,414,false],"1536x1536":["https:\/\/infoecos.com.ar\/wp-content\/uploads\/2024\/01\/image-143.png",690,446,false],"2048x2048":["https:\/\/infoecos.com.ar\/wp-content\/uploads\/2024\/01\/image-143.png",690,446,false],"covernews-slider-full":["https:\/\/infoecos.com.ar\/wp-content\/uploads\/2024\/01\/image-143.png",690,446,false],"covernews-slider-center":["https:\/\/infoecos.com.ar\/wp-content\/uploads\/2024\/01\/image-143.png",690,446,false],"covernews-featured":["https:\/\/infoecos.com.ar\/wp-content\/uploads\/2024\/01\/image-143.png",690,446,false],"covernews-medium":["https:\/\/infoecos.com.ar\/wp-content\/uploads\/2024\/01\/image-143-690x380.png",540,297,true],"covernews-medium-square":["https:\/\/infoecos.com.ar\/wp-content\/uploads\/2024\/01\/image-143-675x446.png",378,250,true]},"author_info":{"info":["Jorge Matheus"]},"category_info":"<a href=\"https:\/\/infoecos.com.ar\/index.php\/category\/c2nota3\/\" rel=\"category tag\">C2 N3<\/a>","tag_info":"C2 N3","comment_count":"0","_links":{"self":[{"href":"https:\/\/infoecos.com.ar\/index.php\/wp-json\/wp\/v2\/posts\/117781"}],"collection":[{"href":"https:\/\/infoecos.com.ar\/index.php\/wp-json\/wp\/v2\/posts"}],"about":[{"href":"https:\/\/infoecos.com.ar\/index.php\/wp-json\/wp\/v2\/types\/post"}],"author":[{"embeddable":true,"href":"https:\/\/infoecos.com.ar\/index.php\/wp-json\/wp\/v2\/users\/2"}],"replies":[{"embeddable":true,"href":"https:\/\/infoecos.com.ar\/index.php\/wp-json\/wp\/v2\/comments?post=117781"}],"version-history":[{"count":1,"href":"https:\/\/infoecos.com.ar\/index.php\/wp-json\/wp\/v2\/posts\/117781\/revisions"}],"predecessor-version":[{"id":117783,"href":"https:\/\/infoecos.com.ar\/index.php\/wp-json\/wp\/v2\/posts\/117781\/revisions\/117783"}],"wp:featuredmedia":[{"embeddable":true,"href":"https:\/\/infoecos.com.ar\/index.php\/wp-json\/wp\/v2\/media\/117782"}],"wp:attachment":[{"href":"https:\/\/infoecos.com.ar\/index.php\/wp-json\/wp\/v2\/media?parent=117781"}],"wp:term":[{"taxonomy":"category","embeddable":true,"href":"https:\/\/infoecos.com.ar\/index.php\/wp-json\/wp\/v2\/categories?post=117781"},{"taxonomy":"post_tag","embeddable":true,"href":"https:\/\/infoecos.com.ar\/index.php\/wp-json\/wp\/v2\/tags?post=117781"}],"curies":[{"name":"wp","href":"https:\/\/api.w.org\/{rel}","templated":true}]}}