{"id":117862,"date":"2024-01-27T09:30:24","date_gmt":"2024-01-27T12:30:24","guid":{"rendered":"https:\/\/infoecos.com.ar\/?p=117862"},"modified":"2024-01-27T14:52:55","modified_gmt":"2024-01-27T17:52:55","slug":"monte-hermoso-se-espera-un-fin-de-semana-con-aluvion-de-turistas","status":"publish","type":"post","link":"https:\/\/infoecos.com.ar\/index.php\/monte-hermoso-se-espera-un-fin-de-semana-con-aluvion-de-turistas\/","title":{"rendered":"Monte Hermoso: se espera un fin de semana con aluvi\u00f3n de turistas"},"content":{"rendered":"\n<figure class=\"wp-block-image alignright size-full is-resized\"><img loading=\"lazy\" decoding=\"async\" src=\"https:\/\/infoecos.com.ar\/wp-content\/uploads\/2024\/01\/image-159.png\" alt=\"\" class=\"wp-image-117863\" width=\"432\" height=\"243\" srcset=\"https:\/\/infoecos.com.ar\/wp-content\/uploads\/2024\/01\/image-159.png 807w, https:\/\/infoecos.com.ar\/wp-content\/uploads\/2024\/01\/image-159-800x450.png 800w, https:\/\/infoecos.com.ar\/wp-content\/uploads\/2024\/01\/image-159-768x432.png 768w\" sizes=\"(max-width: 432px) 100vw, 432px\" \/><\/figure>\n\n\n\n<p>Para hoy y ma\u00f1ana se espera un nuevo aluvi\u00f3n de turistas en Monte Hermoso, se\u00f1ala en su portada digital el diario lanueva.com de Bah\u00eda Blanca.<\/p>\n\n\n\n<p>Se\u00f1ala el medio colega que esto har\u00e1 que quede atr\u00e1s el mal sabor que dej\u00f3 en empresarios y comerciantes del sector tur\u00edstico la pobre primera quincena del mes.<\/p>\n\n\n\n<p>El medio colega consigna en referencia al fin de semana anterior <strong>El s\u00e1bado 20 y domingo 21 los niveles de ocupaci\u00f3n rozaron el 100%. Con las condiciones clim\u00e1ticas que se esperan para estos d\u00edas, en el balneario hay buenas expectativas de que lo ocurrido el fin de semana pasado se repita y acaso febrero arranque con aires de cambio.<\/strong><\/p>\n\n\n\n<p>El secretario de Turismo del municipio de Monte Hermoso, Franco Gentili, dijo a La Nueva <strong>\u201cEn la segunda quincena, en tanto, estamos viendo m\u00e1s turistas y menos residentes, lo que levanta el consumo en restaurantes, confiter\u00edas, cafeter\u00edas y dem\u00e1s\u201d<\/strong>.<\/p>\n\n\n\n<p><strong>El clima para este fin de semana<\/strong>:<\/p>\n\n\n\n<p><strong>S\u00c1BADO 27<\/strong><\/p>\n\n\n\n<p>Otro d\u00eda de alta temperatura, con 36 de m\u00e1xima y 26 de m\u00ednima a medianoche, soleado con intervalos nubosos.<\/p>\n\n\n\n<p>Viento intenso del norte, con un per\u00edodo rotando al noroeste, algo m\u00e1s calmo a la noche.<\/p>\n\n\n\n<p><strong>DOMINGO 28<\/strong><\/p>\n\n\n\n<p>Prev\u00e9n aumento de nubosidad, sin cambios en las marcas t\u00e9rmicas.<\/p>\n\n\n\n<p>Continuidad de viento norte, de intensidad media, m\u00e1s leve hacia la tarde.<\/p>\n\n\n\n<p><strong>LUNES 29<\/strong><\/p>\n\n\n\n<p>No est\u00e1n previstos cambios significativos en los valores t\u00e9rmicos, previ\u00e9ndose soleados con per\u00edodos de nublado y&nbsp; parcialmente nublado.<\/p>\n","protected":false},"excerpt":{"rendered":"<p>Estimaci\u00f3n clim\u00e1tica para este s\u00e1bado: Otro d\u00eda de alta temperatura, con 36 de m\u00e1xima y 26 de m\u00ednima a medianoche, soleado con intervalos nubosos<\/p>\n","protected":false},"author":2,"featured_media":21872,"comment_status":"closed","ping_status":"open","sticky":false,"template":"","format":"standard","meta":{"footnotes":""},"categories":[28],"tags":[9937],"class_list":["post-117862","post","type-post","status-publish","format-standard","has-post-thumbnail","hentry","category-c1nota1","tag-clima-ideal"],"yoast_head":"<!-- This site is optimized with the Yoast SEO plugin v23.4 - https:\/\/yoast.com\/wordpress\/plugins\/seo\/ -->\n<title>Monte Hermoso: se espera un fin de semana con aluvi\u00f3n de turistas - Infoecos<\/title>\n<meta name=\"robots\" content=\"index, follow, max-snippet:-1, max-image-preview:large, max-video-preview:-1\" \/>\n<link rel=\"canonical\" href=\"https:\/\/infoecos.com.ar\/index.php\/monte-hermoso-se-espera-un-fin-de-semana-con-aluvion-de-turistas\/\" \/>\n<meta property=\"og:locale\" content=\"es_ES\" \/>\n<meta property=\"og:type\" content=\"article\" \/>\n<meta property=\"og:title\" content=\"Monte Hermoso: se espera un fin de semana con aluvi\u00f3n de turistas - Infoecos\" \/>\n<meta property=\"og:description\" content=\"Estimaci\u00f3n clim\u00e1tica para este s\u00e1bado: Otro d\u00eda de alta temperatura, con 36 de m\u00e1xima y 26 de m\u00ednima a medianoche, soleado con intervalos nubosos\" \/>\n<meta property=\"og:url\" content=\"https:\/\/infoecos.com.ar\/index.php\/monte-hermoso-se-espera-un-fin-de-semana-con-aluvion-de-turistas\/\" \/>\n<meta property=\"og:site_name\" content=\"Infoecos\" \/>\n<meta property=\"article:publisher\" content=\"https:\/\/www.facebook.com\/profile.php?id=100063200290284\" \/>\n<meta property=\"article:published_time\" content=\"2024-01-27T12:30:24+00:00\" \/>\n<meta property=\"article:modified_time\" content=\"2024-01-27T17:52:55+00:00\" \/>\n<meta property=\"og:image\" content=\"https:\/\/infoecos.com.ar\/wp-content\/uploads\/LUNES-MONTE-HERMOSO-SDARC-194204C.jpg\" \/>\n\t<meta property=\"og:image:width\" content=\"652\" \/>\n\t<meta property=\"og:image:height\" content=\"432\" \/>\n\t<meta property=\"og:image:type\" content=\"image\/jpeg\" \/>\n<meta name=\"author\" content=\"Jorge Matheus\" \/>\n<meta name=\"twitter:card\" content=\"summary_large_image\" \/>\n<meta name=\"twitter:creator\" content=\"@infoecos\" \/>\n<meta name=\"twitter:site\" content=\"@infoecos\" \/>\n<meta name=\"twitter:label1\" content=\"Escrito por\" \/>\n\t<meta name=\"twitter:data1\" content=\"Jorge Matheus\" \/>\n\t<meta name=\"twitter:label2\" content=\"Tiempo de lectura\" \/>\n\t<meta name=\"twitter:data2\" content=\"2 minutos\" \/>\n<script type=\"application\/ld+json\" class=\"yoast-schema-graph\">{\"@context\":\"https:\/\/schema.org\",\"@graph\":[{\"@type\":\"Article\",\"@id\":\"https:\/\/infoecos.com.ar\/index.php\/monte-hermoso-se-espera-un-fin-de-semana-con-aluvion-de-turistas\/#article\",\"isPartOf\":{\"@id\":\"https:\/\/infoecos.com.ar\/index.php\/monte-hermoso-se-espera-un-fin-de-semana-con-aluvion-de-turistas\/\"},\"author\":{\"name\":\"Jorge Matheus\",\"@id\":\"https:\/\/infoecos.com.ar\/#\/schema\/person\/8f5ace5ce73b4b4aac4b7245aee6f191\"},\"headline\":\"Monte Hermoso: se espera un fin de semana con aluvi\u00f3n de turistas\",\"datePublished\":\"2024-01-27T12:30:24+00:00\",\"dateModified\":\"2024-01-27T17:52:55+00:00\",\"mainEntityOfPage\":{\"@id\":\"https:\/\/infoecos.com.ar\/index.php\/monte-hermoso-se-espera-un-fin-de-semana-con-aluvion-de-turistas\/\"},\"wordCount\":274,\"publisher\":{\"@id\":\"https:\/\/infoecos.com.ar\/#organization\"},\"image\":{\"@id\":\"https:\/\/infoecos.com.ar\/index.php\/monte-hermoso-se-espera-un-fin-de-semana-con-aluvion-de-turistas\/#primaryimage\"},\"thumbnailUrl\":\"\",\"keywords\":[\"CLIMA IDEAL\"],\"articleSection\":[\"C1 N1\"],\"inLanguage\":\"es\"},{\"@type\":\"WebPage\",\"@id\":\"https:\/\/infoecos.com.ar\/index.php\/monte-hermoso-se-espera-un-fin-de-semana-con-aluvion-de-turistas\/\",\"url\":\"https:\/\/infoecos.com.ar\/index.php\/monte-hermoso-se-espera-un-fin-de-semana-con-aluvion-de-turistas\/\",\"name\":\"Monte Hermoso: se espera un fin de semana con aluvi\u00f3n de turistas - Infoecos\",\"isPartOf\":{\"@id\":\"https:\/\/infoecos.com.ar\/#website\"},\"primaryImageOfPage\":{\"@id\":\"https:\/\/infoecos.com.ar\/index.php\/monte-hermoso-se-espera-un-fin-de-semana-con-aluvion-de-turistas\/#primaryimage\"},\"image\":{\"@id\":\"https:\/\/infoecos.com.ar\/index.php\/monte-hermoso-se-espera-un-fin-de-semana-con-aluvion-de-turistas\/#primaryimage\"},\"thumbnailUrl\":\"\",\"datePublished\":\"2024-01-27T12:30:24+00:00\",\"dateModified\":\"2024-01-27T17:52:55+00:00\",\"breadcrumb\":{\"@id\":\"https:\/\/infoecos.com.ar\/index.php\/monte-hermoso-se-espera-un-fin-de-semana-con-aluvion-de-turistas\/#breadcrumb\"},\"inLanguage\":\"es\",\"potentialAction\":[{\"@type\":\"ReadAction\",\"target\":[\"https:\/\/infoecos.com.ar\/index.php\/monte-hermoso-se-espera-un-fin-de-semana-con-aluvion-de-turistas\/\"]}]},{\"@type\":\"ImageObject\",\"inLanguage\":\"es\",\"@id\":\"https:\/\/infoecos.com.ar\/index.php\/monte-hermoso-se-espera-un-fin-de-semana-con-aluvion-de-turistas\/#primaryimage\",\"url\":\"\",\"contentUrl\":\"\"},{\"@type\":\"BreadcrumbList\",\"@id\":\"https:\/\/infoecos.com.ar\/index.php\/monte-hermoso-se-espera-un-fin-de-semana-con-aluvion-de-turistas\/#breadcrumb\",\"itemListElement\":[{\"@type\":\"ListItem\",\"position\":1,\"name\":\"Portada\",\"item\":\"https:\/\/infoecos.com.ar\/\"},{\"@type\":\"ListItem\",\"position\":2,\"name\":\"Monte Hermoso: se espera un fin de semana con aluvi\u00f3n de turistas\"}]},{\"@type\":\"WebSite\",\"@id\":\"https:\/\/infoecos.com.ar\/#website\",\"url\":\"https:\/\/infoecos.com.ar\/\",\"name\":\"Infoecos\",\"description\":\"Noticias de trenque lauquen y la zona\",\"publisher\":{\"@id\":\"https:\/\/infoecos.com.ar\/#organization\"},\"alternateName\":\"Noticias\",\"potentialAction\":[{\"@type\":\"SearchAction\",\"target\":{\"@type\":\"EntryPoint\",\"urlTemplate\":\"https:\/\/infoecos.com.ar\/?s={search_term_string}\"},\"query-input\":{\"@type\":\"PropertyValueSpecification\",\"valueRequired\":true,\"valueName\":\"search_term_string\"}}],\"inLanguage\":\"es\"},{\"@type\":\"Organization\",\"@id\":\"https:\/\/infoecos.com.ar\/#organization\",\"name\":\"Infoecos\",\"alternateName\":\"Noticias\",\"url\":\"https:\/\/infoecos.com.ar\/\",\"logo\":{\"@type\":\"ImageObject\",\"inLanguage\":\"es\",\"@id\":\"https:\/\/infoecos.com.ar\/#\/schema\/logo\/image\/\",\"url\":\"https:\/\/infoecos.com.ar\/wp-content\/uploads\/2024\/03\/cropped-logo.png\",\"contentUrl\":\"https:\/\/infoecos.com.ar\/wp-content\/uploads\/2024\/03\/cropped-logo.png\",\"width\":374,\"height\":90,\"caption\":\"Infoecos\"},\"image\":{\"@id\":\"https:\/\/infoecos.com.ar\/#\/schema\/logo\/image\/\"},\"sameAs\":[\"https:\/\/www.facebook.com\/profile.php?id=100063200290284\",\"https:\/\/x.com\/infoecos\"]},{\"@type\":\"Person\",\"@id\":\"https:\/\/infoecos.com.ar\/#\/schema\/person\/8f5ace5ce73b4b4aac4b7245aee6f191\",\"name\":\"Jorge Matheus\",\"url\":\"https:\/\/infoecos.com.ar\/index.php\/author\/jomatheus\/\"}]}<\/script>\n<!-- \/ Yoast SEO plugin. -->","yoast_head_json":{"title":"Monte Hermoso: se espera un fin de semana con aluvi\u00f3n de turistas - Infoecos","robots":{"index":"index","follow":"follow","max-snippet":"max-snippet:-1","max-image-preview":"max-image-preview:large","max-video-preview":"max-video-preview:-1"},"canonical":"https:\/\/infoecos.com.ar\/index.php\/monte-hermoso-se-espera-un-fin-de-semana-con-aluvion-de-turistas\/","og_locale":"es_ES","og_type":"article","og_title":"Monte Hermoso: se espera un fin de semana con aluvi\u00f3n de turistas - Infoecos","og_description":"Estimaci\u00f3n clim\u00e1tica para este s\u00e1bado: Otro d\u00eda de alta temperatura, con 36 de m\u00e1xima y 26 de m\u00ednima a medianoche, soleado con intervalos nubosos","og_url":"https:\/\/infoecos.com.ar\/index.php\/monte-hermoso-se-espera-un-fin-de-semana-con-aluvion-de-turistas\/","og_site_name":"Infoecos","article_publisher":"https:\/\/www.facebook.com\/profile.php?id=100063200290284","article_published_time":"2024-01-27T12:30:24+00:00","article_modified_time":"2024-01-27T17:52:55+00:00","og_image":[{"width":652,"height":432,"url":"https:\/\/infoecos.com.ar\/wp-content\/uploads\/LUNES-MONTE-HERMOSO-SDARC-194204C.jpg","type":"image\/jpeg"}],"author":"Jorge Matheus","twitter_card":"summary_large_image","twitter_creator":"@infoecos","twitter_site":"@infoecos","twitter_misc":{"Escrito por":"Jorge Matheus","Tiempo de lectura":"2 minutos"},"schema":{"@context":"https:\/\/schema.org","@graph":[{"@type":"Article","@id":"https:\/\/infoecos.com.ar\/index.php\/monte-hermoso-se-espera-un-fin-de-semana-con-aluvion-de-turistas\/#article","isPartOf":{"@id":"https:\/\/infoecos.com.ar\/index.php\/monte-hermoso-se-espera-un-fin-de-semana-con-aluvion-de-turistas\/"},"author":{"name":"Jorge Matheus","@id":"https:\/\/infoecos.com.ar\/#\/schema\/person\/8f5ace5ce73b4b4aac4b7245aee6f191"},"headline":"Monte Hermoso: se espera un fin de semana con aluvi\u00f3n de turistas","datePublished":"2024-01-27T12:30:24+00:00","dateModified":"2024-01-27T17:52:55+00:00","mainEntityOfPage":{"@id":"https:\/\/infoecos.com.ar\/index.php\/monte-hermoso-se-espera-un-fin-de-semana-con-aluvion-de-turistas\/"},"wordCount":274,"publisher":{"@id":"https:\/\/infoecos.com.ar\/#organization"},"image":{"@id":"https:\/\/infoecos.com.ar\/index.php\/monte-hermoso-se-espera-un-fin-de-semana-con-aluvion-de-turistas\/#primaryimage"},"thumbnailUrl":"","keywords":["CLIMA IDEAL"],"articleSection":["C1 N1"],"inLanguage":"es"},{"@type":"WebPage","@id":"https:\/\/infoecos.com.ar\/index.php\/monte-hermoso-se-espera-un-fin-de-semana-con-aluvion-de-turistas\/","url":"https:\/\/infoecos.com.ar\/index.php\/monte-hermoso-se-espera-un-fin-de-semana-con-aluvion-de-turistas\/","name":"Monte Hermoso: se espera un fin de semana con aluvi\u00f3n de turistas - Infoecos","isPartOf":{"@id":"https:\/\/infoecos.com.ar\/#website"},"primaryImageOfPage":{"@id":"https:\/\/infoecos.com.ar\/index.php\/monte-hermoso-se-espera-un-fin-de-semana-con-aluvion-de-turistas\/#primaryimage"},"image":{"@id":"https:\/\/infoecos.com.ar\/index.php\/monte-hermoso-se-espera-un-fin-de-semana-con-aluvion-de-turistas\/#primaryimage"},"thumbnailUrl":"","datePublished":"2024-01-27T12:30:24+00:00","dateModified":"2024-01-27T17:52:55+00:00","breadcrumb":{"@id":"https:\/\/infoecos.com.ar\/index.php\/monte-hermoso-se-espera-un-fin-de-semana-con-aluvion-de-turistas\/#breadcrumb"},"inLanguage":"es","potentialAction":[{"@type":"ReadAction","target":["https:\/\/infoecos.com.ar\/index.php\/monte-hermoso-se-espera-un-fin-de-semana-con-aluvion-de-turistas\/"]}]},{"@type":"ImageObject","inLanguage":"es","@id":"https:\/\/infoecos.com.ar\/index.php\/monte-hermoso-se-espera-un-fin-de-semana-con-aluvion-de-turistas\/#primaryimage","url":"","contentUrl":""},{"@type":"BreadcrumbList","@id":"https:\/\/infoecos.com.ar\/index.php\/monte-hermoso-se-espera-un-fin-de-semana-con-aluvion-de-turistas\/#breadcrumb","itemListElement":[{"@type":"ListItem","position":1,"name":"Portada","item":"https:\/\/infoecos.com.ar\/"},{"@type":"ListItem","position":2,"name":"Monte Hermoso: se espera un fin de semana con aluvi\u00f3n de turistas"}]},{"@type":"WebSite","@id":"https:\/\/infoecos.com.ar\/#website","url":"https:\/\/infoecos.com.ar\/","name":"Infoecos","description":"Noticias de trenque lauquen y la zona","publisher":{"@id":"https:\/\/infoecos.com.ar\/#organization"},"alternateName":"Noticias","potentialAction":[{"@type":"SearchAction","target":{"@type":"EntryPoint","urlTemplate":"https:\/\/infoecos.com.ar\/?s={search_term_string}"},"query-input":{"@type":"PropertyValueSpecification","valueRequired":true,"valueName":"search_term_string"}}],"inLanguage":"es"},{"@type":"Organization","@id":"https:\/\/infoecos.com.ar\/#organization","name":"Infoecos","alternateName":"Noticias","url":"https:\/\/infoecos.com.ar\/","logo":{"@type":"ImageObject","inLanguage":"es","@id":"https:\/\/infoecos.com.ar\/#\/schema\/logo\/image\/","url":"https:\/\/infoecos.com.ar\/wp-content\/uploads\/2024\/03\/cropped-logo.png","contentUrl":"https:\/\/infoecos.com.ar\/wp-content\/uploads\/2024\/03\/cropped-logo.png","width":374,"height":90,"caption":"Infoecos"},"image":{"@id":"https:\/\/infoecos.com.ar\/#\/schema\/logo\/image\/"},"sameAs":["https:\/\/www.facebook.com\/profile.php?id=100063200290284","https:\/\/x.com\/infoecos"]},{"@type":"Person","@id":"https:\/\/infoecos.com.ar\/#\/schema\/person\/8f5ace5ce73b4b4aac4b7245aee6f191","name":"Jorge Matheus","url":"https:\/\/infoecos.com.ar\/index.php\/author\/jomatheus\/"}]}},"featured_image_urls":{"full":"","thumbnail":"","medium":"","medium_large":"","large":"","1536x1536":"","2048x2048":"","covernews-slider-full":"","covernews-slider-center":"","covernews-featured":"","covernews-medium":"","covernews-medium-square":""},"author_info":{"info":["Jorge Matheus"]},"category_info":"<a href=\"https:\/\/infoecos.com.ar\/index.php\/category\/c1nota1\/\" rel=\"category tag\">C1 N1<\/a>","tag_info":"C1 N1","comment_count":"0","_links":{"self":[{"href":"https:\/\/infoecos.com.ar\/index.php\/wp-json\/wp\/v2\/posts\/117862"}],"collection":[{"href":"https:\/\/infoecos.com.ar\/index.php\/wp-json\/wp\/v2\/posts"}],"about":[{"href":"https:\/\/infoecos.com.ar\/index.php\/wp-json\/wp\/v2\/types\/post"}],"author":[{"embeddable":true,"href":"https:\/\/infoecos.com.ar\/index.php\/wp-json\/wp\/v2\/users\/2"}],"replies":[{"embeddable":true,"href":"https:\/\/infoecos.com.ar\/index.php\/wp-json\/wp\/v2\/comments?post=117862"}],"version-history":[{"count":2,"href":"https:\/\/infoecos.com.ar\/index.php\/wp-json\/wp\/v2\/posts\/117862\/revisions"}],"predecessor-version":[{"id":117877,"href":"https:\/\/infoecos.com.ar\/index.php\/wp-json\/wp\/v2\/posts\/117862\/revisions\/117877"}],"wp:featuredmedia":[{"embeddable":true,"href":"https:\/\/infoecos.com.ar\/index.php\/wp-json\/"}],"wp:attachment":[{"href":"https:\/\/infoecos.com.ar\/index.php\/wp-json\/wp\/v2\/media?parent=117862"}],"wp:term":[{"taxonomy":"category","embeddable":true,"href":"https:\/\/infoecos.com.ar\/index.php\/wp-json\/wp\/v2\/categories?post=117862"},{"taxonomy":"post_tag","embeddable":true,"href":"https:\/\/infoecos.com.ar\/index.php\/wp-json\/wp\/v2\/tags?post=117862"}],"curies":[{"name":"wp","href":"https:\/\/api.w.org\/{rel}","templated":true}]}}