{"id":117878,"date":"2024-01-27T15:21:00","date_gmt":"2024-01-27T18:21:00","guid":{"rendered":"https:\/\/infoecos.com.ar\/?p=117878"},"modified":"2024-01-30T12:45:19","modified_gmt":"2024-01-30T15:45:19","slug":"murio-uno-de-los-dirigentes-mas-queridos-y-respetados-del-peronismo-ruben-hugo-marin","status":"publish","type":"post","link":"https:\/\/infoecos.com.ar\/index.php\/murio-uno-de-los-dirigentes-mas-queridos-y-respetados-del-peronismo-ruben-hugo-marin\/","title":{"rendered":"Muri\u00f3 uno de los dirigentes m\u00e1s queridos y respetados del peronismo: Rub\u00e9n Hugo Mar\u00edn"},"content":{"rendered":"\n<figure class=\"wp-block-image alignright size-full is-resized\"><img loading=\"lazy\" decoding=\"async\" src=\"https:\/\/infoecos.com.ar\/wp-content\/uploads\/2024\/01\/image-165.png\" alt=\"\" class=\"wp-image-117880\" width=\"397\" height=\"301\"\/><figcaption class=\"wp-element-caption\">Mar\u00edn, Ruben<\/figcaption><\/figure>\n\n\n\n<p>El cuatro veces gobernador de La Pampa, Rub\u00e9n Hugo Mar\u00edn, muri\u00f3 este s\u00e1bado. Ten\u00eda 89 a\u00f1os. Se encontraba internado en la Cl\u00ednica Faerac, con un cuadro de neumon\u00eda.<\/p>\n\n\n\n<p>Rub\u00e9n Hugo Mar\u00edn, fue cuatro veces gobernador de La Pampa, y uno de los pol\u00edticos referentes de la provincia, adem\u00e1s se desempe\u00f1\u00f3 como diputado y senador nacional. Naci\u00f3 el 1\u00ba de Mayo de 1934 en Trenel, localidad que lleva su nombre en diversos espacios p\u00fablicos, como por ejemplo uno de los dos accesos, y donde vivi\u00f3 su madre hasta hace poco tiempo, vivienda que luego fue convertida en museo.<\/p>\n\n\n\n<p>Tras recibirse de abogado, en La Plata, fue elegido vicegobernador en 1973, acompa\u00f1ando a Aquiles Regazzoli. Durante la \u00faltima dictadura c\u00edvico militar, estuvo preso y luego volvi\u00f3 al ejercicio de la abogac\u00eda.<\/p>\n\n\n\n<p>Con el regreso a la democracia, fue elegido gobernador en 1983 con el 40,22% de los votos. Al t\u00e9rmino de su mandato fue elegido diputado nacional, y luego senador nacional.<\/p>\n\n\n\n<p>Fue nuevamente elegido gobernador de su provincia en 1991, y reelegido en 1995 y 1999, con el 49%, el 54% y el 57% de los votos, respectivamente. Durante su mandato se reform\u00f3 la Constituci\u00f3n provincial para permitir la reelecci\u00f3n del gobernador.<\/p>\n\n\n\n<figure class=\"wp-block-image alignright size-full is-resized\"><img loading=\"lazy\" decoding=\"async\" src=\"https:\/\/infoecos.com.ar\/wp-content\/uploads\/2024\/01\/image-166.png\" alt=\"\" class=\"wp-image-117881\" width=\"405\" height=\"305\"\/><figcaption class=\"wp-element-caption\">Mar\u00edn Rub\u00e9n<\/figcaption><\/figure>\n\n\n\n<p>Fue tambi\u00e9n convencional constituyente nacional en 1994. Al a\u00f1o siguiente firm\u00f3 por La Pampa el acta fundacional de la Regi\u00f3n de la Patagonia, incluyendo a nuestra provincia.<\/p>\n\n\n\n<p>En 2003, al t\u00e9rmino de su mandato, fue elegido senador nacional por segunda vez. En 2007 se present\u00f3 como precandidato a gobernador, pero fue derrotado por el candidato del entonces gobernador Verna, Oscar Jorge.<\/p>\n\n\n\n<p>Desde el final de su mandato como senador en 2009, particip\u00f3 marginalmente en pol\u00edtica, como presidente del Partido Justicialista distrito La Pampa. En 2018 fue elegido Coordinador de la Mesa de Acci\u00f3n Pol\u00edtica del Partido Justicialista Nacional, y fue uno de los pilares fundamentales para la uni\u00f3n del peronismo de cara a las elecciones de 2019.<\/p>\n","protected":false},"excerpt":{"rendered":"<p>Vicegobernador, perseguido por la dictadura, convencional constituyente y Senador Nacional<\/p>\n","protected":false},"author":2,"featured_media":117881,"comment_status":"closed","ping_status":"open","sticky":false,"template":"","format":"standard","meta":{"footnotes":""},"categories":[1643],"tags":[9940],"class_list":["post-117878","post","type-post","status-publish","format-standard","has-post-thumbnail","hentry","category-inferior16","tag-4-veces-gobernador-pampeano"],"yoast_head":"<!-- This site is optimized with the Yoast SEO plugin v23.4 - https:\/\/yoast.com\/wordpress\/plugins\/seo\/ -->\n<title>Muri\u00f3 uno de los dirigentes m\u00e1s queridos y respetados del peronismo: Rub\u00e9n Hugo Mar\u00edn - Infoecos<\/title>\n<meta name=\"robots\" content=\"index, follow, max-snippet:-1, max-image-preview:large, max-video-preview:-1\" \/>\n<link rel=\"canonical\" href=\"https:\/\/infoecos.com.ar\/index.php\/murio-uno-de-los-dirigentes-mas-queridos-y-respetados-del-peronismo-ruben-hugo-marin\/\" \/>\n<meta property=\"og:locale\" content=\"es_ES\" \/>\n<meta property=\"og:type\" content=\"article\" \/>\n<meta property=\"og:title\" content=\"Muri\u00f3 uno de los dirigentes m\u00e1s queridos y respetados del peronismo: Rub\u00e9n Hugo Mar\u00edn - Infoecos\" \/>\n<meta property=\"og:description\" content=\"Vicegobernador, perseguido por la dictadura, convencional constituyente y Senador Nacional\" \/>\n<meta property=\"og:url\" content=\"https:\/\/infoecos.com.ar\/index.php\/murio-uno-de-los-dirigentes-mas-queridos-y-respetados-del-peronismo-ruben-hugo-marin\/\" \/>\n<meta property=\"og:site_name\" content=\"Infoecos\" \/>\n<meta property=\"article:publisher\" content=\"https:\/\/www.facebook.com\/profile.php?id=100063200290284\" \/>\n<meta property=\"article:published_time\" content=\"2024-01-27T18:21:00+00:00\" \/>\n<meta property=\"article:modified_time\" content=\"2024-01-30T15:45:19+00:00\" \/>\n<meta property=\"og:image\" content=\"https:\/\/infoecos.com.ar\/wp-content\/uploads\/2024\/01\/image-166.png\" \/>\n\t<meta property=\"og:image:width\" content=\"620\" \/>\n\t<meta property=\"og:image:height\" content=\"466\" \/>\n\t<meta property=\"og:image:type\" content=\"image\/png\" \/>\n<meta name=\"author\" content=\"Jorge Matheus\" \/>\n<meta name=\"twitter:card\" content=\"summary_large_image\" \/>\n<meta name=\"twitter:creator\" content=\"@infoecos\" \/>\n<meta name=\"twitter:site\" content=\"@infoecos\" \/>\n<meta name=\"twitter:label1\" content=\"Escrito por\" \/>\n\t<meta name=\"twitter:data1\" content=\"Jorge Matheus\" \/>\n\t<meta name=\"twitter:label2\" content=\"Tiempo de lectura\" \/>\n\t<meta name=\"twitter:data2\" content=\"2 minutos\" \/>\n<script type=\"application\/ld+json\" class=\"yoast-schema-graph\">{\"@context\":\"https:\/\/schema.org\",\"@graph\":[{\"@type\":\"Article\",\"@id\":\"https:\/\/infoecos.com.ar\/index.php\/murio-uno-de-los-dirigentes-mas-queridos-y-respetados-del-peronismo-ruben-hugo-marin\/#article\",\"isPartOf\":{\"@id\":\"https:\/\/infoecos.com.ar\/index.php\/murio-uno-de-los-dirigentes-mas-queridos-y-respetados-del-peronismo-ruben-hugo-marin\/\"},\"author\":{\"name\":\"Jorge Matheus\",\"@id\":\"https:\/\/infoecos.com.ar\/#\/schema\/person\/8f5ace5ce73b4b4aac4b7245aee6f191\"},\"headline\":\"Muri\u00f3 uno de los dirigentes m\u00e1s queridos y respetados del peronismo: Rub\u00e9n Hugo Mar\u00edn\",\"datePublished\":\"2024-01-27T18:21:00+00:00\",\"dateModified\":\"2024-01-30T15:45:19+00:00\",\"mainEntityOfPage\":{\"@id\":\"https:\/\/infoecos.com.ar\/index.php\/murio-uno-de-los-dirigentes-mas-queridos-y-respetados-del-peronismo-ruben-hugo-marin\/\"},\"wordCount\":349,\"publisher\":{\"@id\":\"https:\/\/infoecos.com.ar\/#organization\"},\"image\":{\"@id\":\"https:\/\/infoecos.com.ar\/index.php\/murio-uno-de-los-dirigentes-mas-queridos-y-respetados-del-peronismo-ruben-hugo-marin\/#primaryimage\"},\"thumbnailUrl\":\"https:\/\/infoecos.com.ar\/wp-content\/uploads\/2024\/01\/image-166.png\",\"keywords\":[\"4 VECES GOBERNADOR PAMPEANO\"],\"articleSection\":[\"Bloque inferior - 16\"],\"inLanguage\":\"es\"},{\"@type\":\"WebPage\",\"@id\":\"https:\/\/infoecos.com.ar\/index.php\/murio-uno-de-los-dirigentes-mas-queridos-y-respetados-del-peronismo-ruben-hugo-marin\/\",\"url\":\"https:\/\/infoecos.com.ar\/index.php\/murio-uno-de-los-dirigentes-mas-queridos-y-respetados-del-peronismo-ruben-hugo-marin\/\",\"name\":\"Muri\u00f3 uno de los dirigentes m\u00e1s queridos y respetados del peronismo: Rub\u00e9n Hugo Mar\u00edn - Infoecos\",\"isPartOf\":{\"@id\":\"https:\/\/infoecos.com.ar\/#website\"},\"primaryImageOfPage\":{\"@id\":\"https:\/\/infoecos.com.ar\/index.php\/murio-uno-de-los-dirigentes-mas-queridos-y-respetados-del-peronismo-ruben-hugo-marin\/#primaryimage\"},\"image\":{\"@id\":\"https:\/\/infoecos.com.ar\/index.php\/murio-uno-de-los-dirigentes-mas-queridos-y-respetados-del-peronismo-ruben-hugo-marin\/#primaryimage\"},\"thumbnailUrl\":\"https:\/\/infoecos.com.ar\/wp-content\/uploads\/2024\/01\/image-166.png\",\"datePublished\":\"2024-01-27T18:21:00+00:00\",\"dateModified\":\"2024-01-30T15:45:19+00:00\",\"breadcrumb\":{\"@id\":\"https:\/\/infoecos.com.ar\/index.php\/murio-uno-de-los-dirigentes-mas-queridos-y-respetados-del-peronismo-ruben-hugo-marin\/#breadcrumb\"},\"inLanguage\":\"es\",\"potentialAction\":[{\"@type\":\"ReadAction\",\"target\":[\"https:\/\/infoecos.com.ar\/index.php\/murio-uno-de-los-dirigentes-mas-queridos-y-respetados-del-peronismo-ruben-hugo-marin\/\"]}]},{\"@type\":\"ImageObject\",\"inLanguage\":\"es\",\"@id\":\"https:\/\/infoecos.com.ar\/index.php\/murio-uno-de-los-dirigentes-mas-queridos-y-respetados-del-peronismo-ruben-hugo-marin\/#primaryimage\",\"url\":\"https:\/\/infoecos.com.ar\/wp-content\/uploads\/2024\/01\/image-166.png\",\"contentUrl\":\"https:\/\/infoecos.com.ar\/wp-content\/uploads\/2024\/01\/image-166.png\",\"width\":620,\"height\":466},{\"@type\":\"BreadcrumbList\",\"@id\":\"https:\/\/infoecos.com.ar\/index.php\/murio-uno-de-los-dirigentes-mas-queridos-y-respetados-del-peronismo-ruben-hugo-marin\/#breadcrumb\",\"itemListElement\":[{\"@type\":\"ListItem\",\"position\":1,\"name\":\"Portada\",\"item\":\"https:\/\/infoecos.com.ar\/\"},{\"@type\":\"ListItem\",\"position\":2,\"name\":\"Muri\u00f3 uno de los dirigentes m\u00e1s queridos y respetados del peronismo: Rub\u00e9n Hugo Mar\u00edn\"}]},{\"@type\":\"WebSite\",\"@id\":\"https:\/\/infoecos.com.ar\/#website\",\"url\":\"https:\/\/infoecos.com.ar\/\",\"name\":\"Infoecos\",\"description\":\"Noticias de trenque lauquen y la zona\",\"publisher\":{\"@id\":\"https:\/\/infoecos.com.ar\/#organization\"},\"alternateName\":\"Noticias\",\"potentialAction\":[{\"@type\":\"SearchAction\",\"target\":{\"@type\":\"EntryPoint\",\"urlTemplate\":\"https:\/\/infoecos.com.ar\/?s={search_term_string}\"},\"query-input\":{\"@type\":\"PropertyValueSpecification\",\"valueRequired\":true,\"valueName\":\"search_term_string\"}}],\"inLanguage\":\"es\"},{\"@type\":\"Organization\",\"@id\":\"https:\/\/infoecos.com.ar\/#organization\",\"name\":\"Infoecos\",\"alternateName\":\"Noticias\",\"url\":\"https:\/\/infoecos.com.ar\/\",\"logo\":{\"@type\":\"ImageObject\",\"inLanguage\":\"es\",\"@id\":\"https:\/\/infoecos.com.ar\/#\/schema\/logo\/image\/\",\"url\":\"https:\/\/infoecos.com.ar\/wp-content\/uploads\/2024\/03\/cropped-logo.png\",\"contentUrl\":\"https:\/\/infoecos.com.ar\/wp-content\/uploads\/2024\/03\/cropped-logo.png\",\"width\":374,\"height\":90,\"caption\":\"Infoecos\"},\"image\":{\"@id\":\"https:\/\/infoecos.com.ar\/#\/schema\/logo\/image\/\"},\"sameAs\":[\"https:\/\/www.facebook.com\/profile.php?id=100063200290284\",\"https:\/\/x.com\/infoecos\"]},{\"@type\":\"Person\",\"@id\":\"https:\/\/infoecos.com.ar\/#\/schema\/person\/8f5ace5ce73b4b4aac4b7245aee6f191\",\"name\":\"Jorge Matheus\",\"url\":\"https:\/\/infoecos.com.ar\/index.php\/author\/jomatheus\/\"}]}<\/script>\n<!-- \/ Yoast SEO plugin. -->","yoast_head_json":{"title":"Muri\u00f3 uno de los dirigentes m\u00e1s queridos y respetados del peronismo: Rub\u00e9n Hugo Mar\u00edn - Infoecos","robots":{"index":"index","follow":"follow","max-snippet":"max-snippet:-1","max-image-preview":"max-image-preview:large","max-video-preview":"max-video-preview:-1"},"canonical":"https:\/\/infoecos.com.ar\/index.php\/murio-uno-de-los-dirigentes-mas-queridos-y-respetados-del-peronismo-ruben-hugo-marin\/","og_locale":"es_ES","og_type":"article","og_title":"Muri\u00f3 uno de los dirigentes m\u00e1s queridos y respetados del peronismo: Rub\u00e9n Hugo Mar\u00edn - Infoecos","og_description":"Vicegobernador, perseguido por la dictadura, convencional constituyente y Senador Nacional","og_url":"https:\/\/infoecos.com.ar\/index.php\/murio-uno-de-los-dirigentes-mas-queridos-y-respetados-del-peronismo-ruben-hugo-marin\/","og_site_name":"Infoecos","article_publisher":"https:\/\/www.facebook.com\/profile.php?id=100063200290284","article_published_time":"2024-01-27T18:21:00+00:00","article_modified_time":"2024-01-30T15:45:19+00:00","og_image":[{"width":620,"height":466,"url":"https:\/\/infoecos.com.ar\/wp-content\/uploads\/2024\/01\/image-166.png","type":"image\/png"}],"author":"Jorge Matheus","twitter_card":"summary_large_image","twitter_creator":"@infoecos","twitter_site":"@infoecos","twitter_misc":{"Escrito por":"Jorge Matheus","Tiempo de lectura":"2 minutos"},"schema":{"@context":"https:\/\/schema.org","@graph":[{"@type":"Article","@id":"https:\/\/infoecos.com.ar\/index.php\/murio-uno-de-los-dirigentes-mas-queridos-y-respetados-del-peronismo-ruben-hugo-marin\/#article","isPartOf":{"@id":"https:\/\/infoecos.com.ar\/index.php\/murio-uno-de-los-dirigentes-mas-queridos-y-respetados-del-peronismo-ruben-hugo-marin\/"},"author":{"name":"Jorge Matheus","@id":"https:\/\/infoecos.com.ar\/#\/schema\/person\/8f5ace5ce73b4b4aac4b7245aee6f191"},"headline":"Muri\u00f3 uno de los dirigentes m\u00e1s queridos y respetados del peronismo: Rub\u00e9n Hugo Mar\u00edn","datePublished":"2024-01-27T18:21:00+00:00","dateModified":"2024-01-30T15:45:19+00:00","mainEntityOfPage":{"@id":"https:\/\/infoecos.com.ar\/index.php\/murio-uno-de-los-dirigentes-mas-queridos-y-respetados-del-peronismo-ruben-hugo-marin\/"},"wordCount":349,"publisher":{"@id":"https:\/\/infoecos.com.ar\/#organization"},"image":{"@id":"https:\/\/infoecos.com.ar\/index.php\/murio-uno-de-los-dirigentes-mas-queridos-y-respetados-del-peronismo-ruben-hugo-marin\/#primaryimage"},"thumbnailUrl":"https:\/\/infoecos.com.ar\/wp-content\/uploads\/2024\/01\/image-166.png","keywords":["4 VECES GOBERNADOR PAMPEANO"],"articleSection":["Bloque inferior - 16"],"inLanguage":"es"},{"@type":"WebPage","@id":"https:\/\/infoecos.com.ar\/index.php\/murio-uno-de-los-dirigentes-mas-queridos-y-respetados-del-peronismo-ruben-hugo-marin\/","url":"https:\/\/infoecos.com.ar\/index.php\/murio-uno-de-los-dirigentes-mas-queridos-y-respetados-del-peronismo-ruben-hugo-marin\/","name":"Muri\u00f3 uno de los dirigentes m\u00e1s queridos y respetados del peronismo: Rub\u00e9n Hugo Mar\u00edn - Infoecos","isPartOf":{"@id":"https:\/\/infoecos.com.ar\/#website"},"primaryImageOfPage":{"@id":"https:\/\/infoecos.com.ar\/index.php\/murio-uno-de-los-dirigentes-mas-queridos-y-respetados-del-peronismo-ruben-hugo-marin\/#primaryimage"},"image":{"@id":"https:\/\/infoecos.com.ar\/index.php\/murio-uno-de-los-dirigentes-mas-queridos-y-respetados-del-peronismo-ruben-hugo-marin\/#primaryimage"},"thumbnailUrl":"https:\/\/infoecos.com.ar\/wp-content\/uploads\/2024\/01\/image-166.png","datePublished":"2024-01-27T18:21:00+00:00","dateModified":"2024-01-30T15:45:19+00:00","breadcrumb":{"@id":"https:\/\/infoecos.com.ar\/index.php\/murio-uno-de-los-dirigentes-mas-queridos-y-respetados-del-peronismo-ruben-hugo-marin\/#breadcrumb"},"inLanguage":"es","potentialAction":[{"@type":"ReadAction","target":["https:\/\/infoecos.com.ar\/index.php\/murio-uno-de-los-dirigentes-mas-queridos-y-respetados-del-peronismo-ruben-hugo-marin\/"]}]},{"@type":"ImageObject","inLanguage":"es","@id":"https:\/\/infoecos.com.ar\/index.php\/murio-uno-de-los-dirigentes-mas-queridos-y-respetados-del-peronismo-ruben-hugo-marin\/#primaryimage","url":"https:\/\/infoecos.com.ar\/wp-content\/uploads\/2024\/01\/image-166.png","contentUrl":"https:\/\/infoecos.com.ar\/wp-content\/uploads\/2024\/01\/image-166.png","width":620,"height":466},{"@type":"BreadcrumbList","@id":"https:\/\/infoecos.com.ar\/index.php\/murio-uno-de-los-dirigentes-mas-queridos-y-respetados-del-peronismo-ruben-hugo-marin\/#breadcrumb","itemListElement":[{"@type":"ListItem","position":1,"name":"Portada","item":"https:\/\/infoecos.com.ar\/"},{"@type":"ListItem","position":2,"name":"Muri\u00f3 uno de los dirigentes m\u00e1s queridos y respetados del peronismo: Rub\u00e9n Hugo Mar\u00edn"}]},{"@type":"WebSite","@id":"https:\/\/infoecos.com.ar\/#website","url":"https:\/\/infoecos.com.ar\/","name":"Infoecos","description":"Noticias de trenque lauquen y la zona","publisher":{"@id":"https:\/\/infoecos.com.ar\/#organization"},"alternateName":"Noticias","potentialAction":[{"@type":"SearchAction","target":{"@type":"EntryPoint","urlTemplate":"https:\/\/infoecos.com.ar\/?s={search_term_string}"},"query-input":{"@type":"PropertyValueSpecification","valueRequired":true,"valueName":"search_term_string"}}],"inLanguage":"es"},{"@type":"Organization","@id":"https:\/\/infoecos.com.ar\/#organization","name":"Infoecos","alternateName":"Noticias","url":"https:\/\/infoecos.com.ar\/","logo":{"@type":"ImageObject","inLanguage":"es","@id":"https:\/\/infoecos.com.ar\/#\/schema\/logo\/image\/","url":"https:\/\/infoecos.com.ar\/wp-content\/uploads\/2024\/03\/cropped-logo.png","contentUrl":"https:\/\/infoecos.com.ar\/wp-content\/uploads\/2024\/03\/cropped-logo.png","width":374,"height":90,"caption":"Infoecos"},"image":{"@id":"https:\/\/infoecos.com.ar\/#\/schema\/logo\/image\/"},"sameAs":["https:\/\/www.facebook.com\/profile.php?id=100063200290284","https:\/\/x.com\/infoecos"]},{"@type":"Person","@id":"https:\/\/infoecos.com.ar\/#\/schema\/person\/8f5ace5ce73b4b4aac4b7245aee6f191","name":"Jorge Matheus","url":"https:\/\/infoecos.com.ar\/index.php\/author\/jomatheus\/"}]}},"featured_image_urls":{"full":["https:\/\/infoecos.com.ar\/wp-content\/uploads\/2024\/01\/image-166.png",620,466,false],"thumbnail":["https:\/\/infoecos.com.ar\/wp-content\/uploads\/2024\/01\/image-166-300x150.png",300,150,true],"medium":["https:\/\/infoecos.com.ar\/wp-content\/uploads\/2024\/01\/image-166.png",620,466,false],"medium_large":["https:\/\/infoecos.com.ar\/wp-content\/uploads\/2024\/01\/image-166.png",620,466,false],"large":["https:\/\/infoecos.com.ar\/wp-content\/uploads\/2024\/01\/image-166.png",620,466,false],"1536x1536":["https:\/\/infoecos.com.ar\/wp-content\/uploads\/2024\/01\/image-166.png",620,466,false],"2048x2048":["https:\/\/infoecos.com.ar\/wp-content\/uploads\/2024\/01\/image-166.png",620,466,false],"covernews-slider-full":["https:\/\/infoecos.com.ar\/wp-content\/uploads\/2024\/01\/image-166.png",620,466,false],"covernews-slider-center":["https:\/\/infoecos.com.ar\/wp-content\/uploads\/2024\/01\/image-166.png",620,466,false],"covernews-featured":["https:\/\/infoecos.com.ar\/wp-content\/uploads\/2024\/01\/image-166.png",620,466,false],"covernews-medium":["https:\/\/infoecos.com.ar\/wp-content\/uploads\/2024\/01\/image-166-620x380.png",540,331,true],"covernews-medium-square":["https:\/\/infoecos.com.ar\/wp-content\/uploads\/2024\/01\/image-166-620x450.png",344,250,true]},"author_info":{"info":["Jorge Matheus"]},"category_info":"<a href=\"https:\/\/infoecos.com.ar\/index.php\/category\/inferior16\/\" rel=\"category tag\">Bloque inferior - 16<\/a>","tag_info":"Bloque inferior - 16","comment_count":"0","_links":{"self":[{"href":"https:\/\/infoecos.com.ar\/index.php\/wp-json\/wp\/v2\/posts\/117878"}],"collection":[{"href":"https:\/\/infoecos.com.ar\/index.php\/wp-json\/wp\/v2\/posts"}],"about":[{"href":"https:\/\/infoecos.com.ar\/index.php\/wp-json\/wp\/v2\/types\/post"}],"author":[{"embeddable":true,"href":"https:\/\/infoecos.com.ar\/index.php\/wp-json\/wp\/v2\/users\/2"}],"replies":[{"embeddable":true,"href":"https:\/\/infoecos.com.ar\/index.php\/wp-json\/wp\/v2\/comments?post=117878"}],"version-history":[{"count":1,"href":"https:\/\/infoecos.com.ar\/index.php\/wp-json\/wp\/v2\/posts\/117878\/revisions"}],"predecessor-version":[{"id":117882,"href":"https:\/\/infoecos.com.ar\/index.php\/wp-json\/wp\/v2\/posts\/117878\/revisions\/117882"}],"wp:featuredmedia":[{"embeddable":true,"href":"https:\/\/infoecos.com.ar\/index.php\/wp-json\/wp\/v2\/media\/117881"}],"wp:attachment":[{"href":"https:\/\/infoecos.com.ar\/index.php\/wp-json\/wp\/v2\/media?parent=117878"}],"wp:term":[{"taxonomy":"category","embeddable":true,"href":"https:\/\/infoecos.com.ar\/index.php\/wp-json\/wp\/v2\/categories?post=117878"},{"taxonomy":"post_tag","embeddable":true,"href":"https:\/\/infoecos.com.ar\/index.php\/wp-json\/wp\/v2\/tags?post=117878"}],"curies":[{"name":"wp","href":"https:\/\/api.w.org\/{rel}","templated":true}]}}