{"id":117918,"date":"2024-01-28T11:08:47","date_gmt":"2024-01-28T14:08:47","guid":{"rendered":"https:\/\/infoecos.com.ar\/?p=117918"},"modified":"2024-01-30T10:23:58","modified_gmt":"2024-01-30T13:23:58","slug":"el-radicalismo-bonaerense-se-pronuncio-contrario-a-la-eliminacion-de-la-zona-fria","status":"publish","type":"post","link":"https:\/\/infoecos.com.ar\/index.php\/el-radicalismo-bonaerense-se-pronuncio-contrario-a-la-eliminacion-de-la-zona-fria\/","title":{"rendered":"El radicalismo bonaerense se pronunci\u00f3 contrario a la eliminaci\u00f3n de la Zona Fr\u00eda"},"content":{"rendered":"\n<p>El radicalismo de la provincia de Buenos Aires se pronunci\u00f3 en contrario de la casi segura eliminaci\u00f3n de la denominada Zona Fr\u00eda. En un comunicado se\u00f1ala su preocupaci\u00f3n por la situaci\u00f3n econ\u00f3mica y social del pa\u00eds, describi\u00e9ndola como \u00abdram\u00e1tica y angustiante\u00bb. Enfatizaron que la p\u00e9rdida del poder adquisitivo, especialmente entre los sectores m\u00e1s vulnerables, combinada con aumentos generalizados de precios y servicios p\u00fablicos durante los \u00faltimos a\u00f1os, gener\u00f3 un deterioro preocupante.<\/p>\n\n\n\n<figure class=\"wp-block-image alignright size-full is-resized\"><img loading=\"lazy\" decoding=\"async\" src=\"https:\/\/infoecos.com.ar\/wp-content\/uploads\/2024\/01\/image-173.png\" alt=\"\" class=\"wp-image-117919\" width=\"367\" height=\"206\" srcset=\"https:\/\/infoecos.com.ar\/wp-content\/uploads\/2024\/01\/image-173.png 800w, https:\/\/infoecos.com.ar\/wp-content\/uploads\/2024\/01\/image-173-768x432.png 768w\" sizes=\"(max-width: 367px) 100vw, 367px\" \/><\/figure>\n\n\n\n<p>\u00abEsta situaci\u00f3n puede subsanarse si se prioriza la racionalizaci\u00f3n del gasto p\u00fablico en aspectos superfluos y se implementan incentivos adecuados para un desarrollo sostenible\u00bb, afirmaron. Asimismo,<strong>&nbsp;<\/strong>recalcaron la importancia de que el Estado pueda colaborar con las necesidades m\u00e1s urgentes de la poblaci\u00f3n.<\/p>\n\n\n\n<p>La UCR expone que se comprometieron a trabajar con sus legisladores y otras fuerzas pol\u00edticas para mantener vigente la Ley de Zona Fr\u00eda y asegurar la participaci\u00f3n estatal en la protecci\u00f3n del consumo de los hogares. En palabras de sus representantes, \u00abPrimero las necesidades b\u00e1sicas. Primero la poblaci\u00f3n\u00bb.<\/p>\n\n\n\n<p>La Zona Fr\u00eda beneficia a m\u00e1s de 90 distritos de la provincia de Buenos Aires.<\/p>\n\n\n\n<figure class=\"wp-block-embed is-type-rich is-provider-twitter wp-block-embed-twitter\"><div class=\"wp-block-embed__wrapper\">\n<blockquote class=\"twitter-tweet\" data-width=\"550\" data-dnt=\"true\"><p lang=\"es\" dir=\"ltr\">PRIMERO LOS HOGARES | La situaci\u00f3n econ\u00f3mica y social de la Argentina es dram\u00e1tica y angustiante. A la p\u00e9rdida sostenida del poder adquisitivo de la poblaci\u00f3n en los \u00faltimos a\u00f1os- en especial, de los sectores m\u00e1s desfavorecidos -, se le suma una estampida de aumento de precios <a href=\"https:\/\/t.co\/gLiEpkiLOI\">pic.twitter.com\/gLiEpkiLOI<\/a><\/p>&mdash; UCR Buenos Aires (@UCRBuenosAires) <a href=\"https:\/\/twitter.com\/UCRBuenosAires\/status\/1750886257616441749?ref_src=twsrc%5Etfw\">January 26, 2024<\/a><\/blockquote><script async src=\"https:\/\/platform.twitter.com\/widgets.js\" charset=\"utf-8\"><\/script>\n<\/div><\/figure>\n","protected":false},"excerpt":{"rendered":"<p>En un comunicado se\u00f1ala su preocupaci\u00f3n por la situaci\u00f3n econ\u00f3mica y social del pa\u00eds, describi\u00e9ndola como \u00abdram\u00e1tica y angustiante\u00bb<\/p>\n","protected":false},"author":2,"featured_media":117919,"comment_status":"closed","ping_status":"open","sticky":false,"template":"","format":"standard","meta":{"footnotes":""},"categories":[1341],"tags":[1767],"class_list":["post-117918","post","type-post","status-publish","format-standard","has-post-thumbnail","hentry","category-c1nota7","tag-politica-y-economia-3"],"yoast_head":"<!-- This site is optimized with the Yoast SEO plugin v23.4 - https:\/\/yoast.com\/wordpress\/plugins\/seo\/ -->\n<title>El radicalismo bonaerense se pronunci\u00f3 contrario a la eliminaci\u00f3n de la Zona Fr\u00eda - Infoecos<\/title>\n<meta name=\"robots\" content=\"index, follow, max-snippet:-1, max-image-preview:large, max-video-preview:-1\" \/>\n<link rel=\"canonical\" href=\"https:\/\/infoecos.com.ar\/index.php\/el-radicalismo-bonaerense-se-pronuncio-contrario-a-la-eliminacion-de-la-zona-fria\/\" \/>\n<meta property=\"og:locale\" content=\"es_ES\" \/>\n<meta property=\"og:type\" content=\"article\" \/>\n<meta property=\"og:title\" content=\"El radicalismo bonaerense se pronunci\u00f3 contrario a la eliminaci\u00f3n de la Zona Fr\u00eda - Infoecos\" \/>\n<meta property=\"og:description\" content=\"En un comunicado se\u00f1ala su preocupaci\u00f3n por la situaci\u00f3n econ\u00f3mica y social del pa\u00eds, describi\u00e9ndola como &quot;dram\u00e1tica y angustiante&quot;\" \/>\n<meta property=\"og:url\" content=\"https:\/\/infoecos.com.ar\/index.php\/el-radicalismo-bonaerense-se-pronuncio-contrario-a-la-eliminacion-de-la-zona-fria\/\" \/>\n<meta property=\"og:site_name\" content=\"Infoecos\" \/>\n<meta property=\"article:publisher\" content=\"https:\/\/www.facebook.com\/profile.php?id=100063200290284\" \/>\n<meta property=\"article:published_time\" content=\"2024-01-28T14:08:47+00:00\" \/>\n<meta property=\"article:modified_time\" content=\"2024-01-30T13:23:58+00:00\" \/>\n<meta property=\"og:image\" content=\"https:\/\/infoecos.com.ar\/wp-content\/uploads\/2024\/01\/image-173.png\" \/>\n\t<meta property=\"og:image:width\" content=\"800\" \/>\n\t<meta property=\"og:image:height\" content=\"450\" \/>\n\t<meta property=\"og:image:type\" content=\"image\/png\" \/>\n<meta name=\"author\" content=\"Jorge Matheus\" \/>\n<meta name=\"twitter:card\" content=\"summary_large_image\" \/>\n<meta name=\"twitter:creator\" content=\"@infoecos\" \/>\n<meta name=\"twitter:site\" content=\"@infoecos\" \/>\n<meta name=\"twitter:label1\" content=\"Escrito por\" \/>\n\t<meta name=\"twitter:data1\" content=\"Jorge Matheus\" \/>\n\t<meta name=\"twitter:label2\" content=\"Tiempo de lectura\" \/>\n\t<meta name=\"twitter:data2\" content=\"2 minutos\" \/>\n<script type=\"application\/ld+json\" class=\"yoast-schema-graph\">{\"@context\":\"https:\/\/schema.org\",\"@graph\":[{\"@type\":\"Article\",\"@id\":\"https:\/\/infoecos.com.ar\/index.php\/el-radicalismo-bonaerense-se-pronuncio-contrario-a-la-eliminacion-de-la-zona-fria\/#article\",\"isPartOf\":{\"@id\":\"https:\/\/infoecos.com.ar\/index.php\/el-radicalismo-bonaerense-se-pronuncio-contrario-a-la-eliminacion-de-la-zona-fria\/\"},\"author\":{\"name\":\"Jorge Matheus\",\"@id\":\"https:\/\/infoecos.com.ar\/#\/schema\/person\/8f5ace5ce73b4b4aac4b7245aee6f191\"},\"headline\":\"El radicalismo bonaerense se pronunci\u00f3 contrario a la eliminaci\u00f3n de la Zona Fr\u00eda\",\"datePublished\":\"2024-01-28T14:08:47+00:00\",\"dateModified\":\"2024-01-30T13:23:58+00:00\",\"mainEntityOfPage\":{\"@id\":\"https:\/\/infoecos.com.ar\/index.php\/el-radicalismo-bonaerense-se-pronuncio-contrario-a-la-eliminacion-de-la-zona-fria\/\"},\"wordCount\":223,\"publisher\":{\"@id\":\"https:\/\/infoecos.com.ar\/#organization\"},\"image\":{\"@id\":\"https:\/\/infoecos.com.ar\/index.php\/el-radicalismo-bonaerense-se-pronuncio-contrario-a-la-eliminacion-de-la-zona-fria\/#primaryimage\"},\"thumbnailUrl\":\"https:\/\/infoecos.com.ar\/wp-content\/uploads\/2024\/01\/image-173.png\",\"keywords\":[\"POL\u00cdTICA Y ECONOM\u00cdA\"],\"articleSection\":[\"C1 nota 7\"],\"inLanguage\":\"es\"},{\"@type\":\"WebPage\",\"@id\":\"https:\/\/infoecos.com.ar\/index.php\/el-radicalismo-bonaerense-se-pronuncio-contrario-a-la-eliminacion-de-la-zona-fria\/\",\"url\":\"https:\/\/infoecos.com.ar\/index.php\/el-radicalismo-bonaerense-se-pronuncio-contrario-a-la-eliminacion-de-la-zona-fria\/\",\"name\":\"El radicalismo bonaerense se pronunci\u00f3 contrario a la eliminaci\u00f3n de la Zona Fr\u00eda - Infoecos\",\"isPartOf\":{\"@id\":\"https:\/\/infoecos.com.ar\/#website\"},\"primaryImageOfPage\":{\"@id\":\"https:\/\/infoecos.com.ar\/index.php\/el-radicalismo-bonaerense-se-pronuncio-contrario-a-la-eliminacion-de-la-zona-fria\/#primaryimage\"},\"image\":{\"@id\":\"https:\/\/infoecos.com.ar\/index.php\/el-radicalismo-bonaerense-se-pronuncio-contrario-a-la-eliminacion-de-la-zona-fria\/#primaryimage\"},\"thumbnailUrl\":\"https:\/\/infoecos.com.ar\/wp-content\/uploads\/2024\/01\/image-173.png\",\"datePublished\":\"2024-01-28T14:08:47+00:00\",\"dateModified\":\"2024-01-30T13:23:58+00:00\",\"breadcrumb\":{\"@id\":\"https:\/\/infoecos.com.ar\/index.php\/el-radicalismo-bonaerense-se-pronuncio-contrario-a-la-eliminacion-de-la-zona-fria\/#breadcrumb\"},\"inLanguage\":\"es\",\"potentialAction\":[{\"@type\":\"ReadAction\",\"target\":[\"https:\/\/infoecos.com.ar\/index.php\/el-radicalismo-bonaerense-se-pronuncio-contrario-a-la-eliminacion-de-la-zona-fria\/\"]}]},{\"@type\":\"ImageObject\",\"inLanguage\":\"es\",\"@id\":\"https:\/\/infoecos.com.ar\/index.php\/el-radicalismo-bonaerense-se-pronuncio-contrario-a-la-eliminacion-de-la-zona-fria\/#primaryimage\",\"url\":\"https:\/\/infoecos.com.ar\/wp-content\/uploads\/2024\/01\/image-173.png\",\"contentUrl\":\"https:\/\/infoecos.com.ar\/wp-content\/uploads\/2024\/01\/image-173.png\",\"width\":800,\"height\":450},{\"@type\":\"BreadcrumbList\",\"@id\":\"https:\/\/infoecos.com.ar\/index.php\/el-radicalismo-bonaerense-se-pronuncio-contrario-a-la-eliminacion-de-la-zona-fria\/#breadcrumb\",\"itemListElement\":[{\"@type\":\"ListItem\",\"position\":1,\"name\":\"Portada\",\"item\":\"https:\/\/infoecos.com.ar\/\"},{\"@type\":\"ListItem\",\"position\":2,\"name\":\"El radicalismo bonaerense se pronunci\u00f3 contrario a la eliminaci\u00f3n de la Zona Fr\u00eda\"}]},{\"@type\":\"WebSite\",\"@id\":\"https:\/\/infoecos.com.ar\/#website\",\"url\":\"https:\/\/infoecos.com.ar\/\",\"name\":\"Infoecos\",\"description\":\"Noticias de trenque lauquen y la zona\",\"publisher\":{\"@id\":\"https:\/\/infoecos.com.ar\/#organization\"},\"alternateName\":\"Noticias\",\"potentialAction\":[{\"@type\":\"SearchAction\",\"target\":{\"@type\":\"EntryPoint\",\"urlTemplate\":\"https:\/\/infoecos.com.ar\/?s={search_term_string}\"},\"query-input\":{\"@type\":\"PropertyValueSpecification\",\"valueRequired\":true,\"valueName\":\"search_term_string\"}}],\"inLanguage\":\"es\"},{\"@type\":\"Organization\",\"@id\":\"https:\/\/infoecos.com.ar\/#organization\",\"name\":\"Infoecos\",\"alternateName\":\"Noticias\",\"url\":\"https:\/\/infoecos.com.ar\/\",\"logo\":{\"@type\":\"ImageObject\",\"inLanguage\":\"es\",\"@id\":\"https:\/\/infoecos.com.ar\/#\/schema\/logo\/image\/\",\"url\":\"https:\/\/infoecos.com.ar\/wp-content\/uploads\/2024\/03\/cropped-logo.png\",\"contentUrl\":\"https:\/\/infoecos.com.ar\/wp-content\/uploads\/2024\/03\/cropped-logo.png\",\"width\":374,\"height\":90,\"caption\":\"Infoecos\"},\"image\":{\"@id\":\"https:\/\/infoecos.com.ar\/#\/schema\/logo\/image\/\"},\"sameAs\":[\"https:\/\/www.facebook.com\/profile.php?id=100063200290284\",\"https:\/\/x.com\/infoecos\"]},{\"@type\":\"Person\",\"@id\":\"https:\/\/infoecos.com.ar\/#\/schema\/person\/8f5ace5ce73b4b4aac4b7245aee6f191\",\"name\":\"Jorge Matheus\",\"url\":\"https:\/\/infoecos.com.ar\/index.php\/author\/jomatheus\/\"}]}<\/script>\n<!-- \/ Yoast SEO plugin. -->","yoast_head_json":{"title":"El radicalismo bonaerense se pronunci\u00f3 contrario a la eliminaci\u00f3n de la Zona Fr\u00eda - Infoecos","robots":{"index":"index","follow":"follow","max-snippet":"max-snippet:-1","max-image-preview":"max-image-preview:large","max-video-preview":"max-video-preview:-1"},"canonical":"https:\/\/infoecos.com.ar\/index.php\/el-radicalismo-bonaerense-se-pronuncio-contrario-a-la-eliminacion-de-la-zona-fria\/","og_locale":"es_ES","og_type":"article","og_title":"El radicalismo bonaerense se pronunci\u00f3 contrario a la eliminaci\u00f3n de la Zona Fr\u00eda - Infoecos","og_description":"En un comunicado se\u00f1ala su preocupaci\u00f3n por la situaci\u00f3n econ\u00f3mica y social del pa\u00eds, describi\u00e9ndola como \"dram\u00e1tica y angustiante\"","og_url":"https:\/\/infoecos.com.ar\/index.php\/el-radicalismo-bonaerense-se-pronuncio-contrario-a-la-eliminacion-de-la-zona-fria\/","og_site_name":"Infoecos","article_publisher":"https:\/\/www.facebook.com\/profile.php?id=100063200290284","article_published_time":"2024-01-28T14:08:47+00:00","article_modified_time":"2024-01-30T13:23:58+00:00","og_image":[{"width":800,"height":450,"url":"https:\/\/infoecos.com.ar\/wp-content\/uploads\/2024\/01\/image-173.png","type":"image\/png"}],"author":"Jorge Matheus","twitter_card":"summary_large_image","twitter_creator":"@infoecos","twitter_site":"@infoecos","twitter_misc":{"Escrito por":"Jorge Matheus","Tiempo de lectura":"2 minutos"},"schema":{"@context":"https:\/\/schema.org","@graph":[{"@type":"Article","@id":"https:\/\/infoecos.com.ar\/index.php\/el-radicalismo-bonaerense-se-pronuncio-contrario-a-la-eliminacion-de-la-zona-fria\/#article","isPartOf":{"@id":"https:\/\/infoecos.com.ar\/index.php\/el-radicalismo-bonaerense-se-pronuncio-contrario-a-la-eliminacion-de-la-zona-fria\/"},"author":{"name":"Jorge Matheus","@id":"https:\/\/infoecos.com.ar\/#\/schema\/person\/8f5ace5ce73b4b4aac4b7245aee6f191"},"headline":"El radicalismo bonaerense se pronunci\u00f3 contrario a la eliminaci\u00f3n de la Zona Fr\u00eda","datePublished":"2024-01-28T14:08:47+00:00","dateModified":"2024-01-30T13:23:58+00:00","mainEntityOfPage":{"@id":"https:\/\/infoecos.com.ar\/index.php\/el-radicalismo-bonaerense-se-pronuncio-contrario-a-la-eliminacion-de-la-zona-fria\/"},"wordCount":223,"publisher":{"@id":"https:\/\/infoecos.com.ar\/#organization"},"image":{"@id":"https:\/\/infoecos.com.ar\/index.php\/el-radicalismo-bonaerense-se-pronuncio-contrario-a-la-eliminacion-de-la-zona-fria\/#primaryimage"},"thumbnailUrl":"https:\/\/infoecos.com.ar\/wp-content\/uploads\/2024\/01\/image-173.png","keywords":["POL\u00cdTICA Y ECONOM\u00cdA"],"articleSection":["C1 nota 7"],"inLanguage":"es"},{"@type":"WebPage","@id":"https:\/\/infoecos.com.ar\/index.php\/el-radicalismo-bonaerense-se-pronuncio-contrario-a-la-eliminacion-de-la-zona-fria\/","url":"https:\/\/infoecos.com.ar\/index.php\/el-radicalismo-bonaerense-se-pronuncio-contrario-a-la-eliminacion-de-la-zona-fria\/","name":"El radicalismo bonaerense se pronunci\u00f3 contrario a la eliminaci\u00f3n de la Zona Fr\u00eda - Infoecos","isPartOf":{"@id":"https:\/\/infoecos.com.ar\/#website"},"primaryImageOfPage":{"@id":"https:\/\/infoecos.com.ar\/index.php\/el-radicalismo-bonaerense-se-pronuncio-contrario-a-la-eliminacion-de-la-zona-fria\/#primaryimage"},"image":{"@id":"https:\/\/infoecos.com.ar\/index.php\/el-radicalismo-bonaerense-se-pronuncio-contrario-a-la-eliminacion-de-la-zona-fria\/#primaryimage"},"thumbnailUrl":"https:\/\/infoecos.com.ar\/wp-content\/uploads\/2024\/01\/image-173.png","datePublished":"2024-01-28T14:08:47+00:00","dateModified":"2024-01-30T13:23:58+00:00","breadcrumb":{"@id":"https:\/\/infoecos.com.ar\/index.php\/el-radicalismo-bonaerense-se-pronuncio-contrario-a-la-eliminacion-de-la-zona-fria\/#breadcrumb"},"inLanguage":"es","potentialAction":[{"@type":"ReadAction","target":["https:\/\/infoecos.com.ar\/index.php\/el-radicalismo-bonaerense-se-pronuncio-contrario-a-la-eliminacion-de-la-zona-fria\/"]}]},{"@type":"ImageObject","inLanguage":"es","@id":"https:\/\/infoecos.com.ar\/index.php\/el-radicalismo-bonaerense-se-pronuncio-contrario-a-la-eliminacion-de-la-zona-fria\/#primaryimage","url":"https:\/\/infoecos.com.ar\/wp-content\/uploads\/2024\/01\/image-173.png","contentUrl":"https:\/\/infoecos.com.ar\/wp-content\/uploads\/2024\/01\/image-173.png","width":800,"height":450},{"@type":"BreadcrumbList","@id":"https:\/\/infoecos.com.ar\/index.php\/el-radicalismo-bonaerense-se-pronuncio-contrario-a-la-eliminacion-de-la-zona-fria\/#breadcrumb","itemListElement":[{"@type":"ListItem","position":1,"name":"Portada","item":"https:\/\/infoecos.com.ar\/"},{"@type":"ListItem","position":2,"name":"El radicalismo bonaerense se pronunci\u00f3 contrario a la eliminaci\u00f3n de la Zona Fr\u00eda"}]},{"@type":"WebSite","@id":"https:\/\/infoecos.com.ar\/#website","url":"https:\/\/infoecos.com.ar\/","name":"Infoecos","description":"Noticias de trenque lauquen y la zona","publisher":{"@id":"https:\/\/infoecos.com.ar\/#organization"},"alternateName":"Noticias","potentialAction":[{"@type":"SearchAction","target":{"@type":"EntryPoint","urlTemplate":"https:\/\/infoecos.com.ar\/?s={search_term_string}"},"query-input":{"@type":"PropertyValueSpecification","valueRequired":true,"valueName":"search_term_string"}}],"inLanguage":"es"},{"@type":"Organization","@id":"https:\/\/infoecos.com.ar\/#organization","name":"Infoecos","alternateName":"Noticias","url":"https:\/\/infoecos.com.ar\/","logo":{"@type":"ImageObject","inLanguage":"es","@id":"https:\/\/infoecos.com.ar\/#\/schema\/logo\/image\/","url":"https:\/\/infoecos.com.ar\/wp-content\/uploads\/2024\/03\/cropped-logo.png","contentUrl":"https:\/\/infoecos.com.ar\/wp-content\/uploads\/2024\/03\/cropped-logo.png","width":374,"height":90,"caption":"Infoecos"},"image":{"@id":"https:\/\/infoecos.com.ar\/#\/schema\/logo\/image\/"},"sameAs":["https:\/\/www.facebook.com\/profile.php?id=100063200290284","https:\/\/x.com\/infoecos"]},{"@type":"Person","@id":"https:\/\/infoecos.com.ar\/#\/schema\/person\/8f5ace5ce73b4b4aac4b7245aee6f191","name":"Jorge Matheus","url":"https:\/\/infoecos.com.ar\/index.php\/author\/jomatheus\/"}]}},"featured_image_urls":{"full":["https:\/\/infoecos.com.ar\/wp-content\/uploads\/2024\/01\/image-173.png",800,450,false],"thumbnail":["https:\/\/infoecos.com.ar\/wp-content\/uploads\/2024\/01\/image-173-300x150.png",300,150,true],"medium":["https:\/\/infoecos.com.ar\/wp-content\/uploads\/2024\/01\/image-173.png",800,450,false],"medium_large":["https:\/\/infoecos.com.ar\/wp-content\/uploads\/2024\/01\/image-173-768x432.png",640,360,true],"large":["https:\/\/infoecos.com.ar\/wp-content\/uploads\/2024\/01\/image-173.png",640,360,false],"1536x1536":["https:\/\/infoecos.com.ar\/wp-content\/uploads\/2024\/01\/image-173.png",800,450,false],"2048x2048":["https:\/\/infoecos.com.ar\/wp-content\/uploads\/2024\/01\/image-173.png",800,450,false],"covernews-slider-full":["https:\/\/infoecos.com.ar\/wp-content\/uploads\/2024\/01\/image-173.png",800,450,false],"covernews-slider-center":["https:\/\/infoecos.com.ar\/wp-content\/uploads\/2024\/01\/image-173.png",800,450,false],"covernews-featured":["https:\/\/infoecos.com.ar\/wp-content\/uploads\/2024\/01\/image-173.png",800,450,false],"covernews-medium":["https:\/\/infoecos.com.ar\/wp-content\/uploads\/2024\/01\/image-173-720x380.png",540,285,true],"covernews-medium-square":["https:\/\/infoecos.com.ar\/wp-content\/uploads\/2024\/01\/image-173-675x450.png",375,250,true]},"author_info":{"info":["Jorge Matheus"]},"category_info":"<a href=\"https:\/\/infoecos.com.ar\/index.php\/category\/c1nota7\/\" rel=\"category tag\">C1 nota 7<\/a>","tag_info":"C1 nota 7","comment_count":"0","_links":{"self":[{"href":"https:\/\/infoecos.com.ar\/index.php\/wp-json\/wp\/v2\/posts\/117918"}],"collection":[{"href":"https:\/\/infoecos.com.ar\/index.php\/wp-json\/wp\/v2\/posts"}],"about":[{"href":"https:\/\/infoecos.com.ar\/index.php\/wp-json\/wp\/v2\/types\/post"}],"author":[{"embeddable":true,"href":"https:\/\/infoecos.com.ar\/index.php\/wp-json\/wp\/v2\/users\/2"}],"replies":[{"embeddable":true,"href":"https:\/\/infoecos.com.ar\/index.php\/wp-json\/wp\/v2\/comments?post=117918"}],"version-history":[{"count":2,"href":"https:\/\/infoecos.com.ar\/index.php\/wp-json\/wp\/v2\/posts\/117918\/revisions"}],"predecessor-version":[{"id":118018,"href":"https:\/\/infoecos.com.ar\/index.php\/wp-json\/wp\/v2\/posts\/117918\/revisions\/118018"}],"wp:featuredmedia":[{"embeddable":true,"href":"https:\/\/infoecos.com.ar\/index.php\/wp-json\/wp\/v2\/media\/117919"}],"wp:attachment":[{"href":"https:\/\/infoecos.com.ar\/index.php\/wp-json\/wp\/v2\/media?parent=117918"}],"wp:term":[{"taxonomy":"category","embeddable":true,"href":"https:\/\/infoecos.com.ar\/index.php\/wp-json\/wp\/v2\/categories?post=117918"},{"taxonomy":"post_tag","embeddable":true,"href":"https:\/\/infoecos.com.ar\/index.php\/wp-json\/wp\/v2\/tags?post=117918"}],"curies":[{"name":"wp","href":"https:\/\/api.w.org\/{rel}","templated":true}]}}