{"id":117944,"date":"2024-01-29T16:20:15","date_gmt":"2024-01-29T19:20:15","guid":{"rendered":"https:\/\/infoecos.com.ar\/?p=117944"},"modified":"2024-01-30T11:07:48","modified_gmt":"2024-01-30T14:07:48","slug":"aprehensiones-por-delito-de-violacion-de-domicilio-y-por-sustraccion-de-griferia","status":"publish","type":"post","link":"https:\/\/infoecos.com.ar\/index.php\/aprehensiones-por-delito-de-violacion-de-domicilio-y-por-sustraccion-de-griferia\/","title":{"rendered":"Aprehensiones por d\u00e9lito de violaci\u00f3n de domicilio y por sustracci\u00f3n de grifer\u00eda"},"content":{"rendered":"\n<p><strong>Violaci\u00f3n de domicilio flagrante<\/strong><\/p>\n\n\n\n<p>Se procedi\u00f3 a la aprehensi\u00f3n de un masculino de 28 a\u00f1os de edad, con domicilio en la Provincia de C\u00f3rdoba Capital, por el delito de \u201cViolaci\u00f3n de Domicilio Flagrante\u201d. El imputado ingres\u00f3 al patio de una vivienda, ubicada en calle Mitre de Trenque Lauquen. Fue sorprendido por personal policial que fue alertado por vecinos. <\/p>\n\n\n\n<p>Interviene la Fiscal\u00eda N\u00ba 4 Departamental Trenque Lauquen.<\/p>\n\n\n\n<figure class=\"wp-block-image aligncenter size-full is-resized\"><img loading=\"lazy\" decoding=\"async\" src=\"https:\/\/infoecos.com.ar\/wp-content\/uploads\/2024\/01\/image-178.png\" alt=\"\" class=\"wp-image-117945\" width=\"367\" height=\"299\" srcset=\"https:\/\/infoecos.com.ar\/wp-content\/uploads\/2024\/01\/image-178.png 1101w, https:\/\/infoecos.com.ar\/wp-content\/uploads\/2024\/01\/image-178-800x654.png 800w, https:\/\/infoecos.com.ar\/wp-content\/uploads\/2024\/01\/image-178-768x628.png 768w, https:\/\/infoecos.com.ar\/wp-content\/uploads\/2024\/01\/image-178-1024x837.png 1024w\" sizes=\"(max-width: 367px) 100vw, 367px\" \/><\/figure>\n\n\n\n<p><strong>Sustra\u00eda grifer\u00eda y otros elementos de casa deshabitada<\/strong><\/p>\n\n\n\n<p>Fue aprehendido un hombre de 44 a\u00f1os cuando sustra\u00eda grifer\u00eda y otros elementos de una vivienda ubicada en la calle Presidente Uriburu de Trenque Lauquen, que se encuentra deshabitada. Ingres\u00f3 da\u00f1ando el vidrio de una ventana.<\/p>\n\n\n\n<p>Se instruye una causa penal caratulada \u201cTentativa de Robo Flagrante\u201d. Interviene la Fiscal\u00eda N\u00ba 4 Departamental.<\/p>\n","protected":false},"excerpt":{"rendered":"<p>Interviene la Fiscal\u00eda n\u00famero 4 del Departamento Judicial de Trenque Lauquen<\/p>\n","protected":false},"author":2,"featured_media":117945,"comment_status":"closed","ping_status":"open","sticky":false,"template":"","format":"standard","meta":{"footnotes":""},"categories":[1325],"tags":[9950],"class_list":["post-117944","post","type-post","status-publish","format-standard","has-post-thumbnail","hentry","category-c1nota6","tag-polical-trenque-lauquen"],"yoast_head":"<!-- This site is optimized with the Yoast SEO plugin v23.4 - https:\/\/yoast.com\/wordpress\/plugins\/seo\/ -->\n<title>Aprehensiones por d\u00e9lito de violaci\u00f3n de domicilio y por sustracci\u00f3n de grifer\u00eda - Infoecos<\/title>\n<meta name=\"robots\" content=\"index, follow, max-snippet:-1, max-image-preview:large, max-video-preview:-1\" \/>\n<link rel=\"canonical\" href=\"https:\/\/infoecos.com.ar\/index.php\/aprehensiones-por-delito-de-violacion-de-domicilio-y-por-sustraccion-de-griferia\/\" \/>\n<meta property=\"og:locale\" content=\"es_ES\" \/>\n<meta property=\"og:type\" content=\"article\" \/>\n<meta property=\"og:title\" content=\"Aprehensiones por d\u00e9lito de violaci\u00f3n de domicilio y por sustracci\u00f3n de grifer\u00eda - Infoecos\" \/>\n<meta property=\"og:description\" content=\"Interviene la Fiscal\u00eda n\u00famero 4 del Departamento Judicial de Trenque Lauquen\" \/>\n<meta property=\"og:url\" content=\"https:\/\/infoecos.com.ar\/index.php\/aprehensiones-por-delito-de-violacion-de-domicilio-y-por-sustraccion-de-griferia\/\" \/>\n<meta property=\"og:site_name\" content=\"Infoecos\" \/>\n<meta property=\"article:publisher\" content=\"https:\/\/www.facebook.com\/profile.php?id=100063200290284\" \/>\n<meta property=\"article:published_time\" content=\"2024-01-29T19:20:15+00:00\" \/>\n<meta property=\"article:modified_time\" content=\"2024-01-30T14:07:48+00:00\" \/>\n<meta property=\"og:image\" content=\"https:\/\/infoecos.com.ar\/wp-content\/uploads\/2024\/01\/image-178.png\" \/>\n\t<meta property=\"og:image:width\" content=\"1101\" \/>\n\t<meta property=\"og:image:height\" content=\"900\" \/>\n\t<meta property=\"og:image:type\" content=\"image\/png\" \/>\n<meta name=\"author\" content=\"Jorge Matheus\" \/>\n<meta name=\"twitter:card\" content=\"summary_large_image\" \/>\n<meta name=\"twitter:creator\" content=\"@infoecos\" \/>\n<meta name=\"twitter:site\" content=\"@infoecos\" \/>\n<meta name=\"twitter:label1\" content=\"Escrito por\" \/>\n\t<meta name=\"twitter:data1\" content=\"Jorge Matheus\" \/>\n\t<meta name=\"twitter:label2\" content=\"Tiempo de lectura\" \/>\n\t<meta name=\"twitter:data2\" content=\"1 minuto\" \/>\n<script type=\"application\/ld+json\" class=\"yoast-schema-graph\">{\"@context\":\"https:\/\/schema.org\",\"@graph\":[{\"@type\":\"Article\",\"@id\":\"https:\/\/infoecos.com.ar\/index.php\/aprehensiones-por-delito-de-violacion-de-domicilio-y-por-sustraccion-de-griferia\/#article\",\"isPartOf\":{\"@id\":\"https:\/\/infoecos.com.ar\/index.php\/aprehensiones-por-delito-de-violacion-de-domicilio-y-por-sustraccion-de-griferia\/\"},\"author\":{\"name\":\"Jorge Matheus\",\"@id\":\"https:\/\/infoecos.com.ar\/#\/schema\/person\/8f5ace5ce73b4b4aac4b7245aee6f191\"},\"headline\":\"Aprehensiones por d\u00e9lito de violaci\u00f3n de domicilio y por sustracci\u00f3n de grifer\u00eda\",\"datePublished\":\"2024-01-29T19:20:15+00:00\",\"dateModified\":\"2024-01-30T14:07:48+00:00\",\"mainEntityOfPage\":{\"@id\":\"https:\/\/infoecos.com.ar\/index.php\/aprehensiones-por-delito-de-violacion-de-domicilio-y-por-sustraccion-de-griferia\/\"},\"wordCount\":151,\"publisher\":{\"@id\":\"https:\/\/infoecos.com.ar\/#organization\"},\"image\":{\"@id\":\"https:\/\/infoecos.com.ar\/index.php\/aprehensiones-por-delito-de-violacion-de-domicilio-y-por-sustraccion-de-griferia\/#primaryimage\"},\"thumbnailUrl\":\"https:\/\/infoecos.com.ar\/wp-content\/uploads\/2024\/01\/image-178.png\",\"keywords\":[\"polical trenque lauquen\"],\"articleSection\":[\"C1 nota 6\"],\"inLanguage\":\"es\"},{\"@type\":\"WebPage\",\"@id\":\"https:\/\/infoecos.com.ar\/index.php\/aprehensiones-por-delito-de-violacion-de-domicilio-y-por-sustraccion-de-griferia\/\",\"url\":\"https:\/\/infoecos.com.ar\/index.php\/aprehensiones-por-delito-de-violacion-de-domicilio-y-por-sustraccion-de-griferia\/\",\"name\":\"Aprehensiones por d\u00e9lito de violaci\u00f3n de domicilio y por sustracci\u00f3n de grifer\u00eda - Infoecos\",\"isPartOf\":{\"@id\":\"https:\/\/infoecos.com.ar\/#website\"},\"primaryImageOfPage\":{\"@id\":\"https:\/\/infoecos.com.ar\/index.php\/aprehensiones-por-delito-de-violacion-de-domicilio-y-por-sustraccion-de-griferia\/#primaryimage\"},\"image\":{\"@id\":\"https:\/\/infoecos.com.ar\/index.php\/aprehensiones-por-delito-de-violacion-de-domicilio-y-por-sustraccion-de-griferia\/#primaryimage\"},\"thumbnailUrl\":\"https:\/\/infoecos.com.ar\/wp-content\/uploads\/2024\/01\/image-178.png\",\"datePublished\":\"2024-01-29T19:20:15+00:00\",\"dateModified\":\"2024-01-30T14:07:48+00:00\",\"breadcrumb\":{\"@id\":\"https:\/\/infoecos.com.ar\/index.php\/aprehensiones-por-delito-de-violacion-de-domicilio-y-por-sustraccion-de-griferia\/#breadcrumb\"},\"inLanguage\":\"es\",\"potentialAction\":[{\"@type\":\"ReadAction\",\"target\":[\"https:\/\/infoecos.com.ar\/index.php\/aprehensiones-por-delito-de-violacion-de-domicilio-y-por-sustraccion-de-griferia\/\"]}]},{\"@type\":\"ImageObject\",\"inLanguage\":\"es\",\"@id\":\"https:\/\/infoecos.com.ar\/index.php\/aprehensiones-por-delito-de-violacion-de-domicilio-y-por-sustraccion-de-griferia\/#primaryimage\",\"url\":\"https:\/\/infoecos.com.ar\/wp-content\/uploads\/2024\/01\/image-178.png\",\"contentUrl\":\"https:\/\/infoecos.com.ar\/wp-content\/uploads\/2024\/01\/image-178.png\",\"width\":1101,\"height\":900},{\"@type\":\"BreadcrumbList\",\"@id\":\"https:\/\/infoecos.com.ar\/index.php\/aprehensiones-por-delito-de-violacion-de-domicilio-y-por-sustraccion-de-griferia\/#breadcrumb\",\"itemListElement\":[{\"@type\":\"ListItem\",\"position\":1,\"name\":\"Portada\",\"item\":\"https:\/\/infoecos.com.ar\/\"},{\"@type\":\"ListItem\",\"position\":2,\"name\":\"Aprehensiones por d\u00e9lito de violaci\u00f3n de domicilio y por sustracci\u00f3n de grifer\u00eda\"}]},{\"@type\":\"WebSite\",\"@id\":\"https:\/\/infoecos.com.ar\/#website\",\"url\":\"https:\/\/infoecos.com.ar\/\",\"name\":\"Infoecos\",\"description\":\"Noticias de trenque lauquen y la zona\",\"publisher\":{\"@id\":\"https:\/\/infoecos.com.ar\/#organization\"},\"alternateName\":\"Noticias\",\"potentialAction\":[{\"@type\":\"SearchAction\",\"target\":{\"@type\":\"EntryPoint\",\"urlTemplate\":\"https:\/\/infoecos.com.ar\/?s={search_term_string}\"},\"query-input\":{\"@type\":\"PropertyValueSpecification\",\"valueRequired\":true,\"valueName\":\"search_term_string\"}}],\"inLanguage\":\"es\"},{\"@type\":\"Organization\",\"@id\":\"https:\/\/infoecos.com.ar\/#organization\",\"name\":\"Infoecos\",\"alternateName\":\"Noticias\",\"url\":\"https:\/\/infoecos.com.ar\/\",\"logo\":{\"@type\":\"ImageObject\",\"inLanguage\":\"es\",\"@id\":\"https:\/\/infoecos.com.ar\/#\/schema\/logo\/image\/\",\"url\":\"https:\/\/infoecos.com.ar\/wp-content\/uploads\/2024\/03\/cropped-logo.png\",\"contentUrl\":\"https:\/\/infoecos.com.ar\/wp-content\/uploads\/2024\/03\/cropped-logo.png\",\"width\":374,\"height\":90,\"caption\":\"Infoecos\"},\"image\":{\"@id\":\"https:\/\/infoecos.com.ar\/#\/schema\/logo\/image\/\"},\"sameAs\":[\"https:\/\/www.facebook.com\/profile.php?id=100063200290284\",\"https:\/\/x.com\/infoecos\"]},{\"@type\":\"Person\",\"@id\":\"https:\/\/infoecos.com.ar\/#\/schema\/person\/8f5ace5ce73b4b4aac4b7245aee6f191\",\"name\":\"Jorge Matheus\",\"url\":\"https:\/\/infoecos.com.ar\/index.php\/author\/jomatheus\/\"}]}<\/script>\n<!-- \/ Yoast SEO plugin. -->","yoast_head_json":{"title":"Aprehensiones por d\u00e9lito de violaci\u00f3n de domicilio y por sustracci\u00f3n de grifer\u00eda - Infoecos","robots":{"index":"index","follow":"follow","max-snippet":"max-snippet:-1","max-image-preview":"max-image-preview:large","max-video-preview":"max-video-preview:-1"},"canonical":"https:\/\/infoecos.com.ar\/index.php\/aprehensiones-por-delito-de-violacion-de-domicilio-y-por-sustraccion-de-griferia\/","og_locale":"es_ES","og_type":"article","og_title":"Aprehensiones por d\u00e9lito de violaci\u00f3n de domicilio y por sustracci\u00f3n de grifer\u00eda - Infoecos","og_description":"Interviene la Fiscal\u00eda n\u00famero 4 del Departamento Judicial de Trenque Lauquen","og_url":"https:\/\/infoecos.com.ar\/index.php\/aprehensiones-por-delito-de-violacion-de-domicilio-y-por-sustraccion-de-griferia\/","og_site_name":"Infoecos","article_publisher":"https:\/\/www.facebook.com\/profile.php?id=100063200290284","article_published_time":"2024-01-29T19:20:15+00:00","article_modified_time":"2024-01-30T14:07:48+00:00","og_image":[{"width":1101,"height":900,"url":"https:\/\/infoecos.com.ar\/wp-content\/uploads\/2024\/01\/image-178.png","type":"image\/png"}],"author":"Jorge Matheus","twitter_card":"summary_large_image","twitter_creator":"@infoecos","twitter_site":"@infoecos","twitter_misc":{"Escrito por":"Jorge Matheus","Tiempo de lectura":"1 minuto"},"schema":{"@context":"https:\/\/schema.org","@graph":[{"@type":"Article","@id":"https:\/\/infoecos.com.ar\/index.php\/aprehensiones-por-delito-de-violacion-de-domicilio-y-por-sustraccion-de-griferia\/#article","isPartOf":{"@id":"https:\/\/infoecos.com.ar\/index.php\/aprehensiones-por-delito-de-violacion-de-domicilio-y-por-sustraccion-de-griferia\/"},"author":{"name":"Jorge Matheus","@id":"https:\/\/infoecos.com.ar\/#\/schema\/person\/8f5ace5ce73b4b4aac4b7245aee6f191"},"headline":"Aprehensiones por d\u00e9lito de violaci\u00f3n de domicilio y por sustracci\u00f3n de grifer\u00eda","datePublished":"2024-01-29T19:20:15+00:00","dateModified":"2024-01-30T14:07:48+00:00","mainEntityOfPage":{"@id":"https:\/\/infoecos.com.ar\/index.php\/aprehensiones-por-delito-de-violacion-de-domicilio-y-por-sustraccion-de-griferia\/"},"wordCount":151,"publisher":{"@id":"https:\/\/infoecos.com.ar\/#organization"},"image":{"@id":"https:\/\/infoecos.com.ar\/index.php\/aprehensiones-por-delito-de-violacion-de-domicilio-y-por-sustraccion-de-griferia\/#primaryimage"},"thumbnailUrl":"https:\/\/infoecos.com.ar\/wp-content\/uploads\/2024\/01\/image-178.png","keywords":["polical trenque lauquen"],"articleSection":["C1 nota 6"],"inLanguage":"es"},{"@type":"WebPage","@id":"https:\/\/infoecos.com.ar\/index.php\/aprehensiones-por-delito-de-violacion-de-domicilio-y-por-sustraccion-de-griferia\/","url":"https:\/\/infoecos.com.ar\/index.php\/aprehensiones-por-delito-de-violacion-de-domicilio-y-por-sustraccion-de-griferia\/","name":"Aprehensiones por d\u00e9lito de violaci\u00f3n de domicilio y por sustracci\u00f3n de grifer\u00eda - Infoecos","isPartOf":{"@id":"https:\/\/infoecos.com.ar\/#website"},"primaryImageOfPage":{"@id":"https:\/\/infoecos.com.ar\/index.php\/aprehensiones-por-delito-de-violacion-de-domicilio-y-por-sustraccion-de-griferia\/#primaryimage"},"image":{"@id":"https:\/\/infoecos.com.ar\/index.php\/aprehensiones-por-delito-de-violacion-de-domicilio-y-por-sustraccion-de-griferia\/#primaryimage"},"thumbnailUrl":"https:\/\/infoecos.com.ar\/wp-content\/uploads\/2024\/01\/image-178.png","datePublished":"2024-01-29T19:20:15+00:00","dateModified":"2024-01-30T14:07:48+00:00","breadcrumb":{"@id":"https:\/\/infoecos.com.ar\/index.php\/aprehensiones-por-delito-de-violacion-de-domicilio-y-por-sustraccion-de-griferia\/#breadcrumb"},"inLanguage":"es","potentialAction":[{"@type":"ReadAction","target":["https:\/\/infoecos.com.ar\/index.php\/aprehensiones-por-delito-de-violacion-de-domicilio-y-por-sustraccion-de-griferia\/"]}]},{"@type":"ImageObject","inLanguage":"es","@id":"https:\/\/infoecos.com.ar\/index.php\/aprehensiones-por-delito-de-violacion-de-domicilio-y-por-sustraccion-de-griferia\/#primaryimage","url":"https:\/\/infoecos.com.ar\/wp-content\/uploads\/2024\/01\/image-178.png","contentUrl":"https:\/\/infoecos.com.ar\/wp-content\/uploads\/2024\/01\/image-178.png","width":1101,"height":900},{"@type":"BreadcrumbList","@id":"https:\/\/infoecos.com.ar\/index.php\/aprehensiones-por-delito-de-violacion-de-domicilio-y-por-sustraccion-de-griferia\/#breadcrumb","itemListElement":[{"@type":"ListItem","position":1,"name":"Portada","item":"https:\/\/infoecos.com.ar\/"},{"@type":"ListItem","position":2,"name":"Aprehensiones por d\u00e9lito de violaci\u00f3n de domicilio y por sustracci\u00f3n de grifer\u00eda"}]},{"@type":"WebSite","@id":"https:\/\/infoecos.com.ar\/#website","url":"https:\/\/infoecos.com.ar\/","name":"Infoecos","description":"Noticias de trenque lauquen y la zona","publisher":{"@id":"https:\/\/infoecos.com.ar\/#organization"},"alternateName":"Noticias","potentialAction":[{"@type":"SearchAction","target":{"@type":"EntryPoint","urlTemplate":"https:\/\/infoecos.com.ar\/?s={search_term_string}"},"query-input":{"@type":"PropertyValueSpecification","valueRequired":true,"valueName":"search_term_string"}}],"inLanguage":"es"},{"@type":"Organization","@id":"https:\/\/infoecos.com.ar\/#organization","name":"Infoecos","alternateName":"Noticias","url":"https:\/\/infoecos.com.ar\/","logo":{"@type":"ImageObject","inLanguage":"es","@id":"https:\/\/infoecos.com.ar\/#\/schema\/logo\/image\/","url":"https:\/\/infoecos.com.ar\/wp-content\/uploads\/2024\/03\/cropped-logo.png","contentUrl":"https:\/\/infoecos.com.ar\/wp-content\/uploads\/2024\/03\/cropped-logo.png","width":374,"height":90,"caption":"Infoecos"},"image":{"@id":"https:\/\/infoecos.com.ar\/#\/schema\/logo\/image\/"},"sameAs":["https:\/\/www.facebook.com\/profile.php?id=100063200290284","https:\/\/x.com\/infoecos"]},{"@type":"Person","@id":"https:\/\/infoecos.com.ar\/#\/schema\/person\/8f5ace5ce73b4b4aac4b7245aee6f191","name":"Jorge Matheus","url":"https:\/\/infoecos.com.ar\/index.php\/author\/jomatheus\/"}]}},"featured_image_urls":{"full":["https:\/\/infoecos.com.ar\/wp-content\/uploads\/2024\/01\/image-178.png",1101,900,false],"thumbnail":["https:\/\/infoecos.com.ar\/wp-content\/uploads\/2024\/01\/image-178-300x150.png",300,150,true],"medium":["https:\/\/infoecos.com.ar\/wp-content\/uploads\/2024\/01\/image-178-800x654.png",800,654,true],"medium_large":["https:\/\/infoecos.com.ar\/wp-content\/uploads\/2024\/01\/image-178-768x628.png",640,523,true],"large":["https:\/\/infoecos.com.ar\/wp-content\/uploads\/2024\/01\/image-178.png",640,523,false],"1536x1536":["https:\/\/infoecos.com.ar\/wp-content\/uploads\/2024\/01\/image-178.png",1101,900,false],"2048x2048":["https:\/\/infoecos.com.ar\/wp-content\/uploads\/2024\/01\/image-178.png",1101,900,false],"covernews-slider-full":["https:\/\/infoecos.com.ar\/wp-content\/uploads\/2024\/01\/image-178.png",875,715,false],"covernews-slider-center":["https:\/\/infoecos.com.ar\/wp-content\/uploads\/2024\/01\/image-178-936x897.png",522,500,true],"covernews-featured":["https:\/\/infoecos.com.ar\/wp-content\/uploads\/2024\/01\/image-178-1024x837.png",1024,837,true],"covernews-medium":["https:\/\/infoecos.com.ar\/wp-content\/uploads\/2024\/01\/image-178-720x380.png",540,285,true],"covernews-medium-square":["https:\/\/infoecos.com.ar\/wp-content\/uploads\/2024\/01\/image-178-675x450.png",375,250,true]},"author_info":{"info":["Jorge Matheus"]},"category_info":"<a href=\"https:\/\/infoecos.com.ar\/index.php\/category\/c1nota6\/\" rel=\"category tag\">C1 nota 6<\/a>","tag_info":"C1 nota 6","comment_count":"0","_links":{"self":[{"href":"https:\/\/infoecos.com.ar\/index.php\/wp-json\/wp\/v2\/posts\/117944"}],"collection":[{"href":"https:\/\/infoecos.com.ar\/index.php\/wp-json\/wp\/v2\/posts"}],"about":[{"href":"https:\/\/infoecos.com.ar\/index.php\/wp-json\/wp\/v2\/types\/post"}],"author":[{"embeddable":true,"href":"https:\/\/infoecos.com.ar\/index.php\/wp-json\/wp\/v2\/users\/2"}],"replies":[{"embeddable":true,"href":"https:\/\/infoecos.com.ar\/index.php\/wp-json\/wp\/v2\/comments?post=117944"}],"version-history":[{"count":1,"href":"https:\/\/infoecos.com.ar\/index.php\/wp-json\/wp\/v2\/posts\/117944\/revisions"}],"predecessor-version":[{"id":117946,"href":"https:\/\/infoecos.com.ar\/index.php\/wp-json\/wp\/v2\/posts\/117944\/revisions\/117946"}],"wp:featuredmedia":[{"embeddable":true,"href":"https:\/\/infoecos.com.ar\/index.php\/wp-json\/wp\/v2\/media\/117945"}],"wp:attachment":[{"href":"https:\/\/infoecos.com.ar\/index.php\/wp-json\/wp\/v2\/media?parent=117944"}],"wp:term":[{"taxonomy":"category","embeddable":true,"href":"https:\/\/infoecos.com.ar\/index.php\/wp-json\/wp\/v2\/categories?post=117944"},{"taxonomy":"post_tag","embeddable":true,"href":"https:\/\/infoecos.com.ar\/index.php\/wp-json\/wp\/v2\/tags?post=117944"}],"curies":[{"name":"wp","href":"https:\/\/api.w.org\/{rel}","templated":true}]}}