{"id":117983,"date":"2024-01-30T01:13:01","date_gmt":"2024-01-30T04:13:01","guid":{"rendered":"https:\/\/infoecos.com.ar\/?p=117983"},"modified":"2024-01-30T01:13:02","modified_gmt":"2024-01-30T04:13:02","slug":"temperaturas-muy-altas-con-alguna-estimacion-de-lluvia-para-este-martes","status":"publish","type":"post","link":"https:\/\/infoecos.com.ar\/index.php\/temperaturas-muy-altas-con-alguna-estimacion-de-lluvia-para-este-martes\/","title":{"rendered":"Temperaturas muy altas con alguna estimaci\u00f3n de lluvia para este martes"},"content":{"rendered":"\n<p>Asoman algunas posibilidades de lluvia en la zona para esta martes. El porcentaje proporcionado por el Servicio Meteorol\u00f3gico Nacional es bajo para la tarde y noche. Se estiman vientos fuertes con r\u00e1fagas de hasta 50 kil\u00f3metros por hora. <\/p>\n\n\n\n<figure class=\"wp-block-image aligncenter size-full\"><img loading=\"lazy\" decoding=\"async\" width=\"646\" height=\"276\" src=\"https:\/\/infoecos.com.ar\/wp-content\/uploads\/2024\/01\/18197263-a10c-4d1c-87c6-e85d48677bf5.jpg\" alt=\"\" class=\"wp-image-117984\"\/><\/figure>\n\n\n\n<p>La temperatura m\u00e1xima del lunes fue alt\u00edsima. Alcanz\u00f3 a los 37.5\u00b0 y se registr\u00f3 a las 16.00 horas. El dato, como siempre, es tomado de los Sensores Clim\u00e1ticos de la Municipalidad de Trenque Lauquen. <\/p>\n\n\n\n<figure class=\"wp-block-image aligncenter size-full\"><img loading=\"lazy\" decoding=\"async\" width=\"488\" height=\"235\" src=\"https:\/\/infoecos.com.ar\/wp-content\/uploads\/2024\/01\/f6083f1e-bf56-4a7d-a7fc-e3d4d604f09a.jpg\" alt=\"\" class=\"wp-image-117985\"\/><\/figure>\n","protected":false},"excerpt":{"rendered":"<p>La temperatura m\u00e1xima del lunes fue alt\u00edsima. Alcanz\u00f3 a los 37.5\u00b0 y se registr\u00f3 a las 16.00 horas<\/p>\n","protected":false},"author":2,"featured_media":117986,"comment_status":"closed","ping_status":"open","sticky":false,"template":"","format":"standard","meta":{"footnotes":""},"categories":[45],"tags":[8702],"class_list":["post-117983","post","type-post","status-publish","format-standard","has-post-thumbnail","hentry","category-c1nota2","tag-clima-trenque-lauquen-y-zona-2"],"yoast_head":"<!-- This site is optimized with the Yoast SEO plugin v23.4 - https:\/\/yoast.com\/wordpress\/plugins\/seo\/ -->\n<title>Temperaturas muy altas con alguna estimaci\u00f3n de lluvia para este martes - Infoecos<\/title>\n<meta name=\"robots\" content=\"index, follow, max-snippet:-1, max-image-preview:large, max-video-preview:-1\" \/>\n<link rel=\"canonical\" href=\"https:\/\/infoecos.com.ar\/index.php\/temperaturas-muy-altas-con-alguna-estimacion-de-lluvia-para-este-martes\/\" \/>\n<meta property=\"og:locale\" content=\"es_ES\" \/>\n<meta property=\"og:type\" content=\"article\" \/>\n<meta property=\"og:title\" content=\"Temperaturas muy altas con alguna estimaci\u00f3n de lluvia para este martes - Infoecos\" \/>\n<meta property=\"og:description\" content=\"La temperatura m\u00e1xima del lunes fue alt\u00edsima. Alcanz\u00f3 a los 37.5\u00b0 y se registr\u00f3 a las 16.00 horas\" \/>\n<meta property=\"og:url\" content=\"https:\/\/infoecos.com.ar\/index.php\/temperaturas-muy-altas-con-alguna-estimacion-de-lluvia-para-este-martes\/\" \/>\n<meta property=\"og:site_name\" content=\"Infoecos\" \/>\n<meta property=\"article:publisher\" content=\"https:\/\/www.facebook.com\/profile.php?id=100063200290284\" \/>\n<meta property=\"article:published_time\" content=\"2024-01-30T04:13:01+00:00\" \/>\n<meta property=\"article:modified_time\" content=\"2024-01-30T04:13:02+00:00\" \/>\n<meta property=\"og:image\" content=\"https:\/\/infoecos.com.ar\/wp-content\/uploads\/2024\/01\/heat-834468_640.jpg\" \/>\n\t<meta property=\"og:image:width\" content=\"640\" \/>\n\t<meta property=\"og:image:height\" content=\"425\" \/>\n\t<meta property=\"og:image:type\" content=\"image\/jpeg\" \/>\n<meta name=\"author\" content=\"Jorge Matheus\" \/>\n<meta name=\"twitter:card\" content=\"summary_large_image\" \/>\n<meta name=\"twitter:creator\" content=\"@infoecos\" \/>\n<meta name=\"twitter:site\" content=\"@infoecos\" \/>\n<meta name=\"twitter:label1\" content=\"Escrito por\" \/>\n\t<meta name=\"twitter:data1\" content=\"Jorge Matheus\" \/>\n\t<meta name=\"twitter:label2\" content=\"Tiempo de lectura\" \/>\n\t<meta name=\"twitter:data2\" content=\"1 minuto\" \/>\n<script type=\"application\/ld+json\" class=\"yoast-schema-graph\">{\"@context\":\"https:\/\/schema.org\",\"@graph\":[{\"@type\":\"Article\",\"@id\":\"https:\/\/infoecos.com.ar\/index.php\/temperaturas-muy-altas-con-alguna-estimacion-de-lluvia-para-este-martes\/#article\",\"isPartOf\":{\"@id\":\"https:\/\/infoecos.com.ar\/index.php\/temperaturas-muy-altas-con-alguna-estimacion-de-lluvia-para-este-martes\/\"},\"author\":{\"name\":\"Jorge Matheus\",\"@id\":\"https:\/\/infoecos.com.ar\/#\/schema\/person\/8f5ace5ce73b4b4aac4b7245aee6f191\"},\"headline\":\"Temperaturas muy altas con alguna estimaci\u00f3n de lluvia para este martes\",\"datePublished\":\"2024-01-30T04:13:01+00:00\",\"dateModified\":\"2024-01-30T04:13:02+00:00\",\"mainEntityOfPage\":{\"@id\":\"https:\/\/infoecos.com.ar\/index.php\/temperaturas-muy-altas-con-alguna-estimacion-de-lluvia-para-este-martes\/\"},\"wordCount\":87,\"publisher\":{\"@id\":\"https:\/\/infoecos.com.ar\/#organization\"},\"image\":{\"@id\":\"https:\/\/infoecos.com.ar\/index.php\/temperaturas-muy-altas-con-alguna-estimacion-de-lluvia-para-este-martes\/#primaryimage\"},\"thumbnailUrl\":\"https:\/\/infoecos.com.ar\/wp-content\/uploads\/2024\/01\/heat-834468_640.jpg\",\"keywords\":[\"CLIMA TRENQUE LAUQUEN Y ZONA\"],\"articleSection\":[\"C1 N2\"],\"inLanguage\":\"es\"},{\"@type\":\"WebPage\",\"@id\":\"https:\/\/infoecos.com.ar\/index.php\/temperaturas-muy-altas-con-alguna-estimacion-de-lluvia-para-este-martes\/\",\"url\":\"https:\/\/infoecos.com.ar\/index.php\/temperaturas-muy-altas-con-alguna-estimacion-de-lluvia-para-este-martes\/\",\"name\":\"Temperaturas muy altas con alguna estimaci\u00f3n de lluvia para este martes - Infoecos\",\"isPartOf\":{\"@id\":\"https:\/\/infoecos.com.ar\/#website\"},\"primaryImageOfPage\":{\"@id\":\"https:\/\/infoecos.com.ar\/index.php\/temperaturas-muy-altas-con-alguna-estimacion-de-lluvia-para-este-martes\/#primaryimage\"},\"image\":{\"@id\":\"https:\/\/infoecos.com.ar\/index.php\/temperaturas-muy-altas-con-alguna-estimacion-de-lluvia-para-este-martes\/#primaryimage\"},\"thumbnailUrl\":\"https:\/\/infoecos.com.ar\/wp-content\/uploads\/2024\/01\/heat-834468_640.jpg\",\"datePublished\":\"2024-01-30T04:13:01+00:00\",\"dateModified\":\"2024-01-30T04:13:02+00:00\",\"breadcrumb\":{\"@id\":\"https:\/\/infoecos.com.ar\/index.php\/temperaturas-muy-altas-con-alguna-estimacion-de-lluvia-para-este-martes\/#breadcrumb\"},\"inLanguage\":\"es\",\"potentialAction\":[{\"@type\":\"ReadAction\",\"target\":[\"https:\/\/infoecos.com.ar\/index.php\/temperaturas-muy-altas-con-alguna-estimacion-de-lluvia-para-este-martes\/\"]}]},{\"@type\":\"ImageObject\",\"inLanguage\":\"es\",\"@id\":\"https:\/\/infoecos.com.ar\/index.php\/temperaturas-muy-altas-con-alguna-estimacion-de-lluvia-para-este-martes\/#primaryimage\",\"url\":\"https:\/\/infoecos.com.ar\/wp-content\/uploads\/2024\/01\/heat-834468_640.jpg\",\"contentUrl\":\"https:\/\/infoecos.com.ar\/wp-content\/uploads\/2024\/01\/heat-834468_640.jpg\",\"width\":640,\"height\":425},{\"@type\":\"BreadcrumbList\",\"@id\":\"https:\/\/infoecos.com.ar\/index.php\/temperaturas-muy-altas-con-alguna-estimacion-de-lluvia-para-este-martes\/#breadcrumb\",\"itemListElement\":[{\"@type\":\"ListItem\",\"position\":1,\"name\":\"Portada\",\"item\":\"https:\/\/infoecos.com.ar\/\"},{\"@type\":\"ListItem\",\"position\":2,\"name\":\"Temperaturas muy altas con alguna estimaci\u00f3n de lluvia para este martes\"}]},{\"@type\":\"WebSite\",\"@id\":\"https:\/\/infoecos.com.ar\/#website\",\"url\":\"https:\/\/infoecos.com.ar\/\",\"name\":\"Infoecos\",\"description\":\"Noticias de trenque lauquen y la zona\",\"publisher\":{\"@id\":\"https:\/\/infoecos.com.ar\/#organization\"},\"alternateName\":\"Noticias\",\"potentialAction\":[{\"@type\":\"SearchAction\",\"target\":{\"@type\":\"EntryPoint\",\"urlTemplate\":\"https:\/\/infoecos.com.ar\/?s={search_term_string}\"},\"query-input\":{\"@type\":\"PropertyValueSpecification\",\"valueRequired\":true,\"valueName\":\"search_term_string\"}}],\"inLanguage\":\"es\"},{\"@type\":\"Organization\",\"@id\":\"https:\/\/infoecos.com.ar\/#organization\",\"name\":\"Infoecos\",\"alternateName\":\"Noticias\",\"url\":\"https:\/\/infoecos.com.ar\/\",\"logo\":{\"@type\":\"ImageObject\",\"inLanguage\":\"es\",\"@id\":\"https:\/\/infoecos.com.ar\/#\/schema\/logo\/image\/\",\"url\":\"https:\/\/infoecos.com.ar\/wp-content\/uploads\/2024\/03\/cropped-logo.png\",\"contentUrl\":\"https:\/\/infoecos.com.ar\/wp-content\/uploads\/2024\/03\/cropped-logo.png\",\"width\":374,\"height\":90,\"caption\":\"Infoecos\"},\"image\":{\"@id\":\"https:\/\/infoecos.com.ar\/#\/schema\/logo\/image\/\"},\"sameAs\":[\"https:\/\/www.facebook.com\/profile.php?id=100063200290284\",\"https:\/\/x.com\/infoecos\"]},{\"@type\":\"Person\",\"@id\":\"https:\/\/infoecos.com.ar\/#\/schema\/person\/8f5ace5ce73b4b4aac4b7245aee6f191\",\"name\":\"Jorge Matheus\",\"url\":\"https:\/\/infoecos.com.ar\/index.php\/author\/jomatheus\/\"}]}<\/script>\n<!-- \/ Yoast SEO plugin. -->","yoast_head_json":{"title":"Temperaturas muy altas con alguna estimaci\u00f3n de lluvia para este martes - Infoecos","robots":{"index":"index","follow":"follow","max-snippet":"max-snippet:-1","max-image-preview":"max-image-preview:large","max-video-preview":"max-video-preview:-1"},"canonical":"https:\/\/infoecos.com.ar\/index.php\/temperaturas-muy-altas-con-alguna-estimacion-de-lluvia-para-este-martes\/","og_locale":"es_ES","og_type":"article","og_title":"Temperaturas muy altas con alguna estimaci\u00f3n de lluvia para este martes - Infoecos","og_description":"La temperatura m\u00e1xima del lunes fue alt\u00edsima. Alcanz\u00f3 a los 37.5\u00b0 y se registr\u00f3 a las 16.00 horas","og_url":"https:\/\/infoecos.com.ar\/index.php\/temperaturas-muy-altas-con-alguna-estimacion-de-lluvia-para-este-martes\/","og_site_name":"Infoecos","article_publisher":"https:\/\/www.facebook.com\/profile.php?id=100063200290284","article_published_time":"2024-01-30T04:13:01+00:00","article_modified_time":"2024-01-30T04:13:02+00:00","og_image":[{"width":640,"height":425,"url":"https:\/\/infoecos.com.ar\/wp-content\/uploads\/2024\/01\/heat-834468_640.jpg","type":"image\/jpeg"}],"author":"Jorge Matheus","twitter_card":"summary_large_image","twitter_creator":"@infoecos","twitter_site":"@infoecos","twitter_misc":{"Escrito por":"Jorge Matheus","Tiempo de lectura":"1 minuto"},"schema":{"@context":"https:\/\/schema.org","@graph":[{"@type":"Article","@id":"https:\/\/infoecos.com.ar\/index.php\/temperaturas-muy-altas-con-alguna-estimacion-de-lluvia-para-este-martes\/#article","isPartOf":{"@id":"https:\/\/infoecos.com.ar\/index.php\/temperaturas-muy-altas-con-alguna-estimacion-de-lluvia-para-este-martes\/"},"author":{"name":"Jorge Matheus","@id":"https:\/\/infoecos.com.ar\/#\/schema\/person\/8f5ace5ce73b4b4aac4b7245aee6f191"},"headline":"Temperaturas muy altas con alguna estimaci\u00f3n de lluvia para este martes","datePublished":"2024-01-30T04:13:01+00:00","dateModified":"2024-01-30T04:13:02+00:00","mainEntityOfPage":{"@id":"https:\/\/infoecos.com.ar\/index.php\/temperaturas-muy-altas-con-alguna-estimacion-de-lluvia-para-este-martes\/"},"wordCount":87,"publisher":{"@id":"https:\/\/infoecos.com.ar\/#organization"},"image":{"@id":"https:\/\/infoecos.com.ar\/index.php\/temperaturas-muy-altas-con-alguna-estimacion-de-lluvia-para-este-martes\/#primaryimage"},"thumbnailUrl":"https:\/\/infoecos.com.ar\/wp-content\/uploads\/2024\/01\/heat-834468_640.jpg","keywords":["CLIMA TRENQUE LAUQUEN Y ZONA"],"articleSection":["C1 N2"],"inLanguage":"es"},{"@type":"WebPage","@id":"https:\/\/infoecos.com.ar\/index.php\/temperaturas-muy-altas-con-alguna-estimacion-de-lluvia-para-este-martes\/","url":"https:\/\/infoecos.com.ar\/index.php\/temperaturas-muy-altas-con-alguna-estimacion-de-lluvia-para-este-martes\/","name":"Temperaturas muy altas con alguna estimaci\u00f3n de lluvia para este martes - Infoecos","isPartOf":{"@id":"https:\/\/infoecos.com.ar\/#website"},"primaryImageOfPage":{"@id":"https:\/\/infoecos.com.ar\/index.php\/temperaturas-muy-altas-con-alguna-estimacion-de-lluvia-para-este-martes\/#primaryimage"},"image":{"@id":"https:\/\/infoecos.com.ar\/index.php\/temperaturas-muy-altas-con-alguna-estimacion-de-lluvia-para-este-martes\/#primaryimage"},"thumbnailUrl":"https:\/\/infoecos.com.ar\/wp-content\/uploads\/2024\/01\/heat-834468_640.jpg","datePublished":"2024-01-30T04:13:01+00:00","dateModified":"2024-01-30T04:13:02+00:00","breadcrumb":{"@id":"https:\/\/infoecos.com.ar\/index.php\/temperaturas-muy-altas-con-alguna-estimacion-de-lluvia-para-este-martes\/#breadcrumb"},"inLanguage":"es","potentialAction":[{"@type":"ReadAction","target":["https:\/\/infoecos.com.ar\/index.php\/temperaturas-muy-altas-con-alguna-estimacion-de-lluvia-para-este-martes\/"]}]},{"@type":"ImageObject","inLanguage":"es","@id":"https:\/\/infoecos.com.ar\/index.php\/temperaturas-muy-altas-con-alguna-estimacion-de-lluvia-para-este-martes\/#primaryimage","url":"https:\/\/infoecos.com.ar\/wp-content\/uploads\/2024\/01\/heat-834468_640.jpg","contentUrl":"https:\/\/infoecos.com.ar\/wp-content\/uploads\/2024\/01\/heat-834468_640.jpg","width":640,"height":425},{"@type":"BreadcrumbList","@id":"https:\/\/infoecos.com.ar\/index.php\/temperaturas-muy-altas-con-alguna-estimacion-de-lluvia-para-este-martes\/#breadcrumb","itemListElement":[{"@type":"ListItem","position":1,"name":"Portada","item":"https:\/\/infoecos.com.ar\/"},{"@type":"ListItem","position":2,"name":"Temperaturas muy altas con alguna estimaci\u00f3n de lluvia para este martes"}]},{"@type":"WebSite","@id":"https:\/\/infoecos.com.ar\/#website","url":"https:\/\/infoecos.com.ar\/","name":"Infoecos","description":"Noticias de trenque lauquen y la zona","publisher":{"@id":"https:\/\/infoecos.com.ar\/#organization"},"alternateName":"Noticias","potentialAction":[{"@type":"SearchAction","target":{"@type":"EntryPoint","urlTemplate":"https:\/\/infoecos.com.ar\/?s={search_term_string}"},"query-input":{"@type":"PropertyValueSpecification","valueRequired":true,"valueName":"search_term_string"}}],"inLanguage":"es"},{"@type":"Organization","@id":"https:\/\/infoecos.com.ar\/#organization","name":"Infoecos","alternateName":"Noticias","url":"https:\/\/infoecos.com.ar\/","logo":{"@type":"ImageObject","inLanguage":"es","@id":"https:\/\/infoecos.com.ar\/#\/schema\/logo\/image\/","url":"https:\/\/infoecos.com.ar\/wp-content\/uploads\/2024\/03\/cropped-logo.png","contentUrl":"https:\/\/infoecos.com.ar\/wp-content\/uploads\/2024\/03\/cropped-logo.png","width":374,"height":90,"caption":"Infoecos"},"image":{"@id":"https:\/\/infoecos.com.ar\/#\/schema\/logo\/image\/"},"sameAs":["https:\/\/www.facebook.com\/profile.php?id=100063200290284","https:\/\/x.com\/infoecos"]},{"@type":"Person","@id":"https:\/\/infoecos.com.ar\/#\/schema\/person\/8f5ace5ce73b4b4aac4b7245aee6f191","name":"Jorge Matheus","url":"https:\/\/infoecos.com.ar\/index.php\/author\/jomatheus\/"}]}},"featured_image_urls":{"full":["https:\/\/infoecos.com.ar\/wp-content\/uploads\/2024\/01\/heat-834468_640.jpg",640,425,false],"thumbnail":["https:\/\/infoecos.com.ar\/wp-content\/uploads\/2024\/01\/heat-834468_640-300x150.jpg",300,150,true],"medium":["https:\/\/infoecos.com.ar\/wp-content\/uploads\/2024\/01\/heat-834468_640.jpg",640,425,false],"medium_large":["https:\/\/infoecos.com.ar\/wp-content\/uploads\/2024\/01\/heat-834468_640.jpg",640,425,false],"large":["https:\/\/infoecos.com.ar\/wp-content\/uploads\/2024\/01\/heat-834468_640.jpg",640,425,false],"1536x1536":["https:\/\/infoecos.com.ar\/wp-content\/uploads\/2024\/01\/heat-834468_640.jpg",640,425,false],"2048x2048":["https:\/\/infoecos.com.ar\/wp-content\/uploads\/2024\/01\/heat-834468_640.jpg",640,425,false],"covernews-slider-full":["https:\/\/infoecos.com.ar\/wp-content\/uploads\/2024\/01\/heat-834468_640.jpg",640,425,false],"covernews-slider-center":["https:\/\/infoecos.com.ar\/wp-content\/uploads\/2024\/01\/heat-834468_640.jpg",640,425,false],"covernews-featured":["https:\/\/infoecos.com.ar\/wp-content\/uploads\/2024\/01\/heat-834468_640.jpg",640,425,false],"covernews-medium":["https:\/\/infoecos.com.ar\/wp-content\/uploads\/2024\/01\/heat-834468_640-640x380.jpg",540,321,true],"covernews-medium-square":["https:\/\/infoecos.com.ar\/wp-content\/uploads\/2024\/01\/heat-834468_640.jpg",376,250,false]},"author_info":{"info":["Jorge Matheus"]},"category_info":"<a href=\"https:\/\/infoecos.com.ar\/index.php\/category\/c1nota2\/\" rel=\"category tag\">C1 N2<\/a>","tag_info":"C1 N2","comment_count":"0","_links":{"self":[{"href":"https:\/\/infoecos.com.ar\/index.php\/wp-json\/wp\/v2\/posts\/117983"}],"collection":[{"href":"https:\/\/infoecos.com.ar\/index.php\/wp-json\/wp\/v2\/posts"}],"about":[{"href":"https:\/\/infoecos.com.ar\/index.php\/wp-json\/wp\/v2\/types\/post"}],"author":[{"embeddable":true,"href":"https:\/\/infoecos.com.ar\/index.php\/wp-json\/wp\/v2\/users\/2"}],"replies":[{"embeddable":true,"href":"https:\/\/infoecos.com.ar\/index.php\/wp-json\/wp\/v2\/comments?post=117983"}],"version-history":[{"count":1,"href":"https:\/\/infoecos.com.ar\/index.php\/wp-json\/wp\/v2\/posts\/117983\/revisions"}],"predecessor-version":[{"id":117987,"href":"https:\/\/infoecos.com.ar\/index.php\/wp-json\/wp\/v2\/posts\/117983\/revisions\/117987"}],"wp:featuredmedia":[{"embeddable":true,"href":"https:\/\/infoecos.com.ar\/index.php\/wp-json\/wp\/v2\/media\/117986"}],"wp:attachment":[{"href":"https:\/\/infoecos.com.ar\/index.php\/wp-json\/wp\/v2\/media?parent=117983"}],"wp:term":[{"taxonomy":"category","embeddable":true,"href":"https:\/\/infoecos.com.ar\/index.php\/wp-json\/wp\/v2\/categories?post=117983"},{"taxonomy":"post_tag","embeddable":true,"href":"https:\/\/infoecos.com.ar\/index.php\/wp-json\/wp\/v2\/tags?post=117983"}],"curies":[{"name":"wp","href":"https:\/\/api.w.org\/{rel}","templated":true}]}}