{"id":118009,"date":"2024-01-30T09:43:20","date_gmt":"2024-01-30T12:43:20","guid":{"rendered":"https:\/\/infoecos.com.ar\/?p=118009"},"modified":"2024-01-30T21:49:02","modified_gmt":"2024-01-31T00:49:02","slug":"kalawhy-sigue-internado-en-santa-rosa-y-seria-derivado-al-hospital-aleman-de-caba","status":"publish","type":"post","link":"https:\/\/infoecos.com.ar\/index.php\/kalawhy-sigue-internado-en-santa-rosa-y-seria-derivado-al-hospital-aleman-de-caba\/","title":{"rendered":"Kalawhy sigue internado en Santa Rosa y ser\u00eda derivado al Hospital Alem\u00e1n de CABA"},"content":{"rendered":"\n<figure class=\"wp-block-image alignright size-full is-resized\"><img loading=\"lazy\" decoding=\"async\" src=\"https:\/\/infoecos.com.ar\/wp-content\/uploads\/2024\/01\/image-157.png\" alt=\"\" class=\"wp-image-117857\" width=\"354\" height=\"354\"\/><\/figure>\n\n\n\n<p>Uno de los seis heridos en el choque entre un Fiat 147 y un BMW, ocurrido el pasado viernes sobre la Ruta Nacional 5 y el acceso a Uriburu, fue dado de alta este domingo, Una menor de 13 a\u00f1os dej\u00f3 el Hospital Favaloro, mientras los otros cinco, en tanto, permanecen hospitalizados en distintas condiciones.<\/p>\n\n\n\n<p>La informaci\u00f3n est\u00e1 publicada en el sitio online de El Diario de La Pampa: eldiariodelapampa.com.ar.<\/p>\n\n\n\n<p>Adem\u00e1s de la conductora y sus dos hijos, los otros dos j\u00f3venes que se trasladaban en el Spazio permanecen internados en el Hospital de Santa Rosa.<\/p>\n\n\n\n<p>Se supo de fuentes cercanas a Kalahwy que ser\u00eda derivado en estas horas al Hospital Alem\u00e1n de Ciudad Aut\u00f3noma de Buenos Aires, donde ser\u00eda intervenido quir\u00fargicamente de lesiones que sufri\u00f3 en la columna.<\/p>\n","protected":false},"excerpt":{"rendered":"<p>Uno de los seis heridos en el choque entre un Fiat 147 y un BMW, ocurrido el pasado viernes sobre la Ruta Nacional 5 y el acceso a Uriburu, fue dado de alta este domingo<\/p>\n","protected":false},"author":2,"featured_media":117853,"comment_status":"closed","ping_status":"open","sticky":false,"template":"","format":"standard","meta":{"footnotes":""},"categories":[1325],"tags":[9959],"class_list":["post-118009","post","type-post","status-publish","format-standard","has-post-thumbnail","hentry","category-c1nota6","tag-accidente-en-ruta-5-y-acceso-a-uriburu-2"],"yoast_head":"<!-- This site is optimized with the Yoast SEO plugin v23.4 - https:\/\/yoast.com\/wordpress\/plugins\/seo\/ -->\n<title>Kalawhy sigue internado en Santa Rosa y ser\u00eda derivado al Hospital Alem\u00e1n de CABA - Infoecos<\/title>\n<meta name=\"robots\" content=\"index, follow, max-snippet:-1, max-image-preview:large, max-video-preview:-1\" \/>\n<link rel=\"canonical\" href=\"https:\/\/infoecos.com.ar\/index.php\/kalawhy-sigue-internado-en-santa-rosa-y-seria-derivado-al-hospital-aleman-de-caba\/\" \/>\n<meta property=\"og:locale\" content=\"es_ES\" \/>\n<meta property=\"og:type\" content=\"article\" \/>\n<meta property=\"og:title\" content=\"Kalawhy sigue internado en Santa Rosa y ser\u00eda derivado al Hospital Alem\u00e1n de CABA - Infoecos\" \/>\n<meta property=\"og:description\" content=\"Uno de los seis heridos en el choque entre un Fiat 147 y un BMW, ocurrido el pasado viernes sobre la Ruta Nacional 5 y el acceso a Uriburu, fue dado de alta este domingo\" \/>\n<meta property=\"og:url\" content=\"https:\/\/infoecos.com.ar\/index.php\/kalawhy-sigue-internado-en-santa-rosa-y-seria-derivado-al-hospital-aleman-de-caba\/\" \/>\n<meta property=\"og:site_name\" content=\"Infoecos\" \/>\n<meta property=\"article:publisher\" content=\"https:\/\/www.facebook.com\/profile.php?id=100063200290284\" \/>\n<meta property=\"article:published_time\" content=\"2024-01-30T12:43:20+00:00\" \/>\n<meta property=\"article:modified_time\" content=\"2024-01-31T00:49:02+00:00\" \/>\n<meta property=\"og:image\" content=\"https:\/\/infoecos.com.ar\/wp-content\/uploads\/2024\/01\/image-153.png\" \/>\n\t<meta property=\"og:image:width\" content=\"640\" \/>\n\t<meta property=\"og:image:height\" content=\"285\" \/>\n\t<meta property=\"og:image:type\" content=\"image\/png\" \/>\n<meta name=\"author\" content=\"Jorge Matheus\" \/>\n<meta name=\"twitter:card\" content=\"summary_large_image\" \/>\n<meta name=\"twitter:creator\" content=\"@infoecos\" \/>\n<meta name=\"twitter:site\" content=\"@infoecos\" \/>\n<meta name=\"twitter:label1\" content=\"Escrito por\" \/>\n\t<meta name=\"twitter:data1\" content=\"Jorge Matheus\" \/>\n\t<meta name=\"twitter:label2\" content=\"Tiempo de lectura\" \/>\n\t<meta name=\"twitter:data2\" content=\"1 minuto\" \/>\n<script type=\"application\/ld+json\" class=\"yoast-schema-graph\">{\"@context\":\"https:\/\/schema.org\",\"@graph\":[{\"@type\":\"Article\",\"@id\":\"https:\/\/infoecos.com.ar\/index.php\/kalawhy-sigue-internado-en-santa-rosa-y-seria-derivado-al-hospital-aleman-de-caba\/#article\",\"isPartOf\":{\"@id\":\"https:\/\/infoecos.com.ar\/index.php\/kalawhy-sigue-internado-en-santa-rosa-y-seria-derivado-al-hospital-aleman-de-caba\/\"},\"author\":{\"name\":\"Jorge Matheus\",\"@id\":\"https:\/\/infoecos.com.ar\/#\/schema\/person\/8f5ace5ce73b4b4aac4b7245aee6f191\"},\"headline\":\"Kalawhy sigue internado en Santa Rosa y ser\u00eda derivado al Hospital Alem\u00e1n de CABA\",\"datePublished\":\"2024-01-30T12:43:20+00:00\",\"dateModified\":\"2024-01-31T00:49:02+00:00\",\"mainEntityOfPage\":{\"@id\":\"https:\/\/infoecos.com.ar\/index.php\/kalawhy-sigue-internado-en-santa-rosa-y-seria-derivado-al-hospital-aleman-de-caba\/\"},\"wordCount\":153,\"publisher\":{\"@id\":\"https:\/\/infoecos.com.ar\/#organization\"},\"image\":{\"@id\":\"https:\/\/infoecos.com.ar\/index.php\/kalawhy-sigue-internado-en-santa-rosa-y-seria-derivado-al-hospital-aleman-de-caba\/#primaryimage\"},\"thumbnailUrl\":\"https:\/\/infoecos.com.ar\/wp-content\/uploads\/2024\/01\/image-153.png\",\"keywords\":[\"accidente en ruta 5 y acceso a Uriburu\"],\"articleSection\":[\"C1 nota 6\"],\"inLanguage\":\"es\"},{\"@type\":\"WebPage\",\"@id\":\"https:\/\/infoecos.com.ar\/index.php\/kalawhy-sigue-internado-en-santa-rosa-y-seria-derivado-al-hospital-aleman-de-caba\/\",\"url\":\"https:\/\/infoecos.com.ar\/index.php\/kalawhy-sigue-internado-en-santa-rosa-y-seria-derivado-al-hospital-aleman-de-caba\/\",\"name\":\"Kalawhy sigue internado en Santa Rosa y ser\u00eda derivado al Hospital Alem\u00e1n de CABA - Infoecos\",\"isPartOf\":{\"@id\":\"https:\/\/infoecos.com.ar\/#website\"},\"primaryImageOfPage\":{\"@id\":\"https:\/\/infoecos.com.ar\/index.php\/kalawhy-sigue-internado-en-santa-rosa-y-seria-derivado-al-hospital-aleman-de-caba\/#primaryimage\"},\"image\":{\"@id\":\"https:\/\/infoecos.com.ar\/index.php\/kalawhy-sigue-internado-en-santa-rosa-y-seria-derivado-al-hospital-aleman-de-caba\/#primaryimage\"},\"thumbnailUrl\":\"https:\/\/infoecos.com.ar\/wp-content\/uploads\/2024\/01\/image-153.png\",\"datePublished\":\"2024-01-30T12:43:20+00:00\",\"dateModified\":\"2024-01-31T00:49:02+00:00\",\"breadcrumb\":{\"@id\":\"https:\/\/infoecos.com.ar\/index.php\/kalawhy-sigue-internado-en-santa-rosa-y-seria-derivado-al-hospital-aleman-de-caba\/#breadcrumb\"},\"inLanguage\":\"es\",\"potentialAction\":[{\"@type\":\"ReadAction\",\"target\":[\"https:\/\/infoecos.com.ar\/index.php\/kalawhy-sigue-internado-en-santa-rosa-y-seria-derivado-al-hospital-aleman-de-caba\/\"]}]},{\"@type\":\"ImageObject\",\"inLanguage\":\"es\",\"@id\":\"https:\/\/infoecos.com.ar\/index.php\/kalawhy-sigue-internado-en-santa-rosa-y-seria-derivado-al-hospital-aleman-de-caba\/#primaryimage\",\"url\":\"https:\/\/infoecos.com.ar\/wp-content\/uploads\/2024\/01\/image-153.png\",\"contentUrl\":\"https:\/\/infoecos.com.ar\/wp-content\/uploads\/2024\/01\/image-153.png\",\"width\":1600,\"height\":713},{\"@type\":\"BreadcrumbList\",\"@id\":\"https:\/\/infoecos.com.ar\/index.php\/kalawhy-sigue-internado-en-santa-rosa-y-seria-derivado-al-hospital-aleman-de-caba\/#breadcrumb\",\"itemListElement\":[{\"@type\":\"ListItem\",\"position\":1,\"name\":\"Portada\",\"item\":\"https:\/\/infoecos.com.ar\/\"},{\"@type\":\"ListItem\",\"position\":2,\"name\":\"Kalawhy sigue internado en Santa Rosa y ser\u00eda derivado al Hospital Alem\u00e1n de CABA\"}]},{\"@type\":\"WebSite\",\"@id\":\"https:\/\/infoecos.com.ar\/#website\",\"url\":\"https:\/\/infoecos.com.ar\/\",\"name\":\"Infoecos\",\"description\":\"Noticias de trenque lauquen y la zona\",\"publisher\":{\"@id\":\"https:\/\/infoecos.com.ar\/#organization\"},\"alternateName\":\"Noticias\",\"potentialAction\":[{\"@type\":\"SearchAction\",\"target\":{\"@type\":\"EntryPoint\",\"urlTemplate\":\"https:\/\/infoecos.com.ar\/?s={search_term_string}\"},\"query-input\":{\"@type\":\"PropertyValueSpecification\",\"valueRequired\":true,\"valueName\":\"search_term_string\"}}],\"inLanguage\":\"es\"},{\"@type\":\"Organization\",\"@id\":\"https:\/\/infoecos.com.ar\/#organization\",\"name\":\"Infoecos\",\"alternateName\":\"Noticias\",\"url\":\"https:\/\/infoecos.com.ar\/\",\"logo\":{\"@type\":\"ImageObject\",\"inLanguage\":\"es\",\"@id\":\"https:\/\/infoecos.com.ar\/#\/schema\/logo\/image\/\",\"url\":\"https:\/\/infoecos.com.ar\/wp-content\/uploads\/2024\/03\/cropped-logo.png\",\"contentUrl\":\"https:\/\/infoecos.com.ar\/wp-content\/uploads\/2024\/03\/cropped-logo.png\",\"width\":374,\"height\":90,\"caption\":\"Infoecos\"},\"image\":{\"@id\":\"https:\/\/infoecos.com.ar\/#\/schema\/logo\/image\/\"},\"sameAs\":[\"https:\/\/www.facebook.com\/profile.php?id=100063200290284\",\"https:\/\/x.com\/infoecos\"]},{\"@type\":\"Person\",\"@id\":\"https:\/\/infoecos.com.ar\/#\/schema\/person\/8f5ace5ce73b4b4aac4b7245aee6f191\",\"name\":\"Jorge Matheus\",\"url\":\"https:\/\/infoecos.com.ar\/index.php\/author\/jomatheus\/\"}]}<\/script>\n<!-- \/ Yoast SEO plugin. -->","yoast_head_json":{"title":"Kalawhy sigue internado en Santa Rosa y ser\u00eda derivado al Hospital Alem\u00e1n de CABA - Infoecos","robots":{"index":"index","follow":"follow","max-snippet":"max-snippet:-1","max-image-preview":"max-image-preview:large","max-video-preview":"max-video-preview:-1"},"canonical":"https:\/\/infoecos.com.ar\/index.php\/kalawhy-sigue-internado-en-santa-rosa-y-seria-derivado-al-hospital-aleman-de-caba\/","og_locale":"es_ES","og_type":"article","og_title":"Kalawhy sigue internado en Santa Rosa y ser\u00eda derivado al Hospital Alem\u00e1n de CABA - Infoecos","og_description":"Uno de los seis heridos en el choque entre un Fiat 147 y un BMW, ocurrido el pasado viernes sobre la Ruta Nacional 5 y el acceso a Uriburu, fue dado de alta este domingo","og_url":"https:\/\/infoecos.com.ar\/index.php\/kalawhy-sigue-internado-en-santa-rosa-y-seria-derivado-al-hospital-aleman-de-caba\/","og_site_name":"Infoecos","article_publisher":"https:\/\/www.facebook.com\/profile.php?id=100063200290284","article_published_time":"2024-01-30T12:43:20+00:00","article_modified_time":"2024-01-31T00:49:02+00:00","og_image":[{"url":"https:\/\/infoecos.com.ar\/wp-content\/uploads\/2024\/01\/image-153.png","width":640,"height":285,"type":"image\/png"}],"author":"Jorge Matheus","twitter_card":"summary_large_image","twitter_creator":"@infoecos","twitter_site":"@infoecos","twitter_misc":{"Escrito por":"Jorge Matheus","Tiempo de lectura":"1 minuto"},"schema":{"@context":"https:\/\/schema.org","@graph":[{"@type":"Article","@id":"https:\/\/infoecos.com.ar\/index.php\/kalawhy-sigue-internado-en-santa-rosa-y-seria-derivado-al-hospital-aleman-de-caba\/#article","isPartOf":{"@id":"https:\/\/infoecos.com.ar\/index.php\/kalawhy-sigue-internado-en-santa-rosa-y-seria-derivado-al-hospital-aleman-de-caba\/"},"author":{"name":"Jorge Matheus","@id":"https:\/\/infoecos.com.ar\/#\/schema\/person\/8f5ace5ce73b4b4aac4b7245aee6f191"},"headline":"Kalawhy sigue internado en Santa Rosa y ser\u00eda derivado al Hospital Alem\u00e1n de CABA","datePublished":"2024-01-30T12:43:20+00:00","dateModified":"2024-01-31T00:49:02+00:00","mainEntityOfPage":{"@id":"https:\/\/infoecos.com.ar\/index.php\/kalawhy-sigue-internado-en-santa-rosa-y-seria-derivado-al-hospital-aleman-de-caba\/"},"wordCount":153,"publisher":{"@id":"https:\/\/infoecos.com.ar\/#organization"},"image":{"@id":"https:\/\/infoecos.com.ar\/index.php\/kalawhy-sigue-internado-en-santa-rosa-y-seria-derivado-al-hospital-aleman-de-caba\/#primaryimage"},"thumbnailUrl":"https:\/\/infoecos.com.ar\/wp-content\/uploads\/2024\/01\/image-153.png","keywords":["accidente en ruta 5 y acceso a Uriburu"],"articleSection":["C1 nota 6"],"inLanguage":"es"},{"@type":"WebPage","@id":"https:\/\/infoecos.com.ar\/index.php\/kalawhy-sigue-internado-en-santa-rosa-y-seria-derivado-al-hospital-aleman-de-caba\/","url":"https:\/\/infoecos.com.ar\/index.php\/kalawhy-sigue-internado-en-santa-rosa-y-seria-derivado-al-hospital-aleman-de-caba\/","name":"Kalawhy sigue internado en Santa Rosa y ser\u00eda derivado al Hospital Alem\u00e1n de CABA - Infoecos","isPartOf":{"@id":"https:\/\/infoecos.com.ar\/#website"},"primaryImageOfPage":{"@id":"https:\/\/infoecos.com.ar\/index.php\/kalawhy-sigue-internado-en-santa-rosa-y-seria-derivado-al-hospital-aleman-de-caba\/#primaryimage"},"image":{"@id":"https:\/\/infoecos.com.ar\/index.php\/kalawhy-sigue-internado-en-santa-rosa-y-seria-derivado-al-hospital-aleman-de-caba\/#primaryimage"},"thumbnailUrl":"https:\/\/infoecos.com.ar\/wp-content\/uploads\/2024\/01\/image-153.png","datePublished":"2024-01-30T12:43:20+00:00","dateModified":"2024-01-31T00:49:02+00:00","breadcrumb":{"@id":"https:\/\/infoecos.com.ar\/index.php\/kalawhy-sigue-internado-en-santa-rosa-y-seria-derivado-al-hospital-aleman-de-caba\/#breadcrumb"},"inLanguage":"es","potentialAction":[{"@type":"ReadAction","target":["https:\/\/infoecos.com.ar\/index.php\/kalawhy-sigue-internado-en-santa-rosa-y-seria-derivado-al-hospital-aleman-de-caba\/"]}]},{"@type":"ImageObject","inLanguage":"es","@id":"https:\/\/infoecos.com.ar\/index.php\/kalawhy-sigue-internado-en-santa-rosa-y-seria-derivado-al-hospital-aleman-de-caba\/#primaryimage","url":"https:\/\/infoecos.com.ar\/wp-content\/uploads\/2024\/01\/image-153.png","contentUrl":"https:\/\/infoecos.com.ar\/wp-content\/uploads\/2024\/01\/image-153.png","width":1600,"height":713},{"@type":"BreadcrumbList","@id":"https:\/\/infoecos.com.ar\/index.php\/kalawhy-sigue-internado-en-santa-rosa-y-seria-derivado-al-hospital-aleman-de-caba\/#breadcrumb","itemListElement":[{"@type":"ListItem","position":1,"name":"Portada","item":"https:\/\/infoecos.com.ar\/"},{"@type":"ListItem","position":2,"name":"Kalawhy sigue internado en Santa Rosa y ser\u00eda derivado al Hospital Alem\u00e1n de CABA"}]},{"@type":"WebSite","@id":"https:\/\/infoecos.com.ar\/#website","url":"https:\/\/infoecos.com.ar\/","name":"Infoecos","description":"Noticias de trenque lauquen y la zona","publisher":{"@id":"https:\/\/infoecos.com.ar\/#organization"},"alternateName":"Noticias","potentialAction":[{"@type":"SearchAction","target":{"@type":"EntryPoint","urlTemplate":"https:\/\/infoecos.com.ar\/?s={search_term_string}"},"query-input":{"@type":"PropertyValueSpecification","valueRequired":true,"valueName":"search_term_string"}}],"inLanguage":"es"},{"@type":"Organization","@id":"https:\/\/infoecos.com.ar\/#organization","name":"Infoecos","alternateName":"Noticias","url":"https:\/\/infoecos.com.ar\/","logo":{"@type":"ImageObject","inLanguage":"es","@id":"https:\/\/infoecos.com.ar\/#\/schema\/logo\/image\/","url":"https:\/\/infoecos.com.ar\/wp-content\/uploads\/2024\/03\/cropped-logo.png","contentUrl":"https:\/\/infoecos.com.ar\/wp-content\/uploads\/2024\/03\/cropped-logo.png","width":374,"height":90,"caption":"Infoecos"},"image":{"@id":"https:\/\/infoecos.com.ar\/#\/schema\/logo\/image\/"},"sameAs":["https:\/\/www.facebook.com\/profile.php?id=100063200290284","https:\/\/x.com\/infoecos"]},{"@type":"Person","@id":"https:\/\/infoecos.com.ar\/#\/schema\/person\/8f5ace5ce73b4b4aac4b7245aee6f191","name":"Jorge Matheus","url":"https:\/\/infoecos.com.ar\/index.php\/author\/jomatheus\/"}]}},"featured_image_urls":{"full":["https:\/\/infoecos.com.ar\/wp-content\/uploads\/2024\/01\/image-153.png",1600,713,false],"thumbnail":["https:\/\/infoecos.com.ar\/wp-content\/uploads\/2024\/01\/image-153-300x150.png",300,150,true],"medium":["https:\/\/infoecos.com.ar\/wp-content\/uploads\/2024\/01\/image-153-800x357.png",800,357,true],"medium_large":["https:\/\/infoecos.com.ar\/wp-content\/uploads\/2024\/01\/image-153-768x342.png",640,285,true],"large":["https:\/\/infoecos.com.ar\/wp-content\/uploads\/2024\/01\/image-153.png",640,285,false],"1536x1536":["https:\/\/infoecos.com.ar\/wp-content\/uploads\/2024\/01\/image-153-1536x684.png",1536,684,true],"2048x2048":["https:\/\/infoecos.com.ar\/wp-content\/uploads\/2024\/01\/image-153.png",1600,713,false],"covernews-slider-full":["https:\/\/infoecos.com.ar\/wp-content\/uploads\/2024\/01\/image-153-1536x713.png",1115,518,true],"covernews-slider-center":["https:\/\/infoecos.com.ar\/wp-content\/uploads\/2024\/01\/image-153-936x713.png",656,500,true],"covernews-featured":["https:\/\/infoecos.com.ar\/wp-content\/uploads\/2024\/01\/image-153-1024x456.png",1024,456,true],"covernews-medium":["https:\/\/infoecos.com.ar\/wp-content\/uploads\/2024\/01\/image-153-720x380.png",540,285,true],"covernews-medium-square":["https:\/\/infoecos.com.ar\/wp-content\/uploads\/2024\/01\/image-153-675x450.png",375,250,true]},"author_info":{"info":["Jorge Matheus"]},"category_info":"<a href=\"https:\/\/infoecos.com.ar\/index.php\/category\/c1nota6\/\" rel=\"category tag\">C1 nota 6<\/a>","tag_info":"C1 nota 6","comment_count":"0","_links":{"self":[{"href":"https:\/\/infoecos.com.ar\/index.php\/wp-json\/wp\/v2\/posts\/118009"}],"collection":[{"href":"https:\/\/infoecos.com.ar\/index.php\/wp-json\/wp\/v2\/posts"}],"about":[{"href":"https:\/\/infoecos.com.ar\/index.php\/wp-json\/wp\/v2\/types\/post"}],"author":[{"embeddable":true,"href":"https:\/\/infoecos.com.ar\/index.php\/wp-json\/wp\/v2\/users\/2"}],"replies":[{"embeddable":true,"href":"https:\/\/infoecos.com.ar\/index.php\/wp-json\/wp\/v2\/comments?post=118009"}],"version-history":[{"count":1,"href":"https:\/\/infoecos.com.ar\/index.php\/wp-json\/wp\/v2\/posts\/118009\/revisions"}],"predecessor-version":[{"id":118010,"href":"https:\/\/infoecos.com.ar\/index.php\/wp-json\/wp\/v2\/posts\/118009\/revisions\/118010"}],"wp:featuredmedia":[{"embeddable":true,"href":"https:\/\/infoecos.com.ar\/index.php\/wp-json\/wp\/v2\/media\/117853"}],"wp:attachment":[{"href":"https:\/\/infoecos.com.ar\/index.php\/wp-json\/wp\/v2\/media?parent=118009"}],"wp:term":[{"taxonomy":"category","embeddable":true,"href":"https:\/\/infoecos.com.ar\/index.php\/wp-json\/wp\/v2\/categories?post=118009"},{"taxonomy":"post_tag","embeddable":true,"href":"https:\/\/infoecos.com.ar\/index.php\/wp-json\/wp\/v2\/tags?post=118009"}],"curies":[{"name":"wp","href":"https:\/\/api.w.org\/{rel}","templated":true}]}}