{"id":118030,"date":"2024-01-30T11:30:46","date_gmt":"2024-01-30T14:30:46","guid":{"rendered":"https:\/\/infoecos.com.ar\/?p=118030"},"modified":"2024-01-31T15:49:35","modified_gmt":"2024-01-31T18:49:35","slug":"principio-de-incendio-en-el-techo-del-edificio-del-municipio-de-trenque-lauquen","status":"publish","type":"post","link":"https:\/\/infoecos.com.ar\/index.php\/principio-de-incendio-en-el-techo-del-edificio-del-municipio-de-trenque-lauquen\/","title":{"rendered":"Principio de incendio en el techo del edificio del municipio de Trenque Lauquen"},"content":{"rendered":"\n<p>Debieron ser convocados los Bomberos Voluntarios de Trenque Lauquen por un principio de incendio en el techo del edificio municipal, ubicado en Villegas 555.<\/p>\n\n\n\n<figure class=\"wp-block-gallery has-nested-images columns-default is-cropped wp-block-gallery-1 is-layout-flex wp-block-gallery-is-layout-flex\">\n<figure class=\"wp-block-image size-large\"><img loading=\"lazy\" decoding=\"async\" width=\"1600\" height=\"1070\" data-id=\"118043\" src=\"https:\/\/infoecos.com.ar\/wp-content\/uploads\/2024\/01\/424630579_792266849611341_2884388108343751000_n-1600x1070.jpg\" alt=\"\" class=\"wp-image-118043\" srcset=\"https:\/\/infoecos.com.ar\/wp-content\/uploads\/2024\/01\/424630579_792266849611341_2884388108343751000_n-1600x1070.jpg 1600w, https:\/\/infoecos.com.ar\/wp-content\/uploads\/2024\/01\/424630579_792266849611341_2884388108343751000_n-800x535.jpg 800w, https:\/\/infoecos.com.ar\/wp-content\/uploads\/2024\/01\/424630579_792266849611341_2884388108343751000_n-768x513.jpg 768w, https:\/\/infoecos.com.ar\/wp-content\/uploads\/2024\/01\/424630579_792266849611341_2884388108343751000_n-1536x1027.jpg 1536w, https:\/\/infoecos.com.ar\/wp-content\/uploads\/2024\/01\/424630579_792266849611341_2884388108343751000_n-1024x685.jpg 1024w, https:\/\/infoecos.com.ar\/wp-content\/uploads\/2024\/01\/424630579_792266849611341_2884388108343751000_n-675x450.jpg 675w, https:\/\/infoecos.com.ar\/wp-content\/uploads\/2024\/01\/424630579_792266849611341_2884388108343751000_n.jpg 2048w\" sizes=\"(max-width: 1600px) 100vw, 1600px\" \/><figcaption class=\"wp-element-caption\">Principio incendio municipio <\/figcaption><\/figure>\n\n\n\n<figure class=\"wp-block-image size-large\"><img loading=\"lazy\" decoding=\"async\" width=\"1600\" height=\"1070\" data-id=\"118046\" src=\"https:\/\/infoecos.com.ar\/wp-content\/uploads\/2024\/01\/424631523_792266616278031_6388639740025671371_n-1600x1070.jpg\" alt=\"\" class=\"wp-image-118046\" srcset=\"https:\/\/infoecos.com.ar\/wp-content\/uploads\/2024\/01\/424631523_792266616278031_6388639740025671371_n-1600x1070.jpg 1600w, https:\/\/infoecos.com.ar\/wp-content\/uploads\/2024\/01\/424631523_792266616278031_6388639740025671371_n-800x535.jpg 800w, https:\/\/infoecos.com.ar\/wp-content\/uploads\/2024\/01\/424631523_792266616278031_6388639740025671371_n-768x513.jpg 768w, https:\/\/infoecos.com.ar\/wp-content\/uploads\/2024\/01\/424631523_792266616278031_6388639740025671371_n-1536x1027.jpg 1536w, https:\/\/infoecos.com.ar\/wp-content\/uploads\/2024\/01\/424631523_792266616278031_6388639740025671371_n-1024x685.jpg 1024w, https:\/\/infoecos.com.ar\/wp-content\/uploads\/2024\/01\/424631523_792266616278031_6388639740025671371_n-675x450.jpg 675w, https:\/\/infoecos.com.ar\/wp-content\/uploads\/2024\/01\/424631523_792266616278031_6388639740025671371_n.jpg 2048w\" sizes=\"(max-width: 1600px) 100vw, 1600px\" \/><figcaption class=\"wp-element-caption\">Principio incendio municipio <\/figcaption><\/figure>\n\n\n\n<figure class=\"wp-block-image size-large\"><img loading=\"lazy\" decoding=\"async\" width=\"1600\" height=\"1070\" data-id=\"118044\" src=\"https:\/\/infoecos.com.ar\/wp-content\/uploads\/2024\/01\/424645461_792266709611355_7743097230857476225_n-1600x1070.jpg\" alt=\"\" class=\"wp-image-118044\" srcset=\"https:\/\/infoecos.com.ar\/wp-content\/uploads\/2024\/01\/424645461_792266709611355_7743097230857476225_n-1600x1070.jpg 1600w, https:\/\/infoecos.com.ar\/wp-content\/uploads\/2024\/01\/424645461_792266709611355_7743097230857476225_n-800x535.jpg 800w, https:\/\/infoecos.com.ar\/wp-content\/uploads\/2024\/01\/424645461_792266709611355_7743097230857476225_n-768x513.jpg 768w, https:\/\/infoecos.com.ar\/wp-content\/uploads\/2024\/01\/424645461_792266709611355_7743097230857476225_n-1536x1027.jpg 1536w, https:\/\/infoecos.com.ar\/wp-content\/uploads\/2024\/01\/424645461_792266709611355_7743097230857476225_n-1024x685.jpg 1024w, https:\/\/infoecos.com.ar\/wp-content\/uploads\/2024\/01\/424645461_792266709611355_7743097230857476225_n-675x450.jpg 675w, https:\/\/infoecos.com.ar\/wp-content\/uploads\/2024\/01\/424645461_792266709611355_7743097230857476225_n.jpg 2048w\" sizes=\"(max-width: 1600px) 100vw, 1600px\" \/><figcaption class=\"wp-element-caption\">Principio incendio municipio <\/figcaption><\/figure>\n\n\n\n<figure class=\"wp-block-image size-large\"><img loading=\"lazy\" decoding=\"async\" width=\"1600\" height=\"1070\" data-id=\"118048\" src=\"https:\/\/infoecos.com.ar\/wp-content\/uploads\/2024\/01\/424650226_792266682944691_5651692999421728213_n-1600x1070.jpg\" alt=\"\" class=\"wp-image-118048\" srcset=\"https:\/\/infoecos.com.ar\/wp-content\/uploads\/2024\/01\/424650226_792266682944691_5651692999421728213_n-1600x1070.jpg 1600w, https:\/\/infoecos.com.ar\/wp-content\/uploads\/2024\/01\/424650226_792266682944691_5651692999421728213_n-800x535.jpg 800w, https:\/\/infoecos.com.ar\/wp-content\/uploads\/2024\/01\/424650226_792266682944691_5651692999421728213_n-768x513.jpg 768w, https:\/\/infoecos.com.ar\/wp-content\/uploads\/2024\/01\/424650226_792266682944691_5651692999421728213_n-1536x1027.jpg 1536w, https:\/\/infoecos.com.ar\/wp-content\/uploads\/2024\/01\/424650226_792266682944691_5651692999421728213_n-1024x685.jpg 1024w, https:\/\/infoecos.com.ar\/wp-content\/uploads\/2024\/01\/424650226_792266682944691_5651692999421728213_n-675x450.jpg 675w, https:\/\/infoecos.com.ar\/wp-content\/uploads\/2024\/01\/424650226_792266682944691_5651692999421728213_n.jpg 2048w\" sizes=\"(max-width: 1600px) 100vw, 1600px\" \/><figcaption class=\"wp-element-caption\">Principio incendio municipio <\/figcaption><\/figure>\n\n\n\n<figure class=\"wp-block-image size-large\"><img loading=\"lazy\" decoding=\"async\" width=\"1600\" height=\"1070\" data-id=\"118039\" src=\"https:\/\/infoecos.com.ar\/wp-content\/uploads\/2024\/01\/424655940_792266806278012_4899333881643073564_n-1600x1070.jpg\" alt=\"\" class=\"wp-image-118039\" srcset=\"https:\/\/infoecos.com.ar\/wp-content\/uploads\/2024\/01\/424655940_792266806278012_4899333881643073564_n-1600x1070.jpg 1600w, https:\/\/infoecos.com.ar\/wp-content\/uploads\/2024\/01\/424655940_792266806278012_4899333881643073564_n-800x535.jpg 800w, https:\/\/infoecos.com.ar\/wp-content\/uploads\/2024\/01\/424655940_792266806278012_4899333881643073564_n-768x513.jpg 768w, https:\/\/infoecos.com.ar\/wp-content\/uploads\/2024\/01\/424655940_792266806278012_4899333881643073564_n-1536x1027.jpg 1536w, https:\/\/infoecos.com.ar\/wp-content\/uploads\/2024\/01\/424655940_792266806278012_4899333881643073564_n-1024x685.jpg 1024w, https:\/\/infoecos.com.ar\/wp-content\/uploads\/2024\/01\/424655940_792266806278012_4899333881643073564_n-675x450.jpg 675w, https:\/\/infoecos.com.ar\/wp-content\/uploads\/2024\/01\/424655940_792266806278012_4899333881643073564_n.jpg 2048w\" sizes=\"(max-width: 1600px) 100vw, 1600px\" \/><figcaption class=\"wp-element-caption\">Principio incendio municipio <\/figcaption><\/figure>\n\n\n\n<figure class=\"wp-block-image size-large\"><img loading=\"lazy\" decoding=\"async\" width=\"1600\" height=\"1070\" data-id=\"118045\" src=\"https:\/\/infoecos.com.ar\/wp-content\/uploads\/2024\/01\/424656809_792267216277971_1460040419584824011_n-1600x1070.jpg\" alt=\"\" class=\"wp-image-118045\" srcset=\"https:\/\/infoecos.com.ar\/wp-content\/uploads\/2024\/01\/424656809_792267216277971_1460040419584824011_n-1600x1070.jpg 1600w, https:\/\/infoecos.com.ar\/wp-content\/uploads\/2024\/01\/424656809_792267216277971_1460040419584824011_n-800x535.jpg 800w, https:\/\/infoecos.com.ar\/wp-content\/uploads\/2024\/01\/424656809_792267216277971_1460040419584824011_n-768x513.jpg 768w, https:\/\/infoecos.com.ar\/wp-content\/uploads\/2024\/01\/424656809_792267216277971_1460040419584824011_n-1536x1027.jpg 1536w, https:\/\/infoecos.com.ar\/wp-content\/uploads\/2024\/01\/424656809_792267216277971_1460040419584824011_n-1024x685.jpg 1024w, https:\/\/infoecos.com.ar\/wp-content\/uploads\/2024\/01\/424656809_792267216277971_1460040419584824011_n-675x450.jpg 675w, https:\/\/infoecos.com.ar\/wp-content\/uploads\/2024\/01\/424656809_792267216277971_1460040419584824011_n.jpg 2048w\" sizes=\"(max-width: 1600px) 100vw, 1600px\" \/><figcaption class=\"wp-element-caption\">Principio incendio municipio <\/figcaption><\/figure>\n\n\n\n<figure class=\"wp-block-image size-large\"><img loading=\"lazy\" decoding=\"async\" width=\"1600\" height=\"1070\" data-id=\"118047\" src=\"https:\/\/infoecos.com.ar\/wp-content\/uploads\/2024\/01\/424672510_792267176277975_4990955676672653052_n-1600x1070.jpg\" alt=\"\" class=\"wp-image-118047\" srcset=\"https:\/\/infoecos.com.ar\/wp-content\/uploads\/2024\/01\/424672510_792267176277975_4990955676672653052_n-1600x1070.jpg 1600w, https:\/\/infoecos.com.ar\/wp-content\/uploads\/2024\/01\/424672510_792267176277975_4990955676672653052_n-800x535.jpg 800w, https:\/\/infoecos.com.ar\/wp-content\/uploads\/2024\/01\/424672510_792267176277975_4990955676672653052_n-768x513.jpg 768w, https:\/\/infoecos.com.ar\/wp-content\/uploads\/2024\/01\/424672510_792267176277975_4990955676672653052_n-1536x1027.jpg 1536w, https:\/\/infoecos.com.ar\/wp-content\/uploads\/2024\/01\/424672510_792267176277975_4990955676672653052_n-1024x685.jpg 1024w, https:\/\/infoecos.com.ar\/wp-content\/uploads\/2024\/01\/424672510_792267176277975_4990955676672653052_n-675x450.jpg 675w, https:\/\/infoecos.com.ar\/wp-content\/uploads\/2024\/01\/424672510_792267176277975_4990955676672653052_n.jpg 2048w\" sizes=\"(max-width: 1600px) 100vw, 1600px\" \/><figcaption class=\"wp-element-caption\">Principio incendio municipio <\/figcaption><\/figure>\n\n\n\n<figure class=\"wp-block-image size-large\"><img loading=\"lazy\" decoding=\"async\" width=\"1600\" height=\"1070\" data-id=\"118038\" src=\"https:\/\/infoecos.com.ar\/wp-content\/uploads\/2024\/01\/424679934_792267096277983_1715392581788114909_n-1600x1070.jpg\" alt=\"\" class=\"wp-image-118038\" srcset=\"https:\/\/infoecos.com.ar\/wp-content\/uploads\/2024\/01\/424679934_792267096277983_1715392581788114909_n-1600x1070.jpg 1600w, https:\/\/infoecos.com.ar\/wp-content\/uploads\/2024\/01\/424679934_792267096277983_1715392581788114909_n-800x535.jpg 800w, https:\/\/infoecos.com.ar\/wp-content\/uploads\/2024\/01\/424679934_792267096277983_1715392581788114909_n-768x513.jpg 768w, https:\/\/infoecos.com.ar\/wp-content\/uploads\/2024\/01\/424679934_792267096277983_1715392581788114909_n-1536x1027.jpg 1536w, https:\/\/infoecos.com.ar\/wp-content\/uploads\/2024\/01\/424679934_792267096277983_1715392581788114909_n-1024x685.jpg 1024w, https:\/\/infoecos.com.ar\/wp-content\/uploads\/2024\/01\/424679934_792267096277983_1715392581788114909_n-675x450.jpg 675w, https:\/\/infoecos.com.ar\/wp-content\/uploads\/2024\/01\/424679934_792267096277983_1715392581788114909_n.jpg 2048w\" sizes=\"(max-width: 1600px) 100vw, 1600px\" \/><figcaption class=\"wp-element-caption\">Principio incendio municipio <\/figcaption><\/figure>\n\n\n\n<figure class=\"wp-block-image size-large\"><img loading=\"lazy\" decoding=\"async\" width=\"1600\" height=\"1070\" data-id=\"118040\" src=\"https:\/\/infoecos.com.ar\/wp-content\/uploads\/2024\/01\/424680583_792266719611354_8016773162600922584_n-1600x1070.jpg\" alt=\"\" class=\"wp-image-118040\" srcset=\"https:\/\/infoecos.com.ar\/wp-content\/uploads\/2024\/01\/424680583_792266719611354_8016773162600922584_n-1600x1070.jpg 1600w, https:\/\/infoecos.com.ar\/wp-content\/uploads\/2024\/01\/424680583_792266719611354_8016773162600922584_n-800x535.jpg 800w, https:\/\/infoecos.com.ar\/wp-content\/uploads\/2024\/01\/424680583_792266719611354_8016773162600922584_n-768x513.jpg 768w, https:\/\/infoecos.com.ar\/wp-content\/uploads\/2024\/01\/424680583_792266719611354_8016773162600922584_n-1536x1027.jpg 1536w, https:\/\/infoecos.com.ar\/wp-content\/uploads\/2024\/01\/424680583_792266719611354_8016773162600922584_n-1024x685.jpg 1024w, https:\/\/infoecos.com.ar\/wp-content\/uploads\/2024\/01\/424680583_792266719611354_8016773162600922584_n-675x450.jpg 675w, https:\/\/infoecos.com.ar\/wp-content\/uploads\/2024\/01\/424680583_792266719611354_8016773162600922584_n.jpg 2048w\" sizes=\"(max-width: 1600px) 100vw, 1600px\" \/><figcaption class=\"wp-element-caption\">Principio incendio municipio <\/figcaption><\/figure>\n\n\n\n<figure class=\"wp-block-image size-large\"><img loading=\"lazy\" decoding=\"async\" width=\"1600\" height=\"1070\" data-id=\"118042\" src=\"https:\/\/infoecos.com.ar\/wp-content\/uploads\/2024\/01\/424774201_792267322944627_1483709298603832108_n-1600x1070.jpg\" alt=\"\" class=\"wp-image-118042\" srcset=\"https:\/\/infoecos.com.ar\/wp-content\/uploads\/2024\/01\/424774201_792267322944627_1483709298603832108_n-1600x1070.jpg 1600w, https:\/\/infoecos.com.ar\/wp-content\/uploads\/2024\/01\/424774201_792267322944627_1483709298603832108_n-800x535.jpg 800w, https:\/\/infoecos.com.ar\/wp-content\/uploads\/2024\/01\/424774201_792267322944627_1483709298603832108_n-768x513.jpg 768w, https:\/\/infoecos.com.ar\/wp-content\/uploads\/2024\/01\/424774201_792267322944627_1483709298603832108_n-1536x1027.jpg 1536w, https:\/\/infoecos.com.ar\/wp-content\/uploads\/2024\/01\/424774201_792267322944627_1483709298603832108_n-1024x685.jpg 1024w, https:\/\/infoecos.com.ar\/wp-content\/uploads\/2024\/01\/424774201_792267322944627_1483709298603832108_n-675x450.jpg 675w, https:\/\/infoecos.com.ar\/wp-content\/uploads\/2024\/01\/424774201_792267322944627_1483709298603832108_n.jpg 2048w\" sizes=\"(max-width: 1600px) 100vw, 1600px\" \/><figcaption class=\"wp-element-caption\">Principio incendio municipio <\/figcaption><\/figure>\n\n\n\n<figure class=\"wp-block-image size-large\"><img loading=\"lazy\" decoding=\"async\" width=\"1600\" height=\"1070\" data-id=\"118041\" src=\"https:\/\/infoecos.com.ar\/wp-content\/uploads\/2024\/01\/424810628_792266769611349_721437587430939226_n-1600x1070.jpg\" alt=\"\" class=\"wp-image-118041\" srcset=\"https:\/\/infoecos.com.ar\/wp-content\/uploads\/2024\/01\/424810628_792266769611349_721437587430939226_n-1600x1070.jpg 1600w, https:\/\/infoecos.com.ar\/wp-content\/uploads\/2024\/01\/424810628_792266769611349_721437587430939226_n-800x535.jpg 800w, https:\/\/infoecos.com.ar\/wp-content\/uploads\/2024\/01\/424810628_792266769611349_721437587430939226_n-768x513.jpg 768w, https:\/\/infoecos.com.ar\/wp-content\/uploads\/2024\/01\/424810628_792266769611349_721437587430939226_n-1536x1027.jpg 1536w, https:\/\/infoecos.com.ar\/wp-content\/uploads\/2024\/01\/424810628_792266769611349_721437587430939226_n-1024x685.jpg 1024w, https:\/\/infoecos.com.ar\/wp-content\/uploads\/2024\/01\/424810628_792266769611349_721437587430939226_n-675x450.jpg 675w, https:\/\/infoecos.com.ar\/wp-content\/uploads\/2024\/01\/424810628_792266769611349_721437587430939226_n.jpg 2048w\" sizes=\"(max-width: 1600px) 100vw, 1600px\" \/><figcaption class=\"wp-element-caption\">Principio incendio municipio <\/figcaption><\/figure>\n<\/figure>\n\n\n\n<p>En un principio se requiri\u00f3 se procediera a la evacuaci\u00f3n del \u00faltimo piso del inmueble.<\/p>\n\n\n\n<p>Los servidores p\u00fablicos procedieron en el lugar a la extinci\u00f3n, manifest\u00e1ndose que la situaci\u00f3n fue superada de inmediato.<\/p>\n\n\n\n<p>El incendio fue provocado por las altas temperaturas imperantes. Se han tomado las medidas pertinentes y estar\u00eda descartado que vuelva a producirse <\/p>\n","protected":false},"excerpt":{"rendered":"<p>Debieron ser convocados los Bomberos Voluntarios de Trenque Lauquen por un principio de incendio en el techo del edificio municipal, ubicado en Villegas 555<\/p>\n","protected":false},"author":2,"featured_media":118041,"comment_status":"closed","ping_status":"open","sticky":false,"template":"","format":"standard","meta":{"footnotes":""},"categories":[1325],"tags":[9963],"class_list":["post-118030","post","type-post","status-publish","format-standard","has-post-thumbnail","hentry","category-c1nota6","tag-esta-manana-galeria-de-fotos"],"yoast_head":"<!-- This site is optimized with the Yoast SEO plugin v23.4 - https:\/\/yoast.com\/wordpress\/plugins\/seo\/ -->\n<title>Principio de incendio en el techo del edificio del municipio de Trenque Lauquen - Infoecos<\/title>\n<meta name=\"robots\" content=\"index, follow, max-snippet:-1, max-image-preview:large, max-video-preview:-1\" \/>\n<link rel=\"canonical\" href=\"https:\/\/infoecos.com.ar\/index.php\/principio-de-incendio-en-el-techo-del-edificio-del-municipio-de-trenque-lauquen\/\" \/>\n<meta property=\"og:locale\" content=\"es_ES\" \/>\n<meta property=\"og:type\" content=\"article\" \/>\n<meta property=\"og:title\" content=\"Principio de incendio en el techo del edificio del municipio de Trenque Lauquen - Infoecos\" \/>\n<meta property=\"og:description\" content=\"Debieron ser convocados los Bomberos Voluntarios de Trenque Lauquen por un principio de incendio en el techo del edificio municipal, ubicado en Villegas 555\" \/>\n<meta property=\"og:url\" content=\"https:\/\/infoecos.com.ar\/index.php\/principio-de-incendio-en-el-techo-del-edificio-del-municipio-de-trenque-lauquen\/\" \/>\n<meta property=\"og:site_name\" content=\"Infoecos\" \/>\n<meta property=\"article:publisher\" content=\"https:\/\/www.facebook.com\/profile.php?id=100063200290284\" \/>\n<meta property=\"article:published_time\" content=\"2024-01-30T14:30:46+00:00\" \/>\n<meta property=\"article:modified_time\" content=\"2024-01-31T18:49:35+00:00\" \/>\n<meta property=\"og:image\" content=\"https:\/\/infoecos.com.ar\/wp-content\/uploads\/2024\/01\/424810628_792266769611349_721437587430939226_n.jpg\" \/>\n\t<meta property=\"og:image:width\" content=\"2048\" \/>\n\t<meta property=\"og:image:height\" content=\"1369\" \/>\n\t<meta property=\"og:image:type\" content=\"image\/jpeg\" \/>\n<meta name=\"author\" content=\"Jorge Matheus\" \/>\n<meta name=\"twitter:card\" content=\"summary_large_image\" \/>\n<meta name=\"twitter:creator\" content=\"@infoecos\" \/>\n<meta name=\"twitter:site\" content=\"@infoecos\" \/>\n<meta name=\"twitter:label1\" content=\"Escrito por\" \/>\n\t<meta name=\"twitter:data1\" content=\"Jorge Matheus\" \/>\n\t<meta name=\"twitter:label2\" content=\"Tiempo de lectura\" \/>\n\t<meta name=\"twitter:data2\" content=\"3 minutos\" \/>\n<script type=\"application\/ld+json\" class=\"yoast-schema-graph\">{\"@context\":\"https:\/\/schema.org\",\"@graph\":[{\"@type\":\"Article\",\"@id\":\"https:\/\/infoecos.com.ar\/index.php\/principio-de-incendio-en-el-techo-del-edificio-del-municipio-de-trenque-lauquen\/#article\",\"isPartOf\":{\"@id\":\"https:\/\/infoecos.com.ar\/index.php\/principio-de-incendio-en-el-techo-del-edificio-del-municipio-de-trenque-lauquen\/\"},\"author\":{\"name\":\"Jorge Matheus\",\"@id\":\"https:\/\/infoecos.com.ar\/#\/schema\/person\/8f5ace5ce73b4b4aac4b7245aee6f191\"},\"headline\":\"Principio de incendio en el techo del edificio del municipio de Trenque Lauquen\",\"datePublished\":\"2024-01-30T14:30:46+00:00\",\"dateModified\":\"2024-01-31T18:49:35+00:00\",\"mainEntityOfPage\":{\"@id\":\"https:\/\/infoecos.com.ar\/index.php\/principio-de-incendio-en-el-techo-del-edificio-del-municipio-de-trenque-lauquen\/\"},\"wordCount\":130,\"publisher\":{\"@id\":\"https:\/\/infoecos.com.ar\/#organization\"},\"image\":{\"@id\":\"https:\/\/infoecos.com.ar\/index.php\/principio-de-incendio-en-el-techo-del-edificio-del-municipio-de-trenque-lauquen\/#primaryimage\"},\"thumbnailUrl\":\"https:\/\/infoecos.com.ar\/wp-content\/uploads\/2024\/01\/424810628_792266769611349_721437587430939226_n.jpg\",\"keywords\":[\"esta ma\u00f1ana (Galer\u00eda de Fotos)\"],\"articleSection\":[\"C1 nota 6\"],\"inLanguage\":\"es\"},{\"@type\":\"WebPage\",\"@id\":\"https:\/\/infoecos.com.ar\/index.php\/principio-de-incendio-en-el-techo-del-edificio-del-municipio-de-trenque-lauquen\/\",\"url\":\"https:\/\/infoecos.com.ar\/index.php\/principio-de-incendio-en-el-techo-del-edificio-del-municipio-de-trenque-lauquen\/\",\"name\":\"Principio de incendio en el techo del edificio del municipio de Trenque Lauquen - Infoecos\",\"isPartOf\":{\"@id\":\"https:\/\/infoecos.com.ar\/#website\"},\"primaryImageOfPage\":{\"@id\":\"https:\/\/infoecos.com.ar\/index.php\/principio-de-incendio-en-el-techo-del-edificio-del-municipio-de-trenque-lauquen\/#primaryimage\"},\"image\":{\"@id\":\"https:\/\/infoecos.com.ar\/index.php\/principio-de-incendio-en-el-techo-del-edificio-del-municipio-de-trenque-lauquen\/#primaryimage\"},\"thumbnailUrl\":\"https:\/\/infoecos.com.ar\/wp-content\/uploads\/2024\/01\/424810628_792266769611349_721437587430939226_n.jpg\",\"datePublished\":\"2024-01-30T14:30:46+00:00\",\"dateModified\":\"2024-01-31T18:49:35+00:00\",\"breadcrumb\":{\"@id\":\"https:\/\/infoecos.com.ar\/index.php\/principio-de-incendio-en-el-techo-del-edificio-del-municipio-de-trenque-lauquen\/#breadcrumb\"},\"inLanguage\":\"es\",\"potentialAction\":[{\"@type\":\"ReadAction\",\"target\":[\"https:\/\/infoecos.com.ar\/index.php\/principio-de-incendio-en-el-techo-del-edificio-del-municipio-de-trenque-lauquen\/\"]}]},{\"@type\":\"ImageObject\",\"inLanguage\":\"es\",\"@id\":\"https:\/\/infoecos.com.ar\/index.php\/principio-de-incendio-en-el-techo-del-edificio-del-municipio-de-trenque-lauquen\/#primaryimage\",\"url\":\"https:\/\/infoecos.com.ar\/wp-content\/uploads\/2024\/01\/424810628_792266769611349_721437587430939226_n.jpg\",\"contentUrl\":\"https:\/\/infoecos.com.ar\/wp-content\/uploads\/2024\/01\/424810628_792266769611349_721437587430939226_n.jpg\",\"width\":2048,\"height\":1369},{\"@type\":\"BreadcrumbList\",\"@id\":\"https:\/\/infoecos.com.ar\/index.php\/principio-de-incendio-en-el-techo-del-edificio-del-municipio-de-trenque-lauquen\/#breadcrumb\",\"itemListElement\":[{\"@type\":\"ListItem\",\"position\":1,\"name\":\"Portada\",\"item\":\"https:\/\/infoecos.com.ar\/\"},{\"@type\":\"ListItem\",\"position\":2,\"name\":\"Principio de incendio en el techo del edificio del municipio de Trenque Lauquen\"}]},{\"@type\":\"WebSite\",\"@id\":\"https:\/\/infoecos.com.ar\/#website\",\"url\":\"https:\/\/infoecos.com.ar\/\",\"name\":\"Infoecos\",\"description\":\"Noticias de trenque lauquen y la zona\",\"publisher\":{\"@id\":\"https:\/\/infoecos.com.ar\/#organization\"},\"alternateName\":\"Noticias\",\"potentialAction\":[{\"@type\":\"SearchAction\",\"target\":{\"@type\":\"EntryPoint\",\"urlTemplate\":\"https:\/\/infoecos.com.ar\/?s={search_term_string}\"},\"query-input\":{\"@type\":\"PropertyValueSpecification\",\"valueRequired\":true,\"valueName\":\"search_term_string\"}}],\"inLanguage\":\"es\"},{\"@type\":\"Organization\",\"@id\":\"https:\/\/infoecos.com.ar\/#organization\",\"name\":\"Infoecos\",\"alternateName\":\"Noticias\",\"url\":\"https:\/\/infoecos.com.ar\/\",\"logo\":{\"@type\":\"ImageObject\",\"inLanguage\":\"es\",\"@id\":\"https:\/\/infoecos.com.ar\/#\/schema\/logo\/image\/\",\"url\":\"https:\/\/infoecos.com.ar\/wp-content\/uploads\/2024\/03\/cropped-logo.png\",\"contentUrl\":\"https:\/\/infoecos.com.ar\/wp-content\/uploads\/2024\/03\/cropped-logo.png\",\"width\":374,\"height\":90,\"caption\":\"Infoecos\"},\"image\":{\"@id\":\"https:\/\/infoecos.com.ar\/#\/schema\/logo\/image\/\"},\"sameAs\":[\"https:\/\/www.facebook.com\/profile.php?id=100063200290284\",\"https:\/\/x.com\/infoecos\"]},{\"@type\":\"Person\",\"@id\":\"https:\/\/infoecos.com.ar\/#\/schema\/person\/8f5ace5ce73b4b4aac4b7245aee6f191\",\"name\":\"Jorge Matheus\",\"url\":\"https:\/\/infoecos.com.ar\/index.php\/author\/jomatheus\/\"}]}<\/script>\n<!-- \/ Yoast SEO plugin. -->","yoast_head_json":{"title":"Principio de incendio en el techo del edificio del municipio de Trenque Lauquen - Infoecos","robots":{"index":"index","follow":"follow","max-snippet":"max-snippet:-1","max-image-preview":"max-image-preview:large","max-video-preview":"max-video-preview:-1"},"canonical":"https:\/\/infoecos.com.ar\/index.php\/principio-de-incendio-en-el-techo-del-edificio-del-municipio-de-trenque-lauquen\/","og_locale":"es_ES","og_type":"article","og_title":"Principio de incendio en el techo del edificio del municipio de Trenque Lauquen - Infoecos","og_description":"Debieron ser convocados los Bomberos Voluntarios de Trenque Lauquen por un principio de incendio en el techo del edificio municipal, ubicado en Villegas 555","og_url":"https:\/\/infoecos.com.ar\/index.php\/principio-de-incendio-en-el-techo-del-edificio-del-municipio-de-trenque-lauquen\/","og_site_name":"Infoecos","article_publisher":"https:\/\/www.facebook.com\/profile.php?id=100063200290284","article_published_time":"2024-01-30T14:30:46+00:00","article_modified_time":"2024-01-31T18:49:35+00:00","og_image":[{"width":2048,"height":1369,"url":"https:\/\/infoecos.com.ar\/wp-content\/uploads\/2024\/01\/424810628_792266769611349_721437587430939226_n.jpg","type":"image\/jpeg"}],"author":"Jorge Matheus","twitter_card":"summary_large_image","twitter_creator":"@infoecos","twitter_site":"@infoecos","twitter_misc":{"Escrito por":"Jorge Matheus","Tiempo de lectura":"3 minutos"},"schema":{"@context":"https:\/\/schema.org","@graph":[{"@type":"Article","@id":"https:\/\/infoecos.com.ar\/index.php\/principio-de-incendio-en-el-techo-del-edificio-del-municipio-de-trenque-lauquen\/#article","isPartOf":{"@id":"https:\/\/infoecos.com.ar\/index.php\/principio-de-incendio-en-el-techo-del-edificio-del-municipio-de-trenque-lauquen\/"},"author":{"name":"Jorge Matheus","@id":"https:\/\/infoecos.com.ar\/#\/schema\/person\/8f5ace5ce73b4b4aac4b7245aee6f191"},"headline":"Principio de incendio en el techo del edificio del municipio de Trenque Lauquen","datePublished":"2024-01-30T14:30:46+00:00","dateModified":"2024-01-31T18:49:35+00:00","mainEntityOfPage":{"@id":"https:\/\/infoecos.com.ar\/index.php\/principio-de-incendio-en-el-techo-del-edificio-del-municipio-de-trenque-lauquen\/"},"wordCount":130,"publisher":{"@id":"https:\/\/infoecos.com.ar\/#organization"},"image":{"@id":"https:\/\/infoecos.com.ar\/index.php\/principio-de-incendio-en-el-techo-del-edificio-del-municipio-de-trenque-lauquen\/#primaryimage"},"thumbnailUrl":"https:\/\/infoecos.com.ar\/wp-content\/uploads\/2024\/01\/424810628_792266769611349_721437587430939226_n.jpg","keywords":["esta ma\u00f1ana (Galer\u00eda de Fotos)"],"articleSection":["C1 nota 6"],"inLanguage":"es"},{"@type":"WebPage","@id":"https:\/\/infoecos.com.ar\/index.php\/principio-de-incendio-en-el-techo-del-edificio-del-municipio-de-trenque-lauquen\/","url":"https:\/\/infoecos.com.ar\/index.php\/principio-de-incendio-en-el-techo-del-edificio-del-municipio-de-trenque-lauquen\/","name":"Principio de incendio en el techo del edificio del municipio de Trenque Lauquen - Infoecos","isPartOf":{"@id":"https:\/\/infoecos.com.ar\/#website"},"primaryImageOfPage":{"@id":"https:\/\/infoecos.com.ar\/index.php\/principio-de-incendio-en-el-techo-del-edificio-del-municipio-de-trenque-lauquen\/#primaryimage"},"image":{"@id":"https:\/\/infoecos.com.ar\/index.php\/principio-de-incendio-en-el-techo-del-edificio-del-municipio-de-trenque-lauquen\/#primaryimage"},"thumbnailUrl":"https:\/\/infoecos.com.ar\/wp-content\/uploads\/2024\/01\/424810628_792266769611349_721437587430939226_n.jpg","datePublished":"2024-01-30T14:30:46+00:00","dateModified":"2024-01-31T18:49:35+00:00","breadcrumb":{"@id":"https:\/\/infoecos.com.ar\/index.php\/principio-de-incendio-en-el-techo-del-edificio-del-municipio-de-trenque-lauquen\/#breadcrumb"},"inLanguage":"es","potentialAction":[{"@type":"ReadAction","target":["https:\/\/infoecos.com.ar\/index.php\/principio-de-incendio-en-el-techo-del-edificio-del-municipio-de-trenque-lauquen\/"]}]},{"@type":"ImageObject","inLanguage":"es","@id":"https:\/\/infoecos.com.ar\/index.php\/principio-de-incendio-en-el-techo-del-edificio-del-municipio-de-trenque-lauquen\/#primaryimage","url":"https:\/\/infoecos.com.ar\/wp-content\/uploads\/2024\/01\/424810628_792266769611349_721437587430939226_n.jpg","contentUrl":"https:\/\/infoecos.com.ar\/wp-content\/uploads\/2024\/01\/424810628_792266769611349_721437587430939226_n.jpg","width":2048,"height":1369},{"@type":"BreadcrumbList","@id":"https:\/\/infoecos.com.ar\/index.php\/principio-de-incendio-en-el-techo-del-edificio-del-municipio-de-trenque-lauquen\/#breadcrumb","itemListElement":[{"@type":"ListItem","position":1,"name":"Portada","item":"https:\/\/infoecos.com.ar\/"},{"@type":"ListItem","position":2,"name":"Principio de incendio en el techo del edificio del municipio de Trenque Lauquen"}]},{"@type":"WebSite","@id":"https:\/\/infoecos.com.ar\/#website","url":"https:\/\/infoecos.com.ar\/","name":"Infoecos","description":"Noticias de trenque lauquen y la zona","publisher":{"@id":"https:\/\/infoecos.com.ar\/#organization"},"alternateName":"Noticias","potentialAction":[{"@type":"SearchAction","target":{"@type":"EntryPoint","urlTemplate":"https:\/\/infoecos.com.ar\/?s={search_term_string}"},"query-input":{"@type":"PropertyValueSpecification","valueRequired":true,"valueName":"search_term_string"}}],"inLanguage":"es"},{"@type":"Organization","@id":"https:\/\/infoecos.com.ar\/#organization","name":"Infoecos","alternateName":"Noticias","url":"https:\/\/infoecos.com.ar\/","logo":{"@type":"ImageObject","inLanguage":"es","@id":"https:\/\/infoecos.com.ar\/#\/schema\/logo\/image\/","url":"https:\/\/infoecos.com.ar\/wp-content\/uploads\/2024\/03\/cropped-logo.png","contentUrl":"https:\/\/infoecos.com.ar\/wp-content\/uploads\/2024\/03\/cropped-logo.png","width":374,"height":90,"caption":"Infoecos"},"image":{"@id":"https:\/\/infoecos.com.ar\/#\/schema\/logo\/image\/"},"sameAs":["https:\/\/www.facebook.com\/profile.php?id=100063200290284","https:\/\/x.com\/infoecos"]},{"@type":"Person","@id":"https:\/\/infoecos.com.ar\/#\/schema\/person\/8f5ace5ce73b4b4aac4b7245aee6f191","name":"Jorge Matheus","url":"https:\/\/infoecos.com.ar\/index.php\/author\/jomatheus\/"}]}},"featured_image_urls":{"full":["https:\/\/infoecos.com.ar\/wp-content\/uploads\/2024\/01\/424810628_792266769611349_721437587430939226_n.jpg",2048,1369,false],"thumbnail":["https:\/\/infoecos.com.ar\/wp-content\/uploads\/2024\/01\/424810628_792266769611349_721437587430939226_n-300x150.jpg",300,150,true],"medium":["https:\/\/infoecos.com.ar\/wp-content\/uploads\/2024\/01\/424810628_792266769611349_721437587430939226_n-800x535.jpg",800,535,true],"medium_large":["https:\/\/infoecos.com.ar\/wp-content\/uploads\/2024\/01\/424810628_792266769611349_721437587430939226_n-768x513.jpg",640,428,true],"large":["https:\/\/infoecos.com.ar\/wp-content\/uploads\/2024\/01\/424810628_792266769611349_721437587430939226_n-1600x1070.jpg",640,428,true],"1536x1536":["https:\/\/infoecos.com.ar\/wp-content\/uploads\/2024\/01\/424810628_792266769611349_721437587430939226_n-1536x1027.jpg",1536,1027,true],"2048x2048":["https:\/\/infoecos.com.ar\/wp-content\/uploads\/2024\/01\/424810628_792266769611349_721437587430939226_n.jpg",2048,1369,false],"covernews-slider-full":["https:\/\/infoecos.com.ar\/wp-content\/uploads\/2024\/01\/424810628_792266769611349_721437587430939226_n-1536x1020.jpg",1077,715,true],"covernews-slider-center":["https:\/\/infoecos.com.ar\/wp-content\/uploads\/2024\/01\/424810628_792266769611349_721437587430939226_n-936x897.jpg",522,500,true],"covernews-featured":["https:\/\/infoecos.com.ar\/wp-content\/uploads\/2024\/01\/424810628_792266769611349_721437587430939226_n-1024x685.jpg",1024,685,true],"covernews-medium":["https:\/\/infoecos.com.ar\/wp-content\/uploads\/2024\/01\/424810628_792266769611349_721437587430939226_n-720x380.jpg",540,285,true],"covernews-medium-square":["https:\/\/infoecos.com.ar\/wp-content\/uploads\/2024\/01\/424810628_792266769611349_721437587430939226_n-675x450.jpg",375,250,true]},"author_info":{"info":["Jorge Matheus"]},"category_info":"<a href=\"https:\/\/infoecos.com.ar\/index.php\/category\/c1nota6\/\" rel=\"category tag\">C1 nota 6<\/a>","tag_info":"C1 nota 6","comment_count":"0","_links":{"self":[{"href":"https:\/\/infoecos.com.ar\/index.php\/wp-json\/wp\/v2\/posts\/118030"}],"collection":[{"href":"https:\/\/infoecos.com.ar\/index.php\/wp-json\/wp\/v2\/posts"}],"about":[{"href":"https:\/\/infoecos.com.ar\/index.php\/wp-json\/wp\/v2\/types\/post"}],"author":[{"embeddable":true,"href":"https:\/\/infoecos.com.ar\/index.php\/wp-json\/wp\/v2\/users\/2"}],"replies":[{"embeddable":true,"href":"https:\/\/infoecos.com.ar\/index.php\/wp-json\/wp\/v2\/comments?post=118030"}],"version-history":[{"count":2,"href":"https:\/\/infoecos.com.ar\/index.php\/wp-json\/wp\/v2\/posts\/118030\/revisions"}],"predecessor-version":[{"id":118050,"href":"https:\/\/infoecos.com.ar\/index.php\/wp-json\/wp\/v2\/posts\/118030\/revisions\/118050"}],"wp:featuredmedia":[{"embeddable":true,"href":"https:\/\/infoecos.com.ar\/index.php\/wp-json\/wp\/v2\/media\/118041"}],"wp:attachment":[{"href":"https:\/\/infoecos.com.ar\/index.php\/wp-json\/wp\/v2\/media?parent=118030"}],"wp:term":[{"taxonomy":"category","embeddable":true,"href":"https:\/\/infoecos.com.ar\/index.php\/wp-json\/wp\/v2\/categories?post=118030"},{"taxonomy":"post_tag","embeddable":true,"href":"https:\/\/infoecos.com.ar\/index.php\/wp-json\/wp\/v2\/tags?post=118030"}],"curies":[{"name":"wp","href":"https:\/\/api.w.org\/{rel}","templated":true}]}}