{"id":118087,"date":"2024-01-31T11:57:43","date_gmt":"2024-01-31T14:57:43","guid":{"rendered":"https:\/\/infoecos.com.ar\/?p=118087"},"modified":"2024-01-31T23:26:30","modified_gmt":"2024-02-01T02:26:30","slug":"se-normalizara-esta-tarde-la-provision-de-agua-a-los-vecinos-en-trenque-lauquen","status":"publish","type":"post","link":"https:\/\/infoecos.com.ar\/index.php\/se-normalizara-esta-tarde-la-provision-de-agua-a-los-vecinos-en-trenque-lauquen\/","title":{"rendered":"Se normalizaba la provisi\u00f3n de agua a los vecinos en Trenque Lauquen"},"content":{"rendered":"\n<p>Despu\u00e9s de dos noches de prolongado e intenso trabajo que llev\u00f3 adelante personal de la direcci\u00f3n de Servicios Sanitarios, el municipio de Trenque Lauquen inform\u00f3 que qued\u00f3 finalizada la reparaci\u00f3n de dos de las bombas que forman parte del sistema hidrodin\u00e1mico, ubicado en el predio de la Cisterna y que elevan hacia la Copa el agua que abastece a gran parte la ciudad.<\/p>\n\n\n\n<figure class=\"wp-block-gallery has-nested-images columns-default is-cropped wp-block-gallery-1 is-layout-flex wp-block-gallery-is-layout-flex\">\n<figure class=\"wp-block-image size-large\"><img loading=\"lazy\" decoding=\"async\" width=\"480\" height=\"641\" data-id=\"118090\" src=\"https:\/\/infoecos.com.ar\/wp-content\/uploads\/2024\/01\/423313158_792792126225480_8750748318395039806_n.jpg\" alt=\"\" class=\"wp-image-118090\"\/><figcaption class=\"wp-element-caption\">Trenque Lauquen trabajos en la cisterna de agua<\/figcaption><\/figure>\n\n\n\n<figure class=\"wp-block-image size-large\"><img loading=\"lazy\" decoding=\"async\" width=\"480\" height=\"641\" data-id=\"118091\" src=\"https:\/\/infoecos.com.ar\/wp-content\/uploads\/2024\/01\/423325579_792791966225496_1129447905656977623_n.jpg\" alt=\"\" class=\"wp-image-118091\"\/><figcaption class=\"wp-element-caption\">Trenque Lauquen trabajos en la cisterna de agua<\/figcaption><\/figure>\n\n\n\n<figure class=\"wp-block-image size-large\"><img loading=\"lazy\" decoding=\"async\" width=\"480\" height=\"641\" data-id=\"118088\" src=\"https:\/\/infoecos.com.ar\/wp-content\/uploads\/2024\/01\/423326682_792792242892135_4611546184097217968_n.jpg\" alt=\"\" class=\"wp-image-118088\"\/><figcaption class=\"wp-element-caption\">Trenque Lauquen trabajos en la cisterna de agua<\/figcaption><\/figure>\n\n\n\n<figure class=\"wp-block-image size-large\"><img loading=\"lazy\" decoding=\"async\" width=\"480\" height=\"641\" data-id=\"118096\" src=\"https:\/\/infoecos.com.ar\/wp-content\/uploads\/2024\/01\/423327396_792792366225456_3461653190829738654_n.jpg\" alt=\"\" class=\"wp-image-118096\"\/><figcaption class=\"wp-element-caption\">Trenque Lauquen trabajos en la cisterna de agua<\/figcaption><\/figure>\n\n\n\n<figure class=\"wp-block-image size-large\"><img loading=\"lazy\" decoding=\"async\" width=\"480\" height=\"641\" data-id=\"118095\" src=\"https:\/\/infoecos.com.ar\/wp-content\/uploads\/2024\/01\/423481160_792792026225490_6764356577660233592_n.jpg\" alt=\"\" class=\"wp-image-118095\"\/><figcaption class=\"wp-element-caption\">Trenque Lauquen trabajos en la cisterna de agua<\/figcaption><\/figure>\n\n\n\n<figure class=\"wp-block-image size-large\"><img loading=\"lazy\" decoding=\"async\" width=\"480\" height=\"641\" data-id=\"118092\" src=\"https:\/\/infoecos.com.ar\/wp-content\/uploads\/2024\/01\/423516244_792791956225497_1842397448059373633_n.jpg\" alt=\"\" class=\"wp-image-118092\"\/><figcaption class=\"wp-element-caption\">Trenque Lauquen trabajos en la cisterna de agua<\/figcaption><\/figure>\n\n\n\n<figure class=\"wp-block-image size-large\"><img loading=\"lazy\" decoding=\"async\" width=\"481\" height=\"641\" data-id=\"118089\" src=\"https:\/\/infoecos.com.ar\/wp-content\/uploads\/2024\/01\/423516507_792792136225479_1931762523108818657_n.jpg\" alt=\"\" class=\"wp-image-118089\"\/><figcaption class=\"wp-element-caption\">Trenque Lauquen trabajos en la cisterna de agua<\/figcaption><\/figure>\n\n\n\n<figure class=\"wp-block-image size-large\"><img loading=\"lazy\" decoding=\"async\" width=\"480\" height=\"641\" data-id=\"118098\" src=\"https:\/\/infoecos.com.ar\/wp-content\/uploads\/2024\/01\/423557239_792791946225498_5172636662870851843_n.jpg\" alt=\"\" class=\"wp-image-118098\"\/><figcaption class=\"wp-element-caption\">Trenque Lauquen trabajos en la cisterna de agua<\/figcaption><\/figure>\n\n\n\n<figure class=\"wp-block-image size-large\"><img loading=\"lazy\" decoding=\"async\" width=\"480\" height=\"641\" data-id=\"118097\" src=\"https:\/\/infoecos.com.ar\/wp-content\/uploads\/2024\/01\/423582999_792792052892154_8823523180423474940_n.jpg\" alt=\"\" class=\"wp-image-118097\"\/><figcaption class=\"wp-element-caption\">Trenque Lauquen trabajos en la cisterna de agua<\/figcaption><\/figure>\n\n\n\n<figure class=\"wp-block-image size-large\"><img loading=\"lazy\" decoding=\"async\" width=\"480\" height=\"641\" data-id=\"118093\" src=\"https:\/\/infoecos.com.ar\/wp-content\/uploads\/2024\/01\/423583239_792792042892155_1643515265184701646_n.jpg\" alt=\"\" class=\"wp-image-118093\"\/><figcaption class=\"wp-element-caption\">Trenque Lauquen trabajos en la cisterna de agua<\/figcaption><\/figure>\n\n\n\n<figure class=\"wp-block-image size-large\"><img loading=\"lazy\" decoding=\"async\" width=\"855\" height=\"641\" data-id=\"118094\" src=\"https:\/\/infoecos.com.ar\/wp-content\/uploads\/2024\/01\/424637384_792792146225478_2424189355287062934_n.jpg\" alt=\"\" class=\"wp-image-118094\" srcset=\"https:\/\/infoecos.com.ar\/wp-content\/uploads\/2024\/01\/424637384_792792146225478_2424189355287062934_n.jpg 855w, https:\/\/infoecos.com.ar\/wp-content\/uploads\/2024\/01\/424637384_792792146225478_2424189355287062934_n-800x600.jpg 800w, https:\/\/infoecos.com.ar\/wp-content\/uploads\/2024\/01\/424637384_792792146225478_2424189355287062934_n-768x576.jpg 768w\" sizes=\"(max-width: 855px) 100vw, 855px\" \/><figcaption class=\"wp-element-caption\">Trenque Lauquen trabajos en la cisterna de agua<\/figcaption><\/figure>\n<\/figure>\n\n\n\n<p>En la cuenta Municipio Trenque Lauquen en Facebook y en la oficial trenquelauquen.gov.ar se indic\u00f3 que el transcurso de la tarde se ir\u00e1 normalizando paulatinamente la presi\u00f3n de agua que se vio afectada durante el desarrollo de las tareas, que se realizaron de madrugada para no generar mayores inconvenientes y sin que fuera necesario cortar el servicio, pero s\u00ed bajar la presi\u00f3n.<\/p>\n\n\n\n<p>El intendente municipal, Francisco Recoulat, y el secretario de Obras y Servicios P\u00fablicos, Manuel Silva Mu\u00f1oz, estuvieron el martes en el predio donde est\u00e1 ubicada la Cisterna para supervisar los trabajos que se realizaron en dos etapas: las noches del lunes y martes.<\/p>\n\n\n\n<p>\u201cAfortunadamente la segunda etapa del operativo sali\u00f3 bien, trabajamos en la Cisterna con una segunda bomba que es parte del sistema hidrodin\u00e1mico de bombeo que hace que el agua que se acumula en la Cisterna y que viene de Mari Lauquen se eleve hacia la Copa, que abastece a la ciudad\u201d, explic\u00f3 el director de Servicios Sanitarios, Juli\u00e1n Ballarre.<\/p>\n\n\n\n<p>Acerca de los trabajos, Ballarre coment\u00f3 que \u201cesta segunda etapa llev\u00f3 seis horas, y se inici\u00f3 a las 22.30 terminando a la madrugada, a las 4.30\u201d, y destac\u00f3 el trabajo del personal municipal, \u201cque se puso el equipo al hombro y trabaj\u00f3 de noche para no molestar tanto en lo que es el suministro, y si bien todav\u00eda hay baja presi\u00f3n no se cort\u00f3 el suministro por completo\u201d.<\/p>\n\n\n\n<p>Tras se\u00f1alar que se normalizar\u00e1 esta tarde la la presi\u00f3n de agua, Ballarre recomend\u00f3 a los vecinos\/as \u201cpurgar las canillas, que las dejen abiertas por si hay aire en las ca\u00f1er\u00edas, para de esta forma tener el suministro normal\u201d.<\/p>\n","protected":false},"excerpt":{"rendered":"<p>El intendente municipal, Francisco Recoulat, y el secretario de Obras y Servicios P\u00fablicos, Manuel Silva Mu\u00f1oz, estuvieron el martes en el predio donde est\u00e1 ubicada la Cisterna para supervisar los trabajos que se realizaron en dos etapas: las noches del lunes y martes<\/p>\n","protected":false},"author":2,"featured_media":118095,"comment_status":"closed","ping_status":"open","sticky":false,"template":"","format":"standard","meta":{"footnotes":""},"categories":[45],"tags":[9971],"class_list":["post-118087","post","type-post","status-publish","format-standard","has-post-thumbnail","hentry","category-c1nota2","tag-repararon-las-bombas"],"yoast_head":"<!-- This site is optimized with the Yoast SEO plugin v23.4 - https:\/\/yoast.com\/wordpress\/plugins\/seo\/ -->\n<title>Se normalizaba la provisi\u00f3n de agua a los vecinos en Trenque Lauquen - Infoecos<\/title>\n<meta name=\"robots\" content=\"index, follow, max-snippet:-1, max-image-preview:large, max-video-preview:-1\" \/>\n<link rel=\"canonical\" href=\"https:\/\/infoecos.com.ar\/index.php\/se-normalizara-esta-tarde-la-provision-de-agua-a-los-vecinos-en-trenque-lauquen\/\" \/>\n<meta property=\"og:locale\" content=\"es_ES\" \/>\n<meta property=\"og:type\" content=\"article\" \/>\n<meta property=\"og:title\" content=\"Se normalizaba la provisi\u00f3n de agua a los vecinos en Trenque Lauquen - Infoecos\" \/>\n<meta property=\"og:description\" content=\"El intendente municipal, Francisco Recoulat, y el secretario de Obras y Servicios P\u00fablicos, Manuel Silva Mu\u00f1oz, estuvieron el martes en el predio donde est\u00e1 ubicada la Cisterna para supervisar los trabajos que se realizaron en dos etapas: las noches del lunes y martes\" \/>\n<meta property=\"og:url\" content=\"https:\/\/infoecos.com.ar\/index.php\/se-normalizara-esta-tarde-la-provision-de-agua-a-los-vecinos-en-trenque-lauquen\/\" \/>\n<meta property=\"og:site_name\" content=\"Infoecos\" \/>\n<meta property=\"article:publisher\" content=\"https:\/\/www.facebook.com\/profile.php?id=100063200290284\" \/>\n<meta property=\"article:published_time\" content=\"2024-01-31T14:57:43+00:00\" \/>\n<meta property=\"article:modified_time\" content=\"2024-02-01T02:26:30+00:00\" \/>\n<meta property=\"og:image\" content=\"https:\/\/infoecos.com.ar\/wp-content\/uploads\/2024\/01\/423481160_792792026225490_6764356577660233592_n.jpg\" \/>\n\t<meta property=\"og:image:width\" content=\"480\" \/>\n\t<meta property=\"og:image:height\" content=\"641\" \/>\n\t<meta property=\"og:image:type\" content=\"image\/jpeg\" \/>\n<meta name=\"author\" content=\"Jorge Matheus\" \/>\n<meta name=\"twitter:card\" content=\"summary_large_image\" \/>\n<meta name=\"twitter:creator\" content=\"@infoecos\" \/>\n<meta name=\"twitter:site\" content=\"@infoecos\" \/>\n<meta name=\"twitter:label1\" content=\"Escrito por\" \/>\n\t<meta name=\"twitter:data1\" content=\"Jorge Matheus\" \/>\n\t<meta name=\"twitter:label2\" content=\"Tiempo de lectura\" \/>\n\t<meta name=\"twitter:data2\" content=\"5 minutos\" \/>\n<script type=\"application\/ld+json\" class=\"yoast-schema-graph\">{\"@context\":\"https:\/\/schema.org\",\"@graph\":[{\"@type\":\"Article\",\"@id\":\"https:\/\/infoecos.com.ar\/index.php\/se-normalizara-esta-tarde-la-provision-de-agua-a-los-vecinos-en-trenque-lauquen\/#article\",\"isPartOf\":{\"@id\":\"https:\/\/infoecos.com.ar\/index.php\/se-normalizara-esta-tarde-la-provision-de-agua-a-los-vecinos-en-trenque-lauquen\/\"},\"author\":{\"name\":\"Jorge Matheus\",\"@id\":\"https:\/\/infoecos.com.ar\/#\/schema\/person\/8f5ace5ce73b4b4aac4b7245aee6f191\"},\"headline\":\"Se normalizaba la provisi\u00f3n de agua a los vecinos en Trenque Lauquen\",\"datePublished\":\"2024-01-31T14:57:43+00:00\",\"dateModified\":\"2024-02-01T02:26:30+00:00\",\"mainEntityOfPage\":{\"@id\":\"https:\/\/infoecos.com.ar\/index.php\/se-normalizara-esta-tarde-la-provision-de-agua-a-los-vecinos-en-trenque-lauquen\/\"},\"wordCount\":452,\"publisher\":{\"@id\":\"https:\/\/infoecos.com.ar\/#organization\"},\"image\":{\"@id\":\"https:\/\/infoecos.com.ar\/index.php\/se-normalizara-esta-tarde-la-provision-de-agua-a-los-vecinos-en-trenque-lauquen\/#primaryimage\"},\"thumbnailUrl\":\"https:\/\/infoecos.com.ar\/wp-content\/uploads\/2024\/01\/423481160_792792026225490_6764356577660233592_n.jpg\",\"keywords\":[\"repararon las bombas\"],\"articleSection\":[\"C1 N2\"],\"inLanguage\":\"es\"},{\"@type\":\"WebPage\",\"@id\":\"https:\/\/infoecos.com.ar\/index.php\/se-normalizara-esta-tarde-la-provision-de-agua-a-los-vecinos-en-trenque-lauquen\/\",\"url\":\"https:\/\/infoecos.com.ar\/index.php\/se-normalizara-esta-tarde-la-provision-de-agua-a-los-vecinos-en-trenque-lauquen\/\",\"name\":\"Se normalizaba la provisi\u00f3n de agua a los vecinos en Trenque Lauquen - Infoecos\",\"isPartOf\":{\"@id\":\"https:\/\/infoecos.com.ar\/#website\"},\"primaryImageOfPage\":{\"@id\":\"https:\/\/infoecos.com.ar\/index.php\/se-normalizara-esta-tarde-la-provision-de-agua-a-los-vecinos-en-trenque-lauquen\/#primaryimage\"},\"image\":{\"@id\":\"https:\/\/infoecos.com.ar\/index.php\/se-normalizara-esta-tarde-la-provision-de-agua-a-los-vecinos-en-trenque-lauquen\/#primaryimage\"},\"thumbnailUrl\":\"https:\/\/infoecos.com.ar\/wp-content\/uploads\/2024\/01\/423481160_792792026225490_6764356577660233592_n.jpg\",\"datePublished\":\"2024-01-31T14:57:43+00:00\",\"dateModified\":\"2024-02-01T02:26:30+00:00\",\"breadcrumb\":{\"@id\":\"https:\/\/infoecos.com.ar\/index.php\/se-normalizara-esta-tarde-la-provision-de-agua-a-los-vecinos-en-trenque-lauquen\/#breadcrumb\"},\"inLanguage\":\"es\",\"potentialAction\":[{\"@type\":\"ReadAction\",\"target\":[\"https:\/\/infoecos.com.ar\/index.php\/se-normalizara-esta-tarde-la-provision-de-agua-a-los-vecinos-en-trenque-lauquen\/\"]}]},{\"@type\":\"ImageObject\",\"inLanguage\":\"es\",\"@id\":\"https:\/\/infoecos.com.ar\/index.php\/se-normalizara-esta-tarde-la-provision-de-agua-a-los-vecinos-en-trenque-lauquen\/#primaryimage\",\"url\":\"https:\/\/infoecos.com.ar\/wp-content\/uploads\/2024\/01\/423481160_792792026225490_6764356577660233592_n.jpg\",\"contentUrl\":\"https:\/\/infoecos.com.ar\/wp-content\/uploads\/2024\/01\/423481160_792792026225490_6764356577660233592_n.jpg\",\"width\":480,\"height\":641},{\"@type\":\"BreadcrumbList\",\"@id\":\"https:\/\/infoecos.com.ar\/index.php\/se-normalizara-esta-tarde-la-provision-de-agua-a-los-vecinos-en-trenque-lauquen\/#breadcrumb\",\"itemListElement\":[{\"@type\":\"ListItem\",\"position\":1,\"name\":\"Portada\",\"item\":\"https:\/\/infoecos.com.ar\/\"},{\"@type\":\"ListItem\",\"position\":2,\"name\":\"Se normalizaba la provisi\u00f3n de agua a los vecinos en Trenque Lauquen\"}]},{\"@type\":\"WebSite\",\"@id\":\"https:\/\/infoecos.com.ar\/#website\",\"url\":\"https:\/\/infoecos.com.ar\/\",\"name\":\"Infoecos\",\"description\":\"Noticias de trenque lauquen y la zona\",\"publisher\":{\"@id\":\"https:\/\/infoecos.com.ar\/#organization\"},\"alternateName\":\"Noticias\",\"potentialAction\":[{\"@type\":\"SearchAction\",\"target\":{\"@type\":\"EntryPoint\",\"urlTemplate\":\"https:\/\/infoecos.com.ar\/?s={search_term_string}\"},\"query-input\":{\"@type\":\"PropertyValueSpecification\",\"valueRequired\":true,\"valueName\":\"search_term_string\"}}],\"inLanguage\":\"es\"},{\"@type\":\"Organization\",\"@id\":\"https:\/\/infoecos.com.ar\/#organization\",\"name\":\"Infoecos\",\"alternateName\":\"Noticias\",\"url\":\"https:\/\/infoecos.com.ar\/\",\"logo\":{\"@type\":\"ImageObject\",\"inLanguage\":\"es\",\"@id\":\"https:\/\/infoecos.com.ar\/#\/schema\/logo\/image\/\",\"url\":\"https:\/\/infoecos.com.ar\/wp-content\/uploads\/2024\/03\/cropped-logo.png\",\"contentUrl\":\"https:\/\/infoecos.com.ar\/wp-content\/uploads\/2024\/03\/cropped-logo.png\",\"width\":374,\"height\":90,\"caption\":\"Infoecos\"},\"image\":{\"@id\":\"https:\/\/infoecos.com.ar\/#\/schema\/logo\/image\/\"},\"sameAs\":[\"https:\/\/www.facebook.com\/profile.php?id=100063200290284\",\"https:\/\/x.com\/infoecos\"]},{\"@type\":\"Person\",\"@id\":\"https:\/\/infoecos.com.ar\/#\/schema\/person\/8f5ace5ce73b4b4aac4b7245aee6f191\",\"name\":\"Jorge Matheus\",\"url\":\"https:\/\/infoecos.com.ar\/index.php\/author\/jomatheus\/\"}]}<\/script>\n<!-- \/ Yoast SEO plugin. -->","yoast_head_json":{"title":"Se normalizaba la provisi\u00f3n de agua a los vecinos en Trenque Lauquen - Infoecos","robots":{"index":"index","follow":"follow","max-snippet":"max-snippet:-1","max-image-preview":"max-image-preview:large","max-video-preview":"max-video-preview:-1"},"canonical":"https:\/\/infoecos.com.ar\/index.php\/se-normalizara-esta-tarde-la-provision-de-agua-a-los-vecinos-en-trenque-lauquen\/","og_locale":"es_ES","og_type":"article","og_title":"Se normalizaba la provisi\u00f3n de agua a los vecinos en Trenque Lauquen - Infoecos","og_description":"El intendente municipal, Francisco Recoulat, y el secretario de Obras y Servicios P\u00fablicos, Manuel Silva Mu\u00f1oz, estuvieron el martes en el predio donde est\u00e1 ubicada la Cisterna para supervisar los trabajos que se realizaron en dos etapas: las noches del lunes y martes","og_url":"https:\/\/infoecos.com.ar\/index.php\/se-normalizara-esta-tarde-la-provision-de-agua-a-los-vecinos-en-trenque-lauquen\/","og_site_name":"Infoecos","article_publisher":"https:\/\/www.facebook.com\/profile.php?id=100063200290284","article_published_time":"2024-01-31T14:57:43+00:00","article_modified_time":"2024-02-01T02:26:30+00:00","og_image":[{"width":480,"height":641,"url":"https:\/\/infoecos.com.ar\/wp-content\/uploads\/2024\/01\/423481160_792792026225490_6764356577660233592_n.jpg","type":"image\/jpeg"}],"author":"Jorge Matheus","twitter_card":"summary_large_image","twitter_creator":"@infoecos","twitter_site":"@infoecos","twitter_misc":{"Escrito por":"Jorge Matheus","Tiempo de lectura":"5 minutos"},"schema":{"@context":"https:\/\/schema.org","@graph":[{"@type":"Article","@id":"https:\/\/infoecos.com.ar\/index.php\/se-normalizara-esta-tarde-la-provision-de-agua-a-los-vecinos-en-trenque-lauquen\/#article","isPartOf":{"@id":"https:\/\/infoecos.com.ar\/index.php\/se-normalizara-esta-tarde-la-provision-de-agua-a-los-vecinos-en-trenque-lauquen\/"},"author":{"name":"Jorge Matheus","@id":"https:\/\/infoecos.com.ar\/#\/schema\/person\/8f5ace5ce73b4b4aac4b7245aee6f191"},"headline":"Se normalizaba la provisi\u00f3n de agua a los vecinos en Trenque Lauquen","datePublished":"2024-01-31T14:57:43+00:00","dateModified":"2024-02-01T02:26:30+00:00","mainEntityOfPage":{"@id":"https:\/\/infoecos.com.ar\/index.php\/se-normalizara-esta-tarde-la-provision-de-agua-a-los-vecinos-en-trenque-lauquen\/"},"wordCount":452,"publisher":{"@id":"https:\/\/infoecos.com.ar\/#organization"},"image":{"@id":"https:\/\/infoecos.com.ar\/index.php\/se-normalizara-esta-tarde-la-provision-de-agua-a-los-vecinos-en-trenque-lauquen\/#primaryimage"},"thumbnailUrl":"https:\/\/infoecos.com.ar\/wp-content\/uploads\/2024\/01\/423481160_792792026225490_6764356577660233592_n.jpg","keywords":["repararon las bombas"],"articleSection":["C1 N2"],"inLanguage":"es"},{"@type":"WebPage","@id":"https:\/\/infoecos.com.ar\/index.php\/se-normalizara-esta-tarde-la-provision-de-agua-a-los-vecinos-en-trenque-lauquen\/","url":"https:\/\/infoecos.com.ar\/index.php\/se-normalizara-esta-tarde-la-provision-de-agua-a-los-vecinos-en-trenque-lauquen\/","name":"Se normalizaba la provisi\u00f3n de agua a los vecinos en Trenque Lauquen - Infoecos","isPartOf":{"@id":"https:\/\/infoecos.com.ar\/#website"},"primaryImageOfPage":{"@id":"https:\/\/infoecos.com.ar\/index.php\/se-normalizara-esta-tarde-la-provision-de-agua-a-los-vecinos-en-trenque-lauquen\/#primaryimage"},"image":{"@id":"https:\/\/infoecos.com.ar\/index.php\/se-normalizara-esta-tarde-la-provision-de-agua-a-los-vecinos-en-trenque-lauquen\/#primaryimage"},"thumbnailUrl":"https:\/\/infoecos.com.ar\/wp-content\/uploads\/2024\/01\/423481160_792792026225490_6764356577660233592_n.jpg","datePublished":"2024-01-31T14:57:43+00:00","dateModified":"2024-02-01T02:26:30+00:00","breadcrumb":{"@id":"https:\/\/infoecos.com.ar\/index.php\/se-normalizara-esta-tarde-la-provision-de-agua-a-los-vecinos-en-trenque-lauquen\/#breadcrumb"},"inLanguage":"es","potentialAction":[{"@type":"ReadAction","target":["https:\/\/infoecos.com.ar\/index.php\/se-normalizara-esta-tarde-la-provision-de-agua-a-los-vecinos-en-trenque-lauquen\/"]}]},{"@type":"ImageObject","inLanguage":"es","@id":"https:\/\/infoecos.com.ar\/index.php\/se-normalizara-esta-tarde-la-provision-de-agua-a-los-vecinos-en-trenque-lauquen\/#primaryimage","url":"https:\/\/infoecos.com.ar\/wp-content\/uploads\/2024\/01\/423481160_792792026225490_6764356577660233592_n.jpg","contentUrl":"https:\/\/infoecos.com.ar\/wp-content\/uploads\/2024\/01\/423481160_792792026225490_6764356577660233592_n.jpg","width":480,"height":641},{"@type":"BreadcrumbList","@id":"https:\/\/infoecos.com.ar\/index.php\/se-normalizara-esta-tarde-la-provision-de-agua-a-los-vecinos-en-trenque-lauquen\/#breadcrumb","itemListElement":[{"@type":"ListItem","position":1,"name":"Portada","item":"https:\/\/infoecos.com.ar\/"},{"@type":"ListItem","position":2,"name":"Se normalizaba la provisi\u00f3n de agua a los vecinos en Trenque Lauquen"}]},{"@type":"WebSite","@id":"https:\/\/infoecos.com.ar\/#website","url":"https:\/\/infoecos.com.ar\/","name":"Infoecos","description":"Noticias de trenque lauquen y la zona","publisher":{"@id":"https:\/\/infoecos.com.ar\/#organization"},"alternateName":"Noticias","potentialAction":[{"@type":"SearchAction","target":{"@type":"EntryPoint","urlTemplate":"https:\/\/infoecos.com.ar\/?s={search_term_string}"},"query-input":{"@type":"PropertyValueSpecification","valueRequired":true,"valueName":"search_term_string"}}],"inLanguage":"es"},{"@type":"Organization","@id":"https:\/\/infoecos.com.ar\/#organization","name":"Infoecos","alternateName":"Noticias","url":"https:\/\/infoecos.com.ar\/","logo":{"@type":"ImageObject","inLanguage":"es","@id":"https:\/\/infoecos.com.ar\/#\/schema\/logo\/image\/","url":"https:\/\/infoecos.com.ar\/wp-content\/uploads\/2024\/03\/cropped-logo.png","contentUrl":"https:\/\/infoecos.com.ar\/wp-content\/uploads\/2024\/03\/cropped-logo.png","width":374,"height":90,"caption":"Infoecos"},"image":{"@id":"https:\/\/infoecos.com.ar\/#\/schema\/logo\/image\/"},"sameAs":["https:\/\/www.facebook.com\/profile.php?id=100063200290284","https:\/\/x.com\/infoecos"]},{"@type":"Person","@id":"https:\/\/infoecos.com.ar\/#\/schema\/person\/8f5ace5ce73b4b4aac4b7245aee6f191","name":"Jorge Matheus","url":"https:\/\/infoecos.com.ar\/index.php\/author\/jomatheus\/"}]}},"featured_image_urls":{"full":["https:\/\/infoecos.com.ar\/wp-content\/uploads\/2024\/01\/423481160_792792026225490_6764356577660233592_n.jpg",480,641,false],"thumbnail":["https:\/\/infoecos.com.ar\/wp-content\/uploads\/2024\/01\/423481160_792792026225490_6764356577660233592_n-300x150.jpg",300,150,true],"medium":["https:\/\/infoecos.com.ar\/wp-content\/uploads\/2024\/01\/423481160_792792026225490_6764356577660233592_n.jpg",480,641,false],"medium_large":["https:\/\/infoecos.com.ar\/wp-content\/uploads\/2024\/01\/423481160_792792026225490_6764356577660233592_n.jpg",480,641,false],"large":["https:\/\/infoecos.com.ar\/wp-content\/uploads\/2024\/01\/423481160_792792026225490_6764356577660233592_n.jpg",480,641,false],"1536x1536":["https:\/\/infoecos.com.ar\/wp-content\/uploads\/2024\/01\/423481160_792792026225490_6764356577660233592_n.jpg",480,641,false],"2048x2048":["https:\/\/infoecos.com.ar\/wp-content\/uploads\/2024\/01\/423481160_792792026225490_6764356577660233592_n.jpg",480,641,false],"covernews-slider-full":["https:\/\/infoecos.com.ar\/wp-content\/uploads\/2024\/01\/423481160_792792026225490_6764356577660233592_n.jpg",480,641,false],"covernews-slider-center":["https:\/\/infoecos.com.ar\/wp-content\/uploads\/2024\/01\/423481160_792792026225490_6764356577660233592_n.jpg",374,500,false],"covernews-featured":["https:\/\/infoecos.com.ar\/wp-content\/uploads\/2024\/01\/423481160_792792026225490_6764356577660233592_n.jpg",480,641,false],"covernews-medium":["https:\/\/infoecos.com.ar\/wp-content\/uploads\/2024\/01\/423481160_792792026225490_6764356577660233592_n-480x380.jpg",429,340,true],"covernews-medium-square":["https:\/\/infoecos.com.ar\/wp-content\/uploads\/2024\/01\/423481160_792792026225490_6764356577660233592_n-480x450.jpg",267,250,true]},"author_info":{"info":["Jorge Matheus"]},"category_info":"<a href=\"https:\/\/infoecos.com.ar\/index.php\/category\/c1nota2\/\" rel=\"category tag\">C1 N2<\/a>","tag_info":"C1 N2","comment_count":"0","_links":{"self":[{"href":"https:\/\/infoecos.com.ar\/index.php\/wp-json\/wp\/v2\/posts\/118087"}],"collection":[{"href":"https:\/\/infoecos.com.ar\/index.php\/wp-json\/wp\/v2\/posts"}],"about":[{"href":"https:\/\/infoecos.com.ar\/index.php\/wp-json\/wp\/v2\/types\/post"}],"author":[{"embeddable":true,"href":"https:\/\/infoecos.com.ar\/index.php\/wp-json\/wp\/v2\/users\/2"}],"replies":[{"embeddable":true,"href":"https:\/\/infoecos.com.ar\/index.php\/wp-json\/wp\/v2\/comments?post=118087"}],"version-history":[{"count":2,"href":"https:\/\/infoecos.com.ar\/index.php\/wp-json\/wp\/v2\/posts\/118087\/revisions"}],"predecessor-version":[{"id":118147,"href":"https:\/\/infoecos.com.ar\/index.php\/wp-json\/wp\/v2\/posts\/118087\/revisions\/118147"}],"wp:featuredmedia":[{"embeddable":true,"href":"https:\/\/infoecos.com.ar\/index.php\/wp-json\/wp\/v2\/media\/118095"}],"wp:attachment":[{"href":"https:\/\/infoecos.com.ar\/index.php\/wp-json\/wp\/v2\/media?parent=118087"}],"wp:term":[{"taxonomy":"category","embeddable":true,"href":"https:\/\/infoecos.com.ar\/index.php\/wp-json\/wp\/v2\/categories?post=118087"},{"taxonomy":"post_tag","embeddable":true,"href":"https:\/\/infoecos.com.ar\/index.php\/wp-json\/wp\/v2\/tags?post=118087"}],"curies":[{"name":"wp","href":"https:\/\/api.w.org\/{rel}","templated":true}]}}