{"id":118119,"date":"2024-01-31T20:05:23","date_gmt":"2024-01-31T23:05:23","guid":{"rendered":"https:\/\/infoecos.com.ar\/?p=118119"},"modified":"2024-02-01T10:19:54","modified_gmt":"2024-02-01T13:19:54","slug":"la-maxima-de-este-miercoles-31-de-enero-no-llego-a-los-40","status":"publish","type":"post","link":"https:\/\/infoecos.com.ar\/index.php\/la-maxima-de-este-miercoles-31-de-enero-no-llego-a-los-40\/","title":{"rendered":"La m\u00e1xima de este mi\u00e9rcoles 31 de Enero no lleg\u00f3 a los 40\u00b0"},"content":{"rendered":"\n<p><strong>Valores registrados por los Sensores Clim\u00e1ticos de la Municipalidad de Trenque Lauquen.<\/strong><\/p>\n\n\n\n<figure class=\"wp-block-image aligncenter size-full\"><img loading=\"lazy\" decoding=\"async\" width=\"739\" height=\"256\" src=\"https:\/\/infoecos.com.ar\/wp-content\/uploads\/2024\/01\/image-206.png\" alt=\"\" class=\"wp-image-118120\"\/><\/figure>\n\n\n\n<p><strong>Pron\u00f3stico del Servicio Meteorol\u00f3gico Nacional.<\/strong><\/p>\n\n\n\n<p><strong>40% de estimaci\u00f3n de lluvia para este mi\u00e9rcoles a la noche.<\/strong><\/p>\n\n\n\n<figure class=\"wp-block-image aligncenter size-full\"><img loading=\"lazy\" decoding=\"async\" width=\"760\" height=\"291\" src=\"https:\/\/infoecos.com.ar\/wp-content\/uploads\/2024\/01\/image-207.png\" alt=\"\" class=\"wp-image-118121\"\/><\/figure>\n","protected":false},"excerpt":{"rendered":"<p>40% de estimaci\u00f3n de lluvia para este mi\u00e9rcoles a la noche<\/p>\n","protected":false},"author":2,"featured_media":107582,"comment_status":"closed","ping_status":"open","sticky":false,"template":"","format":"standard","meta":{"footnotes":""},"categories":[1325],"tags":[9973],"class_list":["post-118119","post","type-post","status-publish","format-standard","has-post-thumbnail","hentry","category-c1nota6","tag-clima-agobiante-en-t-lauquen-y-la-region"],"yoast_head":"<!-- This site is optimized with the Yoast SEO plugin v23.4 - https:\/\/yoast.com\/wordpress\/plugins\/seo\/ -->\n<title>La m\u00e1xima de este mi\u00e9rcoles 31 de Enero no lleg\u00f3 a los 40\u00b0 - Infoecos<\/title>\n<meta name=\"robots\" content=\"index, follow, max-snippet:-1, max-image-preview:large, max-video-preview:-1\" \/>\n<link rel=\"canonical\" href=\"https:\/\/infoecos.com.ar\/index.php\/la-maxima-de-este-miercoles-31-de-enero-no-llego-a-los-40\/\" \/>\n<meta property=\"og:locale\" content=\"es_ES\" \/>\n<meta property=\"og:type\" content=\"article\" \/>\n<meta property=\"og:title\" content=\"La m\u00e1xima de este mi\u00e9rcoles 31 de Enero no lleg\u00f3 a los 40\u00b0 - Infoecos\" \/>\n<meta property=\"og:description\" content=\"40% de estimaci\u00f3n de lluvia para este mi\u00e9rcoles a la noche\" \/>\n<meta property=\"og:url\" content=\"https:\/\/infoecos.com.ar\/index.php\/la-maxima-de-este-miercoles-31-de-enero-no-llego-a-los-40\/\" \/>\n<meta property=\"og:site_name\" content=\"Infoecos\" \/>\n<meta property=\"article:publisher\" content=\"https:\/\/www.facebook.com\/profile.php?id=100063200290284\" \/>\n<meta property=\"article:published_time\" content=\"2024-01-31T23:05:23+00:00\" \/>\n<meta property=\"article:modified_time\" content=\"2024-02-01T13:19:54+00:00\" \/>\n<meta property=\"og:image\" content=\"https:\/\/infoecos.com.ar\/wp-content\/uploads\/2023\/07\/fotorichieri.jpg\" \/>\n\t<meta property=\"og:image:width\" content=\"843\" \/>\n\t<meta property=\"og:image:height\" content=\"1499\" \/>\n\t<meta property=\"og:image:type\" content=\"image\/jpeg\" \/>\n<meta name=\"author\" content=\"Jorge Matheus\" \/>\n<meta name=\"twitter:card\" content=\"summary_large_image\" \/>\n<meta name=\"twitter:creator\" content=\"@infoecos\" \/>\n<meta name=\"twitter:site\" content=\"@infoecos\" \/>\n<meta name=\"twitter:label1\" content=\"Escrito por\" \/>\n\t<meta name=\"twitter:data1\" content=\"Jorge Matheus\" \/>\n\t<meta name=\"twitter:label2\" content=\"Tiempo de lectura\" \/>\n\t<meta name=\"twitter:data2\" content=\"1 minuto\" \/>\n<script type=\"application\/ld+json\" class=\"yoast-schema-graph\">{\"@context\":\"https:\/\/schema.org\",\"@graph\":[{\"@type\":\"Article\",\"@id\":\"https:\/\/infoecos.com.ar\/index.php\/la-maxima-de-este-miercoles-31-de-enero-no-llego-a-los-40\/#article\",\"isPartOf\":{\"@id\":\"https:\/\/infoecos.com.ar\/index.php\/la-maxima-de-este-miercoles-31-de-enero-no-llego-a-los-40\/\"},\"author\":{\"name\":\"Jorge Matheus\",\"@id\":\"https:\/\/infoecos.com.ar\/#\/schema\/person\/8f5ace5ce73b4b4aac4b7245aee6f191\"},\"headline\":\"La m\u00e1xima de este mi\u00e9rcoles 31 de Enero no lleg\u00f3 a los 40\u00b0\",\"datePublished\":\"2024-01-31T23:05:23+00:00\",\"dateModified\":\"2024-02-01T13:19:54+00:00\",\"mainEntityOfPage\":{\"@id\":\"https:\/\/infoecos.com.ar\/index.php\/la-maxima-de-este-miercoles-31-de-enero-no-llego-a-los-40\/\"},\"wordCount\":45,\"publisher\":{\"@id\":\"https:\/\/infoecos.com.ar\/#organization\"},\"image\":{\"@id\":\"https:\/\/infoecos.com.ar\/index.php\/la-maxima-de-este-miercoles-31-de-enero-no-llego-a-los-40\/#primaryimage\"},\"thumbnailUrl\":\"https:\/\/infoecos.com.ar\/wp-content\/uploads\/2023\/07\/fotorichieri.jpg\",\"keywords\":[\"clima agobiante en t.lauquen y la regi\u00f3n\"],\"articleSection\":[\"C1 nota 6\"],\"inLanguage\":\"es\"},{\"@type\":\"WebPage\",\"@id\":\"https:\/\/infoecos.com.ar\/index.php\/la-maxima-de-este-miercoles-31-de-enero-no-llego-a-los-40\/\",\"url\":\"https:\/\/infoecos.com.ar\/index.php\/la-maxima-de-este-miercoles-31-de-enero-no-llego-a-los-40\/\",\"name\":\"La m\u00e1xima de este mi\u00e9rcoles 31 de Enero no lleg\u00f3 a los 40\u00b0 - Infoecos\",\"isPartOf\":{\"@id\":\"https:\/\/infoecos.com.ar\/#website\"},\"primaryImageOfPage\":{\"@id\":\"https:\/\/infoecos.com.ar\/index.php\/la-maxima-de-este-miercoles-31-de-enero-no-llego-a-los-40\/#primaryimage\"},\"image\":{\"@id\":\"https:\/\/infoecos.com.ar\/index.php\/la-maxima-de-este-miercoles-31-de-enero-no-llego-a-los-40\/#primaryimage\"},\"thumbnailUrl\":\"https:\/\/infoecos.com.ar\/wp-content\/uploads\/2023\/07\/fotorichieri.jpg\",\"datePublished\":\"2024-01-31T23:05:23+00:00\",\"dateModified\":\"2024-02-01T13:19:54+00:00\",\"breadcrumb\":{\"@id\":\"https:\/\/infoecos.com.ar\/index.php\/la-maxima-de-este-miercoles-31-de-enero-no-llego-a-los-40\/#breadcrumb\"},\"inLanguage\":\"es\",\"potentialAction\":[{\"@type\":\"ReadAction\",\"target\":[\"https:\/\/infoecos.com.ar\/index.php\/la-maxima-de-este-miercoles-31-de-enero-no-llego-a-los-40\/\"]}]},{\"@type\":\"ImageObject\",\"inLanguage\":\"es\",\"@id\":\"https:\/\/infoecos.com.ar\/index.php\/la-maxima-de-este-miercoles-31-de-enero-no-llego-a-los-40\/#primaryimage\",\"url\":\"https:\/\/infoecos.com.ar\/wp-content\/uploads\/2023\/07\/fotorichieri.jpg\",\"contentUrl\":\"https:\/\/infoecos.com.ar\/wp-content\/uploads\/2023\/07\/fotorichieri.jpg\",\"width\":843,\"height\":1499},{\"@type\":\"BreadcrumbList\",\"@id\":\"https:\/\/infoecos.com.ar\/index.php\/la-maxima-de-este-miercoles-31-de-enero-no-llego-a-los-40\/#breadcrumb\",\"itemListElement\":[{\"@type\":\"ListItem\",\"position\":1,\"name\":\"Portada\",\"item\":\"https:\/\/infoecos.com.ar\/\"},{\"@type\":\"ListItem\",\"position\":2,\"name\":\"La m\u00e1xima de este mi\u00e9rcoles 31 de Enero no lleg\u00f3 a los 40\u00b0\"}]},{\"@type\":\"WebSite\",\"@id\":\"https:\/\/infoecos.com.ar\/#website\",\"url\":\"https:\/\/infoecos.com.ar\/\",\"name\":\"Infoecos\",\"description\":\"Noticias de trenque lauquen y la zona\",\"publisher\":{\"@id\":\"https:\/\/infoecos.com.ar\/#organization\"},\"alternateName\":\"Noticias\",\"potentialAction\":[{\"@type\":\"SearchAction\",\"target\":{\"@type\":\"EntryPoint\",\"urlTemplate\":\"https:\/\/infoecos.com.ar\/?s={search_term_string}\"},\"query-input\":{\"@type\":\"PropertyValueSpecification\",\"valueRequired\":true,\"valueName\":\"search_term_string\"}}],\"inLanguage\":\"es\"},{\"@type\":\"Organization\",\"@id\":\"https:\/\/infoecos.com.ar\/#organization\",\"name\":\"Infoecos\",\"alternateName\":\"Noticias\",\"url\":\"https:\/\/infoecos.com.ar\/\",\"logo\":{\"@type\":\"ImageObject\",\"inLanguage\":\"es\",\"@id\":\"https:\/\/infoecos.com.ar\/#\/schema\/logo\/image\/\",\"url\":\"https:\/\/infoecos.com.ar\/wp-content\/uploads\/2024\/03\/cropped-logo.png\",\"contentUrl\":\"https:\/\/infoecos.com.ar\/wp-content\/uploads\/2024\/03\/cropped-logo.png\",\"width\":374,\"height\":90,\"caption\":\"Infoecos\"},\"image\":{\"@id\":\"https:\/\/infoecos.com.ar\/#\/schema\/logo\/image\/\"},\"sameAs\":[\"https:\/\/www.facebook.com\/profile.php?id=100063200290284\",\"https:\/\/x.com\/infoecos\"]},{\"@type\":\"Person\",\"@id\":\"https:\/\/infoecos.com.ar\/#\/schema\/person\/8f5ace5ce73b4b4aac4b7245aee6f191\",\"name\":\"Jorge Matheus\",\"url\":\"https:\/\/infoecos.com.ar\/index.php\/author\/jomatheus\/\"}]}<\/script>\n<!-- \/ Yoast SEO plugin. -->","yoast_head_json":{"title":"La m\u00e1xima de este mi\u00e9rcoles 31 de Enero no lleg\u00f3 a los 40\u00b0 - Infoecos","robots":{"index":"index","follow":"follow","max-snippet":"max-snippet:-1","max-image-preview":"max-image-preview:large","max-video-preview":"max-video-preview:-1"},"canonical":"https:\/\/infoecos.com.ar\/index.php\/la-maxima-de-este-miercoles-31-de-enero-no-llego-a-los-40\/","og_locale":"es_ES","og_type":"article","og_title":"La m\u00e1xima de este mi\u00e9rcoles 31 de Enero no lleg\u00f3 a los 40\u00b0 - Infoecos","og_description":"40% de estimaci\u00f3n de lluvia para este mi\u00e9rcoles a la noche","og_url":"https:\/\/infoecos.com.ar\/index.php\/la-maxima-de-este-miercoles-31-de-enero-no-llego-a-los-40\/","og_site_name":"Infoecos","article_publisher":"https:\/\/www.facebook.com\/profile.php?id=100063200290284","article_published_time":"2024-01-31T23:05:23+00:00","article_modified_time":"2024-02-01T13:19:54+00:00","og_image":[{"width":843,"height":1499,"url":"https:\/\/infoecos.com.ar\/wp-content\/uploads\/2023\/07\/fotorichieri.jpg","type":"image\/jpeg"}],"author":"Jorge Matheus","twitter_card":"summary_large_image","twitter_creator":"@infoecos","twitter_site":"@infoecos","twitter_misc":{"Escrito por":"Jorge Matheus","Tiempo de lectura":"1 minuto"},"schema":{"@context":"https:\/\/schema.org","@graph":[{"@type":"Article","@id":"https:\/\/infoecos.com.ar\/index.php\/la-maxima-de-este-miercoles-31-de-enero-no-llego-a-los-40\/#article","isPartOf":{"@id":"https:\/\/infoecos.com.ar\/index.php\/la-maxima-de-este-miercoles-31-de-enero-no-llego-a-los-40\/"},"author":{"name":"Jorge Matheus","@id":"https:\/\/infoecos.com.ar\/#\/schema\/person\/8f5ace5ce73b4b4aac4b7245aee6f191"},"headline":"La m\u00e1xima de este mi\u00e9rcoles 31 de Enero no lleg\u00f3 a los 40\u00b0","datePublished":"2024-01-31T23:05:23+00:00","dateModified":"2024-02-01T13:19:54+00:00","mainEntityOfPage":{"@id":"https:\/\/infoecos.com.ar\/index.php\/la-maxima-de-este-miercoles-31-de-enero-no-llego-a-los-40\/"},"wordCount":45,"publisher":{"@id":"https:\/\/infoecos.com.ar\/#organization"},"image":{"@id":"https:\/\/infoecos.com.ar\/index.php\/la-maxima-de-este-miercoles-31-de-enero-no-llego-a-los-40\/#primaryimage"},"thumbnailUrl":"https:\/\/infoecos.com.ar\/wp-content\/uploads\/2023\/07\/fotorichieri.jpg","keywords":["clima agobiante en t.lauquen y la regi\u00f3n"],"articleSection":["C1 nota 6"],"inLanguage":"es"},{"@type":"WebPage","@id":"https:\/\/infoecos.com.ar\/index.php\/la-maxima-de-este-miercoles-31-de-enero-no-llego-a-los-40\/","url":"https:\/\/infoecos.com.ar\/index.php\/la-maxima-de-este-miercoles-31-de-enero-no-llego-a-los-40\/","name":"La m\u00e1xima de este mi\u00e9rcoles 31 de Enero no lleg\u00f3 a los 40\u00b0 - Infoecos","isPartOf":{"@id":"https:\/\/infoecos.com.ar\/#website"},"primaryImageOfPage":{"@id":"https:\/\/infoecos.com.ar\/index.php\/la-maxima-de-este-miercoles-31-de-enero-no-llego-a-los-40\/#primaryimage"},"image":{"@id":"https:\/\/infoecos.com.ar\/index.php\/la-maxima-de-este-miercoles-31-de-enero-no-llego-a-los-40\/#primaryimage"},"thumbnailUrl":"https:\/\/infoecos.com.ar\/wp-content\/uploads\/2023\/07\/fotorichieri.jpg","datePublished":"2024-01-31T23:05:23+00:00","dateModified":"2024-02-01T13:19:54+00:00","breadcrumb":{"@id":"https:\/\/infoecos.com.ar\/index.php\/la-maxima-de-este-miercoles-31-de-enero-no-llego-a-los-40\/#breadcrumb"},"inLanguage":"es","potentialAction":[{"@type":"ReadAction","target":["https:\/\/infoecos.com.ar\/index.php\/la-maxima-de-este-miercoles-31-de-enero-no-llego-a-los-40\/"]}]},{"@type":"ImageObject","inLanguage":"es","@id":"https:\/\/infoecos.com.ar\/index.php\/la-maxima-de-este-miercoles-31-de-enero-no-llego-a-los-40\/#primaryimage","url":"https:\/\/infoecos.com.ar\/wp-content\/uploads\/2023\/07\/fotorichieri.jpg","contentUrl":"https:\/\/infoecos.com.ar\/wp-content\/uploads\/2023\/07\/fotorichieri.jpg","width":843,"height":1499},{"@type":"BreadcrumbList","@id":"https:\/\/infoecos.com.ar\/index.php\/la-maxima-de-este-miercoles-31-de-enero-no-llego-a-los-40\/#breadcrumb","itemListElement":[{"@type":"ListItem","position":1,"name":"Portada","item":"https:\/\/infoecos.com.ar\/"},{"@type":"ListItem","position":2,"name":"La m\u00e1xima de este mi\u00e9rcoles 31 de Enero no lleg\u00f3 a los 40\u00b0"}]},{"@type":"WebSite","@id":"https:\/\/infoecos.com.ar\/#website","url":"https:\/\/infoecos.com.ar\/","name":"Infoecos","description":"Noticias de trenque lauquen y la zona","publisher":{"@id":"https:\/\/infoecos.com.ar\/#organization"},"alternateName":"Noticias","potentialAction":[{"@type":"SearchAction","target":{"@type":"EntryPoint","urlTemplate":"https:\/\/infoecos.com.ar\/?s={search_term_string}"},"query-input":{"@type":"PropertyValueSpecification","valueRequired":true,"valueName":"search_term_string"}}],"inLanguage":"es"},{"@type":"Organization","@id":"https:\/\/infoecos.com.ar\/#organization","name":"Infoecos","alternateName":"Noticias","url":"https:\/\/infoecos.com.ar\/","logo":{"@type":"ImageObject","inLanguage":"es","@id":"https:\/\/infoecos.com.ar\/#\/schema\/logo\/image\/","url":"https:\/\/infoecos.com.ar\/wp-content\/uploads\/2024\/03\/cropped-logo.png","contentUrl":"https:\/\/infoecos.com.ar\/wp-content\/uploads\/2024\/03\/cropped-logo.png","width":374,"height":90,"caption":"Infoecos"},"image":{"@id":"https:\/\/infoecos.com.ar\/#\/schema\/logo\/image\/"},"sameAs":["https:\/\/www.facebook.com\/profile.php?id=100063200290284","https:\/\/x.com\/infoecos"]},{"@type":"Person","@id":"https:\/\/infoecos.com.ar\/#\/schema\/person\/8f5ace5ce73b4b4aac4b7245aee6f191","name":"Jorge Matheus","url":"https:\/\/infoecos.com.ar\/index.php\/author\/jomatheus\/"}]}},"featured_image_urls":{"full":["https:\/\/infoecos.com.ar\/wp-content\/uploads\/2023\/07\/fotorichieri.jpg",843,1499,false],"thumbnail":["https:\/\/infoecos.com.ar\/wp-content\/uploads\/2023\/07\/fotorichieri-300x150.jpg",300,150,true],"medium":["https:\/\/infoecos.com.ar\/wp-content\/uploads\/2023\/07\/fotorichieri-450x800.jpg",450,800,true],"medium_large":["https:\/\/infoecos.com.ar\/wp-content\/uploads\/2023\/07\/fotorichieri-768x1366.jpg",640,1138,true],"large":["https:\/\/infoecos.com.ar\/wp-content\/uploads\/2023\/07\/fotorichieri.jpg",640,1138,false],"1536x1536":["https:\/\/infoecos.com.ar\/wp-content\/uploads\/2023\/07\/fotorichieri.jpg",843,1499,false],"2048x2048":["https:\/\/infoecos.com.ar\/wp-content\/uploads\/2023\/07\/fotorichieri.jpg",843,1499,false],"covernews-slider-full":["https:\/\/infoecos.com.ar\/wp-content\/uploads\/2023\/07\/fotorichieri-843x1020.jpg",591,715,true],"covernews-slider-center":["https:\/\/infoecos.com.ar\/wp-content\/uploads\/2023\/07\/fotorichieri-843x897.jpg",470,500,true],"covernews-featured":["https:\/\/infoecos.com.ar\/wp-content\/uploads\/2023\/07\/fotorichieri.jpg",843,1499,false],"covernews-medium":["https:\/\/infoecos.com.ar\/wp-content\/uploads\/2023\/07\/fotorichieri-720x380.jpg",540,285,true],"covernews-medium-square":["https:\/\/infoecos.com.ar\/wp-content\/uploads\/2023\/07\/fotorichieri-675x450.jpg",375,250,true]},"author_info":{"info":["Jorge Matheus"]},"category_info":"<a href=\"https:\/\/infoecos.com.ar\/index.php\/category\/c1nota6\/\" rel=\"category tag\">C1 nota 6<\/a>","tag_info":"C1 nota 6","comment_count":"0","_links":{"self":[{"href":"https:\/\/infoecos.com.ar\/index.php\/wp-json\/wp\/v2\/posts\/118119"}],"collection":[{"href":"https:\/\/infoecos.com.ar\/index.php\/wp-json\/wp\/v2\/posts"}],"about":[{"href":"https:\/\/infoecos.com.ar\/index.php\/wp-json\/wp\/v2\/types\/post"}],"author":[{"embeddable":true,"href":"https:\/\/infoecos.com.ar\/index.php\/wp-json\/wp\/v2\/users\/2"}],"replies":[{"embeddable":true,"href":"https:\/\/infoecos.com.ar\/index.php\/wp-json\/wp\/v2\/comments?post=118119"}],"version-history":[{"count":1,"href":"https:\/\/infoecos.com.ar\/index.php\/wp-json\/wp\/v2\/posts\/118119\/revisions"}],"predecessor-version":[{"id":118122,"href":"https:\/\/infoecos.com.ar\/index.php\/wp-json\/wp\/v2\/posts\/118119\/revisions\/118122"}],"wp:featuredmedia":[{"embeddable":true,"href":"https:\/\/infoecos.com.ar\/index.php\/wp-json\/wp\/v2\/media\/107582"}],"wp:attachment":[{"href":"https:\/\/infoecos.com.ar\/index.php\/wp-json\/wp\/v2\/media?parent=118119"}],"wp:term":[{"taxonomy":"category","embeddable":true,"href":"https:\/\/infoecos.com.ar\/index.php\/wp-json\/wp\/v2\/categories?post=118119"},{"taxonomy":"post_tag","embeddable":true,"href":"https:\/\/infoecos.com.ar\/index.php\/wp-json\/wp\/v2\/tags?post=118119"}],"curies":[{"name":"wp","href":"https:\/\/api.w.org\/{rel}","templated":true}]}}