{"id":118339,"date":"2024-02-04T23:43:52","date_gmt":"2024-02-05T02:43:52","guid":{"rendered":"https:\/\/infoecos.com.ar\/?p=118339"},"modified":"2024-02-05T07:03:38","modified_gmt":"2024-02-05T10:03:38","slug":"alta-temperatura-lluvias-durante-todo-el-dia-tormentas-electricas-y-vientos-fuertes","status":"publish","type":"post","link":"https:\/\/infoecos.com.ar\/index.php\/alta-temperatura-lluvias-durante-todo-el-dia-tormentas-electricas-y-vientos-fuertes\/","title":{"rendered":"Alta temperatura, lluvias durante todo el d\u00eda, tormentas el\u00e9ctricas y vientos fuertes"},"content":{"rendered":"\n<figure class=\"wp-block-image alignright size-full is-resized\"><img loading=\"lazy\" decoding=\"async\" src=\"https:\/\/infoecos.com.ar\/wp-content\/uploads\/2024\/02\/image-52.png\" alt=\"\" class=\"wp-image-118341\" width=\"297\" height=\"181\"\/><\/figure>\n\n\n\n<p>Se mantiene el pron\u00f3stico del Servicio Meteorol\u00f3gico Nacional para los pr\u00f3ximos d\u00edas que presume:<\/p>\n\n\n\n<ul class=\"wp-block-list\">\n<li>Alta temperatura <\/li>\n\n\n\n<li>Lluvias durante todo el d\u00eda<\/li>\n\n\n\n<li>Tormentas el\u00e9ctricas <\/li>\n\n\n\n<li>Vientos fuertes, muy especialmente lunes y martes <\/li>\n<\/ul>\n\n\n\n<figure class=\"wp-block-image aligncenter size-full\"><img loading=\"lazy\" decoding=\"async\" width=\"646\" height=\"334\" src=\"https:\/\/infoecos.com.ar\/wp-content\/uploads\/2024\/02\/image-51.png\" alt=\"\" class=\"wp-image-118340\"\/><\/figure>\n","protected":false},"excerpt":{"rendered":"<p>La informaci\u00f3n proporcionada por el Servicio Meteorol\u00f3gico Nacional<\/p>\n","protected":false},"author":2,"featured_media":118341,"comment_status":"closed","ping_status":"open","sticky":false,"template":"","format":"standard","meta":{"footnotes":""},"categories":[46],"tags":[9342],"class_list":["post-118339","post","type-post","status-publish","format-standard","has-post-thumbnail","hentry","category-c2nota2","tag-pronostico"],"yoast_head":"<!-- This site is optimized with the Yoast SEO plugin v23.4 - https:\/\/yoast.com\/wordpress\/plugins\/seo\/ -->\n<title>Alta temperatura, lluvias durante todo el d\u00eda, tormentas el\u00e9ctricas y vientos fuertes - Infoecos<\/title>\n<meta name=\"robots\" content=\"index, follow, max-snippet:-1, max-image-preview:large, max-video-preview:-1\" \/>\n<link rel=\"canonical\" href=\"https:\/\/infoecos.com.ar\/index.php\/alta-temperatura-lluvias-durante-todo-el-dia-tormentas-electricas-y-vientos-fuertes\/\" \/>\n<meta property=\"og:locale\" content=\"es_ES\" \/>\n<meta property=\"og:type\" content=\"article\" \/>\n<meta property=\"og:title\" content=\"Alta temperatura, lluvias durante todo el d\u00eda, tormentas el\u00e9ctricas y vientos fuertes - Infoecos\" \/>\n<meta property=\"og:description\" content=\"La informaci\u00f3n proporcionada por el Servicio Meteorol\u00f3gico Nacional\" \/>\n<meta property=\"og:url\" content=\"https:\/\/infoecos.com.ar\/index.php\/alta-temperatura-lluvias-durante-todo-el-dia-tormentas-electricas-y-vientos-fuertes\/\" \/>\n<meta property=\"og:site_name\" content=\"Infoecos\" \/>\n<meta property=\"article:publisher\" content=\"https:\/\/www.facebook.com\/profile.php?id=100063200290284\" \/>\n<meta property=\"article:published_time\" content=\"2024-02-05T02:43:52+00:00\" \/>\n<meta property=\"article:modified_time\" content=\"2024-02-05T10:03:38+00:00\" \/>\n<meta property=\"og:image\" content=\"https:\/\/infoecos.com.ar\/wp-content\/uploads\/2024\/02\/image-52.png\" \/>\n\t<meta property=\"og:image:width\" content=\"610\" \/>\n\t<meta property=\"og:image:height\" content=\"372\" \/>\n\t<meta property=\"og:image:type\" content=\"image\/png\" \/>\n<meta name=\"author\" content=\"Jorge Matheus\" \/>\n<meta name=\"twitter:card\" content=\"summary_large_image\" \/>\n<meta name=\"twitter:creator\" content=\"@infoecos\" \/>\n<meta name=\"twitter:site\" content=\"@infoecos\" \/>\n<meta name=\"twitter:label1\" content=\"Escrito por\" \/>\n\t<meta name=\"twitter:data1\" content=\"Jorge Matheus\" \/>\n\t<meta name=\"twitter:label2\" content=\"Tiempo de lectura\" \/>\n\t<meta name=\"twitter:data2\" content=\"1 minuto\" \/>\n<script type=\"application\/ld+json\" class=\"yoast-schema-graph\">{\"@context\":\"https:\/\/schema.org\",\"@graph\":[{\"@type\":\"Article\",\"@id\":\"https:\/\/infoecos.com.ar\/index.php\/alta-temperatura-lluvias-durante-todo-el-dia-tormentas-electricas-y-vientos-fuertes\/#article\",\"isPartOf\":{\"@id\":\"https:\/\/infoecos.com.ar\/index.php\/alta-temperatura-lluvias-durante-todo-el-dia-tormentas-electricas-y-vientos-fuertes\/\"},\"author\":{\"name\":\"Jorge Matheus\",\"@id\":\"https:\/\/infoecos.com.ar\/#\/schema\/person\/8f5ace5ce73b4b4aac4b7245aee6f191\"},\"headline\":\"Alta temperatura, lluvias durante todo el d\u00eda, tormentas el\u00e9ctricas y vientos fuertes\",\"datePublished\":\"2024-02-05T02:43:52+00:00\",\"dateModified\":\"2024-02-05T10:03:38+00:00\",\"mainEntityOfPage\":{\"@id\":\"https:\/\/infoecos.com.ar\/index.php\/alta-temperatura-lluvias-durante-todo-el-dia-tormentas-electricas-y-vientos-fuertes\/\"},\"wordCount\":50,\"publisher\":{\"@id\":\"https:\/\/infoecos.com.ar\/#organization\"},\"image\":{\"@id\":\"https:\/\/infoecos.com.ar\/index.php\/alta-temperatura-lluvias-durante-todo-el-dia-tormentas-electricas-y-vientos-fuertes\/#primaryimage\"},\"thumbnailUrl\":\"https:\/\/infoecos.com.ar\/wp-content\/uploads\/2024\/02\/image-52.png\",\"keywords\":[\"pron\u00f3stico\"],\"articleSection\":[\"C2 N2\"],\"inLanguage\":\"es\"},{\"@type\":\"WebPage\",\"@id\":\"https:\/\/infoecos.com.ar\/index.php\/alta-temperatura-lluvias-durante-todo-el-dia-tormentas-electricas-y-vientos-fuertes\/\",\"url\":\"https:\/\/infoecos.com.ar\/index.php\/alta-temperatura-lluvias-durante-todo-el-dia-tormentas-electricas-y-vientos-fuertes\/\",\"name\":\"Alta temperatura, lluvias durante todo el d\u00eda, tormentas el\u00e9ctricas y vientos fuertes - Infoecos\",\"isPartOf\":{\"@id\":\"https:\/\/infoecos.com.ar\/#website\"},\"primaryImageOfPage\":{\"@id\":\"https:\/\/infoecos.com.ar\/index.php\/alta-temperatura-lluvias-durante-todo-el-dia-tormentas-electricas-y-vientos-fuertes\/#primaryimage\"},\"image\":{\"@id\":\"https:\/\/infoecos.com.ar\/index.php\/alta-temperatura-lluvias-durante-todo-el-dia-tormentas-electricas-y-vientos-fuertes\/#primaryimage\"},\"thumbnailUrl\":\"https:\/\/infoecos.com.ar\/wp-content\/uploads\/2024\/02\/image-52.png\",\"datePublished\":\"2024-02-05T02:43:52+00:00\",\"dateModified\":\"2024-02-05T10:03:38+00:00\",\"breadcrumb\":{\"@id\":\"https:\/\/infoecos.com.ar\/index.php\/alta-temperatura-lluvias-durante-todo-el-dia-tormentas-electricas-y-vientos-fuertes\/#breadcrumb\"},\"inLanguage\":\"es\",\"potentialAction\":[{\"@type\":\"ReadAction\",\"target\":[\"https:\/\/infoecos.com.ar\/index.php\/alta-temperatura-lluvias-durante-todo-el-dia-tormentas-electricas-y-vientos-fuertes\/\"]}]},{\"@type\":\"ImageObject\",\"inLanguage\":\"es\",\"@id\":\"https:\/\/infoecos.com.ar\/index.php\/alta-temperatura-lluvias-durante-todo-el-dia-tormentas-electricas-y-vientos-fuertes\/#primaryimage\",\"url\":\"https:\/\/infoecos.com.ar\/wp-content\/uploads\/2024\/02\/image-52.png\",\"contentUrl\":\"https:\/\/infoecos.com.ar\/wp-content\/uploads\/2024\/02\/image-52.png\",\"width\":610,\"height\":372},{\"@type\":\"BreadcrumbList\",\"@id\":\"https:\/\/infoecos.com.ar\/index.php\/alta-temperatura-lluvias-durante-todo-el-dia-tormentas-electricas-y-vientos-fuertes\/#breadcrumb\",\"itemListElement\":[{\"@type\":\"ListItem\",\"position\":1,\"name\":\"Portada\",\"item\":\"https:\/\/infoecos.com.ar\/\"},{\"@type\":\"ListItem\",\"position\":2,\"name\":\"Alta temperatura, lluvias durante todo el d\u00eda, tormentas el\u00e9ctricas y vientos fuertes\"}]},{\"@type\":\"WebSite\",\"@id\":\"https:\/\/infoecos.com.ar\/#website\",\"url\":\"https:\/\/infoecos.com.ar\/\",\"name\":\"Infoecos\",\"description\":\"Noticias de trenque lauquen y la zona\",\"publisher\":{\"@id\":\"https:\/\/infoecos.com.ar\/#organization\"},\"alternateName\":\"Noticias\",\"potentialAction\":[{\"@type\":\"SearchAction\",\"target\":{\"@type\":\"EntryPoint\",\"urlTemplate\":\"https:\/\/infoecos.com.ar\/?s={search_term_string}\"},\"query-input\":{\"@type\":\"PropertyValueSpecification\",\"valueRequired\":true,\"valueName\":\"search_term_string\"}}],\"inLanguage\":\"es\"},{\"@type\":\"Organization\",\"@id\":\"https:\/\/infoecos.com.ar\/#organization\",\"name\":\"Infoecos\",\"alternateName\":\"Noticias\",\"url\":\"https:\/\/infoecos.com.ar\/\",\"logo\":{\"@type\":\"ImageObject\",\"inLanguage\":\"es\",\"@id\":\"https:\/\/infoecos.com.ar\/#\/schema\/logo\/image\/\",\"url\":\"https:\/\/infoecos.com.ar\/wp-content\/uploads\/2024\/03\/cropped-logo.png\",\"contentUrl\":\"https:\/\/infoecos.com.ar\/wp-content\/uploads\/2024\/03\/cropped-logo.png\",\"width\":374,\"height\":90,\"caption\":\"Infoecos\"},\"image\":{\"@id\":\"https:\/\/infoecos.com.ar\/#\/schema\/logo\/image\/\"},\"sameAs\":[\"https:\/\/www.facebook.com\/profile.php?id=100063200290284\",\"https:\/\/x.com\/infoecos\"]},{\"@type\":\"Person\",\"@id\":\"https:\/\/infoecos.com.ar\/#\/schema\/person\/8f5ace5ce73b4b4aac4b7245aee6f191\",\"name\":\"Jorge Matheus\",\"url\":\"https:\/\/infoecos.com.ar\/index.php\/author\/jomatheus\/\"}]}<\/script>\n<!-- \/ Yoast SEO plugin. -->","yoast_head_json":{"title":"Alta temperatura, lluvias durante todo el d\u00eda, tormentas el\u00e9ctricas y vientos fuertes - Infoecos","robots":{"index":"index","follow":"follow","max-snippet":"max-snippet:-1","max-image-preview":"max-image-preview:large","max-video-preview":"max-video-preview:-1"},"canonical":"https:\/\/infoecos.com.ar\/index.php\/alta-temperatura-lluvias-durante-todo-el-dia-tormentas-electricas-y-vientos-fuertes\/","og_locale":"es_ES","og_type":"article","og_title":"Alta temperatura, lluvias durante todo el d\u00eda, tormentas el\u00e9ctricas y vientos fuertes - Infoecos","og_description":"La informaci\u00f3n proporcionada por el Servicio Meteorol\u00f3gico Nacional","og_url":"https:\/\/infoecos.com.ar\/index.php\/alta-temperatura-lluvias-durante-todo-el-dia-tormentas-electricas-y-vientos-fuertes\/","og_site_name":"Infoecos","article_publisher":"https:\/\/www.facebook.com\/profile.php?id=100063200290284","article_published_time":"2024-02-05T02:43:52+00:00","article_modified_time":"2024-02-05T10:03:38+00:00","og_image":[{"width":610,"height":372,"url":"https:\/\/infoecos.com.ar\/wp-content\/uploads\/2024\/02\/image-52.png","type":"image\/png"}],"author":"Jorge Matheus","twitter_card":"summary_large_image","twitter_creator":"@infoecos","twitter_site":"@infoecos","twitter_misc":{"Escrito por":"Jorge Matheus","Tiempo de lectura":"1 minuto"},"schema":{"@context":"https:\/\/schema.org","@graph":[{"@type":"Article","@id":"https:\/\/infoecos.com.ar\/index.php\/alta-temperatura-lluvias-durante-todo-el-dia-tormentas-electricas-y-vientos-fuertes\/#article","isPartOf":{"@id":"https:\/\/infoecos.com.ar\/index.php\/alta-temperatura-lluvias-durante-todo-el-dia-tormentas-electricas-y-vientos-fuertes\/"},"author":{"name":"Jorge Matheus","@id":"https:\/\/infoecos.com.ar\/#\/schema\/person\/8f5ace5ce73b4b4aac4b7245aee6f191"},"headline":"Alta temperatura, lluvias durante todo el d\u00eda, tormentas el\u00e9ctricas y vientos fuertes","datePublished":"2024-02-05T02:43:52+00:00","dateModified":"2024-02-05T10:03:38+00:00","mainEntityOfPage":{"@id":"https:\/\/infoecos.com.ar\/index.php\/alta-temperatura-lluvias-durante-todo-el-dia-tormentas-electricas-y-vientos-fuertes\/"},"wordCount":50,"publisher":{"@id":"https:\/\/infoecos.com.ar\/#organization"},"image":{"@id":"https:\/\/infoecos.com.ar\/index.php\/alta-temperatura-lluvias-durante-todo-el-dia-tormentas-electricas-y-vientos-fuertes\/#primaryimage"},"thumbnailUrl":"https:\/\/infoecos.com.ar\/wp-content\/uploads\/2024\/02\/image-52.png","keywords":["pron\u00f3stico"],"articleSection":["C2 N2"],"inLanguage":"es"},{"@type":"WebPage","@id":"https:\/\/infoecos.com.ar\/index.php\/alta-temperatura-lluvias-durante-todo-el-dia-tormentas-electricas-y-vientos-fuertes\/","url":"https:\/\/infoecos.com.ar\/index.php\/alta-temperatura-lluvias-durante-todo-el-dia-tormentas-electricas-y-vientos-fuertes\/","name":"Alta temperatura, lluvias durante todo el d\u00eda, tormentas el\u00e9ctricas y vientos fuertes - Infoecos","isPartOf":{"@id":"https:\/\/infoecos.com.ar\/#website"},"primaryImageOfPage":{"@id":"https:\/\/infoecos.com.ar\/index.php\/alta-temperatura-lluvias-durante-todo-el-dia-tormentas-electricas-y-vientos-fuertes\/#primaryimage"},"image":{"@id":"https:\/\/infoecos.com.ar\/index.php\/alta-temperatura-lluvias-durante-todo-el-dia-tormentas-electricas-y-vientos-fuertes\/#primaryimage"},"thumbnailUrl":"https:\/\/infoecos.com.ar\/wp-content\/uploads\/2024\/02\/image-52.png","datePublished":"2024-02-05T02:43:52+00:00","dateModified":"2024-02-05T10:03:38+00:00","breadcrumb":{"@id":"https:\/\/infoecos.com.ar\/index.php\/alta-temperatura-lluvias-durante-todo-el-dia-tormentas-electricas-y-vientos-fuertes\/#breadcrumb"},"inLanguage":"es","potentialAction":[{"@type":"ReadAction","target":["https:\/\/infoecos.com.ar\/index.php\/alta-temperatura-lluvias-durante-todo-el-dia-tormentas-electricas-y-vientos-fuertes\/"]}]},{"@type":"ImageObject","inLanguage":"es","@id":"https:\/\/infoecos.com.ar\/index.php\/alta-temperatura-lluvias-durante-todo-el-dia-tormentas-electricas-y-vientos-fuertes\/#primaryimage","url":"https:\/\/infoecos.com.ar\/wp-content\/uploads\/2024\/02\/image-52.png","contentUrl":"https:\/\/infoecos.com.ar\/wp-content\/uploads\/2024\/02\/image-52.png","width":610,"height":372},{"@type":"BreadcrumbList","@id":"https:\/\/infoecos.com.ar\/index.php\/alta-temperatura-lluvias-durante-todo-el-dia-tormentas-electricas-y-vientos-fuertes\/#breadcrumb","itemListElement":[{"@type":"ListItem","position":1,"name":"Portada","item":"https:\/\/infoecos.com.ar\/"},{"@type":"ListItem","position":2,"name":"Alta temperatura, lluvias durante todo el d\u00eda, tormentas el\u00e9ctricas y vientos fuertes"}]},{"@type":"WebSite","@id":"https:\/\/infoecos.com.ar\/#website","url":"https:\/\/infoecos.com.ar\/","name":"Infoecos","description":"Noticias de trenque lauquen y la zona","publisher":{"@id":"https:\/\/infoecos.com.ar\/#organization"},"alternateName":"Noticias","potentialAction":[{"@type":"SearchAction","target":{"@type":"EntryPoint","urlTemplate":"https:\/\/infoecos.com.ar\/?s={search_term_string}"},"query-input":{"@type":"PropertyValueSpecification","valueRequired":true,"valueName":"search_term_string"}}],"inLanguage":"es"},{"@type":"Organization","@id":"https:\/\/infoecos.com.ar\/#organization","name":"Infoecos","alternateName":"Noticias","url":"https:\/\/infoecos.com.ar\/","logo":{"@type":"ImageObject","inLanguage":"es","@id":"https:\/\/infoecos.com.ar\/#\/schema\/logo\/image\/","url":"https:\/\/infoecos.com.ar\/wp-content\/uploads\/2024\/03\/cropped-logo.png","contentUrl":"https:\/\/infoecos.com.ar\/wp-content\/uploads\/2024\/03\/cropped-logo.png","width":374,"height":90,"caption":"Infoecos"},"image":{"@id":"https:\/\/infoecos.com.ar\/#\/schema\/logo\/image\/"},"sameAs":["https:\/\/www.facebook.com\/profile.php?id=100063200290284","https:\/\/x.com\/infoecos"]},{"@type":"Person","@id":"https:\/\/infoecos.com.ar\/#\/schema\/person\/8f5ace5ce73b4b4aac4b7245aee6f191","name":"Jorge Matheus","url":"https:\/\/infoecos.com.ar\/index.php\/author\/jomatheus\/"}]}},"featured_image_urls":{"full":["https:\/\/infoecos.com.ar\/wp-content\/uploads\/2024\/02\/image-52.png",610,372,false],"thumbnail":["https:\/\/infoecos.com.ar\/wp-content\/uploads\/2024\/02\/image-52-300x150.png",300,150,true],"medium":["https:\/\/infoecos.com.ar\/wp-content\/uploads\/2024\/02\/image-52.png",610,372,false],"medium_large":["https:\/\/infoecos.com.ar\/wp-content\/uploads\/2024\/02\/image-52.png",610,372,false],"large":["https:\/\/infoecos.com.ar\/wp-content\/uploads\/2024\/02\/image-52.png",610,372,false],"1536x1536":["https:\/\/infoecos.com.ar\/wp-content\/uploads\/2024\/02\/image-52.png",610,372,false],"2048x2048":["https:\/\/infoecos.com.ar\/wp-content\/uploads\/2024\/02\/image-52.png",610,372,false],"covernews-slider-full":["https:\/\/infoecos.com.ar\/wp-content\/uploads\/2024\/02\/image-52.png",610,372,false],"covernews-slider-center":["https:\/\/infoecos.com.ar\/wp-content\/uploads\/2024\/02\/image-52.png",610,372,false],"covernews-featured":["https:\/\/infoecos.com.ar\/wp-content\/uploads\/2024\/02\/image-52.png",610,372,false],"covernews-medium":["https:\/\/infoecos.com.ar\/wp-content\/uploads\/2024\/02\/image-52.png",540,329,false],"covernews-medium-square":["https:\/\/infoecos.com.ar\/wp-content\/uploads\/2024\/02\/image-52.png",400,244,false]},"author_info":{"info":["Jorge Matheus"]},"category_info":"<a href=\"https:\/\/infoecos.com.ar\/index.php\/category\/c2nota2\/\" rel=\"category tag\">C2 N2<\/a>","tag_info":"C2 N2","comment_count":"0","_links":{"self":[{"href":"https:\/\/infoecos.com.ar\/index.php\/wp-json\/wp\/v2\/posts\/118339"}],"collection":[{"href":"https:\/\/infoecos.com.ar\/index.php\/wp-json\/wp\/v2\/posts"}],"about":[{"href":"https:\/\/infoecos.com.ar\/index.php\/wp-json\/wp\/v2\/types\/post"}],"author":[{"embeddable":true,"href":"https:\/\/infoecos.com.ar\/index.php\/wp-json\/wp\/v2\/users\/2"}],"replies":[{"embeddable":true,"href":"https:\/\/infoecos.com.ar\/index.php\/wp-json\/wp\/v2\/comments?post=118339"}],"version-history":[{"count":1,"href":"https:\/\/infoecos.com.ar\/index.php\/wp-json\/wp\/v2\/posts\/118339\/revisions"}],"predecessor-version":[{"id":118342,"href":"https:\/\/infoecos.com.ar\/index.php\/wp-json\/wp\/v2\/posts\/118339\/revisions\/118342"}],"wp:featuredmedia":[{"embeddable":true,"href":"https:\/\/infoecos.com.ar\/index.php\/wp-json\/wp\/v2\/media\/118341"}],"wp:attachment":[{"href":"https:\/\/infoecos.com.ar\/index.php\/wp-json\/wp\/v2\/media?parent=118339"}],"wp:term":[{"taxonomy":"category","embeddable":true,"href":"https:\/\/infoecos.com.ar\/index.php\/wp-json\/wp\/v2\/categories?post=118339"},{"taxonomy":"post_tag","embeddable":true,"href":"https:\/\/infoecos.com.ar\/index.php\/wp-json\/wp\/v2\/tags?post=118339"}],"curies":[{"name":"wp","href":"https:\/\/api.w.org\/{rel}","templated":true}]}}